{"id":10597,"date":"2019-06-19T12:57:16","date_gmt":"2019-06-19T10:57:16","guid":{"rendered":"https:\/\/auren.com\/co\/blog\/principales-implicaciones-en-materia-tributaria-derivadas-del-plan-nacional-de-desarrollo\/"},"modified":"2019-06-19T12:57:16","modified_gmt":"2019-06-19T10:57:16","slug":"principales-implicaciones-en-materia-tributaria-derivadas-del-plan-nacional-de-desarrollo","status":"publish","type":"blog","link":"https:\/\/auren.com\/co\/blog\/principales-implicaciones-en-materia-tributaria-derivadas-del-plan-nacional-de-desarrollo\/","title":{"rendered":"Principales implicaciones en materia tributaria derivadas del Plan Nacional de Desarrollo"},"content":{"rendered":"<p>A trav\u00e9s de la Ley 1955 del 25 de mayo de 2019 se sancion\u00f3 el Plan Nacional de Desarrollo 2014-2018, denominado \u201cPacto por Colombia, Pacto por la Equidad\u201d.<\/p>\n<p>Resaltamos a continuaci\u00f3n los principales aspectos que en materia tributaria contiene el Plan Nacional de Desarrollo, el cual modific\u00f3 el Estatuto Tributario (ET):<\/p>\n<ul>\n<li>&nbsp;Aclar\u00f3 que para las personas naturales, las rentas exentas vigentes comprenden adem\u00e1s de las reconocidas en convenios internacionales, los aportes voluntarios a los seguros privados de pensiones, a los fondos de pensiones voluntarias y obligatorias; sumas depositadas en las cuentas de Ahorro para el Fomento a la Construcci\u00f3n (AFC); rentas de trabajo exentas; rentas de servidores p\u00fablicos diplom\u00e1ticos, consulares y administrativos del Ministerio de Relaciones Exteriores.<\/li>\n<\/ul>\n<ul>\n<li>Eximi\u00f3 de retenci\u00f3n en la fuente los dividendos distribuidos dentro de sociedades en situaci\u00f3n de control, registrada ante la C\u00e1mara de Comercio. La ley de financiamiento solo hab\u00eda eximido de tal retenci\u00f3n los distribuidos dentro de los grupos empresariales.   <\/li>\n<\/ul>\n<ul>\n<li>Introdujo un cr\u00e9dito fiscal del 50% de los valores (i) invertidos por las micro, peque\u00f1as y medianas empresas en proyectos calificados como de Investigaci\u00f3n, Desarrollo Tecnol\u00f3gico e Innovaci\u00f3n, y de (ii) la remuneraci\u00f3n del personal con t\u00edtulo de doctorado, que se realice con posterioridad a la expedici\u00f3n de la ley.<\/li>\n<\/ul>\n<ul>\n<li>Modific\u00f3 el tratamiento de las inversiones que se realicen en investigaci\u00f3n, desarrollo tecnol\u00f3gico e innovaci\u00f3n.   <\/li>\n<\/ul>\n<ul>\n<li>Como incentivo a la generaci\u00f3n de energ\u00eda el\u00e9ctrica con fuentes no convencionales, estableci\u00f3 que los obligados a declarar renta que realicen directamente inversiones en este sentido, tendr\u00e1n derecho a deducir de su renta, en un per\u00edodo no mayor de 15 a\u00f1os, contados a partir del a\u00f1o gravable siguiente en el que haya entrado en operaci\u00f3n la inversi\u00f3n, el 50% del total de la inversi\u00f3n realizada.<\/li>\n<\/ul>\n<ul>\n<li>Estableci\u00f3 que las obras audiovisuales no nacionales de cualquier g\u00e9nero o formato, producidas o postproducidas en Colombia de manera total o parcial, aprobadas previamente por el Comit\u00e9 Promoci\u00f3n F\u00edlmica Colombia, dar\u00e1n derecho a un Certificado de Inversi\u00f3n Audiovisual en Colombia, descontable del impuesto de renta hasta por un valor equivalente al 35% del valor de la inversi\u00f3n que realicen en Colombia.<\/li>\n<\/ul>\n<ul>\n<li>Introdujo el mecanismo de becas por impuestos, en virtud del cual las personas naturales o jur\u00eddicas contribuyentes del impuesto sobre la renta podr\u00e1n celebrar convenios con Coldeportes para asignar becas de estudio y manutenci\u00f3n a deportistas, por las que recibir\u00e1n a cambio t\u00edtulos negociables para el pago del impuesto sobre la renta.<\/li>\n<\/ul>\n<ul>\n<li>Se\u00f1al\u00f3 que el mecanismo de obras por impuestos se priorizar\u00e1 para beneficiar a los municipios definidos en el Decreto 893 de 2017, relacionado con Programas de Desarrollo con Enfoque Territorial.<\/li>\n<\/ul>\n<ul>\n<li>Cre\u00f3 un r\u00e9gimen especial en materia tributaria para los departamentos de La Guajira, Norte de Santander y Arauca (Zona Econ\u00f3mica y Social Especial \u2013 ZESE), para atraer inversi\u00f3n nacional y&nbsp;extranjera, y contribuir a la generaci\u00f3n de empleo, aplicable a (i) las sociedades comerciales que se constituyan en la ZESE, dentro de los 3 a\u00f1os siguientes a la entrada en vigencia de la Ley, o (ii) las sociedades comerciales existentes que durante ese mismo t\u00e9rmino se acojan a este r\u00e9gimen especial y demuestren un aumento del 15% del empleo directo generado. Tendr\u00e1n tarifa del impuesto sobre la renta del 0% durante los primeros 5 a\u00f1os, y del 50% de la tarifa general para los siguientes 5 a\u00f1os. Estos beneficios ser\u00e1n extendidos a aquellas ciudades capitales cuyos \u00edndices de desempleo durante los 5 \u00faltimos a\u00f1os anteriores a la expedici\u00f3n de la Ley hayan sido superiores al 14%.<\/li>\n<\/ul>\n<ul>\n<li>Revivi\u00f3 la contribuci\u00f3n especial para laudos arbitrales de contenido econ\u00f3mico, creada por la ley 1819 de 2016 y declarada inexequible por la Corte Constitucional mediante Sentencia C-84 de 2019 por vicios de tr\u00e1mite (al violar principios de consecutividad e identidad flexible). Estar\u00e1 a cargo de la persona natural, jur\u00eddica o patrimonio aut\u00f3nomo a cuyo favor se ordene el pago de valor superior a 73 SMMLV,&nbsp; a la tarifa del 2%, sin que el impuesto exceda de 1.000 SMMLV. <\/li>\n<\/ul>\n<ul>\n<li>Pasaron de ser bienes excluidos a exentos del IVA, las bicicletas y sus partes; motocicletas y sus partes y motocarros y sus partes, que se introduzcan y comercialicen en los departamentos de Amazonas, Guain\u00eda, Guaviare, Vaup\u00e9s y Vichada. <\/li>\n<\/ul>\n<ul>\n<li>Como bienes excluidos del IVA, se introdujeron algunas partidas arancelarias relacionadas con energ\u00eda solar con paneles.<\/li>\n<\/ul>\n<ul>\n<li>Como bienes exentos del IVA, se introdujeron algunas partidas arancelarias relacionadas con arroz para consumo humano y para la siembra.<\/li>\n<\/ul>\n<ul>\n<li>Se incluy\u00f3 como bien gravado al 5% del IVA, el ingreso al productor en la venta de Gasolina y ACPM, determinando que a la base gravable determinada en el art\u00edculo 467 del ET, se detrae el ingreso al productor y se le aplica la tarifa general del IVA.<\/li>\n<\/ul>\n<p><em>Fuente:&nbsp; Plan Nacional de Desarrollo 2014-2018 Ley 1955 del 25 de mayo de 2019<\/em><\/p>\n<\/p>\n<\/p>\n<\/p>\n<p>&nbsp;   <\/p>\n<p>&nbsp;   <\/p>\n<p>&nbsp;   <\/p>\n<\/p>\n<p><!-- AddThis Advanced Settings generic via filter on the_content --><!-- AddThis Share Buttons generic via filter on the_content --><\/p>\n","protected":false},"excerpt":{"rendered":"<p>A trav\u00e9s de la Ley 1955 del 25 de mayo de 2019 se sancion\u00f3 el Plan Nacional de Desarrollo 2014-2018, denominado \u201cPacto por Colombia, Pacto por la Equidad\u201d&#8230;<\/p>\n","protected":false},"featured_media":10598,"template":"","meta":{"_acf_changed":false,"footnotes":""},"blog-category":[],"class_list":["post-10597","blog","type-blog","status-publish","has-post-thumbnail","hentry"],"acf":[],"yoast_head":"<!-- This site is optimized with the Yoast SEO plugin v27.4 - https:\/\/yoast.com\/product\/yoast-seo-wordpress\/ -->\n<title>Principales implicaciones en materia tributaria derivadas del Plan Nacional de Desarrollo - Auren Colombia<\/title>\n<meta name=\"robots\" content=\"index, follow, max-snippet:-1, max-image-preview:large, max-video-preview:-1\" \/>\n<link rel=\"canonical\" href=\"https:\/\/auren.com\/co\/blog\/principales-implicaciones-en-materia-tributaria-derivadas-del-plan-nacional-de-desarrollo\/\" \/>\n<meta property=\"og:locale\" content=\"es_ES\" \/>\n<meta property=\"og:type\" content=\"article\" \/>\n<meta property=\"og:title\" content=\"Principales implicaciones en materia tributaria derivadas del Plan Nacional de Desarrollo - Auren Colombia\" \/>\n<meta property=\"og:description\" content=\"A trav\u00e9s de la Ley 1955 del 25 de mayo de 2019 se sancion\u00f3 el Plan Nacional de Desarrollo 2014-2018, denominado \u201cPacto por Colombia, Pacto por la Equidad\u201d&#8230;\" \/>\n<meta property=\"og:url\" content=\"https:\/\/auren.com\/co\/blog\/principales-implicaciones-en-materia-tributaria-derivadas-del-plan-nacional-de-desarrollo\/\" \/>\n<meta property=\"og:site_name\" content=\"Auren Colombia\" \/>\n<meta property=\"og:image\" content=\"https:\/\/auren.com\/co\/wp-content\/uploads\/2019\/06\/190430-blockchain-transformacion-digital-1.jpg\" \/>\n\t<meta property=\"og:image:width\" content=\"1920\" \/>\n\t<meta property=\"og:image:height\" content=\"655\" \/>\n\t<meta property=\"og:image:type\" content=\"image\/jpeg\" \/>\n<meta name=\"twitter:card\" content=\"summary_large_image\" \/>\n<meta name=\"twitter:site\" content=\"@AurenColombia\" \/>\n<meta name=\"twitter:label1\" content=\"Tiempo de lectura\" \/>\n\t<meta name=\"twitter:data1\" content=\"4 minutos\" \/>\n<script type=\"application\/ld+json\" class=\"yoast-schema-graph\">{\"@context\":\"https:\\\/\\\/schema.org\",\"@graph\":[{\"@type\":\"WebPage\",\"@id\":\"https:\\\/\\\/auren.com\\\/co\\\/blog\\\/principales-implicaciones-en-materia-tributaria-derivadas-del-plan-nacional-de-desarrollo\\\/\",\"url\":\"https:\\\/\\\/auren.com\\\/co\\\/blog\\\/principales-implicaciones-en-materia-tributaria-derivadas-del-plan-nacional-de-desarrollo\\\/\",\"name\":\"Principales implicaciones en materia tributaria derivadas del Plan Nacional de Desarrollo - Auren Colombia\",\"isPartOf\":{\"@id\":\"https:\\\/\\\/auren.com\\\/co\\\/#website\"},\"primaryImageOfPage\":{\"@id\":\"https:\\\/\\\/auren.com\\\/co\\\/blog\\\/principales-implicaciones-en-materia-tributaria-derivadas-del-plan-nacional-de-desarrollo\\\/#primaryimage\"},\"image\":{\"@id\":\"https:\\\/\\\/auren.com\\\/co\\\/blog\\\/principales-implicaciones-en-materia-tributaria-derivadas-del-plan-nacional-de-desarrollo\\\/#primaryimage\"},\"thumbnailUrl\":\"https:\\\/\\\/auren.com\\\/co\\\/wp-content\\\/uploads\\\/2019\\\/06\\\/190430-blockchain-transformacion-digital-1.jpg\",\"datePublished\":\"2019-06-19T10:57:16+00:00\",\"breadcrumb\":{\"@id\":\"https:\\\/\\\/auren.com\\\/co\\\/blog\\\/principales-implicaciones-en-materia-tributaria-derivadas-del-plan-nacional-de-desarrollo\\\/#breadcrumb\"},\"inLanguage\":\"es\",\"potentialAction\":[{\"@type\":\"ReadAction\",\"target\":[\"https:\\\/\\\/auren.com\\\/co\\\/blog\\\/principales-implicaciones-en-materia-tributaria-derivadas-del-plan-nacional-de-desarrollo\\\/\"]}]},{\"@type\":\"ImageObject\",\"inLanguage\":\"es\",\"@id\":\"https:\\\/\\\/auren.com\\\/co\\\/blog\\\/principales-implicaciones-en-materia-tributaria-derivadas-del-plan-nacional-de-desarrollo\\\/#primaryimage\",\"url\":\"https:\\\/\\\/auren.com\\\/co\\\/wp-content\\\/uploads\\\/2019\\\/06\\\/190430-blockchain-transformacion-digital-1.jpg\",\"contentUrl\":\"https:\\\/\\\/auren.com\\\/co\\\/wp-content\\\/uploads\\\/2019\\\/06\\\/190430-blockchain-transformacion-digital-1.jpg\",\"width\":1920,\"height\":655},{\"@type\":\"BreadcrumbList\",\"@id\":\"https:\\\/\\\/auren.com\\\/co\\\/blog\\\/principales-implicaciones-en-materia-tributaria-derivadas-del-plan-nacional-de-desarrollo\\\/#breadcrumb\",\"itemListElement\":[{\"@type\":\"ListItem\",\"position\":1,\"name\":\"Portada\",\"item\":\"https:\\\/\\\/auren.com\\\/co\\\/\"},{\"@type\":\"ListItem\",\"position\":2,\"name\":\"Principales implicaciones en materia tributaria derivadas del Plan Nacional de Desarrollo\"}]},{\"@type\":\"WebSite\",\"@id\":\"https:\\\/\\\/auren.com\\\/co\\\/#website\",\"url\":\"https:\\\/\\\/auren.com\\\/co\\\/\",\"name\":\"Auren Colombia\",\"description\":\"\",\"publisher\":{\"@id\":\"https:\\\/\\\/auren.com\\\/co\\\/#organization\"},\"potentialAction\":[{\"@type\":\"SearchAction\",\"target\":{\"@type\":\"EntryPoint\",\"urlTemplate\":\"https:\\\/\\\/auren.com\\\/co\\\/?s={search_term_string}\"},\"query-input\":{\"@type\":\"PropertyValueSpecification\",\"valueRequired\":true,\"valueName\":\"search_term_string\"}}],\"inLanguage\":\"es\"},{\"@type\":\"Organization\",\"@id\":\"https:\\\/\\\/auren.com\\\/co\\\/#organization\",\"name\":\"Auren Colombia\",\"url\":\"https:\\\/\\\/auren.com\\\/co\\\/\",\"logo\":{\"@type\":\"ImageObject\",\"inLanguage\":\"es\",\"@id\":\"https:\\\/\\\/auren.com\\\/co\\\/#\\\/schema\\\/logo\\\/image\\\/\",\"url\":\"https:\\\/\\\/auren.com\\\/co\\\/wp-content\\\/uploads\\\/2025\\\/01\\\/cropped-cropped-favicon-Auren.png\",\"contentUrl\":\"https:\\\/\\\/auren.com\\\/co\\\/wp-content\\\/uploads\\\/2025\\\/01\\\/cropped-cropped-favicon-Auren.png\",\"width\":512,\"height\":512,\"caption\":\"Auren Colombia\"},\"image\":{\"@id\":\"https:\\\/\\\/auren.com\\\/co\\\/#\\\/schema\\\/logo\\\/image\\\/\"},\"sameAs\":[\"https:\\\/\\\/x.com\\\/AurenColombia\",\"https:\\\/\\\/www.instagram.com\\\/aurencolombia\\\/\",\"https:\\\/\\\/www.youtube.com\\\/channel\\\/UCRYoGRMR_k4oVWesdErApmA\",\"https:\\\/\\\/www.linkedin.com\\\/company\\\/auren-colombia\"]}]}<\/script>\n<!-- \/ Yoast SEO plugin. -->","yoast_head_json":{"title":"Principales implicaciones en materia tributaria derivadas del Plan Nacional de Desarrollo - Auren Colombia","robots":{"index":"index","follow":"follow","max-snippet":"max-snippet:-1","max-image-preview":"max-image-preview:large","max-video-preview":"max-video-preview:-1"},"canonical":"https:\/\/auren.com\/co\/blog\/principales-implicaciones-en-materia-tributaria-derivadas-del-plan-nacional-de-desarrollo\/","og_locale":"es_ES","og_type":"article","og_title":"Principales implicaciones en materia tributaria derivadas del Plan Nacional de Desarrollo - Auren Colombia","og_description":"A trav\u00e9s de la Ley 1955 del 25 de mayo de 2019 se sancion\u00f3 el Plan Nacional de Desarrollo 2014-2018, denominado \u201cPacto por Colombia, Pacto por la Equidad\u201d&#8230;","og_url":"https:\/\/auren.com\/co\/blog\/principales-implicaciones-en-materia-tributaria-derivadas-del-plan-nacional-de-desarrollo\/","og_site_name":"Auren Colombia","og_image":[{"width":1920,"height":655,"url":"https:\/\/auren.com\/co\/wp-content\/uploads\/2019\/06\/190430-blockchain-transformacion-digital-1.jpg","type":"image\/jpeg"}],"twitter_card":"summary_large_image","twitter_site":"@AurenColombia","twitter_misc":{"Tiempo de lectura":"4 minutos"},"schema":{"@context":"https:\/\/schema.org","@graph":[{"@type":"WebPage","@id":"https:\/\/auren.com\/co\/blog\/principales-implicaciones-en-materia-tributaria-derivadas-del-plan-nacional-de-desarrollo\/","url":"https:\/\/auren.com\/co\/blog\/principales-implicaciones-en-materia-tributaria-derivadas-del-plan-nacional-de-desarrollo\/","name":"Principales implicaciones en materia tributaria derivadas del Plan Nacional de Desarrollo - Auren Colombia","isPartOf":{"@id":"https:\/\/auren.com\/co\/#website"},"primaryImageOfPage":{"@id":"https:\/\/auren.com\/co\/blog\/principales-implicaciones-en-materia-tributaria-derivadas-del-plan-nacional-de-desarrollo\/#primaryimage"},"image":{"@id":"https:\/\/auren.com\/co\/blog\/principales-implicaciones-en-materia-tributaria-derivadas-del-plan-nacional-de-desarrollo\/#primaryimage"},"thumbnailUrl":"https:\/\/auren.com\/co\/wp-content\/uploads\/2019\/06\/190430-blockchain-transformacion-digital-1.jpg","datePublished":"2019-06-19T10:57:16+00:00","breadcrumb":{"@id":"https:\/\/auren.com\/co\/blog\/principales-implicaciones-en-materia-tributaria-derivadas-del-plan-nacional-de-desarrollo\/#breadcrumb"},"inLanguage":"es","potentialAction":[{"@type":"ReadAction","target":["https:\/\/auren.com\/co\/blog\/principales-implicaciones-en-materia-tributaria-derivadas-del-plan-nacional-de-desarrollo\/"]}]},{"@type":"ImageObject","inLanguage":"es","@id":"https:\/\/auren.com\/co\/blog\/principales-implicaciones-en-materia-tributaria-derivadas-del-plan-nacional-de-desarrollo\/#primaryimage","url":"https:\/\/auren.com\/co\/wp-content\/uploads\/2019\/06\/190430-blockchain-transformacion-digital-1.jpg","contentUrl":"https:\/\/auren.com\/co\/wp-content\/uploads\/2019\/06\/190430-blockchain-transformacion-digital-1.jpg","width":1920,"height":655},{"@type":"BreadcrumbList","@id":"https:\/\/auren.com\/co\/blog\/principales-implicaciones-en-materia-tributaria-derivadas-del-plan-nacional-de-desarrollo\/#breadcrumb","itemListElement":[{"@type":"ListItem","position":1,"name":"Portada","item":"https:\/\/auren.com\/co\/"},{"@type":"ListItem","position":2,"name":"Principales implicaciones en materia tributaria derivadas del Plan Nacional de Desarrollo"}]},{"@type":"WebSite","@id":"https:\/\/auren.com\/co\/#website","url":"https:\/\/auren.com\/co\/","name":"Auren Colombia","description":"","publisher":{"@id":"https:\/\/auren.com\/co\/#organization"},"potentialAction":[{"@type":"SearchAction","target":{"@type":"EntryPoint","urlTemplate":"https:\/\/auren.com\/co\/?s={search_term_string}"},"query-input":{"@type":"PropertyValueSpecification","valueRequired":true,"valueName":"search_term_string"}}],"inLanguage":"es"},{"@type":"Organization","@id":"https:\/\/auren.com\/co\/#organization","name":"Auren Colombia","url":"https:\/\/auren.com\/co\/","logo":{"@type":"ImageObject","inLanguage":"es","@id":"https:\/\/auren.com\/co\/#\/schema\/logo\/image\/","url":"https:\/\/auren.com\/co\/wp-content\/uploads\/2025\/01\/cropped-cropped-favicon-Auren.png","contentUrl":"https:\/\/auren.com\/co\/wp-content\/uploads\/2025\/01\/cropped-cropped-favicon-Auren.png","width":512,"height":512,"caption":"Auren Colombia"},"image":{"@id":"https:\/\/auren.com\/co\/#\/schema\/logo\/image\/"},"sameAs":["https:\/\/x.com\/AurenColombia","https:\/\/www.instagram.com\/aurencolombia\/","https:\/\/www.youtube.com\/channel\/UCRYoGRMR_k4oVWesdErApmA","https:\/\/www.linkedin.com\/company\/auren-colombia"]}]}},"_links":{"self":[{"href":"https:\/\/auren.com\/co\/wp-json\/wp\/v2\/blog\/10597","targetHints":{"allow":["GET"]}}],"collection":[{"href":"https:\/\/auren.com\/co\/wp-json\/wp\/v2\/blog"}],"about":[{"href":"https:\/\/auren.com\/co\/wp-json\/wp\/v2\/types\/blog"}],"version-history":[{"count":0,"href":"https:\/\/auren.com\/co\/wp-json\/wp\/v2\/blog\/10597\/revisions"}],"wp:featuredmedia":[{"embeddable":true,"href":"https:\/\/auren.com\/co\/wp-json\/wp\/v2\/media\/10598"}],"wp:attachment":[{"href":"https:\/\/auren.com\/co\/wp-json\/wp\/v2\/media?parent=10597"}],"wp:term":[{"taxonomy":"blog-category","embeddable":true,"href":"https:\/\/auren.com\/co\/wp-json\/wp\/v2\/blog-category?post=10597"}],"curies":[{"name":"wp","href":"https:\/\/api.w.org\/{rel}","templated":true}]}}