{"id":10600,"date":"2019-06-04T14:56:37","date_gmt":"2019-06-04T12:56:37","guid":{"rendered":"https:\/\/auren.com\/co\/blog\/cual-es-la-naturaleza-de-la-dotacion-dentro-del-contrato-laboral\/"},"modified":"2019-06-04T14:56:37","modified_gmt":"2019-06-04T12:56:37","slug":"cual-es-la-naturaleza-de-la-dotacion-dentro-del-contrato-laboral","status":"publish","type":"blog","link":"https:\/\/auren.com\/co\/blog\/cual-es-la-naturaleza-de-la-dotacion-dentro-del-contrato-laboral\/","title":{"rendered":"\u00bfCu\u00e1l es la naturaleza de la dotaci\u00f3n dentro del contrato laboral?"},"content":{"rendered":"<p>La ley laboral establece que los trabajadores que devenguen hasta dos salarios m\u00ednimos legales mensuales vigentes tienen derecho a recibir tres veces al a\u00f1o dotaci\u00f3n por parte del empleador. En reciente concepto, al analizar la naturaleza y alcance de esta disposici\u00f3n, el Ministerio de Trabajo concluy\u00f3 que:<\/p>\n<p>&nbsp;   <\/p>\n<ul>\n<li>La ley estableci\u00f3 que la dotaci\u00f3n est\u00e1 compuesta por un vestido y calzado, y estableci\u00f3 expresamente las fechas de entrega, tres veces al a\u00f1o: abril 30, agosto 31 y diciembre 20.   <\/li>\n<li>No puede confundirse la dotaci\u00f3n de calzado y vestido de labor con otros elementos de trabajo o con los elementos de protecci\u00f3n personal, pues la dotaci\u00f3n es una prestaci\u00f3n social, mientras que los elementos de protecci\u00f3n personal deben suministrarse a todo el personal que lo requiera y cuando lo requiera.   <\/li>\n<li>En caso de incumplimiento en el suministro de la dotaci\u00f3n de calzado y vestido de labor, el empleador podr\u00e1 ser sancionado con multas, seg\u00fan determine el Inspector del Trabajo.   <\/li>\n<li>Corresponde al juez laboral determinar la indemnizaci\u00f3n de perjuicios por el no suministro de la dotaci\u00f3n.<\/li>\n<li>La prescripci\u00f3n de los derechos que surgen del contrato de trabajo es tres a\u00f1os, contados desde que la respectiva obligaci\u00f3n se haya hecho exigible. El simple reclamo del trabajador, recibido por el&nbsp;empleador acerca de un derecho debidamente determinado interrumpe la prescripci\u00f3n por una sola vez, la cual inicia a contarse de nuevo a partir del reclamo y por un lapso igual de tres a\u00f1os.<\/li>\n<\/ul>\n<p><em>Fuente:&nbsp; Ministerio del Trabajo, Concepto 9386 del 18 de marzo de 2019<\/em><\/p>\n<p><!-- AddThis Advanced Settings generic via filter on the_content --><!-- AddThis Share Buttons generic via filter on the_content --><\/p>\n","protected":false},"excerpt":{"rendered":"<p>La ley laboral establece que los trabajadores que devenguen hasta dos salarios m\u00ednimos legales mensuales vigentes tienen derecho a recibir tres veces al a\u00f1o dotaci\u00f3n por parte del empleador&#8230;<\/p>\n","protected":false},"featured_media":10601,"template":"","meta":{"_acf_changed":false,"footnotes":""},"blog-category":[],"class_list":["post-10600","blog","type-blog","status-publish","has-post-thumbnail","hentry"],"acf":[],"yoast_head":"<!-- This site is optimized with the Yoast SEO plugin v27.5 - https:\/\/yoast.com\/product\/yoast-seo-wordpress\/ -->\n<title>\u00bfCu\u00e1l es la naturaleza de la dotaci\u00f3n dentro del contrato laboral? - Auren Colombia<\/title>\n<meta name=\"robots\" content=\"index, follow, max-snippet:-1, max-image-preview:large, max-video-preview:-1\" \/>\n<link rel=\"canonical\" href=\"https:\/\/auren.com\/co\/blog\/cual-es-la-naturaleza-de-la-dotacion-dentro-del-contrato-laboral\/\" \/>\n<meta property=\"og:locale\" content=\"es_ES\" \/>\n<meta property=\"og:type\" content=\"article\" \/>\n<meta property=\"og:title\" content=\"\u00bfCu\u00e1l es la naturaleza de la dotaci\u00f3n dentro del contrato laboral? - Auren Colombia\" \/>\n<meta property=\"og:description\" content=\"La ley laboral establece que los trabajadores que devenguen hasta dos salarios m\u00ednimos legales mensuales vigentes tienen derecho a recibir tres veces al a\u00f1o dotaci\u00f3n por parte del empleador&#8230;\" \/>\n<meta property=\"og:url\" content=\"https:\/\/auren.com\/co\/blog\/cual-es-la-naturaleza-de-la-dotacion-dentro-del-contrato-laboral\/\" \/>\n<meta property=\"og:site_name\" content=\"Auren Colombia\" \/>\n<meta property=\"og:image\" content=\"https:\/\/auren.com\/co\/wp-content\/uploads\/2019\/06\/liderazgo-1.jpg\" \/>\n\t<meta property=\"og:image:width\" content=\"1000\" \/>\n\t<meta property=\"og:image:height\" content=\"667\" \/>\n\t<meta property=\"og:image:type\" content=\"image\/jpeg\" \/>\n<meta name=\"twitter:card\" content=\"summary_large_image\" \/>\n<meta name=\"twitter:site\" content=\"@AurenColombia\" \/>\n<meta name=\"twitter:label1\" content=\"Tiempo de lectura\" \/>\n\t<meta name=\"twitter:data1\" content=\"1 minuto\" \/>\n<script type=\"application\/ld+json\" class=\"yoast-schema-graph\">{\"@context\":\"https:\\\/\\\/schema.org\",\"@graph\":[{\"@type\":\"WebPage\",\"@id\":\"https:\\\/\\\/auren.com\\\/co\\\/blog\\\/cual-es-la-naturaleza-de-la-dotacion-dentro-del-contrato-laboral\\\/\",\"url\":\"https:\\\/\\\/auren.com\\\/co\\\/blog\\\/cual-es-la-naturaleza-de-la-dotacion-dentro-del-contrato-laboral\\\/\",\"name\":\"\u00bfCu\u00e1l es la naturaleza de la dotaci\u00f3n dentro del contrato laboral? - Auren Colombia\",\"isPartOf\":{\"@id\":\"https:\\\/\\\/auren.com\\\/co\\\/#website\"},\"primaryImageOfPage\":{\"@id\":\"https:\\\/\\\/auren.com\\\/co\\\/blog\\\/cual-es-la-naturaleza-de-la-dotacion-dentro-del-contrato-laboral\\\/#primaryimage\"},\"image\":{\"@id\":\"https:\\\/\\\/auren.com\\\/co\\\/blog\\\/cual-es-la-naturaleza-de-la-dotacion-dentro-del-contrato-laboral\\\/#primaryimage\"},\"thumbnailUrl\":\"https:\\\/\\\/auren.com\\\/co\\\/wp-content\\\/uploads\\\/2019\\\/06\\\/liderazgo-1.jpg\",\"datePublished\":\"2019-06-04T12:56:37+00:00\",\"breadcrumb\":{\"@id\":\"https:\\\/\\\/auren.com\\\/co\\\/blog\\\/cual-es-la-naturaleza-de-la-dotacion-dentro-del-contrato-laboral\\\/#breadcrumb\"},\"inLanguage\":\"es\",\"potentialAction\":[{\"@type\":\"ReadAction\",\"target\":[\"https:\\\/\\\/auren.com\\\/co\\\/blog\\\/cual-es-la-naturaleza-de-la-dotacion-dentro-del-contrato-laboral\\\/\"]}]},{\"@type\":\"ImageObject\",\"inLanguage\":\"es\",\"@id\":\"https:\\\/\\\/auren.com\\\/co\\\/blog\\\/cual-es-la-naturaleza-de-la-dotacion-dentro-del-contrato-laboral\\\/#primaryimage\",\"url\":\"https:\\\/\\\/auren.com\\\/co\\\/wp-content\\\/uploads\\\/2019\\\/06\\\/liderazgo-1.jpg\",\"contentUrl\":\"https:\\\/\\\/auren.com\\\/co\\\/wp-content\\\/uploads\\\/2019\\\/06\\\/liderazgo-1.jpg\",\"width\":1000,\"height\":667},{\"@type\":\"BreadcrumbList\",\"@id\":\"https:\\\/\\\/auren.com\\\/co\\\/blog\\\/cual-es-la-naturaleza-de-la-dotacion-dentro-del-contrato-laboral\\\/#breadcrumb\",\"itemListElement\":[{\"@type\":\"ListItem\",\"position\":1,\"name\":\"Portada\",\"item\":\"https:\\\/\\\/auren.com\\\/co\\\/\"},{\"@type\":\"ListItem\",\"position\":2,\"name\":\"\u00bfCu\u00e1l es la naturaleza de la dotaci\u00f3n dentro del contrato laboral?\"}]},{\"@type\":\"WebSite\",\"@id\":\"https:\\\/\\\/auren.com\\\/co\\\/#website\",\"url\":\"https:\\\/\\\/auren.com\\\/co\\\/\",\"name\":\"Auren Colombia\",\"description\":\"\",\"publisher\":{\"@id\":\"https:\\\/\\\/auren.com\\\/co\\\/#organization\"},\"potentialAction\":[{\"@type\":\"SearchAction\",\"target\":{\"@type\":\"EntryPoint\",\"urlTemplate\":\"https:\\\/\\\/auren.com\\\/co\\\/?s={search_term_string}\"},\"query-input\":{\"@type\":\"PropertyValueSpecification\",\"valueRequired\":true,\"valueName\":\"search_term_string\"}}],\"inLanguage\":\"es\"},{\"@type\":\"Organization\",\"@id\":\"https:\\\/\\\/auren.com\\\/co\\\/#organization\",\"name\":\"Auren Colombia\",\"url\":\"https:\\\/\\\/auren.com\\\/co\\\/\",\"logo\":{\"@type\":\"ImageObject\",\"inLanguage\":\"es\",\"@id\":\"https:\\\/\\\/auren.com\\\/co\\\/#\\\/schema\\\/logo\\\/image\\\/\",\"url\":\"https:\\\/\\\/auren.com\\\/co\\\/wp-content\\\/uploads\\\/2025\\\/01\\\/cropped-cropped-favicon-Auren.png\",\"contentUrl\":\"https:\\\/\\\/auren.com\\\/co\\\/wp-content\\\/uploads\\\/2025\\\/01\\\/cropped-cropped-favicon-Auren.png\",\"width\":512,\"height\":512,\"caption\":\"Auren Colombia\"},\"image\":{\"@id\":\"https:\\\/\\\/auren.com\\\/co\\\/#\\\/schema\\\/logo\\\/image\\\/\"},\"sameAs\":[\"https:\\\/\\\/x.com\\\/AurenColombia\",\"https:\\\/\\\/www.instagram.com\\\/aurencolombia\\\/\",\"https:\\\/\\\/www.youtube.com\\\/channel\\\/UCRYoGRMR_k4oVWesdErApmA\",\"https:\\\/\\\/www.linkedin.com\\\/company\\\/auren-colombia\"]}]}<\/script>\n<!-- \/ Yoast SEO plugin. -->","yoast_head_json":{"title":"\u00bfCu\u00e1l es la naturaleza de la dotaci\u00f3n dentro del contrato laboral? - Auren Colombia","robots":{"index":"index","follow":"follow","max-snippet":"max-snippet:-1","max-image-preview":"max-image-preview:large","max-video-preview":"max-video-preview:-1"},"canonical":"https:\/\/auren.com\/co\/blog\/cual-es-la-naturaleza-de-la-dotacion-dentro-del-contrato-laboral\/","og_locale":"es_ES","og_type":"article","og_title":"\u00bfCu\u00e1l es la naturaleza de la dotaci\u00f3n dentro del contrato laboral? - Auren Colombia","og_description":"La ley laboral establece que los trabajadores que devenguen hasta dos salarios m\u00ednimos legales mensuales vigentes tienen derecho a recibir tres veces al a\u00f1o dotaci\u00f3n por parte del empleador&#8230;","og_url":"https:\/\/auren.com\/co\/blog\/cual-es-la-naturaleza-de-la-dotacion-dentro-del-contrato-laboral\/","og_site_name":"Auren Colombia","og_image":[{"width":1000,"height":667,"url":"https:\/\/auren.com\/co\/wp-content\/uploads\/2019\/06\/liderazgo-1.jpg","type":"image\/jpeg"}],"twitter_card":"summary_large_image","twitter_site":"@AurenColombia","twitter_misc":{"Tiempo de lectura":"1 minuto"},"schema":{"@context":"https:\/\/schema.org","@graph":[{"@type":"WebPage","@id":"https:\/\/auren.com\/co\/blog\/cual-es-la-naturaleza-de-la-dotacion-dentro-del-contrato-laboral\/","url":"https:\/\/auren.com\/co\/blog\/cual-es-la-naturaleza-de-la-dotacion-dentro-del-contrato-laboral\/","name":"\u00bfCu\u00e1l es la naturaleza de la dotaci\u00f3n dentro del contrato laboral? - Auren Colombia","isPartOf":{"@id":"https:\/\/auren.com\/co\/#website"},"primaryImageOfPage":{"@id":"https:\/\/auren.com\/co\/blog\/cual-es-la-naturaleza-de-la-dotacion-dentro-del-contrato-laboral\/#primaryimage"},"image":{"@id":"https:\/\/auren.com\/co\/blog\/cual-es-la-naturaleza-de-la-dotacion-dentro-del-contrato-laboral\/#primaryimage"},"thumbnailUrl":"https:\/\/auren.com\/co\/wp-content\/uploads\/2019\/06\/liderazgo-1.jpg","datePublished":"2019-06-04T12:56:37+00:00","breadcrumb":{"@id":"https:\/\/auren.com\/co\/blog\/cual-es-la-naturaleza-de-la-dotacion-dentro-del-contrato-laboral\/#breadcrumb"},"inLanguage":"es","potentialAction":[{"@type":"ReadAction","target":["https:\/\/auren.com\/co\/blog\/cual-es-la-naturaleza-de-la-dotacion-dentro-del-contrato-laboral\/"]}]},{"@type":"ImageObject","inLanguage":"es","@id":"https:\/\/auren.com\/co\/blog\/cual-es-la-naturaleza-de-la-dotacion-dentro-del-contrato-laboral\/#primaryimage","url":"https:\/\/auren.com\/co\/wp-content\/uploads\/2019\/06\/liderazgo-1.jpg","contentUrl":"https:\/\/auren.com\/co\/wp-content\/uploads\/2019\/06\/liderazgo-1.jpg","width":1000,"height":667},{"@type":"BreadcrumbList","@id":"https:\/\/auren.com\/co\/blog\/cual-es-la-naturaleza-de-la-dotacion-dentro-del-contrato-laboral\/#breadcrumb","itemListElement":[{"@type":"ListItem","position":1,"name":"Portada","item":"https:\/\/auren.com\/co\/"},{"@type":"ListItem","position":2,"name":"\u00bfCu\u00e1l es la naturaleza de la dotaci\u00f3n dentro del contrato laboral?"}]},{"@type":"WebSite","@id":"https:\/\/auren.com\/co\/#website","url":"https:\/\/auren.com\/co\/","name":"Auren Colombia","description":"","publisher":{"@id":"https:\/\/auren.com\/co\/#organization"},"potentialAction":[{"@type":"SearchAction","target":{"@type":"EntryPoint","urlTemplate":"https:\/\/auren.com\/co\/?s={search_term_string}"},"query-input":{"@type":"PropertyValueSpecification","valueRequired":true,"valueName":"search_term_string"}}],"inLanguage":"es"},{"@type":"Organization","@id":"https:\/\/auren.com\/co\/#organization","name":"Auren Colombia","url":"https:\/\/auren.com\/co\/","logo":{"@type":"ImageObject","inLanguage":"es","@id":"https:\/\/auren.com\/co\/#\/schema\/logo\/image\/","url":"https:\/\/auren.com\/co\/wp-content\/uploads\/2025\/01\/cropped-cropped-favicon-Auren.png","contentUrl":"https:\/\/auren.com\/co\/wp-content\/uploads\/2025\/01\/cropped-cropped-favicon-Auren.png","width":512,"height":512,"caption":"Auren Colombia"},"image":{"@id":"https:\/\/auren.com\/co\/#\/schema\/logo\/image\/"},"sameAs":["https:\/\/x.com\/AurenColombia","https:\/\/www.instagram.com\/aurencolombia\/","https:\/\/www.youtube.com\/channel\/UCRYoGRMR_k4oVWesdErApmA","https:\/\/www.linkedin.com\/company\/auren-colombia"]}]}},"_links":{"self":[{"href":"https:\/\/auren.com\/co\/wp-json\/wp\/v2\/blog\/10600","targetHints":{"allow":["GET"]}}],"collection":[{"href":"https:\/\/auren.com\/co\/wp-json\/wp\/v2\/blog"}],"about":[{"href":"https:\/\/auren.com\/co\/wp-json\/wp\/v2\/types\/blog"}],"version-history":[{"count":0,"href":"https:\/\/auren.com\/co\/wp-json\/wp\/v2\/blog\/10600\/revisions"}],"wp:featuredmedia":[{"embeddable":true,"href":"https:\/\/auren.com\/co\/wp-json\/wp\/v2\/media\/10601"}],"wp:attachment":[{"href":"https:\/\/auren.com\/co\/wp-json\/wp\/v2\/media?parent=10600"}],"wp:term":[{"taxonomy":"blog-category","embeddable":true,"href":"https:\/\/auren.com\/co\/wp-json\/wp\/v2\/blog-category?post=10600"}],"curies":[{"name":"wp","href":"https:\/\/api.w.org\/{rel}","templated":true}]}}