{"id":10610,"date":"2019-06-04T13:43:31","date_gmt":"2019-06-04T11:43:31","guid":{"rendered":"https:\/\/auren.com\/co\/blog\/conformada-la-comision-de-estudio-del-sistema-tributario-territorial\/"},"modified":"2019-06-04T13:43:31","modified_gmt":"2019-06-04T11:43:31","slug":"conformada-la-comision-de-estudio-del-sistema-tributario-territorial","status":"publish","type":"blog","link":"https:\/\/auren.com\/co\/blog\/conformada-la-comision-de-estudio-del-sistema-tributario-territorial\/","title":{"rendered":"Conformada la Comisi\u00f3n de Estudio del Sistema Tributario Territorial"},"content":{"rendered":"<p>La ley de financiamiento cre\u00f3 una Comisi\u00f3n de Expertos ad hon\u00f3rem para estudiar el r\u00e9gimen aplicable a los impuestos, tasas y contribuciones de car\u00e1cter departamental, distrital y municipal, con el objeto de proponer una reforma orientada a hacer el sistema tributario territorial m\u00e1s eficiente, reactivar la econom\u00eda de las regiones, y combatir la evasi\u00f3n y la elusi\u00f3n fiscal.<\/p>\n<p>&nbsp;El Decreto 873 del 20 de mayo de 2019 determin\u00f3 que la Comisi\u00f3n de Estudio del Sistema Tributario Territorial estar\u00eda conformada por (1) el Viceministro T\u00e9cnico del Ministerio de Hacienda, en calidad de Presidente, (2) un Gobernador, elegido por la Federaci\u00f3n Nacional de Departamentos, (3) un Alcalde, elegido por la Asociaci\u00f3n Colombiana de Ciudades Capitales, (4) un Alcalde, elegido por la Federaci\u00f3n Colombiana de Municipios, y (5) por nueve expertos en materia tributaria y otras disciplinas relacionadas con los asuntos a estudiar, que ser\u00e1n designados mediante resoluci\u00f3n expedida por el Ministro de Hacienda.<\/p>\n<p>La comisi\u00f3n presentar\u00e1 informes trimestrales al Ministro de Hacienda y le entregar\u00e1 sus propuestas en el t\u00e9rmino m\u00e1ximo de doce meses, contados a partir de su conformaci\u00f3n.<\/p>\n<p><em>Fuente: Decreto 873 del 20 de mayo de 2019<\/em><\/p>\n<p><!-- AddThis Advanced Settings generic via filter on the_content --><!-- AddThis Share Buttons generic via filter on the_content --><\/p>\n","protected":false},"excerpt":{"rendered":"<p>La ley de financiamiento cre\u00f3 una Comisi\u00f3n de Expertos ad hon\u00f3rem para estudiar el r\u00e9gimen aplicable a los impuestos, tasas y contribuciones de car\u00e1cter departamental, distrital y municipal, con el objeto de&#8230;<\/p>\n","protected":false},"featured_media":10611,"template":"","meta":{"_acf_changed":false,"footnotes":""},"blog-category":[],"class_list":["post-10610","blog","type-blog","status-publish","has-post-thumbnail","hentry"],"acf":[],"yoast_head":"<!-- This site is optimized with the Yoast SEO plugin v27.5 - https:\/\/yoast.com\/product\/yoast-seo-wordpress\/ -->\n<title>Conformada la Comisi\u00f3n de Estudio del Sistema Tributario Territorial - Auren Colombia<\/title>\n<meta name=\"robots\" content=\"index, follow, max-snippet:-1, max-image-preview:large, max-video-preview:-1\" \/>\n<link rel=\"canonical\" href=\"https:\/\/auren.com\/co\/blog\/conformada-la-comision-de-estudio-del-sistema-tributario-territorial\/\" \/>\n<meta property=\"og:locale\" content=\"es_ES\" \/>\n<meta property=\"og:type\" content=\"article\" \/>\n<meta property=\"og:title\" content=\"Conformada la Comisi\u00f3n de Estudio del Sistema Tributario Territorial - Auren Colombia\" \/>\n<meta property=\"og:description\" content=\"La ley de financiamiento cre\u00f3 una Comisi\u00f3n de Expertos ad hon\u00f3rem para estudiar el r\u00e9gimen aplicable a los impuestos, tasas y contribuciones de car\u00e1cter departamental, distrital y municipal, con el objeto de&#8230;\" \/>\n<meta property=\"og:url\" content=\"https:\/\/auren.com\/co\/blog\/conformada-la-comision-de-estudio-del-sistema-tributario-territorial\/\" \/>\n<meta property=\"og:site_name\" content=\"Auren Colombia\" \/>\n<meta property=\"og:image\" content=\"https:\/\/auren.com\/co\/wp-content\/uploads\/2019\/06\/shutterstock-161759321-2.jpg\" \/>\n\t<meta property=\"og:image:width\" content=\"1000\" \/>\n\t<meta property=\"og:image:height\" content=\"667\" \/>\n\t<meta property=\"og:image:type\" content=\"image\/jpeg\" \/>\n<meta name=\"twitter:card\" content=\"summary_large_image\" \/>\n<meta name=\"twitter:site\" content=\"@AurenColombia\" \/>\n<meta name=\"twitter:label1\" content=\"Tiempo de lectura\" \/>\n\t<meta name=\"twitter:data1\" content=\"1 minuto\" \/>\n<script type=\"application\/ld+json\" class=\"yoast-schema-graph\">{\"@context\":\"https:\\\/\\\/schema.org\",\"@graph\":[{\"@type\":\"WebPage\",\"@id\":\"https:\\\/\\\/auren.com\\\/co\\\/blog\\\/conformada-la-comision-de-estudio-del-sistema-tributario-territorial\\\/\",\"url\":\"https:\\\/\\\/auren.com\\\/co\\\/blog\\\/conformada-la-comision-de-estudio-del-sistema-tributario-territorial\\\/\",\"name\":\"Conformada la Comisi\u00f3n de Estudio del Sistema Tributario Territorial - Auren Colombia\",\"isPartOf\":{\"@id\":\"https:\\\/\\\/auren.com\\\/co\\\/#website\"},\"primaryImageOfPage\":{\"@id\":\"https:\\\/\\\/auren.com\\\/co\\\/blog\\\/conformada-la-comision-de-estudio-del-sistema-tributario-territorial\\\/#primaryimage\"},\"image\":{\"@id\":\"https:\\\/\\\/auren.com\\\/co\\\/blog\\\/conformada-la-comision-de-estudio-del-sistema-tributario-territorial\\\/#primaryimage\"},\"thumbnailUrl\":\"https:\\\/\\\/auren.com\\\/co\\\/wp-content\\\/uploads\\\/2019\\\/06\\\/shutterstock-161759321-2.jpg\",\"datePublished\":\"2019-06-04T11:43:31+00:00\",\"breadcrumb\":{\"@id\":\"https:\\\/\\\/auren.com\\\/co\\\/blog\\\/conformada-la-comision-de-estudio-del-sistema-tributario-territorial\\\/#breadcrumb\"},\"inLanguage\":\"es\",\"potentialAction\":[{\"@type\":\"ReadAction\",\"target\":[\"https:\\\/\\\/auren.com\\\/co\\\/blog\\\/conformada-la-comision-de-estudio-del-sistema-tributario-territorial\\\/\"]}]},{\"@type\":\"ImageObject\",\"inLanguage\":\"es\",\"@id\":\"https:\\\/\\\/auren.com\\\/co\\\/blog\\\/conformada-la-comision-de-estudio-del-sistema-tributario-territorial\\\/#primaryimage\",\"url\":\"https:\\\/\\\/auren.com\\\/co\\\/wp-content\\\/uploads\\\/2019\\\/06\\\/shutterstock-161759321-2.jpg\",\"contentUrl\":\"https:\\\/\\\/auren.com\\\/co\\\/wp-content\\\/uploads\\\/2019\\\/06\\\/shutterstock-161759321-2.jpg\",\"width\":1000,\"height\":667},{\"@type\":\"BreadcrumbList\",\"@id\":\"https:\\\/\\\/auren.com\\\/co\\\/blog\\\/conformada-la-comision-de-estudio-del-sistema-tributario-territorial\\\/#breadcrumb\",\"itemListElement\":[{\"@type\":\"ListItem\",\"position\":1,\"name\":\"Portada\",\"item\":\"https:\\\/\\\/auren.com\\\/co\\\/\"},{\"@type\":\"ListItem\",\"position\":2,\"name\":\"Conformada la Comisi\u00f3n de Estudio del Sistema Tributario Territorial\"}]},{\"@type\":\"WebSite\",\"@id\":\"https:\\\/\\\/auren.com\\\/co\\\/#website\",\"url\":\"https:\\\/\\\/auren.com\\\/co\\\/\",\"name\":\"Auren Colombia\",\"description\":\"\",\"publisher\":{\"@id\":\"https:\\\/\\\/auren.com\\\/co\\\/#organization\"},\"potentialAction\":[{\"@type\":\"SearchAction\",\"target\":{\"@type\":\"EntryPoint\",\"urlTemplate\":\"https:\\\/\\\/auren.com\\\/co\\\/?s={search_term_string}\"},\"query-input\":{\"@type\":\"PropertyValueSpecification\",\"valueRequired\":true,\"valueName\":\"search_term_string\"}}],\"inLanguage\":\"es\"},{\"@type\":\"Organization\",\"@id\":\"https:\\\/\\\/auren.com\\\/co\\\/#organization\",\"name\":\"Auren Colombia\",\"url\":\"https:\\\/\\\/auren.com\\\/co\\\/\",\"logo\":{\"@type\":\"ImageObject\",\"inLanguage\":\"es\",\"@id\":\"https:\\\/\\\/auren.com\\\/co\\\/#\\\/schema\\\/logo\\\/image\\\/\",\"url\":\"https:\\\/\\\/auren.com\\\/co\\\/wp-content\\\/uploads\\\/2025\\\/01\\\/cropped-cropped-favicon-Auren.png\",\"contentUrl\":\"https:\\\/\\\/auren.com\\\/co\\\/wp-content\\\/uploads\\\/2025\\\/01\\\/cropped-cropped-favicon-Auren.png\",\"width\":512,\"height\":512,\"caption\":\"Auren Colombia\"},\"image\":{\"@id\":\"https:\\\/\\\/auren.com\\\/co\\\/#\\\/schema\\\/logo\\\/image\\\/\"},\"sameAs\":[\"https:\\\/\\\/x.com\\\/AurenColombia\",\"https:\\\/\\\/www.instagram.com\\\/aurencolombia\\\/\",\"https:\\\/\\\/www.youtube.com\\\/channel\\\/UCRYoGRMR_k4oVWesdErApmA\",\"https:\\\/\\\/www.linkedin.com\\\/company\\\/auren-colombia\"]}]}<\/script>\n<!-- \/ Yoast SEO plugin. -->","yoast_head_json":{"title":"Conformada la Comisi\u00f3n de Estudio del Sistema Tributario Territorial - Auren Colombia","robots":{"index":"index","follow":"follow","max-snippet":"max-snippet:-1","max-image-preview":"max-image-preview:large","max-video-preview":"max-video-preview:-1"},"canonical":"https:\/\/auren.com\/co\/blog\/conformada-la-comision-de-estudio-del-sistema-tributario-territorial\/","og_locale":"es_ES","og_type":"article","og_title":"Conformada la Comisi\u00f3n de Estudio del Sistema Tributario Territorial - Auren Colombia","og_description":"La ley de financiamiento cre\u00f3 una Comisi\u00f3n de Expertos ad hon\u00f3rem para estudiar el r\u00e9gimen aplicable a los impuestos, tasas y contribuciones de car\u00e1cter departamental, distrital y municipal, con el objeto de&#8230;","og_url":"https:\/\/auren.com\/co\/blog\/conformada-la-comision-de-estudio-del-sistema-tributario-territorial\/","og_site_name":"Auren Colombia","og_image":[{"width":1000,"height":667,"url":"https:\/\/auren.com\/co\/wp-content\/uploads\/2019\/06\/shutterstock-161759321-2.jpg","type":"image\/jpeg"}],"twitter_card":"summary_large_image","twitter_site":"@AurenColombia","twitter_misc":{"Tiempo de lectura":"1 minuto"},"schema":{"@context":"https:\/\/schema.org","@graph":[{"@type":"WebPage","@id":"https:\/\/auren.com\/co\/blog\/conformada-la-comision-de-estudio-del-sistema-tributario-territorial\/","url":"https:\/\/auren.com\/co\/blog\/conformada-la-comision-de-estudio-del-sistema-tributario-territorial\/","name":"Conformada la Comisi\u00f3n de Estudio del Sistema Tributario Territorial - Auren Colombia","isPartOf":{"@id":"https:\/\/auren.com\/co\/#website"},"primaryImageOfPage":{"@id":"https:\/\/auren.com\/co\/blog\/conformada-la-comision-de-estudio-del-sistema-tributario-territorial\/#primaryimage"},"image":{"@id":"https:\/\/auren.com\/co\/blog\/conformada-la-comision-de-estudio-del-sistema-tributario-territorial\/#primaryimage"},"thumbnailUrl":"https:\/\/auren.com\/co\/wp-content\/uploads\/2019\/06\/shutterstock-161759321-2.jpg","datePublished":"2019-06-04T11:43:31+00:00","breadcrumb":{"@id":"https:\/\/auren.com\/co\/blog\/conformada-la-comision-de-estudio-del-sistema-tributario-territorial\/#breadcrumb"},"inLanguage":"es","potentialAction":[{"@type":"ReadAction","target":["https:\/\/auren.com\/co\/blog\/conformada-la-comision-de-estudio-del-sistema-tributario-territorial\/"]}]},{"@type":"ImageObject","inLanguage":"es","@id":"https:\/\/auren.com\/co\/blog\/conformada-la-comision-de-estudio-del-sistema-tributario-territorial\/#primaryimage","url":"https:\/\/auren.com\/co\/wp-content\/uploads\/2019\/06\/shutterstock-161759321-2.jpg","contentUrl":"https:\/\/auren.com\/co\/wp-content\/uploads\/2019\/06\/shutterstock-161759321-2.jpg","width":1000,"height":667},{"@type":"BreadcrumbList","@id":"https:\/\/auren.com\/co\/blog\/conformada-la-comision-de-estudio-del-sistema-tributario-territorial\/#breadcrumb","itemListElement":[{"@type":"ListItem","position":1,"name":"Portada","item":"https:\/\/auren.com\/co\/"},{"@type":"ListItem","position":2,"name":"Conformada la Comisi\u00f3n de Estudio del Sistema Tributario Territorial"}]},{"@type":"WebSite","@id":"https:\/\/auren.com\/co\/#website","url":"https:\/\/auren.com\/co\/","name":"Auren Colombia","description":"","publisher":{"@id":"https:\/\/auren.com\/co\/#organization"},"potentialAction":[{"@type":"SearchAction","target":{"@type":"EntryPoint","urlTemplate":"https:\/\/auren.com\/co\/?s={search_term_string}"},"query-input":{"@type":"PropertyValueSpecification","valueRequired":true,"valueName":"search_term_string"}}],"inLanguage":"es"},{"@type":"Organization","@id":"https:\/\/auren.com\/co\/#organization","name":"Auren Colombia","url":"https:\/\/auren.com\/co\/","logo":{"@type":"ImageObject","inLanguage":"es","@id":"https:\/\/auren.com\/co\/#\/schema\/logo\/image\/","url":"https:\/\/auren.com\/co\/wp-content\/uploads\/2025\/01\/cropped-cropped-favicon-Auren.png","contentUrl":"https:\/\/auren.com\/co\/wp-content\/uploads\/2025\/01\/cropped-cropped-favicon-Auren.png","width":512,"height":512,"caption":"Auren Colombia"},"image":{"@id":"https:\/\/auren.com\/co\/#\/schema\/logo\/image\/"},"sameAs":["https:\/\/x.com\/AurenColombia","https:\/\/www.instagram.com\/aurencolombia\/","https:\/\/www.youtube.com\/channel\/UCRYoGRMR_k4oVWesdErApmA","https:\/\/www.linkedin.com\/company\/auren-colombia"]}]}},"_links":{"self":[{"href":"https:\/\/auren.com\/co\/wp-json\/wp\/v2\/blog\/10610","targetHints":{"allow":["GET"]}}],"collection":[{"href":"https:\/\/auren.com\/co\/wp-json\/wp\/v2\/blog"}],"about":[{"href":"https:\/\/auren.com\/co\/wp-json\/wp\/v2\/types\/blog"}],"version-history":[{"count":0,"href":"https:\/\/auren.com\/co\/wp-json\/wp\/v2\/blog\/10610\/revisions"}],"wp:featuredmedia":[{"embeddable":true,"href":"https:\/\/auren.com\/co\/wp-json\/wp\/v2\/media\/10611"}],"wp:attachment":[{"href":"https:\/\/auren.com\/co\/wp-json\/wp\/v2\/media?parent=10610"}],"wp:term":[{"taxonomy":"blog-category","embeddable":true,"href":"https:\/\/auren.com\/co\/wp-json\/wp\/v2\/blog-category?post=10610"}],"curies":[{"name":"wp","href":"https:\/\/api.w.org\/{rel}","templated":true}]}}