{"id":10622,"date":"2019-05-22T13:50:19","date_gmt":"2019-05-22T11:50:19","guid":{"rendered":"https:\/\/auren.com\/co\/blog\/cual-es-el-tratamiento-del-iva-pagado-en-adquisicion-de-activos-fijos-reales-productivos\/"},"modified":"2019-05-22T13:50:19","modified_gmt":"2019-05-22T11:50:19","slug":"cual-es-el-tratamiento-del-iva-pagado-en-adquisicion-de-activos-fijos-reales-productivos","status":"publish","type":"blog","link":"https:\/\/auren.com\/co\/blog\/cual-es-el-tratamiento-del-iva-pagado-en-adquisicion-de-activos-fijos-reales-productivos\/","title":{"rendered":"\u00bfCu\u00e1l es el tratamiento del IVA pagado en adquisici\u00f3n de activos fijos reales productivos?"},"content":{"rendered":"<p>A partir de la ley 1943 de 2018, el IVA pagado por la adquisici\u00f3n, construcci\u00f3n o formaci\u00f3n e importaci\u00f3n de activos fijos reales productivos, puede descontarse del impuesto sobre la renta del a\u00f1o en el que se efect\u00fae su pago, o en cualquiera de los periodos gravables siguientes.<\/p>\n<p>Al respecto, la DIAN sostuvo en Concepto 8180 del 5 de abril de 2019 que el IVA pagado pod\u00eda ser descontado en la declaraci\u00f3n de renta o en la declaraci\u00f3n del IVA, a elecci\u00f3n del contribuyente. Sin embargo, tal criterio fue r\u00e1pidamente revocado y mediante Concepto 11458 del 14 de mayo de 2019, la DIAN concluy\u00f3 que el IVA pagado por activos fijos reales productivos \u00fanicamente puede descontarse del impuesto sobre la renta, no siendo posible tomarlo como descontable del IVA.   <\/p>\n<p>A su turno, la DIAN precis\u00f3 que el IVA pagado en activos fijos, diferentes a los reales productivos, tampoco puede tomarse como descontable en IVA.<\/p>\n<p><em>Fuente: DIAN, Concepto 11458 del 14 de mayo de 2019<\/em><\/p>\n<\/p>\n<p><!-- AddThis Advanced Settings generic via filter on the_content --><!-- AddThis Share Buttons generic via filter on the_content --><\/p>\n","protected":false},"excerpt":{"rendered":"<p>A partir de la ley 1943 de 2018, el IVA pagado por la adquisici\u00f3n, construcci\u00f3n o formaci\u00f3n e importaci\u00f3n de activos fijos reales productivos, puede descontarse&#8230;<\/p>\n","protected":false},"featured_media":10623,"template":"","meta":{"_acf_changed":false,"footnotes":""},"blog-category":[],"class_list":["post-10622","blog","type-blog","status-publish","has-post-thumbnail","hentry"],"acf":[],"yoast_head":"<!-- This site is optimized with the Yoast SEO plugin v27.5 - https:\/\/yoast.com\/product\/yoast-seo-wordpress\/ -->\n<title>\u00bfCu\u00e1l es el tratamiento del IVA pagado en adquisici\u00f3n de activos fijos reales productivos? - Auren Colombia<\/title>\n<meta name=\"robots\" content=\"index, follow, max-snippet:-1, max-image-preview:large, max-video-preview:-1\" \/>\n<link rel=\"canonical\" href=\"https:\/\/auren.com\/co\/blog\/cual-es-el-tratamiento-del-iva-pagado-en-adquisicion-de-activos-fijos-reales-productivos\/\" \/>\n<meta property=\"og:locale\" content=\"es_ES\" \/>\n<meta property=\"og:type\" content=\"article\" \/>\n<meta property=\"og:title\" content=\"\u00bfCu\u00e1l es el tratamiento del IVA pagado en adquisici\u00f3n de activos fijos reales productivos? - Auren Colombia\" \/>\n<meta property=\"og:description\" content=\"A partir de la ley 1943 de 2018, el IVA pagado por la adquisici\u00f3n, construcci\u00f3n o formaci\u00f3n e importaci\u00f3n de activos fijos reales productivos, puede descontarse&#8230;\" \/>\n<meta property=\"og:url\" content=\"https:\/\/auren.com\/co\/blog\/cual-es-el-tratamiento-del-iva-pagado-en-adquisicion-de-activos-fijos-reales-productivos\/\" \/>\n<meta property=\"og:site_name\" content=\"Auren Colombia\" \/>\n<meta property=\"og:image\" content=\"https:\/\/auren.com\/co\/wp-content\/uploads\/2019\/05\/shutterstock-415272574.jpg\" \/>\n\t<meta property=\"og:image:width\" content=\"1000\" \/>\n\t<meta property=\"og:image:height\" content=\"668\" \/>\n\t<meta property=\"og:image:type\" content=\"image\/jpeg\" \/>\n<meta name=\"twitter:card\" content=\"summary_large_image\" \/>\n<meta name=\"twitter:site\" content=\"@AurenColombia\" \/>\n<meta name=\"twitter:label1\" content=\"Tiempo de lectura\" \/>\n\t<meta name=\"twitter:data1\" content=\"1 minuto\" \/>\n<script type=\"application\/ld+json\" class=\"yoast-schema-graph\">{\"@context\":\"https:\\\/\\\/schema.org\",\"@graph\":[{\"@type\":\"WebPage\",\"@id\":\"https:\\\/\\\/auren.com\\\/co\\\/blog\\\/cual-es-el-tratamiento-del-iva-pagado-en-adquisicion-de-activos-fijos-reales-productivos\\\/\",\"url\":\"https:\\\/\\\/auren.com\\\/co\\\/blog\\\/cual-es-el-tratamiento-del-iva-pagado-en-adquisicion-de-activos-fijos-reales-productivos\\\/\",\"name\":\"\u00bfCu\u00e1l es el tratamiento del IVA pagado en adquisici\u00f3n de activos fijos reales productivos? - Auren Colombia\",\"isPartOf\":{\"@id\":\"https:\\\/\\\/auren.com\\\/co\\\/#website\"},\"primaryImageOfPage\":{\"@id\":\"https:\\\/\\\/auren.com\\\/co\\\/blog\\\/cual-es-el-tratamiento-del-iva-pagado-en-adquisicion-de-activos-fijos-reales-productivos\\\/#primaryimage\"},\"image\":{\"@id\":\"https:\\\/\\\/auren.com\\\/co\\\/blog\\\/cual-es-el-tratamiento-del-iva-pagado-en-adquisicion-de-activos-fijos-reales-productivos\\\/#primaryimage\"},\"thumbnailUrl\":\"https:\\\/\\\/auren.com\\\/co\\\/wp-content\\\/uploads\\\/2019\\\/05\\\/shutterstock-415272574.jpg\",\"datePublished\":\"2019-05-22T11:50:19+00:00\",\"breadcrumb\":{\"@id\":\"https:\\\/\\\/auren.com\\\/co\\\/blog\\\/cual-es-el-tratamiento-del-iva-pagado-en-adquisicion-de-activos-fijos-reales-productivos\\\/#breadcrumb\"},\"inLanguage\":\"es\",\"potentialAction\":[{\"@type\":\"ReadAction\",\"target\":[\"https:\\\/\\\/auren.com\\\/co\\\/blog\\\/cual-es-el-tratamiento-del-iva-pagado-en-adquisicion-de-activos-fijos-reales-productivos\\\/\"]}]},{\"@type\":\"ImageObject\",\"inLanguage\":\"es\",\"@id\":\"https:\\\/\\\/auren.com\\\/co\\\/blog\\\/cual-es-el-tratamiento-del-iva-pagado-en-adquisicion-de-activos-fijos-reales-productivos\\\/#primaryimage\",\"url\":\"https:\\\/\\\/auren.com\\\/co\\\/wp-content\\\/uploads\\\/2019\\\/05\\\/shutterstock-415272574.jpg\",\"contentUrl\":\"https:\\\/\\\/auren.com\\\/co\\\/wp-content\\\/uploads\\\/2019\\\/05\\\/shutterstock-415272574.jpg\",\"width\":1000,\"height\":668},{\"@type\":\"BreadcrumbList\",\"@id\":\"https:\\\/\\\/auren.com\\\/co\\\/blog\\\/cual-es-el-tratamiento-del-iva-pagado-en-adquisicion-de-activos-fijos-reales-productivos\\\/#breadcrumb\",\"itemListElement\":[{\"@type\":\"ListItem\",\"position\":1,\"name\":\"Portada\",\"item\":\"https:\\\/\\\/auren.com\\\/co\\\/\"},{\"@type\":\"ListItem\",\"position\":2,\"name\":\"\u00bfCu\u00e1l es el tratamiento del IVA pagado en adquisici\u00f3n de activos fijos reales productivos?\"}]},{\"@type\":\"WebSite\",\"@id\":\"https:\\\/\\\/auren.com\\\/co\\\/#website\",\"url\":\"https:\\\/\\\/auren.com\\\/co\\\/\",\"name\":\"Auren Colombia\",\"description\":\"\",\"publisher\":{\"@id\":\"https:\\\/\\\/auren.com\\\/co\\\/#organization\"},\"potentialAction\":[{\"@type\":\"SearchAction\",\"target\":{\"@type\":\"EntryPoint\",\"urlTemplate\":\"https:\\\/\\\/auren.com\\\/co\\\/?s={search_term_string}\"},\"query-input\":{\"@type\":\"PropertyValueSpecification\",\"valueRequired\":true,\"valueName\":\"search_term_string\"}}],\"inLanguage\":\"es\"},{\"@type\":\"Organization\",\"@id\":\"https:\\\/\\\/auren.com\\\/co\\\/#organization\",\"name\":\"Auren Colombia\",\"url\":\"https:\\\/\\\/auren.com\\\/co\\\/\",\"logo\":{\"@type\":\"ImageObject\",\"inLanguage\":\"es\",\"@id\":\"https:\\\/\\\/auren.com\\\/co\\\/#\\\/schema\\\/logo\\\/image\\\/\",\"url\":\"https:\\\/\\\/auren.com\\\/co\\\/wp-content\\\/uploads\\\/2025\\\/01\\\/cropped-cropped-favicon-Auren.png\",\"contentUrl\":\"https:\\\/\\\/auren.com\\\/co\\\/wp-content\\\/uploads\\\/2025\\\/01\\\/cropped-cropped-favicon-Auren.png\",\"width\":512,\"height\":512,\"caption\":\"Auren Colombia\"},\"image\":{\"@id\":\"https:\\\/\\\/auren.com\\\/co\\\/#\\\/schema\\\/logo\\\/image\\\/\"},\"sameAs\":[\"https:\\\/\\\/x.com\\\/AurenColombia\",\"https:\\\/\\\/www.instagram.com\\\/aurencolombia\\\/\",\"https:\\\/\\\/www.youtube.com\\\/channel\\\/UCRYoGRMR_k4oVWesdErApmA\",\"https:\\\/\\\/www.linkedin.com\\\/company\\\/auren-colombia\"]}]}<\/script>\n<!-- \/ Yoast SEO plugin. -->","yoast_head_json":{"title":"\u00bfCu\u00e1l es el tratamiento del IVA pagado en adquisici\u00f3n de activos fijos reales productivos? - Auren Colombia","robots":{"index":"index","follow":"follow","max-snippet":"max-snippet:-1","max-image-preview":"max-image-preview:large","max-video-preview":"max-video-preview:-1"},"canonical":"https:\/\/auren.com\/co\/blog\/cual-es-el-tratamiento-del-iva-pagado-en-adquisicion-de-activos-fijos-reales-productivos\/","og_locale":"es_ES","og_type":"article","og_title":"\u00bfCu\u00e1l es el tratamiento del IVA pagado en adquisici\u00f3n de activos fijos reales productivos? - Auren Colombia","og_description":"A partir de la ley 1943 de 2018, el IVA pagado por la adquisici\u00f3n, construcci\u00f3n o formaci\u00f3n e importaci\u00f3n de activos fijos reales productivos, puede descontarse&#8230;","og_url":"https:\/\/auren.com\/co\/blog\/cual-es-el-tratamiento-del-iva-pagado-en-adquisicion-de-activos-fijos-reales-productivos\/","og_site_name":"Auren Colombia","og_image":[{"width":1000,"height":668,"url":"https:\/\/auren.com\/co\/wp-content\/uploads\/2019\/05\/shutterstock-415272574.jpg","type":"image\/jpeg"}],"twitter_card":"summary_large_image","twitter_site":"@AurenColombia","twitter_misc":{"Tiempo de lectura":"1 minuto"},"schema":{"@context":"https:\/\/schema.org","@graph":[{"@type":"WebPage","@id":"https:\/\/auren.com\/co\/blog\/cual-es-el-tratamiento-del-iva-pagado-en-adquisicion-de-activos-fijos-reales-productivos\/","url":"https:\/\/auren.com\/co\/blog\/cual-es-el-tratamiento-del-iva-pagado-en-adquisicion-de-activos-fijos-reales-productivos\/","name":"\u00bfCu\u00e1l es el tratamiento del IVA pagado en adquisici\u00f3n de activos fijos reales productivos? - Auren Colombia","isPartOf":{"@id":"https:\/\/auren.com\/co\/#website"},"primaryImageOfPage":{"@id":"https:\/\/auren.com\/co\/blog\/cual-es-el-tratamiento-del-iva-pagado-en-adquisicion-de-activos-fijos-reales-productivos\/#primaryimage"},"image":{"@id":"https:\/\/auren.com\/co\/blog\/cual-es-el-tratamiento-del-iva-pagado-en-adquisicion-de-activos-fijos-reales-productivos\/#primaryimage"},"thumbnailUrl":"https:\/\/auren.com\/co\/wp-content\/uploads\/2019\/05\/shutterstock-415272574.jpg","datePublished":"2019-05-22T11:50:19+00:00","breadcrumb":{"@id":"https:\/\/auren.com\/co\/blog\/cual-es-el-tratamiento-del-iva-pagado-en-adquisicion-de-activos-fijos-reales-productivos\/#breadcrumb"},"inLanguage":"es","potentialAction":[{"@type":"ReadAction","target":["https:\/\/auren.com\/co\/blog\/cual-es-el-tratamiento-del-iva-pagado-en-adquisicion-de-activos-fijos-reales-productivos\/"]}]},{"@type":"ImageObject","inLanguage":"es","@id":"https:\/\/auren.com\/co\/blog\/cual-es-el-tratamiento-del-iva-pagado-en-adquisicion-de-activos-fijos-reales-productivos\/#primaryimage","url":"https:\/\/auren.com\/co\/wp-content\/uploads\/2019\/05\/shutterstock-415272574.jpg","contentUrl":"https:\/\/auren.com\/co\/wp-content\/uploads\/2019\/05\/shutterstock-415272574.jpg","width":1000,"height":668},{"@type":"BreadcrumbList","@id":"https:\/\/auren.com\/co\/blog\/cual-es-el-tratamiento-del-iva-pagado-en-adquisicion-de-activos-fijos-reales-productivos\/#breadcrumb","itemListElement":[{"@type":"ListItem","position":1,"name":"Portada","item":"https:\/\/auren.com\/co\/"},{"@type":"ListItem","position":2,"name":"\u00bfCu\u00e1l es el tratamiento del IVA pagado en adquisici\u00f3n de activos fijos reales productivos?"}]},{"@type":"WebSite","@id":"https:\/\/auren.com\/co\/#website","url":"https:\/\/auren.com\/co\/","name":"Auren Colombia","description":"","publisher":{"@id":"https:\/\/auren.com\/co\/#organization"},"potentialAction":[{"@type":"SearchAction","target":{"@type":"EntryPoint","urlTemplate":"https:\/\/auren.com\/co\/?s={search_term_string}"},"query-input":{"@type":"PropertyValueSpecification","valueRequired":true,"valueName":"search_term_string"}}],"inLanguage":"es"},{"@type":"Organization","@id":"https:\/\/auren.com\/co\/#organization","name":"Auren Colombia","url":"https:\/\/auren.com\/co\/","logo":{"@type":"ImageObject","inLanguage":"es","@id":"https:\/\/auren.com\/co\/#\/schema\/logo\/image\/","url":"https:\/\/auren.com\/co\/wp-content\/uploads\/2025\/01\/cropped-cropped-favicon-Auren.png","contentUrl":"https:\/\/auren.com\/co\/wp-content\/uploads\/2025\/01\/cropped-cropped-favicon-Auren.png","width":512,"height":512,"caption":"Auren Colombia"},"image":{"@id":"https:\/\/auren.com\/co\/#\/schema\/logo\/image\/"},"sameAs":["https:\/\/x.com\/AurenColombia","https:\/\/www.instagram.com\/aurencolombia\/","https:\/\/www.youtube.com\/channel\/UCRYoGRMR_k4oVWesdErApmA","https:\/\/www.linkedin.com\/company\/auren-colombia"]}]}},"_links":{"self":[{"href":"https:\/\/auren.com\/co\/wp-json\/wp\/v2\/blog\/10622","targetHints":{"allow":["GET"]}}],"collection":[{"href":"https:\/\/auren.com\/co\/wp-json\/wp\/v2\/blog"}],"about":[{"href":"https:\/\/auren.com\/co\/wp-json\/wp\/v2\/types\/blog"}],"version-history":[{"count":0,"href":"https:\/\/auren.com\/co\/wp-json\/wp\/v2\/blog\/10622\/revisions"}],"wp:featuredmedia":[{"embeddable":true,"href":"https:\/\/auren.com\/co\/wp-json\/wp\/v2\/media\/10623"}],"wp:attachment":[{"href":"https:\/\/auren.com\/co\/wp-json\/wp\/v2\/media?parent=10622"}],"wp:term":[{"taxonomy":"blog-category","embeddable":true,"href":"https:\/\/auren.com\/co\/wp-json\/wp\/v2\/blog-category?post=10622"}],"curies":[{"name":"wp","href":"https:\/\/api.w.org\/{rel}","templated":true}]}}