{"id":10627,"date":"2019-04-30T15:11:45","date_gmt":"2019-04-30T13:11:45","guid":{"rendered":"https:\/\/auren.com\/co\/blog\/por-voluntad-de-las-partes-es-posible-reducir-el-salario\/"},"modified":"2019-04-30T15:11:45","modified_gmt":"2019-04-30T13:11:45","slug":"por-voluntad-de-las-partes-es-posible-reducir-el-salario","status":"publish","type":"blog","link":"https:\/\/auren.com\/co\/blog\/por-voluntad-de-las-partes-es-posible-reducir-el-salario\/","title":{"rendered":"\u00bfPor voluntad de las partes es posible reducir el salario?"},"content":{"rendered":"<p>En materia laboral existe restricci\u00f3n para que el empleador pueda cambiar unilateralmente las condiciones del contrato, en perjuicio del trabajador; principalmente carece de facultad para disponer unilateralmente la disminuci\u00f3n del salario.<\/p>\n<p>Al interpretar el alcance de este precepto laboral, el Ministerio de Trabajo, acudiendo a jurisprudencia de la Corte Suprema Justicia, precis\u00f3 que las normas laborales permiten a empleador y trabajador acordar libremente el salario, as\u00ed como modificar el que ven\u00eda rigiendo, con la \u00fanica restricci\u00f3n de no afectar el m\u00ednimo legal o el que est\u00e9 fijado en pactos, convenciones colectivas y fallos arbitrales. Por ello, concluy\u00f3 que es v\u00e1lido que por acuerdo entre empleador y trabajador, se pueda disminuir el salario de este \u00faltimo.<\/p>\n<p>Se\u00f1al\u00f3 el Ministerio que la normatividad laboral debe aplicarse con un criterio realista, razonable, y no en forma absoluta y autom\u00e1tica, por cuanto ello podr\u00eda resultar contraproducente para el mismo trabajador a quien se busca proteger, y resalt\u00f3 que existen circunstancias en las que a un empleador no siempre le es econ\u00f3micamente posible sostener algunos beneficios otorgados al trabajador. En dichas circunstancias, aduce la entidad, de no aceptarse por el trabajador la disminuci\u00f3n de los beneficios, la alternativa podr\u00eda serle m\u00e1s perjudicial, pues podr\u00eda verse obligado a quedar cesante.<\/p>\n<p>Finalmente, manifiesta el Ministerio, que aceptar la flexibilidad contractual, admitida por la Corte Suprema de Justicia, podr\u00eda resultar m\u00e1s conveniente para el trabajador, en la medida en que protege su estabilidad en el empleo.<\/p>\n<p><em>Fuente: Ministerio del Trabajo, Concepto 19895 del 5 de marzo de 2019<\/em><\/p>\n<p><!-- AddThis Advanced Settings generic via filter on the_content --><!-- AddThis Share Buttons generic via filter on the_content --><\/p>\n","protected":false},"excerpt":{"rendered":"<p>En materia laboral existe restricci\u00f3n para que el empleador pueda cambiar unilateralmente las condiciones del contrato, en perjuicio del trabajador; principalmente carece de facultad para disponer unilateralmente la disminuci\u00f3n del salario&#8230;<\/p>\n","protected":false},"featured_media":10628,"template":"","meta":{"_acf_changed":false,"footnotes":""},"blog-category":[],"class_list":["post-10627","blog","type-blog","status-publish","has-post-thumbnail","hentry"],"acf":[],"yoast_head":"<!-- This site is optimized with the Yoast SEO plugin v27.5 - https:\/\/yoast.com\/product\/yoast-seo-wordpress\/ -->\n<title>\u00bfPor voluntad de las partes es posible reducir el salario? - Auren Colombia<\/title>\n<meta name=\"robots\" content=\"index, follow, max-snippet:-1, max-image-preview:large, max-video-preview:-1\" \/>\n<link rel=\"canonical\" href=\"https:\/\/auren.com\/co\/blog\/por-voluntad-de-las-partes-es-posible-reducir-el-salario\/\" \/>\n<meta property=\"og:locale\" content=\"es_ES\" \/>\n<meta property=\"og:type\" content=\"article\" \/>\n<meta property=\"og:title\" content=\"\u00bfPor voluntad de las partes es posible reducir el salario? - Auren Colombia\" \/>\n<meta property=\"og:description\" content=\"En materia laboral existe restricci\u00f3n para que el empleador pueda cambiar unilateralmente las condiciones del contrato, en perjuicio del trabajador; principalmente carece de facultad para disponer unilateralmente la disminuci\u00f3n del salario&#8230;\" \/>\n<meta property=\"og:url\" content=\"https:\/\/auren.com\/co\/blog\/por-voluntad-de-las-partes-es-posible-reducir-el-salario\/\" \/>\n<meta property=\"og:site_name\" content=\"Auren Colombia\" \/>\n<meta property=\"og:image\" content=\"https:\/\/auren.com\/co\/wp-content\/uploads\/2019\/04\/280aa447c8bb52cefd1b5c258f5b43a8-1.jpg\" \/>\n\t<meta property=\"og:image:width\" content=\"1000\" \/>\n\t<meta property=\"og:image:height\" content=\"563\" \/>\n\t<meta property=\"og:image:type\" content=\"image\/jpeg\" \/>\n<meta name=\"twitter:card\" content=\"summary_large_image\" \/>\n<meta name=\"twitter:site\" content=\"@AurenColombia\" \/>\n<meta name=\"twitter:label1\" content=\"Tiempo de lectura\" \/>\n\t<meta name=\"twitter:data1\" content=\"1 minuto\" \/>\n<script type=\"application\/ld+json\" class=\"yoast-schema-graph\">{\"@context\":\"https:\\\/\\\/schema.org\",\"@graph\":[{\"@type\":\"WebPage\",\"@id\":\"https:\\\/\\\/auren.com\\\/co\\\/blog\\\/por-voluntad-de-las-partes-es-posible-reducir-el-salario\\\/\",\"url\":\"https:\\\/\\\/auren.com\\\/co\\\/blog\\\/por-voluntad-de-las-partes-es-posible-reducir-el-salario\\\/\",\"name\":\"\u00bfPor voluntad de las partes es posible reducir el salario? - Auren Colombia\",\"isPartOf\":{\"@id\":\"https:\\\/\\\/auren.com\\\/co\\\/#website\"},\"primaryImageOfPage\":{\"@id\":\"https:\\\/\\\/auren.com\\\/co\\\/blog\\\/por-voluntad-de-las-partes-es-posible-reducir-el-salario\\\/#primaryimage\"},\"image\":{\"@id\":\"https:\\\/\\\/auren.com\\\/co\\\/blog\\\/por-voluntad-de-las-partes-es-posible-reducir-el-salario\\\/#primaryimage\"},\"thumbnailUrl\":\"https:\\\/\\\/auren.com\\\/co\\\/wp-content\\\/uploads\\\/2019\\\/04\\\/280aa447c8bb52cefd1b5c258f5b43a8-1.jpg\",\"datePublished\":\"2019-04-30T13:11:45+00:00\",\"breadcrumb\":{\"@id\":\"https:\\\/\\\/auren.com\\\/co\\\/blog\\\/por-voluntad-de-las-partes-es-posible-reducir-el-salario\\\/#breadcrumb\"},\"inLanguage\":\"es\",\"potentialAction\":[{\"@type\":\"ReadAction\",\"target\":[\"https:\\\/\\\/auren.com\\\/co\\\/blog\\\/por-voluntad-de-las-partes-es-posible-reducir-el-salario\\\/\"]}]},{\"@type\":\"ImageObject\",\"inLanguage\":\"es\",\"@id\":\"https:\\\/\\\/auren.com\\\/co\\\/blog\\\/por-voluntad-de-las-partes-es-posible-reducir-el-salario\\\/#primaryimage\",\"url\":\"https:\\\/\\\/auren.com\\\/co\\\/wp-content\\\/uploads\\\/2019\\\/04\\\/280aa447c8bb52cefd1b5c258f5b43a8-1.jpg\",\"contentUrl\":\"https:\\\/\\\/auren.com\\\/co\\\/wp-content\\\/uploads\\\/2019\\\/04\\\/280aa447c8bb52cefd1b5c258f5b43a8-1.jpg\",\"width\":1000,\"height\":563},{\"@type\":\"BreadcrumbList\",\"@id\":\"https:\\\/\\\/auren.com\\\/co\\\/blog\\\/por-voluntad-de-las-partes-es-posible-reducir-el-salario\\\/#breadcrumb\",\"itemListElement\":[{\"@type\":\"ListItem\",\"position\":1,\"name\":\"Portada\",\"item\":\"https:\\\/\\\/auren.com\\\/co\\\/\"},{\"@type\":\"ListItem\",\"position\":2,\"name\":\"\u00bfPor voluntad de las partes es posible reducir el salario?\"}]},{\"@type\":\"WebSite\",\"@id\":\"https:\\\/\\\/auren.com\\\/co\\\/#website\",\"url\":\"https:\\\/\\\/auren.com\\\/co\\\/\",\"name\":\"Auren Colombia\",\"description\":\"\",\"publisher\":{\"@id\":\"https:\\\/\\\/auren.com\\\/co\\\/#organization\"},\"potentialAction\":[{\"@type\":\"SearchAction\",\"target\":{\"@type\":\"EntryPoint\",\"urlTemplate\":\"https:\\\/\\\/auren.com\\\/co\\\/?s={search_term_string}\"},\"query-input\":{\"@type\":\"PropertyValueSpecification\",\"valueRequired\":true,\"valueName\":\"search_term_string\"}}],\"inLanguage\":\"es\"},{\"@type\":\"Organization\",\"@id\":\"https:\\\/\\\/auren.com\\\/co\\\/#organization\",\"name\":\"Auren Colombia\",\"url\":\"https:\\\/\\\/auren.com\\\/co\\\/\",\"logo\":{\"@type\":\"ImageObject\",\"inLanguage\":\"es\",\"@id\":\"https:\\\/\\\/auren.com\\\/co\\\/#\\\/schema\\\/logo\\\/image\\\/\",\"url\":\"https:\\\/\\\/auren.com\\\/co\\\/wp-content\\\/uploads\\\/2025\\\/01\\\/cropped-cropped-favicon-Auren.png\",\"contentUrl\":\"https:\\\/\\\/auren.com\\\/co\\\/wp-content\\\/uploads\\\/2025\\\/01\\\/cropped-cropped-favicon-Auren.png\",\"width\":512,\"height\":512,\"caption\":\"Auren Colombia\"},\"image\":{\"@id\":\"https:\\\/\\\/auren.com\\\/co\\\/#\\\/schema\\\/logo\\\/image\\\/\"},\"sameAs\":[\"https:\\\/\\\/x.com\\\/AurenColombia\",\"https:\\\/\\\/www.instagram.com\\\/aurencolombia\\\/\",\"https:\\\/\\\/www.youtube.com\\\/channel\\\/UCRYoGRMR_k4oVWesdErApmA\",\"https:\\\/\\\/www.linkedin.com\\\/company\\\/auren-colombia\"]}]}<\/script>\n<!-- \/ Yoast SEO plugin. -->","yoast_head_json":{"title":"\u00bfPor voluntad de las partes es posible reducir el salario? - Auren Colombia","robots":{"index":"index","follow":"follow","max-snippet":"max-snippet:-1","max-image-preview":"max-image-preview:large","max-video-preview":"max-video-preview:-1"},"canonical":"https:\/\/auren.com\/co\/blog\/por-voluntad-de-las-partes-es-posible-reducir-el-salario\/","og_locale":"es_ES","og_type":"article","og_title":"\u00bfPor voluntad de las partes es posible reducir el salario? - Auren Colombia","og_description":"En materia laboral existe restricci\u00f3n para que el empleador pueda cambiar unilateralmente las condiciones del contrato, en perjuicio del trabajador; principalmente carece de facultad para disponer unilateralmente la disminuci\u00f3n del salario&#8230;","og_url":"https:\/\/auren.com\/co\/blog\/por-voluntad-de-las-partes-es-posible-reducir-el-salario\/","og_site_name":"Auren Colombia","og_image":[{"width":1000,"height":563,"url":"https:\/\/auren.com\/co\/wp-content\/uploads\/2019\/04\/280aa447c8bb52cefd1b5c258f5b43a8-1.jpg","type":"image\/jpeg"}],"twitter_card":"summary_large_image","twitter_site":"@AurenColombia","twitter_misc":{"Tiempo de lectura":"1 minuto"},"schema":{"@context":"https:\/\/schema.org","@graph":[{"@type":"WebPage","@id":"https:\/\/auren.com\/co\/blog\/por-voluntad-de-las-partes-es-posible-reducir-el-salario\/","url":"https:\/\/auren.com\/co\/blog\/por-voluntad-de-las-partes-es-posible-reducir-el-salario\/","name":"\u00bfPor voluntad de las partes es posible reducir el salario? - Auren Colombia","isPartOf":{"@id":"https:\/\/auren.com\/co\/#website"},"primaryImageOfPage":{"@id":"https:\/\/auren.com\/co\/blog\/por-voluntad-de-las-partes-es-posible-reducir-el-salario\/#primaryimage"},"image":{"@id":"https:\/\/auren.com\/co\/blog\/por-voluntad-de-las-partes-es-posible-reducir-el-salario\/#primaryimage"},"thumbnailUrl":"https:\/\/auren.com\/co\/wp-content\/uploads\/2019\/04\/280aa447c8bb52cefd1b5c258f5b43a8-1.jpg","datePublished":"2019-04-30T13:11:45+00:00","breadcrumb":{"@id":"https:\/\/auren.com\/co\/blog\/por-voluntad-de-las-partes-es-posible-reducir-el-salario\/#breadcrumb"},"inLanguage":"es","potentialAction":[{"@type":"ReadAction","target":["https:\/\/auren.com\/co\/blog\/por-voluntad-de-las-partes-es-posible-reducir-el-salario\/"]}]},{"@type":"ImageObject","inLanguage":"es","@id":"https:\/\/auren.com\/co\/blog\/por-voluntad-de-las-partes-es-posible-reducir-el-salario\/#primaryimage","url":"https:\/\/auren.com\/co\/wp-content\/uploads\/2019\/04\/280aa447c8bb52cefd1b5c258f5b43a8-1.jpg","contentUrl":"https:\/\/auren.com\/co\/wp-content\/uploads\/2019\/04\/280aa447c8bb52cefd1b5c258f5b43a8-1.jpg","width":1000,"height":563},{"@type":"BreadcrumbList","@id":"https:\/\/auren.com\/co\/blog\/por-voluntad-de-las-partes-es-posible-reducir-el-salario\/#breadcrumb","itemListElement":[{"@type":"ListItem","position":1,"name":"Portada","item":"https:\/\/auren.com\/co\/"},{"@type":"ListItem","position":2,"name":"\u00bfPor voluntad de las partes es posible reducir el salario?"}]},{"@type":"WebSite","@id":"https:\/\/auren.com\/co\/#website","url":"https:\/\/auren.com\/co\/","name":"Auren Colombia","description":"","publisher":{"@id":"https:\/\/auren.com\/co\/#organization"},"potentialAction":[{"@type":"SearchAction","target":{"@type":"EntryPoint","urlTemplate":"https:\/\/auren.com\/co\/?s={search_term_string}"},"query-input":{"@type":"PropertyValueSpecification","valueRequired":true,"valueName":"search_term_string"}}],"inLanguage":"es"},{"@type":"Organization","@id":"https:\/\/auren.com\/co\/#organization","name":"Auren Colombia","url":"https:\/\/auren.com\/co\/","logo":{"@type":"ImageObject","inLanguage":"es","@id":"https:\/\/auren.com\/co\/#\/schema\/logo\/image\/","url":"https:\/\/auren.com\/co\/wp-content\/uploads\/2025\/01\/cropped-cropped-favicon-Auren.png","contentUrl":"https:\/\/auren.com\/co\/wp-content\/uploads\/2025\/01\/cropped-cropped-favicon-Auren.png","width":512,"height":512,"caption":"Auren Colombia"},"image":{"@id":"https:\/\/auren.com\/co\/#\/schema\/logo\/image\/"},"sameAs":["https:\/\/x.com\/AurenColombia","https:\/\/www.instagram.com\/aurencolombia\/","https:\/\/www.youtube.com\/channel\/UCRYoGRMR_k4oVWesdErApmA","https:\/\/www.linkedin.com\/company\/auren-colombia"]}]}},"_links":{"self":[{"href":"https:\/\/auren.com\/co\/wp-json\/wp\/v2\/blog\/10627","targetHints":{"allow":["GET"]}}],"collection":[{"href":"https:\/\/auren.com\/co\/wp-json\/wp\/v2\/blog"}],"about":[{"href":"https:\/\/auren.com\/co\/wp-json\/wp\/v2\/types\/blog"}],"version-history":[{"count":0,"href":"https:\/\/auren.com\/co\/wp-json\/wp\/v2\/blog\/10627\/revisions"}],"wp:featuredmedia":[{"embeddable":true,"href":"https:\/\/auren.com\/co\/wp-json\/wp\/v2\/media\/10628"}],"wp:attachment":[{"href":"https:\/\/auren.com\/co\/wp-json\/wp\/v2\/media?parent=10627"}],"wp:term":[{"taxonomy":"blog-category","embeddable":true,"href":"https:\/\/auren.com\/co\/wp-json\/wp\/v2\/blog-category?post=10627"}],"curies":[{"name":"wp","href":"https:\/\/api.w.org\/{rel}","templated":true}]}}