{"id":10630,"date":"2019-04-30T15:07:54","date_gmt":"2019-04-30T13:07:54","guid":{"rendered":"https:\/\/auren.com\/co\/blog\/incapacidad-de-trabajador-impide-que-se-generen-o-concedan-vacaciones\/"},"modified":"2019-04-30T15:07:54","modified_gmt":"2019-04-30T13:07:54","slug":"incapacidad-de-trabajador-impide-que-se-generen-o-concedan-vacaciones","status":"publish","type":"blog","link":"https:\/\/auren.com\/co\/blog\/incapacidad-de-trabajador-impide-que-se-generen-o-concedan-vacaciones\/","title":{"rendered":"\u00bfIncapacidad de trabajador impide que se generen o concedan vacaciones?"},"content":{"rendered":"<p>La incapacidad por enfermedad o accidente de origen com\u00fan o profesional no suspende el contrato de trabajo, al no estar dentro de las causales de suspensi\u00f3n establecidas en el art\u00edculo 51 del C\u00f3digo Sustantivo del Trabajo. As\u00ed lo record\u00f3 el Ministerio de Trabajo en reciente concepto.<\/p>\n<p>Bajo tal precisi\u00f3n, puntualiz\u00f3 el Ministerio que durante la incapacidad no se producen los efectos de la suspensi\u00f3n de la relaci\u00f3n laboral, desatacando que el t\u00e9rmino de incapacidad no es descontable para efectos del reconocimiento y pago de las prestaciones sociales derivadas del contrato de trabajo.<\/p>\n<p>En palabras del Ministerio, mientras el trabajador permanezca incapacitado y no sea terminada la relaci\u00f3n laboral, el tiempo de su incapacidad ser\u00e1 tenido en cuenta para la liquidaci\u00f3n de sus prestaciones sociales, las cuales se deber\u00e1n liquidar sobre el \u00faltimo salario que el trabajador percibi\u00f3 antes de la incapacidad, ya que el v\u00ednculo laboral continuar\u00e1 vigente y no se suspender\u00e1 o culminar\u00e1 por el simple evento de la incapacidad.<\/p>\n<p>En tales condiciones, aclar\u00f3 la entidad que si bien las vacaciones no son prestaciones sociales, son un derecho laboral a favor del trabajador para descansar de la prestaci\u00f3n del servicio y reincorporarse en condiciones apropiadas para el trabajo, premisas bajo las cuales el Ministerio interpreta que, durante los periodos de incapacidad de origen profesional y com\u00fan, al continuar vigente el contrato de trabajo, no puede entenderse que se interrumpa el tiempo que se contabiliza para acceder a las vacaciones. Esto, explica la entidad, aun cuando el trabajador no haya prestado personalmente sus servicios al trabajador, puesto que, el trabajador incapacitado no est\u00e1 propiamente obteniendo un descanso sino que se encentra incapacitado para trabajar.<\/p>\n<p><em>Fuente: Ministerio del Trabajo, Concepto 5605 del 14 de marzo de 2019<\/em><\/p>\n<p><!-- AddThis Advanced Settings generic via filter on the_content --><!-- AddThis Share Buttons generic via filter on the_content --><\/p>\n","protected":false},"excerpt":{"rendered":"<p>La incapacidad por enfermedad o accidente de origen com\u00fan o profesional no suspende el contrato de trabajo, al no estar dentro de las causales de suspensi\u00f3n establecidas en el art\u00edculo 51 del C\u00f3digo Sustantivo del Trabajo. As\u00ed lo record\u00f3 el Ministerio de Trabajo en reciente concepto.<\/p>\n","protected":false},"featured_media":10631,"template":"","meta":{"_acf_changed":false,"footnotes":""},"blog-category":[],"class_list":["post-10630","blog","type-blog","status-publish","has-post-thumbnail","hentry"],"acf":[],"yoast_head":"<!-- This site is optimized with the Yoast SEO plugin v27.5 - https:\/\/yoast.com\/product\/yoast-seo-wordpress\/ -->\n<title>\u00bfIncapacidad de trabajador impide que se generen o concedan vacaciones? - Auren Colombia<\/title>\n<meta name=\"robots\" content=\"index, follow, max-snippet:-1, max-image-preview:large, max-video-preview:-1\" \/>\n<link rel=\"canonical\" href=\"https:\/\/auren.com\/co\/blog\/incapacidad-de-trabajador-impide-que-se-generen-o-concedan-vacaciones\/\" \/>\n<meta property=\"og:locale\" content=\"es_ES\" \/>\n<meta property=\"og:type\" content=\"article\" \/>\n<meta property=\"og:title\" content=\"\u00bfIncapacidad de trabajador impide que se generen o concedan vacaciones? - Auren Colombia\" \/>\n<meta property=\"og:description\" content=\"La incapacidad por enfermedad o accidente de origen com\u00fan o profesional no suspende el contrato de trabajo, al no estar dentro de las causales de suspensi\u00f3n establecidas en el art\u00edculo 51 del C\u00f3digo Sustantivo del Trabajo. As\u00ed lo record\u00f3 el Ministerio de Trabajo en reciente concepto.\" \/>\n<meta property=\"og:url\" content=\"https:\/\/auren.com\/co\/blog\/incapacidad-de-trabajador-impide-que-se-generen-o-concedan-vacaciones\/\" \/>\n<meta property=\"og:site_name\" content=\"Auren Colombia\" \/>\n<meta property=\"og:image\" content=\"https:\/\/auren.com\/co\/wp-content\/uploads\/2019\/04\/190110-el-papel-del-auditor.jpg\" \/>\n\t<meta property=\"og:image:width\" content=\"1920\" \/>\n\t<meta property=\"og:image:height\" content=\"655\" \/>\n\t<meta property=\"og:image:type\" content=\"image\/jpeg\" \/>\n<meta name=\"twitter:card\" content=\"summary_large_image\" \/>\n<meta name=\"twitter:site\" content=\"@AurenColombia\" \/>\n<meta name=\"twitter:label1\" content=\"Tiempo de lectura\" \/>\n\t<meta name=\"twitter:data1\" content=\"1 minuto\" \/>\n<script type=\"application\/ld+json\" class=\"yoast-schema-graph\">{\"@context\":\"https:\\\/\\\/schema.org\",\"@graph\":[{\"@type\":\"WebPage\",\"@id\":\"https:\\\/\\\/auren.com\\\/co\\\/blog\\\/incapacidad-de-trabajador-impide-que-se-generen-o-concedan-vacaciones\\\/\",\"url\":\"https:\\\/\\\/auren.com\\\/co\\\/blog\\\/incapacidad-de-trabajador-impide-que-se-generen-o-concedan-vacaciones\\\/\",\"name\":\"\u00bfIncapacidad de trabajador impide que se generen o concedan vacaciones? - Auren Colombia\",\"isPartOf\":{\"@id\":\"https:\\\/\\\/auren.com\\\/co\\\/#website\"},\"primaryImageOfPage\":{\"@id\":\"https:\\\/\\\/auren.com\\\/co\\\/blog\\\/incapacidad-de-trabajador-impide-que-se-generen-o-concedan-vacaciones\\\/#primaryimage\"},\"image\":{\"@id\":\"https:\\\/\\\/auren.com\\\/co\\\/blog\\\/incapacidad-de-trabajador-impide-que-se-generen-o-concedan-vacaciones\\\/#primaryimage\"},\"thumbnailUrl\":\"https:\\\/\\\/auren.com\\\/co\\\/wp-content\\\/uploads\\\/2019\\\/04\\\/190110-el-papel-del-auditor.jpg\",\"datePublished\":\"2019-04-30T13:07:54+00:00\",\"breadcrumb\":{\"@id\":\"https:\\\/\\\/auren.com\\\/co\\\/blog\\\/incapacidad-de-trabajador-impide-que-se-generen-o-concedan-vacaciones\\\/#breadcrumb\"},\"inLanguage\":\"es\",\"potentialAction\":[{\"@type\":\"ReadAction\",\"target\":[\"https:\\\/\\\/auren.com\\\/co\\\/blog\\\/incapacidad-de-trabajador-impide-que-se-generen-o-concedan-vacaciones\\\/\"]}]},{\"@type\":\"ImageObject\",\"inLanguage\":\"es\",\"@id\":\"https:\\\/\\\/auren.com\\\/co\\\/blog\\\/incapacidad-de-trabajador-impide-que-se-generen-o-concedan-vacaciones\\\/#primaryimage\",\"url\":\"https:\\\/\\\/auren.com\\\/co\\\/wp-content\\\/uploads\\\/2019\\\/04\\\/190110-el-papel-del-auditor.jpg\",\"contentUrl\":\"https:\\\/\\\/auren.com\\\/co\\\/wp-content\\\/uploads\\\/2019\\\/04\\\/190110-el-papel-del-auditor.jpg\",\"width\":1920,\"height\":655},{\"@type\":\"BreadcrumbList\",\"@id\":\"https:\\\/\\\/auren.com\\\/co\\\/blog\\\/incapacidad-de-trabajador-impide-que-se-generen-o-concedan-vacaciones\\\/#breadcrumb\",\"itemListElement\":[{\"@type\":\"ListItem\",\"position\":1,\"name\":\"Portada\",\"item\":\"https:\\\/\\\/auren.com\\\/co\\\/\"},{\"@type\":\"ListItem\",\"position\":2,\"name\":\"\u00bfIncapacidad de trabajador impide que se generen o concedan vacaciones?\"}]},{\"@type\":\"WebSite\",\"@id\":\"https:\\\/\\\/auren.com\\\/co\\\/#website\",\"url\":\"https:\\\/\\\/auren.com\\\/co\\\/\",\"name\":\"Auren Colombia\",\"description\":\"\",\"publisher\":{\"@id\":\"https:\\\/\\\/auren.com\\\/co\\\/#organization\"},\"potentialAction\":[{\"@type\":\"SearchAction\",\"target\":{\"@type\":\"EntryPoint\",\"urlTemplate\":\"https:\\\/\\\/auren.com\\\/co\\\/?s={search_term_string}\"},\"query-input\":{\"@type\":\"PropertyValueSpecification\",\"valueRequired\":true,\"valueName\":\"search_term_string\"}}],\"inLanguage\":\"es\"},{\"@type\":\"Organization\",\"@id\":\"https:\\\/\\\/auren.com\\\/co\\\/#organization\",\"name\":\"Auren Colombia\",\"url\":\"https:\\\/\\\/auren.com\\\/co\\\/\",\"logo\":{\"@type\":\"ImageObject\",\"inLanguage\":\"es\",\"@id\":\"https:\\\/\\\/auren.com\\\/co\\\/#\\\/schema\\\/logo\\\/image\\\/\",\"url\":\"https:\\\/\\\/auren.com\\\/co\\\/wp-content\\\/uploads\\\/2025\\\/01\\\/cropped-cropped-favicon-Auren.png\",\"contentUrl\":\"https:\\\/\\\/auren.com\\\/co\\\/wp-content\\\/uploads\\\/2025\\\/01\\\/cropped-cropped-favicon-Auren.png\",\"width\":512,\"height\":512,\"caption\":\"Auren Colombia\"},\"image\":{\"@id\":\"https:\\\/\\\/auren.com\\\/co\\\/#\\\/schema\\\/logo\\\/image\\\/\"},\"sameAs\":[\"https:\\\/\\\/x.com\\\/AurenColombia\",\"https:\\\/\\\/www.instagram.com\\\/aurencolombia\\\/\",\"https:\\\/\\\/www.youtube.com\\\/channel\\\/UCRYoGRMR_k4oVWesdErApmA\",\"https:\\\/\\\/www.linkedin.com\\\/company\\\/auren-colombia\"]}]}<\/script>\n<!-- \/ Yoast SEO plugin. -->","yoast_head_json":{"title":"\u00bfIncapacidad de trabajador impide que se generen o concedan vacaciones? - Auren Colombia","robots":{"index":"index","follow":"follow","max-snippet":"max-snippet:-1","max-image-preview":"max-image-preview:large","max-video-preview":"max-video-preview:-1"},"canonical":"https:\/\/auren.com\/co\/blog\/incapacidad-de-trabajador-impide-que-se-generen-o-concedan-vacaciones\/","og_locale":"es_ES","og_type":"article","og_title":"\u00bfIncapacidad de trabajador impide que se generen o concedan vacaciones? - Auren Colombia","og_description":"La incapacidad por enfermedad o accidente de origen com\u00fan o profesional no suspende el contrato de trabajo, al no estar dentro de las causales de suspensi\u00f3n establecidas en el art\u00edculo 51 del C\u00f3digo Sustantivo del Trabajo. As\u00ed lo record\u00f3 el Ministerio de Trabajo en reciente concepto.","og_url":"https:\/\/auren.com\/co\/blog\/incapacidad-de-trabajador-impide-que-se-generen-o-concedan-vacaciones\/","og_site_name":"Auren Colombia","og_image":[{"width":1920,"height":655,"url":"https:\/\/auren.com\/co\/wp-content\/uploads\/2019\/04\/190110-el-papel-del-auditor.jpg","type":"image\/jpeg"}],"twitter_card":"summary_large_image","twitter_site":"@AurenColombia","twitter_misc":{"Tiempo de lectura":"1 minuto"},"schema":{"@context":"https:\/\/schema.org","@graph":[{"@type":"WebPage","@id":"https:\/\/auren.com\/co\/blog\/incapacidad-de-trabajador-impide-que-se-generen-o-concedan-vacaciones\/","url":"https:\/\/auren.com\/co\/blog\/incapacidad-de-trabajador-impide-que-se-generen-o-concedan-vacaciones\/","name":"\u00bfIncapacidad de trabajador impide que se generen o concedan vacaciones? - Auren Colombia","isPartOf":{"@id":"https:\/\/auren.com\/co\/#website"},"primaryImageOfPage":{"@id":"https:\/\/auren.com\/co\/blog\/incapacidad-de-trabajador-impide-que-se-generen-o-concedan-vacaciones\/#primaryimage"},"image":{"@id":"https:\/\/auren.com\/co\/blog\/incapacidad-de-trabajador-impide-que-se-generen-o-concedan-vacaciones\/#primaryimage"},"thumbnailUrl":"https:\/\/auren.com\/co\/wp-content\/uploads\/2019\/04\/190110-el-papel-del-auditor.jpg","datePublished":"2019-04-30T13:07:54+00:00","breadcrumb":{"@id":"https:\/\/auren.com\/co\/blog\/incapacidad-de-trabajador-impide-que-se-generen-o-concedan-vacaciones\/#breadcrumb"},"inLanguage":"es","potentialAction":[{"@type":"ReadAction","target":["https:\/\/auren.com\/co\/blog\/incapacidad-de-trabajador-impide-que-se-generen-o-concedan-vacaciones\/"]}]},{"@type":"ImageObject","inLanguage":"es","@id":"https:\/\/auren.com\/co\/blog\/incapacidad-de-trabajador-impide-que-se-generen-o-concedan-vacaciones\/#primaryimage","url":"https:\/\/auren.com\/co\/wp-content\/uploads\/2019\/04\/190110-el-papel-del-auditor.jpg","contentUrl":"https:\/\/auren.com\/co\/wp-content\/uploads\/2019\/04\/190110-el-papel-del-auditor.jpg","width":1920,"height":655},{"@type":"BreadcrumbList","@id":"https:\/\/auren.com\/co\/blog\/incapacidad-de-trabajador-impide-que-se-generen-o-concedan-vacaciones\/#breadcrumb","itemListElement":[{"@type":"ListItem","position":1,"name":"Portada","item":"https:\/\/auren.com\/co\/"},{"@type":"ListItem","position":2,"name":"\u00bfIncapacidad de trabajador impide que se generen o concedan vacaciones?"}]},{"@type":"WebSite","@id":"https:\/\/auren.com\/co\/#website","url":"https:\/\/auren.com\/co\/","name":"Auren Colombia","description":"","publisher":{"@id":"https:\/\/auren.com\/co\/#organization"},"potentialAction":[{"@type":"SearchAction","target":{"@type":"EntryPoint","urlTemplate":"https:\/\/auren.com\/co\/?s={search_term_string}"},"query-input":{"@type":"PropertyValueSpecification","valueRequired":true,"valueName":"search_term_string"}}],"inLanguage":"es"},{"@type":"Organization","@id":"https:\/\/auren.com\/co\/#organization","name":"Auren Colombia","url":"https:\/\/auren.com\/co\/","logo":{"@type":"ImageObject","inLanguage":"es","@id":"https:\/\/auren.com\/co\/#\/schema\/logo\/image\/","url":"https:\/\/auren.com\/co\/wp-content\/uploads\/2025\/01\/cropped-cropped-favicon-Auren.png","contentUrl":"https:\/\/auren.com\/co\/wp-content\/uploads\/2025\/01\/cropped-cropped-favicon-Auren.png","width":512,"height":512,"caption":"Auren Colombia"},"image":{"@id":"https:\/\/auren.com\/co\/#\/schema\/logo\/image\/"},"sameAs":["https:\/\/x.com\/AurenColombia","https:\/\/www.instagram.com\/aurencolombia\/","https:\/\/www.youtube.com\/channel\/UCRYoGRMR_k4oVWesdErApmA","https:\/\/www.linkedin.com\/company\/auren-colombia"]}]}},"_links":{"self":[{"href":"https:\/\/auren.com\/co\/wp-json\/wp\/v2\/blog\/10630","targetHints":{"allow":["GET"]}}],"collection":[{"href":"https:\/\/auren.com\/co\/wp-json\/wp\/v2\/blog"}],"about":[{"href":"https:\/\/auren.com\/co\/wp-json\/wp\/v2\/types\/blog"}],"version-history":[{"count":0,"href":"https:\/\/auren.com\/co\/wp-json\/wp\/v2\/blog\/10630\/revisions"}],"wp:featuredmedia":[{"embeddable":true,"href":"https:\/\/auren.com\/co\/wp-json\/wp\/v2\/media\/10631"}],"wp:attachment":[{"href":"https:\/\/auren.com\/co\/wp-json\/wp\/v2\/media?parent=10630"}],"wp:term":[{"taxonomy":"blog-category","embeddable":true,"href":"https:\/\/auren.com\/co\/wp-json\/wp\/v2\/blog-category?post=10630"}],"curies":[{"name":"wp","href":"https:\/\/api.w.org\/{rel}","templated":true}]}}