{"id":10636,"date":"2019-04-30T14:26:24","date_gmt":"2019-04-30T12:26:24","guid":{"rendered":"https:\/\/auren.com\/co\/blog\/adicionado-el-calendario-tributario-de-2019-para-incluir-obligaciones-incorporadas-por-la-ley-de-financiamiento\/"},"modified":"2019-04-30T14:26:24","modified_gmt":"2019-04-30T12:26:24","slug":"adicionado-el-calendario-tributario-de-2019-para-incluir-obligaciones-incorporadas-por-la-ley-de-financiamiento","status":"publish","type":"blog","link":"https:\/\/auren.com\/co\/blog\/adicionado-el-calendario-tributario-de-2019-para-incluir-obligaciones-incorporadas-por-la-ley-de-financiamiento\/","title":{"rendered":"Adicionado el calendario tributario de 2019 para incluir obligaciones incorporadas por la ley de financiamiento"},"content":{"rendered":"<p>Por medio del Decreto 608 del 8 de abril de 2019, se adiciona el calendario tributario de 2019 para incluir obligaciones incorporadas por la ley de financiamiento (1943 de 2018):<\/p>\n<ul>\n<li> &nbsp;Incluye a los agentes retenedores del impuesto nacional al consumo de bienes inmuebles, dentro de los obligados a presentar y pagar la retenci\u00f3n en la fuente mensual. El Decreto prev\u00e9 que la presentaci\u00f3n de la declaraci\u00f3n y pago ser\u00e1 aplicable a los agentes retenedores del impuesto nacional al consumo de bienes inmuebles;<\/li>\n<\/ul>\n<ul>\n<li>Se\u00f1ala el Decreto que los contribuyentes del impuesto al patrimonio del a\u00f1o gravable 2019, deber\u00e1n pagar el impuesto en dos cuotas: la primera en mayo de 2019; la presentaci\u00f3n de la declaraci\u00f3n y pago de la segunda cuota vencer\u00e1 entre el 26 de septiembre y el 9 de octubre de 2019, seg\u00fan el NIT&nbsp; de cada contribuyente;<\/li>\n<\/ul>\n<ul>\n<li>El plazo para declarar y pagar el impuesto complementario de normalizaci\u00f3n tributaria, ser\u00e1 hasta el 25 de septiembre de 2019, sin importar el \u00faltimo d\u00edgito del NIT;<\/li>\n<\/ul>\n<ul>\n<li>Finalmente, se destaca que el impuesto al patrimonio e impuesto complementario de normalizaci\u00f3n tributaria, deber\u00e1n presentarse en forma virtual a trav\u00e9s de los servicios inform\u00e1ticos electr\u00f3nicos de la DIAN.<\/li>\n<\/ul>\n<p><em>Fuente: Decreto 608 del 8 de abril de 2019<\/em><\/p>\n<p><!-- AddThis Advanced Settings generic via filter on the_content --><!-- AddThis Share Buttons generic via filter on the_content --><\/p>\n","protected":false},"excerpt":{"rendered":"<p>Por medio del Decreto 608 del 8 de abril de 2019, se adiciona el calendario tributario de 2019 para incluir obligaciones incorporadas por la ley de financiamiento (1943 de 2018)&#8230;<\/p>\n","protected":false},"featured_media":10637,"template":"","meta":{"_acf_changed":false,"footnotes":""},"blog-category":[],"class_list":["post-10636","blog","type-blog","status-publish","has-post-thumbnail","hentry"],"acf":[],"yoast_head":"<!-- This site is optimized with the Yoast SEO plugin v27.5 - https:\/\/yoast.com\/product\/yoast-seo-wordpress\/ -->\n<title>Adicionado el calendario tributario de 2019 para incluir obligaciones incorporadas por la ley de financiamiento - Auren Colombia<\/title>\n<meta name=\"robots\" content=\"index, follow, max-snippet:-1, max-image-preview:large, max-video-preview:-1\" \/>\n<link rel=\"canonical\" href=\"https:\/\/auren.com\/co\/blog\/adicionado-el-calendario-tributario-de-2019-para-incluir-obligaciones-incorporadas-por-la-ley-de-financiamiento\/\" \/>\n<meta property=\"og:locale\" content=\"es_ES\" \/>\n<meta property=\"og:type\" content=\"article\" \/>\n<meta property=\"og:title\" content=\"Adicionado el calendario tributario de 2019 para incluir obligaciones incorporadas por la ley de financiamiento - Auren Colombia\" \/>\n<meta property=\"og:description\" content=\"Por medio del Decreto 608 del 8 de abril de 2019, se adiciona el calendario tributario de 2019 para incluir obligaciones incorporadas por la ley de financiamiento (1943 de 2018)&#8230;\" \/>\n<meta property=\"og:url\" content=\"https:\/\/auren.com\/co\/blog\/adicionado-el-calendario-tributario-de-2019-para-incluir-obligaciones-incorporadas-por-la-ley-de-financiamiento\/\" \/>\n<meta property=\"og:site_name\" content=\"Auren Colombia\" \/>\n<meta property=\"og:image\" content=\"https:\/\/auren.com\/co\/wp-content\/uploads\/2019\/04\/el-estado-de-informacion-no-financiera-2.jpg\" \/>\n\t<meta property=\"og:image:width\" content=\"1920\" \/>\n\t<meta property=\"og:image:height\" content=\"655\" \/>\n\t<meta property=\"og:image:type\" content=\"image\/jpeg\" \/>\n<meta name=\"twitter:card\" content=\"summary_large_image\" \/>\n<meta name=\"twitter:site\" content=\"@AurenColombia\" \/>\n<meta name=\"twitter:label1\" content=\"Tiempo de lectura\" \/>\n\t<meta name=\"twitter:data1\" content=\"1 minuto\" \/>\n<script type=\"application\/ld+json\" class=\"yoast-schema-graph\">{\"@context\":\"https:\\\/\\\/schema.org\",\"@graph\":[{\"@type\":\"WebPage\",\"@id\":\"https:\\\/\\\/auren.com\\\/co\\\/blog\\\/adicionado-el-calendario-tributario-de-2019-para-incluir-obligaciones-incorporadas-por-la-ley-de-financiamiento\\\/\",\"url\":\"https:\\\/\\\/auren.com\\\/co\\\/blog\\\/adicionado-el-calendario-tributario-de-2019-para-incluir-obligaciones-incorporadas-por-la-ley-de-financiamiento\\\/\",\"name\":\"Adicionado el calendario tributario de 2019 para incluir obligaciones incorporadas por la ley de financiamiento - Auren Colombia\",\"isPartOf\":{\"@id\":\"https:\\\/\\\/auren.com\\\/co\\\/#website\"},\"primaryImageOfPage\":{\"@id\":\"https:\\\/\\\/auren.com\\\/co\\\/blog\\\/adicionado-el-calendario-tributario-de-2019-para-incluir-obligaciones-incorporadas-por-la-ley-de-financiamiento\\\/#primaryimage\"},\"image\":{\"@id\":\"https:\\\/\\\/auren.com\\\/co\\\/blog\\\/adicionado-el-calendario-tributario-de-2019-para-incluir-obligaciones-incorporadas-por-la-ley-de-financiamiento\\\/#primaryimage\"},\"thumbnailUrl\":\"https:\\\/\\\/auren.com\\\/co\\\/wp-content\\\/uploads\\\/2019\\\/04\\\/el-estado-de-informacion-no-financiera-2.jpg\",\"datePublished\":\"2019-04-30T12:26:24+00:00\",\"breadcrumb\":{\"@id\":\"https:\\\/\\\/auren.com\\\/co\\\/blog\\\/adicionado-el-calendario-tributario-de-2019-para-incluir-obligaciones-incorporadas-por-la-ley-de-financiamiento\\\/#breadcrumb\"},\"inLanguage\":\"es\",\"potentialAction\":[{\"@type\":\"ReadAction\",\"target\":[\"https:\\\/\\\/auren.com\\\/co\\\/blog\\\/adicionado-el-calendario-tributario-de-2019-para-incluir-obligaciones-incorporadas-por-la-ley-de-financiamiento\\\/\"]}]},{\"@type\":\"ImageObject\",\"inLanguage\":\"es\",\"@id\":\"https:\\\/\\\/auren.com\\\/co\\\/blog\\\/adicionado-el-calendario-tributario-de-2019-para-incluir-obligaciones-incorporadas-por-la-ley-de-financiamiento\\\/#primaryimage\",\"url\":\"https:\\\/\\\/auren.com\\\/co\\\/wp-content\\\/uploads\\\/2019\\\/04\\\/el-estado-de-informacion-no-financiera-2.jpg\",\"contentUrl\":\"https:\\\/\\\/auren.com\\\/co\\\/wp-content\\\/uploads\\\/2019\\\/04\\\/el-estado-de-informacion-no-financiera-2.jpg\",\"width\":1920,\"height\":655},{\"@type\":\"BreadcrumbList\",\"@id\":\"https:\\\/\\\/auren.com\\\/co\\\/blog\\\/adicionado-el-calendario-tributario-de-2019-para-incluir-obligaciones-incorporadas-por-la-ley-de-financiamiento\\\/#breadcrumb\",\"itemListElement\":[{\"@type\":\"ListItem\",\"position\":1,\"name\":\"Portada\",\"item\":\"https:\\\/\\\/auren.com\\\/co\\\/\"},{\"@type\":\"ListItem\",\"position\":2,\"name\":\"Adicionado el calendario tributario de 2019 para incluir obligaciones incorporadas por la ley de financiamiento\"}]},{\"@type\":\"WebSite\",\"@id\":\"https:\\\/\\\/auren.com\\\/co\\\/#website\",\"url\":\"https:\\\/\\\/auren.com\\\/co\\\/\",\"name\":\"Auren Colombia\",\"description\":\"\",\"publisher\":{\"@id\":\"https:\\\/\\\/auren.com\\\/co\\\/#organization\"},\"potentialAction\":[{\"@type\":\"SearchAction\",\"target\":{\"@type\":\"EntryPoint\",\"urlTemplate\":\"https:\\\/\\\/auren.com\\\/co\\\/?s={search_term_string}\"},\"query-input\":{\"@type\":\"PropertyValueSpecification\",\"valueRequired\":true,\"valueName\":\"search_term_string\"}}],\"inLanguage\":\"es\"},{\"@type\":\"Organization\",\"@id\":\"https:\\\/\\\/auren.com\\\/co\\\/#organization\",\"name\":\"Auren Colombia\",\"url\":\"https:\\\/\\\/auren.com\\\/co\\\/\",\"logo\":{\"@type\":\"ImageObject\",\"inLanguage\":\"es\",\"@id\":\"https:\\\/\\\/auren.com\\\/co\\\/#\\\/schema\\\/logo\\\/image\\\/\",\"url\":\"https:\\\/\\\/auren.com\\\/co\\\/wp-content\\\/uploads\\\/2025\\\/01\\\/cropped-cropped-favicon-Auren.png\",\"contentUrl\":\"https:\\\/\\\/auren.com\\\/co\\\/wp-content\\\/uploads\\\/2025\\\/01\\\/cropped-cropped-favicon-Auren.png\",\"width\":512,\"height\":512,\"caption\":\"Auren Colombia\"},\"image\":{\"@id\":\"https:\\\/\\\/auren.com\\\/co\\\/#\\\/schema\\\/logo\\\/image\\\/\"},\"sameAs\":[\"https:\\\/\\\/x.com\\\/AurenColombia\",\"https:\\\/\\\/www.instagram.com\\\/aurencolombia\\\/\",\"https:\\\/\\\/www.youtube.com\\\/channel\\\/UCRYoGRMR_k4oVWesdErApmA\",\"https:\\\/\\\/www.linkedin.com\\\/company\\\/auren-colombia\"]}]}<\/script>\n<!-- \/ Yoast SEO plugin. -->","yoast_head_json":{"title":"Adicionado el calendario tributario de 2019 para incluir obligaciones incorporadas por la ley de financiamiento - Auren Colombia","robots":{"index":"index","follow":"follow","max-snippet":"max-snippet:-1","max-image-preview":"max-image-preview:large","max-video-preview":"max-video-preview:-1"},"canonical":"https:\/\/auren.com\/co\/blog\/adicionado-el-calendario-tributario-de-2019-para-incluir-obligaciones-incorporadas-por-la-ley-de-financiamiento\/","og_locale":"es_ES","og_type":"article","og_title":"Adicionado el calendario tributario de 2019 para incluir obligaciones incorporadas por la ley de financiamiento - Auren Colombia","og_description":"Por medio del Decreto 608 del 8 de abril de 2019, se adiciona el calendario tributario de 2019 para incluir obligaciones incorporadas por la ley de financiamiento (1943 de 2018)&#8230;","og_url":"https:\/\/auren.com\/co\/blog\/adicionado-el-calendario-tributario-de-2019-para-incluir-obligaciones-incorporadas-por-la-ley-de-financiamiento\/","og_site_name":"Auren Colombia","og_image":[{"width":1920,"height":655,"url":"https:\/\/auren.com\/co\/wp-content\/uploads\/2019\/04\/el-estado-de-informacion-no-financiera-2.jpg","type":"image\/jpeg"}],"twitter_card":"summary_large_image","twitter_site":"@AurenColombia","twitter_misc":{"Tiempo de lectura":"1 minuto"},"schema":{"@context":"https:\/\/schema.org","@graph":[{"@type":"WebPage","@id":"https:\/\/auren.com\/co\/blog\/adicionado-el-calendario-tributario-de-2019-para-incluir-obligaciones-incorporadas-por-la-ley-de-financiamiento\/","url":"https:\/\/auren.com\/co\/blog\/adicionado-el-calendario-tributario-de-2019-para-incluir-obligaciones-incorporadas-por-la-ley-de-financiamiento\/","name":"Adicionado el calendario tributario de 2019 para incluir obligaciones incorporadas por la ley de financiamiento - Auren Colombia","isPartOf":{"@id":"https:\/\/auren.com\/co\/#website"},"primaryImageOfPage":{"@id":"https:\/\/auren.com\/co\/blog\/adicionado-el-calendario-tributario-de-2019-para-incluir-obligaciones-incorporadas-por-la-ley-de-financiamiento\/#primaryimage"},"image":{"@id":"https:\/\/auren.com\/co\/blog\/adicionado-el-calendario-tributario-de-2019-para-incluir-obligaciones-incorporadas-por-la-ley-de-financiamiento\/#primaryimage"},"thumbnailUrl":"https:\/\/auren.com\/co\/wp-content\/uploads\/2019\/04\/el-estado-de-informacion-no-financiera-2.jpg","datePublished":"2019-04-30T12:26:24+00:00","breadcrumb":{"@id":"https:\/\/auren.com\/co\/blog\/adicionado-el-calendario-tributario-de-2019-para-incluir-obligaciones-incorporadas-por-la-ley-de-financiamiento\/#breadcrumb"},"inLanguage":"es","potentialAction":[{"@type":"ReadAction","target":["https:\/\/auren.com\/co\/blog\/adicionado-el-calendario-tributario-de-2019-para-incluir-obligaciones-incorporadas-por-la-ley-de-financiamiento\/"]}]},{"@type":"ImageObject","inLanguage":"es","@id":"https:\/\/auren.com\/co\/blog\/adicionado-el-calendario-tributario-de-2019-para-incluir-obligaciones-incorporadas-por-la-ley-de-financiamiento\/#primaryimage","url":"https:\/\/auren.com\/co\/wp-content\/uploads\/2019\/04\/el-estado-de-informacion-no-financiera-2.jpg","contentUrl":"https:\/\/auren.com\/co\/wp-content\/uploads\/2019\/04\/el-estado-de-informacion-no-financiera-2.jpg","width":1920,"height":655},{"@type":"BreadcrumbList","@id":"https:\/\/auren.com\/co\/blog\/adicionado-el-calendario-tributario-de-2019-para-incluir-obligaciones-incorporadas-por-la-ley-de-financiamiento\/#breadcrumb","itemListElement":[{"@type":"ListItem","position":1,"name":"Portada","item":"https:\/\/auren.com\/co\/"},{"@type":"ListItem","position":2,"name":"Adicionado el calendario tributario de 2019 para incluir obligaciones incorporadas por la ley de financiamiento"}]},{"@type":"WebSite","@id":"https:\/\/auren.com\/co\/#website","url":"https:\/\/auren.com\/co\/","name":"Auren Colombia","description":"","publisher":{"@id":"https:\/\/auren.com\/co\/#organization"},"potentialAction":[{"@type":"SearchAction","target":{"@type":"EntryPoint","urlTemplate":"https:\/\/auren.com\/co\/?s={search_term_string}"},"query-input":{"@type":"PropertyValueSpecification","valueRequired":true,"valueName":"search_term_string"}}],"inLanguage":"es"},{"@type":"Organization","@id":"https:\/\/auren.com\/co\/#organization","name":"Auren Colombia","url":"https:\/\/auren.com\/co\/","logo":{"@type":"ImageObject","inLanguage":"es","@id":"https:\/\/auren.com\/co\/#\/schema\/logo\/image\/","url":"https:\/\/auren.com\/co\/wp-content\/uploads\/2025\/01\/cropped-cropped-favicon-Auren.png","contentUrl":"https:\/\/auren.com\/co\/wp-content\/uploads\/2025\/01\/cropped-cropped-favicon-Auren.png","width":512,"height":512,"caption":"Auren Colombia"},"image":{"@id":"https:\/\/auren.com\/co\/#\/schema\/logo\/image\/"},"sameAs":["https:\/\/x.com\/AurenColombia","https:\/\/www.instagram.com\/aurencolombia\/","https:\/\/www.youtube.com\/channel\/UCRYoGRMR_k4oVWesdErApmA","https:\/\/www.linkedin.com\/company\/auren-colombia"]}]}},"_links":{"self":[{"href":"https:\/\/auren.com\/co\/wp-json\/wp\/v2\/blog\/10636","targetHints":{"allow":["GET"]}}],"collection":[{"href":"https:\/\/auren.com\/co\/wp-json\/wp\/v2\/blog"}],"about":[{"href":"https:\/\/auren.com\/co\/wp-json\/wp\/v2\/types\/blog"}],"version-history":[{"count":0,"href":"https:\/\/auren.com\/co\/wp-json\/wp\/v2\/blog\/10636\/revisions"}],"wp:featuredmedia":[{"embeddable":true,"href":"https:\/\/auren.com\/co\/wp-json\/wp\/v2\/media\/10637"}],"wp:attachment":[{"href":"https:\/\/auren.com\/co\/wp-json\/wp\/v2\/media?parent=10636"}],"wp:term":[{"taxonomy":"blog-category","embeddable":true,"href":"https:\/\/auren.com\/co\/wp-json\/wp\/v2\/blog-category?post=10636"}],"curies":[{"name":"wp","href":"https:\/\/api.w.org\/{rel}","templated":true}]}}