{"id":10722,"date":"2018-12-14T14:37:55","date_gmt":"2018-12-14T13:37:55","guid":{"rendered":"https:\/\/auren.com\/co\/blog\/procedimiento-para-corregir-el-error-de-no-haber-calculado-el-impuesto-diferido\/"},"modified":"2018-12-14T14:37:55","modified_gmt":"2018-12-14T13:37:55","slug":"procedimiento-para-corregir-el-error-de-no-haber-calculado-el-impuesto-diferido","status":"publish","type":"blog","link":"https:\/\/auren.com\/co\/blog\/procedimiento-para-corregir-el-error-de-no-haber-calculado-el-impuesto-diferido\/","title":{"rendered":"Procedimiento para corregir el error de no haber calculado el impuesto diferido"},"content":{"rendered":"<p>Al ser consultado el Consejo T\u00e9cnico de la Contadur\u00eda P\u00fablica sobre el procedimiento a seguir si en el balance de apertura se generaron diferencias temporarias entre la informaci\u00f3n contable y la fiscal, sin haberse calculado el impuesto diferido, la entidad realiz\u00f3 las siguientes consideraciones:<\/p>\n<ul>\n<li>&nbsp;Advirti\u00f3 que en dicho evento dej\u00f3 de aplicarse un requerimiento establecido en los maros de informaci\u00f3n financiera respecto del reconocimiento y medici\u00f3n del impuesto diferido, ante la existencia de diferencias temporarias, lo que constituye un error contable subsanable de acuerdo con los p\u00e1rrafos 10.19 y siguientes de la secci\u00f3n 10 de la NIIF para PYMES.<\/li>\n<\/ul>\n<ul>\n<li>Precis\u00f3 la entidad que cuando se trata de un error contable, debe analizarse su materialidad, pues de concluirse que es inmaterial se corrige el error en el per\u00edodo actual contra un gasto (ingreso) relacionado con el impuesto a las ganancias, mientras que si el error es material, debe realizarse una reexpresi\u00f3n retroactiva de las cifras comparativas en los estados financieros.   <\/li>\n<li>En el per\u00edodo en el que se advierte el error contable, adujo la entidad que se deben reexpresar las cifras comparativas de los estados financieros y se deben realizar las revelaciones correspondientes.   <\/li>\n<\/ul>\n<ul>\n<li>&nbsp;En palabras del Consejo T\u00e9cnico, la reexpresi\u00f3n de estados financieros consiste en corregir el reconocimiento, medici\u00f3n e informaci\u00f3n a revelar de los importes de los elementos de los estados financieros, como si el error cometido en per\u00edodos anteriores no se hubiese cometido nunca.<\/li>\n<\/ul>\n<p><em>Fuente:  Consejo T\u00e9cnico de la Contadur\u00eda P\u00fablica, Concepto 983 de diciembre de 2018<\/em><\/p>\n<p><!-- AddThis Advanced Settings generic via filter on the_content --><!-- AddThis Share Buttons generic via filter on the_content --><\/p>\n","protected":false},"excerpt":{"rendered":"<p>Al ser consultado el Consejo T\u00e9cnico de la Contadur\u00eda P\u00fablica sobre el procedimiento a seguir si en el balance de apertura se generaron diferencias temporarias entre la informaci\u00f3n contable y la fiscal&#8230;<\/p>\n","protected":false},"featured_media":10723,"template":"","meta":{"_acf_changed":false,"footnotes":""},"blog-category":[],"class_list":["post-10722","blog","type-blog","status-publish","has-post-thumbnail","hentry"],"acf":[],"yoast_head":"<!-- This site is optimized with the Yoast SEO plugin v27.4 - https:\/\/yoast.com\/product\/yoast-seo-wordpress\/ -->\n<title>Procedimiento para corregir el error de no haber calculado el impuesto diferido - Auren Colombia<\/title>\n<meta name=\"robots\" content=\"index, follow, max-snippet:-1, max-image-preview:large, max-video-preview:-1\" \/>\n<link rel=\"canonical\" href=\"https:\/\/auren.com\/co\/blog\/procedimiento-para-corregir-el-error-de-no-haber-calculado-el-impuesto-diferido\/\" \/>\n<meta property=\"og:locale\" content=\"es_ES\" \/>\n<meta property=\"og:type\" content=\"article\" \/>\n<meta property=\"og:title\" content=\"Procedimiento para corregir el error de no haber calculado el impuesto diferido - Auren Colombia\" \/>\n<meta property=\"og:description\" content=\"Al ser consultado el Consejo T\u00e9cnico de la Contadur\u00eda P\u00fablica sobre el procedimiento a seguir si en el balance de apertura se generaron diferencias temporarias entre la informaci\u00f3n contable y la fiscal&#8230;\" \/>\n<meta property=\"og:url\" content=\"https:\/\/auren.com\/co\/blog\/procedimiento-para-corregir-el-error-de-no-haber-calculado-el-impuesto-diferido\/\" \/>\n<meta property=\"og:site_name\" content=\"Auren Colombia\" \/>\n<meta property=\"og:image\" content=\"https:\/\/auren.com\/co\/wp-content\/uploads\/2018\/12\/normas-internacionales-1.jpg\" \/>\n\t<meta property=\"og:image:width\" content=\"1000\" \/>\n\t<meta property=\"og:image:height\" content=\"667\" \/>\n\t<meta property=\"og:image:type\" content=\"image\/jpeg\" \/>\n<meta name=\"twitter:card\" content=\"summary_large_image\" \/>\n<meta name=\"twitter:site\" content=\"@AurenColombia\" \/>\n<meta name=\"twitter:label1\" content=\"Tiempo de lectura\" \/>\n\t<meta name=\"twitter:data1\" content=\"1 minuto\" \/>\n<script type=\"application\/ld+json\" class=\"yoast-schema-graph\">{\"@context\":\"https:\\\/\\\/schema.org\",\"@graph\":[{\"@type\":\"WebPage\",\"@id\":\"https:\\\/\\\/auren.com\\\/co\\\/blog\\\/procedimiento-para-corregir-el-error-de-no-haber-calculado-el-impuesto-diferido\\\/\",\"url\":\"https:\\\/\\\/auren.com\\\/co\\\/blog\\\/procedimiento-para-corregir-el-error-de-no-haber-calculado-el-impuesto-diferido\\\/\",\"name\":\"Procedimiento para corregir el error de no haber calculado el impuesto diferido - Auren Colombia\",\"isPartOf\":{\"@id\":\"https:\\\/\\\/auren.com\\\/co\\\/#website\"},\"primaryImageOfPage\":{\"@id\":\"https:\\\/\\\/auren.com\\\/co\\\/blog\\\/procedimiento-para-corregir-el-error-de-no-haber-calculado-el-impuesto-diferido\\\/#primaryimage\"},\"image\":{\"@id\":\"https:\\\/\\\/auren.com\\\/co\\\/blog\\\/procedimiento-para-corregir-el-error-de-no-haber-calculado-el-impuesto-diferido\\\/#primaryimage\"},\"thumbnailUrl\":\"https:\\\/\\\/auren.com\\\/co\\\/wp-content\\\/uploads\\\/2018\\\/12\\\/normas-internacionales-1.jpg\",\"datePublished\":\"2018-12-14T13:37:55+00:00\",\"breadcrumb\":{\"@id\":\"https:\\\/\\\/auren.com\\\/co\\\/blog\\\/procedimiento-para-corregir-el-error-de-no-haber-calculado-el-impuesto-diferido\\\/#breadcrumb\"},\"inLanguage\":\"es\",\"potentialAction\":[{\"@type\":\"ReadAction\",\"target\":[\"https:\\\/\\\/auren.com\\\/co\\\/blog\\\/procedimiento-para-corregir-el-error-de-no-haber-calculado-el-impuesto-diferido\\\/\"]}]},{\"@type\":\"ImageObject\",\"inLanguage\":\"es\",\"@id\":\"https:\\\/\\\/auren.com\\\/co\\\/blog\\\/procedimiento-para-corregir-el-error-de-no-haber-calculado-el-impuesto-diferido\\\/#primaryimage\",\"url\":\"https:\\\/\\\/auren.com\\\/co\\\/wp-content\\\/uploads\\\/2018\\\/12\\\/normas-internacionales-1.jpg\",\"contentUrl\":\"https:\\\/\\\/auren.com\\\/co\\\/wp-content\\\/uploads\\\/2018\\\/12\\\/normas-internacionales-1.jpg\",\"width\":1000,\"height\":667},{\"@type\":\"BreadcrumbList\",\"@id\":\"https:\\\/\\\/auren.com\\\/co\\\/blog\\\/procedimiento-para-corregir-el-error-de-no-haber-calculado-el-impuesto-diferido\\\/#breadcrumb\",\"itemListElement\":[{\"@type\":\"ListItem\",\"position\":1,\"name\":\"Portada\",\"item\":\"https:\\\/\\\/auren.com\\\/co\\\/\"},{\"@type\":\"ListItem\",\"position\":2,\"name\":\"Procedimiento para corregir el error de no haber calculado el impuesto diferido\"}]},{\"@type\":\"WebSite\",\"@id\":\"https:\\\/\\\/auren.com\\\/co\\\/#website\",\"url\":\"https:\\\/\\\/auren.com\\\/co\\\/\",\"name\":\"Auren Colombia\",\"description\":\"\",\"publisher\":{\"@id\":\"https:\\\/\\\/auren.com\\\/co\\\/#organization\"},\"potentialAction\":[{\"@type\":\"SearchAction\",\"target\":{\"@type\":\"EntryPoint\",\"urlTemplate\":\"https:\\\/\\\/auren.com\\\/co\\\/?s={search_term_string}\"},\"query-input\":{\"@type\":\"PropertyValueSpecification\",\"valueRequired\":true,\"valueName\":\"search_term_string\"}}],\"inLanguage\":\"es\"},{\"@type\":\"Organization\",\"@id\":\"https:\\\/\\\/auren.com\\\/co\\\/#organization\",\"name\":\"Auren Colombia\",\"url\":\"https:\\\/\\\/auren.com\\\/co\\\/\",\"logo\":{\"@type\":\"ImageObject\",\"inLanguage\":\"es\",\"@id\":\"https:\\\/\\\/auren.com\\\/co\\\/#\\\/schema\\\/logo\\\/image\\\/\",\"url\":\"https:\\\/\\\/auren.com\\\/co\\\/wp-content\\\/uploads\\\/2025\\\/01\\\/cropped-cropped-favicon-Auren.png\",\"contentUrl\":\"https:\\\/\\\/auren.com\\\/co\\\/wp-content\\\/uploads\\\/2025\\\/01\\\/cropped-cropped-favicon-Auren.png\",\"width\":512,\"height\":512,\"caption\":\"Auren Colombia\"},\"image\":{\"@id\":\"https:\\\/\\\/auren.com\\\/co\\\/#\\\/schema\\\/logo\\\/image\\\/\"},\"sameAs\":[\"https:\\\/\\\/x.com\\\/AurenColombia\",\"https:\\\/\\\/www.instagram.com\\\/aurencolombia\\\/\",\"https:\\\/\\\/www.youtube.com\\\/channel\\\/UCRYoGRMR_k4oVWesdErApmA\",\"https:\\\/\\\/www.linkedin.com\\\/company\\\/auren-colombia\"]}]}<\/script>\n<!-- \/ Yoast SEO plugin. -->","yoast_head_json":{"title":"Procedimiento para corregir el error de no haber calculado el impuesto diferido - Auren Colombia","robots":{"index":"index","follow":"follow","max-snippet":"max-snippet:-1","max-image-preview":"max-image-preview:large","max-video-preview":"max-video-preview:-1"},"canonical":"https:\/\/auren.com\/co\/blog\/procedimiento-para-corregir-el-error-de-no-haber-calculado-el-impuesto-diferido\/","og_locale":"es_ES","og_type":"article","og_title":"Procedimiento para corregir el error de no haber calculado el impuesto diferido - Auren Colombia","og_description":"Al ser consultado el Consejo T\u00e9cnico de la Contadur\u00eda P\u00fablica sobre el procedimiento a seguir si en el balance de apertura se generaron diferencias temporarias entre la informaci\u00f3n contable y la fiscal&#8230;","og_url":"https:\/\/auren.com\/co\/blog\/procedimiento-para-corregir-el-error-de-no-haber-calculado-el-impuesto-diferido\/","og_site_name":"Auren Colombia","og_image":[{"width":1000,"height":667,"url":"https:\/\/auren.com\/co\/wp-content\/uploads\/2018\/12\/normas-internacionales-1.jpg","type":"image\/jpeg"}],"twitter_card":"summary_large_image","twitter_site":"@AurenColombia","twitter_misc":{"Tiempo de lectura":"1 minuto"},"schema":{"@context":"https:\/\/schema.org","@graph":[{"@type":"WebPage","@id":"https:\/\/auren.com\/co\/blog\/procedimiento-para-corregir-el-error-de-no-haber-calculado-el-impuesto-diferido\/","url":"https:\/\/auren.com\/co\/blog\/procedimiento-para-corregir-el-error-de-no-haber-calculado-el-impuesto-diferido\/","name":"Procedimiento para corregir el error de no haber calculado el impuesto diferido - Auren Colombia","isPartOf":{"@id":"https:\/\/auren.com\/co\/#website"},"primaryImageOfPage":{"@id":"https:\/\/auren.com\/co\/blog\/procedimiento-para-corregir-el-error-de-no-haber-calculado-el-impuesto-diferido\/#primaryimage"},"image":{"@id":"https:\/\/auren.com\/co\/blog\/procedimiento-para-corregir-el-error-de-no-haber-calculado-el-impuesto-diferido\/#primaryimage"},"thumbnailUrl":"https:\/\/auren.com\/co\/wp-content\/uploads\/2018\/12\/normas-internacionales-1.jpg","datePublished":"2018-12-14T13:37:55+00:00","breadcrumb":{"@id":"https:\/\/auren.com\/co\/blog\/procedimiento-para-corregir-el-error-de-no-haber-calculado-el-impuesto-diferido\/#breadcrumb"},"inLanguage":"es","potentialAction":[{"@type":"ReadAction","target":["https:\/\/auren.com\/co\/blog\/procedimiento-para-corregir-el-error-de-no-haber-calculado-el-impuesto-diferido\/"]}]},{"@type":"ImageObject","inLanguage":"es","@id":"https:\/\/auren.com\/co\/blog\/procedimiento-para-corregir-el-error-de-no-haber-calculado-el-impuesto-diferido\/#primaryimage","url":"https:\/\/auren.com\/co\/wp-content\/uploads\/2018\/12\/normas-internacionales-1.jpg","contentUrl":"https:\/\/auren.com\/co\/wp-content\/uploads\/2018\/12\/normas-internacionales-1.jpg","width":1000,"height":667},{"@type":"BreadcrumbList","@id":"https:\/\/auren.com\/co\/blog\/procedimiento-para-corregir-el-error-de-no-haber-calculado-el-impuesto-diferido\/#breadcrumb","itemListElement":[{"@type":"ListItem","position":1,"name":"Portada","item":"https:\/\/auren.com\/co\/"},{"@type":"ListItem","position":2,"name":"Procedimiento para corregir el error de no haber calculado el impuesto diferido"}]},{"@type":"WebSite","@id":"https:\/\/auren.com\/co\/#website","url":"https:\/\/auren.com\/co\/","name":"Auren Colombia","description":"","publisher":{"@id":"https:\/\/auren.com\/co\/#organization"},"potentialAction":[{"@type":"SearchAction","target":{"@type":"EntryPoint","urlTemplate":"https:\/\/auren.com\/co\/?s={search_term_string}"},"query-input":{"@type":"PropertyValueSpecification","valueRequired":true,"valueName":"search_term_string"}}],"inLanguage":"es"},{"@type":"Organization","@id":"https:\/\/auren.com\/co\/#organization","name":"Auren Colombia","url":"https:\/\/auren.com\/co\/","logo":{"@type":"ImageObject","inLanguage":"es","@id":"https:\/\/auren.com\/co\/#\/schema\/logo\/image\/","url":"https:\/\/auren.com\/co\/wp-content\/uploads\/2025\/01\/cropped-cropped-favicon-Auren.png","contentUrl":"https:\/\/auren.com\/co\/wp-content\/uploads\/2025\/01\/cropped-cropped-favicon-Auren.png","width":512,"height":512,"caption":"Auren Colombia"},"image":{"@id":"https:\/\/auren.com\/co\/#\/schema\/logo\/image\/"},"sameAs":["https:\/\/x.com\/AurenColombia","https:\/\/www.instagram.com\/aurencolombia\/","https:\/\/www.youtube.com\/channel\/UCRYoGRMR_k4oVWesdErApmA","https:\/\/www.linkedin.com\/company\/auren-colombia"]}]}},"_links":{"self":[{"href":"https:\/\/auren.com\/co\/wp-json\/wp\/v2\/blog\/10722","targetHints":{"allow":["GET"]}}],"collection":[{"href":"https:\/\/auren.com\/co\/wp-json\/wp\/v2\/blog"}],"about":[{"href":"https:\/\/auren.com\/co\/wp-json\/wp\/v2\/types\/blog"}],"version-history":[{"count":0,"href":"https:\/\/auren.com\/co\/wp-json\/wp\/v2\/blog\/10722\/revisions"}],"wp:featuredmedia":[{"embeddable":true,"href":"https:\/\/auren.com\/co\/wp-json\/wp\/v2\/media\/10723"}],"wp:attachment":[{"href":"https:\/\/auren.com\/co\/wp-json\/wp\/v2\/media?parent=10722"}],"wp:term":[{"taxonomy":"blog-category","embeddable":true,"href":"https:\/\/auren.com\/co\/wp-json\/wp\/v2\/blog-category?post=10722"}],"curies":[{"name":"wp","href":"https:\/\/api.w.org\/{rel}","templated":true}]}}