{"id":10728,"date":"2018-12-14T14:15:34","date_gmt":"2018-12-14T13:15:34","guid":{"rendered":"https:\/\/auren.com\/co\/blog\/determinada-la-unidad-de-valor-tributario-aplicable-para-el-2019\/"},"modified":"2018-12-14T14:15:34","modified_gmt":"2018-12-14T13:15:34","slug":"determinada-la-unidad-de-valor-tributario-aplicable-para-el-2019","status":"publish","type":"blog","link":"https:\/\/auren.com\/co\/blog\/determinada-la-unidad-de-valor-tributario-aplicable-para-el-2019\/","title":{"rendered":"Determinada la unidad de valor tributario aplicable para el 2019"},"content":{"rendered":"<\/p>\n<p>Por medio de la Resoluci\u00f3n 56 del 22 de noviembre de 2018, la DAN fij\u00f3 en treinta y cuatro mil doscientos setenta pesos ($34.270), el valor de la Unidad de Valor Tributario (UVT), que regir\u00e1 durante el a\u00f1o gravable 2019.   <\/p>\n<p>La UVT es la medida de valor que permite ajustar los valores contenidos en las disposiciones relativas a los impuestos y obligaciones administrados por la DIAN, la cual se reajusta anualmente en la variaci\u00f3n del IPC para ingresos medios, certificado por el DANE en el per\u00edodo comprendido entre el primero de octubre del a\u00f1o anterior al gravable y la misma fecha del a\u00f1o inmediatamente anterior a este.<\/p>\n<p>Observando tal disposici\u00f3n, mediante Certificado 106258 del 11 de octubre de 2018, el DANE hizo constar que fue del 3,36% la variaci\u00f3n acumulada del IPC para ingresos medios, por el per\u00edodo comprendido entre el primero de octubre de 2017 y el primero de octubre de 2018.<\/p>\n<p><em>Fuente: DIAN, Resoluci\u00f3n 56 del 22 de noviembre de 2018<\/em><\/p>\n<p><!-- AddThis Advanced Settings generic via filter on the_content --><!-- AddThis Share Buttons generic via filter on the_content --><\/p>\n","protected":false},"excerpt":{"rendered":"<p>Por medio de la Resoluci\u00f3n 56 del 22 de noviembre de 2018, la DAN fij\u00f3 en treinta y cuatro mil doscientos setenta pesos ($34.270), el valor de la Unidad de Valor Tributario (UVT), que regir\u00e1 durante el a\u00f1o gravable 2019&#8230;<\/p>\n","protected":false},"featured_media":10729,"template":"","meta":{"_acf_changed":false,"footnotes":""},"blog-category":[],"class_list":["post-10728","blog","type-blog","status-publish","has-post-thumbnail","hentry"],"acf":[],"yoast_head":"<!-- This site is optimized with the Yoast SEO plugin v27.4 - https:\/\/yoast.com\/product\/yoast-seo-wordpress\/ -->\n<title>Determinada la unidad de valor tributario aplicable para el 2019 - Auren Colombia<\/title>\n<meta name=\"robots\" content=\"index, follow, max-snippet:-1, max-image-preview:large, max-video-preview:-1\" \/>\n<link rel=\"canonical\" href=\"https:\/\/auren.com\/co\/blog\/determinada-la-unidad-de-valor-tributario-aplicable-para-el-2019\/\" \/>\n<meta property=\"og:locale\" content=\"es_ES\" \/>\n<meta property=\"og:type\" content=\"article\" \/>\n<meta property=\"og:title\" content=\"Determinada la unidad de valor tributario aplicable para el 2019 - Auren Colombia\" \/>\n<meta property=\"og:description\" content=\"Por medio de la Resoluci\u00f3n 56 del 22 de noviembre de 2018, la DAN fij\u00f3 en treinta y cuatro mil doscientos setenta pesos ($34.270), el valor de la Unidad de Valor Tributario (UVT), que regir\u00e1 durante el a\u00f1o gravable 2019&#8230;\" \/>\n<meta property=\"og:url\" content=\"https:\/\/auren.com\/co\/blog\/determinada-la-unidad-de-valor-tributario-aplicable-para-el-2019\/\" \/>\n<meta property=\"og:site_name\" content=\"Auren Colombia\" \/>\n<meta property=\"og:image\" content=\"https:\/\/auren.com\/co\/wp-content\/uploads\/2018\/12\/niff.jpg\" \/>\n\t<meta property=\"og:image:width\" content=\"1000\" \/>\n\t<meta property=\"og:image:height\" content=\"667\" \/>\n\t<meta property=\"og:image:type\" content=\"image\/jpeg\" \/>\n<meta name=\"twitter:card\" content=\"summary_large_image\" \/>\n<meta name=\"twitter:site\" content=\"@AurenColombia\" \/>\n<meta name=\"twitter:label1\" content=\"Tiempo de lectura\" \/>\n\t<meta name=\"twitter:data1\" content=\"1 minuto\" \/>\n<script type=\"application\/ld+json\" class=\"yoast-schema-graph\">{\"@context\":\"https:\\\/\\\/schema.org\",\"@graph\":[{\"@type\":\"WebPage\",\"@id\":\"https:\\\/\\\/auren.com\\\/co\\\/blog\\\/determinada-la-unidad-de-valor-tributario-aplicable-para-el-2019\\\/\",\"url\":\"https:\\\/\\\/auren.com\\\/co\\\/blog\\\/determinada-la-unidad-de-valor-tributario-aplicable-para-el-2019\\\/\",\"name\":\"Determinada la unidad de valor tributario aplicable para el 2019 - Auren Colombia\",\"isPartOf\":{\"@id\":\"https:\\\/\\\/auren.com\\\/co\\\/#website\"},\"primaryImageOfPage\":{\"@id\":\"https:\\\/\\\/auren.com\\\/co\\\/blog\\\/determinada-la-unidad-de-valor-tributario-aplicable-para-el-2019\\\/#primaryimage\"},\"image\":{\"@id\":\"https:\\\/\\\/auren.com\\\/co\\\/blog\\\/determinada-la-unidad-de-valor-tributario-aplicable-para-el-2019\\\/#primaryimage\"},\"thumbnailUrl\":\"https:\\\/\\\/auren.com\\\/co\\\/wp-content\\\/uploads\\\/2018\\\/12\\\/niff.jpg\",\"datePublished\":\"2018-12-14T13:15:34+00:00\",\"breadcrumb\":{\"@id\":\"https:\\\/\\\/auren.com\\\/co\\\/blog\\\/determinada-la-unidad-de-valor-tributario-aplicable-para-el-2019\\\/#breadcrumb\"},\"inLanguage\":\"es\",\"potentialAction\":[{\"@type\":\"ReadAction\",\"target\":[\"https:\\\/\\\/auren.com\\\/co\\\/blog\\\/determinada-la-unidad-de-valor-tributario-aplicable-para-el-2019\\\/\"]}]},{\"@type\":\"ImageObject\",\"inLanguage\":\"es\",\"@id\":\"https:\\\/\\\/auren.com\\\/co\\\/blog\\\/determinada-la-unidad-de-valor-tributario-aplicable-para-el-2019\\\/#primaryimage\",\"url\":\"https:\\\/\\\/auren.com\\\/co\\\/wp-content\\\/uploads\\\/2018\\\/12\\\/niff.jpg\",\"contentUrl\":\"https:\\\/\\\/auren.com\\\/co\\\/wp-content\\\/uploads\\\/2018\\\/12\\\/niff.jpg\",\"width\":1000,\"height\":667},{\"@type\":\"BreadcrumbList\",\"@id\":\"https:\\\/\\\/auren.com\\\/co\\\/blog\\\/determinada-la-unidad-de-valor-tributario-aplicable-para-el-2019\\\/#breadcrumb\",\"itemListElement\":[{\"@type\":\"ListItem\",\"position\":1,\"name\":\"Portada\",\"item\":\"https:\\\/\\\/auren.com\\\/co\\\/\"},{\"@type\":\"ListItem\",\"position\":2,\"name\":\"Determinada la unidad de valor tributario aplicable para el 2019\"}]},{\"@type\":\"WebSite\",\"@id\":\"https:\\\/\\\/auren.com\\\/co\\\/#website\",\"url\":\"https:\\\/\\\/auren.com\\\/co\\\/\",\"name\":\"Auren Colombia\",\"description\":\"\",\"publisher\":{\"@id\":\"https:\\\/\\\/auren.com\\\/co\\\/#organization\"},\"potentialAction\":[{\"@type\":\"SearchAction\",\"target\":{\"@type\":\"EntryPoint\",\"urlTemplate\":\"https:\\\/\\\/auren.com\\\/co\\\/?s={search_term_string}\"},\"query-input\":{\"@type\":\"PropertyValueSpecification\",\"valueRequired\":true,\"valueName\":\"search_term_string\"}}],\"inLanguage\":\"es\"},{\"@type\":\"Organization\",\"@id\":\"https:\\\/\\\/auren.com\\\/co\\\/#organization\",\"name\":\"Auren Colombia\",\"url\":\"https:\\\/\\\/auren.com\\\/co\\\/\",\"logo\":{\"@type\":\"ImageObject\",\"inLanguage\":\"es\",\"@id\":\"https:\\\/\\\/auren.com\\\/co\\\/#\\\/schema\\\/logo\\\/image\\\/\",\"url\":\"https:\\\/\\\/auren.com\\\/co\\\/wp-content\\\/uploads\\\/2025\\\/01\\\/cropped-cropped-favicon-Auren.png\",\"contentUrl\":\"https:\\\/\\\/auren.com\\\/co\\\/wp-content\\\/uploads\\\/2025\\\/01\\\/cropped-cropped-favicon-Auren.png\",\"width\":512,\"height\":512,\"caption\":\"Auren Colombia\"},\"image\":{\"@id\":\"https:\\\/\\\/auren.com\\\/co\\\/#\\\/schema\\\/logo\\\/image\\\/\"},\"sameAs\":[\"https:\\\/\\\/x.com\\\/AurenColombia\",\"https:\\\/\\\/www.instagram.com\\\/aurencolombia\\\/\",\"https:\\\/\\\/www.youtube.com\\\/channel\\\/UCRYoGRMR_k4oVWesdErApmA\",\"https:\\\/\\\/www.linkedin.com\\\/company\\\/auren-colombia\"]}]}<\/script>\n<!-- \/ Yoast SEO plugin. -->","yoast_head_json":{"title":"Determinada la unidad de valor tributario aplicable para el 2019 - Auren Colombia","robots":{"index":"index","follow":"follow","max-snippet":"max-snippet:-1","max-image-preview":"max-image-preview:large","max-video-preview":"max-video-preview:-1"},"canonical":"https:\/\/auren.com\/co\/blog\/determinada-la-unidad-de-valor-tributario-aplicable-para-el-2019\/","og_locale":"es_ES","og_type":"article","og_title":"Determinada la unidad de valor tributario aplicable para el 2019 - Auren Colombia","og_description":"Por medio de la Resoluci\u00f3n 56 del 22 de noviembre de 2018, la DAN fij\u00f3 en treinta y cuatro mil doscientos setenta pesos ($34.270), el valor de la Unidad de Valor Tributario (UVT), que regir\u00e1 durante el a\u00f1o gravable 2019&#8230;","og_url":"https:\/\/auren.com\/co\/blog\/determinada-la-unidad-de-valor-tributario-aplicable-para-el-2019\/","og_site_name":"Auren Colombia","og_image":[{"width":1000,"height":667,"url":"https:\/\/auren.com\/co\/wp-content\/uploads\/2018\/12\/niff.jpg","type":"image\/jpeg"}],"twitter_card":"summary_large_image","twitter_site":"@AurenColombia","twitter_misc":{"Tiempo de lectura":"1 minuto"},"schema":{"@context":"https:\/\/schema.org","@graph":[{"@type":"WebPage","@id":"https:\/\/auren.com\/co\/blog\/determinada-la-unidad-de-valor-tributario-aplicable-para-el-2019\/","url":"https:\/\/auren.com\/co\/blog\/determinada-la-unidad-de-valor-tributario-aplicable-para-el-2019\/","name":"Determinada la unidad de valor tributario aplicable para el 2019 - Auren Colombia","isPartOf":{"@id":"https:\/\/auren.com\/co\/#website"},"primaryImageOfPage":{"@id":"https:\/\/auren.com\/co\/blog\/determinada-la-unidad-de-valor-tributario-aplicable-para-el-2019\/#primaryimage"},"image":{"@id":"https:\/\/auren.com\/co\/blog\/determinada-la-unidad-de-valor-tributario-aplicable-para-el-2019\/#primaryimage"},"thumbnailUrl":"https:\/\/auren.com\/co\/wp-content\/uploads\/2018\/12\/niff.jpg","datePublished":"2018-12-14T13:15:34+00:00","breadcrumb":{"@id":"https:\/\/auren.com\/co\/blog\/determinada-la-unidad-de-valor-tributario-aplicable-para-el-2019\/#breadcrumb"},"inLanguage":"es","potentialAction":[{"@type":"ReadAction","target":["https:\/\/auren.com\/co\/blog\/determinada-la-unidad-de-valor-tributario-aplicable-para-el-2019\/"]}]},{"@type":"ImageObject","inLanguage":"es","@id":"https:\/\/auren.com\/co\/blog\/determinada-la-unidad-de-valor-tributario-aplicable-para-el-2019\/#primaryimage","url":"https:\/\/auren.com\/co\/wp-content\/uploads\/2018\/12\/niff.jpg","contentUrl":"https:\/\/auren.com\/co\/wp-content\/uploads\/2018\/12\/niff.jpg","width":1000,"height":667},{"@type":"BreadcrumbList","@id":"https:\/\/auren.com\/co\/blog\/determinada-la-unidad-de-valor-tributario-aplicable-para-el-2019\/#breadcrumb","itemListElement":[{"@type":"ListItem","position":1,"name":"Portada","item":"https:\/\/auren.com\/co\/"},{"@type":"ListItem","position":2,"name":"Determinada la unidad de valor tributario aplicable para el 2019"}]},{"@type":"WebSite","@id":"https:\/\/auren.com\/co\/#website","url":"https:\/\/auren.com\/co\/","name":"Auren Colombia","description":"","publisher":{"@id":"https:\/\/auren.com\/co\/#organization"},"potentialAction":[{"@type":"SearchAction","target":{"@type":"EntryPoint","urlTemplate":"https:\/\/auren.com\/co\/?s={search_term_string}"},"query-input":{"@type":"PropertyValueSpecification","valueRequired":true,"valueName":"search_term_string"}}],"inLanguage":"es"},{"@type":"Organization","@id":"https:\/\/auren.com\/co\/#organization","name":"Auren Colombia","url":"https:\/\/auren.com\/co\/","logo":{"@type":"ImageObject","inLanguage":"es","@id":"https:\/\/auren.com\/co\/#\/schema\/logo\/image\/","url":"https:\/\/auren.com\/co\/wp-content\/uploads\/2025\/01\/cropped-cropped-favicon-Auren.png","contentUrl":"https:\/\/auren.com\/co\/wp-content\/uploads\/2025\/01\/cropped-cropped-favicon-Auren.png","width":512,"height":512,"caption":"Auren Colombia"},"image":{"@id":"https:\/\/auren.com\/co\/#\/schema\/logo\/image\/"},"sameAs":["https:\/\/x.com\/AurenColombia","https:\/\/www.instagram.com\/aurencolombia\/","https:\/\/www.youtube.com\/channel\/UCRYoGRMR_k4oVWesdErApmA","https:\/\/www.linkedin.com\/company\/auren-colombia"]}]}},"_links":{"self":[{"href":"https:\/\/auren.com\/co\/wp-json\/wp\/v2\/blog\/10728","targetHints":{"allow":["GET"]}}],"collection":[{"href":"https:\/\/auren.com\/co\/wp-json\/wp\/v2\/blog"}],"about":[{"href":"https:\/\/auren.com\/co\/wp-json\/wp\/v2\/types\/blog"}],"version-history":[{"count":0,"href":"https:\/\/auren.com\/co\/wp-json\/wp\/v2\/blog\/10728\/revisions"}],"wp:featuredmedia":[{"embeddable":true,"href":"https:\/\/auren.com\/co\/wp-json\/wp\/v2\/media\/10729"}],"wp:attachment":[{"href":"https:\/\/auren.com\/co\/wp-json\/wp\/v2\/media?parent=10728"}],"wp:term":[{"taxonomy":"blog-category","embeddable":true,"href":"https:\/\/auren.com\/co\/wp-json\/wp\/v2\/blog-category?post=10728"}],"curies":[{"name":"wp","href":"https:\/\/api.w.org\/{rel}","templated":true}]}}