{"id":10734,"date":"2018-12-14T13:53:30","date_gmt":"2018-12-14T12:53:30","guid":{"rendered":"https:\/\/auren.com\/co\/blog\/reglamentado-el-sistema-de-pagos-mensuales-provisionales-de-caracter-voluntario-como-mecanismo-exceptivo-de-la-retencion-en-la-fuente\/"},"modified":"2018-12-14T13:53:30","modified_gmt":"2018-12-14T12:53:30","slug":"reglamentado-el-sistema-de-pagos-mensuales-provisionales-de-caracter-voluntario-como-mecanismo-exceptivo-de-la-retencion-en-la-fuente","status":"publish","type":"blog","link":"https:\/\/auren.com\/co\/blog\/reglamentado-el-sistema-de-pagos-mensuales-provisionales-de-caracter-voluntario-como-mecanismo-exceptivo-de-la-retencion-en-la-fuente\/","title":{"rendered":"Reglamentado el sistema de pagos mensuales provisionales de car\u00e1cter voluntario, como mecanismo exceptivo de la retenci\u00f3n en la fuente"},"content":{"rendered":"<p>El art\u00edculo 365 del Estatuto Tributario (ET) prev\u00e9 que la DIAN podr\u00e1 establecer un sistema de pagos mensuales provisionales por parte de los contribuyentes del impuesto de renta, como un r\u00e9gimen exceptivo al sistema de retenci\u00f3n en la fuente, para lo cual el Gobierno consider\u00f3 necesario determinar la cuant\u00eda de los pagos, los porcentajes aplicables y dem\u00e1s par\u00e1metros generales del sistema de pagos mensuales provisionales, con el fin de hacerlo operativo, para ser implementado por la DIAN, por lo que expidi\u00f3 el Decreto 2146 del 22 de noviembre de 2018.<\/p>\n<p>&nbsp;Estim\u00f3 el Gobierno que el comportamiento de los precios internacionales del petr\u00f3leo y de los minerales &nbsp;ha generado ingresos y liquidez a las empresas de este sector, lo cual les permite evaluar la posibilidad de acogerse voluntariamente al sistema de pagos provisionales.<\/p>\n<p>&nbsp;En tal sentido, dispuso el Decreto que la DIAN implementar\u00e1 por los meses de noviembre y diciembre de 2018 y a partir del primero de enero de a\u00f1o 2019, el sistema de pagos mensuales provisionales de car\u00e1cter voluntario para los contribuyentes de renta, de los sectores de hidrocarburos y dem\u00e1s productos mineros, como un sistema exceptivo de la retenci\u00f3n en la fuente.<\/p>\n<p>&nbsp;Estos contribuyentes que se acojan voluntariamente a partir del primero de enero de 2019, al sistema de pagos mensuales provisionales de car\u00e1cter voluntario, declarar\u00e1n y pagar\u00e1n el valor que corresponda al 4.5% sobre el valor bruto del pago o abono en cuenta en divisas, provenientes del exterior por concepto de las exportaciones de los hidrocarburos y dem\u00e1s productos mineros. Si estos contribuyentes se acogen voluntariamente a este sistema por los meses de noviembre y diciembre de 2018, declarar\u00e1n y pagar\u00e1n el valor que corresponda al 50%.<\/p>\n<p>&nbsp;Quienes se acojan a este sistema, deber\u00e1n informarlo mediante comunicaci\u00f3n dirigida a la DIAN, dentro del mes de la respectiva declaraci\u00f3n que ser\u00e1 objeto de presentaci\u00f3n y pago, y quedar\u00e1n exceptuados de la obligaci\u00f3n de declarar y pagar la retenci\u00f3n en la fuente actualmente del 1,5% respecto de exportaciones de hidrocarburos, y del 1% frente a exportaciones de los dem\u00e1s productos mineros, incluyendo el oro.<\/p>\n<p>&nbsp;Frente a exportaciones realizadas por Sociedades de Comercializaci\u00f3n Internacional (SCI), la base para calcular el valor del pago mensual provisional de car\u00e1cter voluntario se determinar\u00e1 por la diferencia entre el valor bruto del pago o abono en cuenta en divisas provenientes del exterior por la exportaci\u00f3n, y el valor de la venta facturada por el productor de hidrocarburos a las SCI.<\/p>\n<p><em>Fuente: Decreto 2146 del 22 de noviembre de 2018<\/em><\/p>\n<p><!-- AddThis Advanced Settings generic via filter on the_content --><!-- AddThis Share Buttons generic via filter on the_content --><\/p>\n","protected":false},"excerpt":{"rendered":"<p>El art\u00edculo 365 del Estatuto Tributario (ET) prev\u00e9 que la DIAN podr\u00e1 establecer un sistema de pagos mensuales provisionales por parte de los contribuyentes del impuesto de renta&#8230;<\/p>\n","protected":false},"featured_media":10735,"template":"","meta":{"_acf_changed":false,"footnotes":""},"blog-category":[],"class_list":["post-10734","blog","type-blog","status-publish","has-post-thumbnail","hentry"],"acf":[],"yoast_head":"<!-- This site is optimized with the Yoast SEO plugin v27.4 - https:\/\/yoast.com\/product\/yoast-seo-wordpress\/ -->\n<title>Reglamentado el sistema de pagos mensuales provisionales de car\u00e1cter voluntario, como mecanismo exceptivo de la retenci\u00f3n en la fuente - Auren Colombia<\/title>\n<meta name=\"robots\" content=\"index, follow, max-snippet:-1, max-image-preview:large, max-video-preview:-1\" \/>\n<link rel=\"canonical\" href=\"https:\/\/auren.com\/co\/blog\/reglamentado-el-sistema-de-pagos-mensuales-provisionales-de-caracter-voluntario-como-mecanismo-exceptivo-de-la-retencion-en-la-fuente\/\" \/>\n<meta property=\"og:locale\" content=\"es_ES\" \/>\n<meta property=\"og:type\" content=\"article\" \/>\n<meta property=\"og:title\" content=\"Reglamentado el sistema de pagos mensuales provisionales de car\u00e1cter voluntario, como mecanismo exceptivo de la retenci\u00f3n en la fuente - Auren Colombia\" \/>\n<meta property=\"og:description\" content=\"El art\u00edculo 365 del Estatuto Tributario (ET) prev\u00e9 que la DIAN podr\u00e1 establecer un sistema de pagos mensuales provisionales por parte de los contribuyentes del impuesto de renta&#8230;\" \/>\n<meta property=\"og:url\" content=\"https:\/\/auren.com\/co\/blog\/reglamentado-el-sistema-de-pagos-mensuales-provisionales-de-caracter-voluntario-como-mecanismo-exceptivo-de-la-retencion-en-la-fuente\/\" \/>\n<meta property=\"og:site_name\" content=\"Auren Colombia\" \/>\n<meta property=\"og:image\" content=\"https:\/\/auren.com\/co\/wp-content\/uploads\/2018\/12\/avances-cesion-viviendas-fines-turisticos-soledad-ortola-ricard-perez-1.jpg\" \/>\n\t<meta property=\"og:image:width\" content=\"1920\" \/>\n\t<meta property=\"og:image:height\" content=\"655\" \/>\n\t<meta property=\"og:image:type\" content=\"image\/jpeg\" \/>\n<meta name=\"twitter:card\" content=\"summary_large_image\" \/>\n<meta name=\"twitter:site\" content=\"@AurenColombia\" \/>\n<meta name=\"twitter:label1\" content=\"Tiempo de lectura\" \/>\n\t<meta name=\"twitter:data1\" content=\"2 minutos\" \/>\n<script type=\"application\/ld+json\" class=\"yoast-schema-graph\">{\"@context\":\"https:\\\/\\\/schema.org\",\"@graph\":[{\"@type\":\"WebPage\",\"@id\":\"https:\\\/\\\/auren.com\\\/co\\\/blog\\\/reglamentado-el-sistema-de-pagos-mensuales-provisionales-de-caracter-voluntario-como-mecanismo-exceptivo-de-la-retencion-en-la-fuente\\\/\",\"url\":\"https:\\\/\\\/auren.com\\\/co\\\/blog\\\/reglamentado-el-sistema-de-pagos-mensuales-provisionales-de-caracter-voluntario-como-mecanismo-exceptivo-de-la-retencion-en-la-fuente\\\/\",\"name\":\"Reglamentado el sistema de pagos mensuales provisionales de car\u00e1cter voluntario, como mecanismo exceptivo de la retenci\u00f3n en la fuente - Auren Colombia\",\"isPartOf\":{\"@id\":\"https:\\\/\\\/auren.com\\\/co\\\/#website\"},\"primaryImageOfPage\":{\"@id\":\"https:\\\/\\\/auren.com\\\/co\\\/blog\\\/reglamentado-el-sistema-de-pagos-mensuales-provisionales-de-caracter-voluntario-como-mecanismo-exceptivo-de-la-retencion-en-la-fuente\\\/#primaryimage\"},\"image\":{\"@id\":\"https:\\\/\\\/auren.com\\\/co\\\/blog\\\/reglamentado-el-sistema-de-pagos-mensuales-provisionales-de-caracter-voluntario-como-mecanismo-exceptivo-de-la-retencion-en-la-fuente\\\/#primaryimage\"},\"thumbnailUrl\":\"https:\\\/\\\/auren.com\\\/co\\\/wp-content\\\/uploads\\\/2018\\\/12\\\/avances-cesion-viviendas-fines-turisticos-soledad-ortola-ricard-perez-1.jpg\",\"datePublished\":\"2018-12-14T12:53:30+00:00\",\"breadcrumb\":{\"@id\":\"https:\\\/\\\/auren.com\\\/co\\\/blog\\\/reglamentado-el-sistema-de-pagos-mensuales-provisionales-de-caracter-voluntario-como-mecanismo-exceptivo-de-la-retencion-en-la-fuente\\\/#breadcrumb\"},\"inLanguage\":\"es\",\"potentialAction\":[{\"@type\":\"ReadAction\",\"target\":[\"https:\\\/\\\/auren.com\\\/co\\\/blog\\\/reglamentado-el-sistema-de-pagos-mensuales-provisionales-de-caracter-voluntario-como-mecanismo-exceptivo-de-la-retencion-en-la-fuente\\\/\"]}]},{\"@type\":\"ImageObject\",\"inLanguage\":\"es\",\"@id\":\"https:\\\/\\\/auren.com\\\/co\\\/blog\\\/reglamentado-el-sistema-de-pagos-mensuales-provisionales-de-caracter-voluntario-como-mecanismo-exceptivo-de-la-retencion-en-la-fuente\\\/#primaryimage\",\"url\":\"https:\\\/\\\/auren.com\\\/co\\\/wp-content\\\/uploads\\\/2018\\\/12\\\/avances-cesion-viviendas-fines-turisticos-soledad-ortola-ricard-perez-1.jpg\",\"contentUrl\":\"https:\\\/\\\/auren.com\\\/co\\\/wp-content\\\/uploads\\\/2018\\\/12\\\/avances-cesion-viviendas-fines-turisticos-soledad-ortola-ricard-perez-1.jpg\",\"width\":1920,\"height\":655},{\"@type\":\"BreadcrumbList\",\"@id\":\"https:\\\/\\\/auren.com\\\/co\\\/blog\\\/reglamentado-el-sistema-de-pagos-mensuales-provisionales-de-caracter-voluntario-como-mecanismo-exceptivo-de-la-retencion-en-la-fuente\\\/#breadcrumb\",\"itemListElement\":[{\"@type\":\"ListItem\",\"position\":1,\"name\":\"Portada\",\"item\":\"https:\\\/\\\/auren.com\\\/co\\\/\"},{\"@type\":\"ListItem\",\"position\":2,\"name\":\"Reglamentado el sistema de pagos mensuales provisionales de car\u00e1cter voluntario, como mecanismo exceptivo de la retenci\u00f3n en la fuente\"}]},{\"@type\":\"WebSite\",\"@id\":\"https:\\\/\\\/auren.com\\\/co\\\/#website\",\"url\":\"https:\\\/\\\/auren.com\\\/co\\\/\",\"name\":\"Auren Colombia\",\"description\":\"\",\"publisher\":{\"@id\":\"https:\\\/\\\/auren.com\\\/co\\\/#organization\"},\"potentialAction\":[{\"@type\":\"SearchAction\",\"target\":{\"@type\":\"EntryPoint\",\"urlTemplate\":\"https:\\\/\\\/auren.com\\\/co\\\/?s={search_term_string}\"},\"query-input\":{\"@type\":\"PropertyValueSpecification\",\"valueRequired\":true,\"valueName\":\"search_term_string\"}}],\"inLanguage\":\"es\"},{\"@type\":\"Organization\",\"@id\":\"https:\\\/\\\/auren.com\\\/co\\\/#organization\",\"name\":\"Auren Colombia\",\"url\":\"https:\\\/\\\/auren.com\\\/co\\\/\",\"logo\":{\"@type\":\"ImageObject\",\"inLanguage\":\"es\",\"@id\":\"https:\\\/\\\/auren.com\\\/co\\\/#\\\/schema\\\/logo\\\/image\\\/\",\"url\":\"https:\\\/\\\/auren.com\\\/co\\\/wp-content\\\/uploads\\\/2025\\\/01\\\/cropped-cropped-favicon-Auren.png\",\"contentUrl\":\"https:\\\/\\\/auren.com\\\/co\\\/wp-content\\\/uploads\\\/2025\\\/01\\\/cropped-cropped-favicon-Auren.png\",\"width\":512,\"height\":512,\"caption\":\"Auren Colombia\"},\"image\":{\"@id\":\"https:\\\/\\\/auren.com\\\/co\\\/#\\\/schema\\\/logo\\\/image\\\/\"},\"sameAs\":[\"https:\\\/\\\/x.com\\\/AurenColombia\",\"https:\\\/\\\/www.instagram.com\\\/aurencolombia\\\/\",\"https:\\\/\\\/www.youtube.com\\\/channel\\\/UCRYoGRMR_k4oVWesdErApmA\",\"https:\\\/\\\/www.linkedin.com\\\/company\\\/auren-colombia\"]}]}<\/script>\n<!-- \/ Yoast SEO plugin. -->","yoast_head_json":{"title":"Reglamentado el sistema de pagos mensuales provisionales de car\u00e1cter voluntario, como mecanismo exceptivo de la retenci\u00f3n en la fuente - Auren Colombia","robots":{"index":"index","follow":"follow","max-snippet":"max-snippet:-1","max-image-preview":"max-image-preview:large","max-video-preview":"max-video-preview:-1"},"canonical":"https:\/\/auren.com\/co\/blog\/reglamentado-el-sistema-de-pagos-mensuales-provisionales-de-caracter-voluntario-como-mecanismo-exceptivo-de-la-retencion-en-la-fuente\/","og_locale":"es_ES","og_type":"article","og_title":"Reglamentado el sistema de pagos mensuales provisionales de car\u00e1cter voluntario, como mecanismo exceptivo de la retenci\u00f3n en la fuente - Auren Colombia","og_description":"El art\u00edculo 365 del Estatuto Tributario (ET) prev\u00e9 que la DIAN podr\u00e1 establecer un sistema de pagos mensuales provisionales por parte de los contribuyentes del impuesto de renta&#8230;","og_url":"https:\/\/auren.com\/co\/blog\/reglamentado-el-sistema-de-pagos-mensuales-provisionales-de-caracter-voluntario-como-mecanismo-exceptivo-de-la-retencion-en-la-fuente\/","og_site_name":"Auren Colombia","og_image":[{"width":1920,"height":655,"url":"https:\/\/auren.com\/co\/wp-content\/uploads\/2018\/12\/avances-cesion-viviendas-fines-turisticos-soledad-ortola-ricard-perez-1.jpg","type":"image\/jpeg"}],"twitter_card":"summary_large_image","twitter_site":"@AurenColombia","twitter_misc":{"Tiempo de lectura":"2 minutos"},"schema":{"@context":"https:\/\/schema.org","@graph":[{"@type":"WebPage","@id":"https:\/\/auren.com\/co\/blog\/reglamentado-el-sistema-de-pagos-mensuales-provisionales-de-caracter-voluntario-como-mecanismo-exceptivo-de-la-retencion-en-la-fuente\/","url":"https:\/\/auren.com\/co\/blog\/reglamentado-el-sistema-de-pagos-mensuales-provisionales-de-caracter-voluntario-como-mecanismo-exceptivo-de-la-retencion-en-la-fuente\/","name":"Reglamentado el sistema de pagos mensuales provisionales de car\u00e1cter voluntario, como mecanismo exceptivo de la retenci\u00f3n en la fuente - Auren Colombia","isPartOf":{"@id":"https:\/\/auren.com\/co\/#website"},"primaryImageOfPage":{"@id":"https:\/\/auren.com\/co\/blog\/reglamentado-el-sistema-de-pagos-mensuales-provisionales-de-caracter-voluntario-como-mecanismo-exceptivo-de-la-retencion-en-la-fuente\/#primaryimage"},"image":{"@id":"https:\/\/auren.com\/co\/blog\/reglamentado-el-sistema-de-pagos-mensuales-provisionales-de-caracter-voluntario-como-mecanismo-exceptivo-de-la-retencion-en-la-fuente\/#primaryimage"},"thumbnailUrl":"https:\/\/auren.com\/co\/wp-content\/uploads\/2018\/12\/avances-cesion-viviendas-fines-turisticos-soledad-ortola-ricard-perez-1.jpg","datePublished":"2018-12-14T12:53:30+00:00","breadcrumb":{"@id":"https:\/\/auren.com\/co\/blog\/reglamentado-el-sistema-de-pagos-mensuales-provisionales-de-caracter-voluntario-como-mecanismo-exceptivo-de-la-retencion-en-la-fuente\/#breadcrumb"},"inLanguage":"es","potentialAction":[{"@type":"ReadAction","target":["https:\/\/auren.com\/co\/blog\/reglamentado-el-sistema-de-pagos-mensuales-provisionales-de-caracter-voluntario-como-mecanismo-exceptivo-de-la-retencion-en-la-fuente\/"]}]},{"@type":"ImageObject","inLanguage":"es","@id":"https:\/\/auren.com\/co\/blog\/reglamentado-el-sistema-de-pagos-mensuales-provisionales-de-caracter-voluntario-como-mecanismo-exceptivo-de-la-retencion-en-la-fuente\/#primaryimage","url":"https:\/\/auren.com\/co\/wp-content\/uploads\/2018\/12\/avances-cesion-viviendas-fines-turisticos-soledad-ortola-ricard-perez-1.jpg","contentUrl":"https:\/\/auren.com\/co\/wp-content\/uploads\/2018\/12\/avances-cesion-viviendas-fines-turisticos-soledad-ortola-ricard-perez-1.jpg","width":1920,"height":655},{"@type":"BreadcrumbList","@id":"https:\/\/auren.com\/co\/blog\/reglamentado-el-sistema-de-pagos-mensuales-provisionales-de-caracter-voluntario-como-mecanismo-exceptivo-de-la-retencion-en-la-fuente\/#breadcrumb","itemListElement":[{"@type":"ListItem","position":1,"name":"Portada","item":"https:\/\/auren.com\/co\/"},{"@type":"ListItem","position":2,"name":"Reglamentado el sistema de pagos mensuales provisionales de car\u00e1cter voluntario, como mecanismo exceptivo de la retenci\u00f3n en la fuente"}]},{"@type":"WebSite","@id":"https:\/\/auren.com\/co\/#website","url":"https:\/\/auren.com\/co\/","name":"Auren Colombia","description":"","publisher":{"@id":"https:\/\/auren.com\/co\/#organization"},"potentialAction":[{"@type":"SearchAction","target":{"@type":"EntryPoint","urlTemplate":"https:\/\/auren.com\/co\/?s={search_term_string}"},"query-input":{"@type":"PropertyValueSpecification","valueRequired":true,"valueName":"search_term_string"}}],"inLanguage":"es"},{"@type":"Organization","@id":"https:\/\/auren.com\/co\/#organization","name":"Auren Colombia","url":"https:\/\/auren.com\/co\/","logo":{"@type":"ImageObject","inLanguage":"es","@id":"https:\/\/auren.com\/co\/#\/schema\/logo\/image\/","url":"https:\/\/auren.com\/co\/wp-content\/uploads\/2025\/01\/cropped-cropped-favicon-Auren.png","contentUrl":"https:\/\/auren.com\/co\/wp-content\/uploads\/2025\/01\/cropped-cropped-favicon-Auren.png","width":512,"height":512,"caption":"Auren Colombia"},"image":{"@id":"https:\/\/auren.com\/co\/#\/schema\/logo\/image\/"},"sameAs":["https:\/\/x.com\/AurenColombia","https:\/\/www.instagram.com\/aurencolombia\/","https:\/\/www.youtube.com\/channel\/UCRYoGRMR_k4oVWesdErApmA","https:\/\/www.linkedin.com\/company\/auren-colombia"]}]}},"_links":{"self":[{"href":"https:\/\/auren.com\/co\/wp-json\/wp\/v2\/blog\/10734","targetHints":{"allow":["GET"]}}],"collection":[{"href":"https:\/\/auren.com\/co\/wp-json\/wp\/v2\/blog"}],"about":[{"href":"https:\/\/auren.com\/co\/wp-json\/wp\/v2\/types\/blog"}],"version-history":[{"count":0,"href":"https:\/\/auren.com\/co\/wp-json\/wp\/v2\/blog\/10734\/revisions"}],"wp:featuredmedia":[{"embeddable":true,"href":"https:\/\/auren.com\/co\/wp-json\/wp\/v2\/media\/10735"}],"wp:attachment":[{"href":"https:\/\/auren.com\/co\/wp-json\/wp\/v2\/media?parent=10734"}],"wp:term":[{"taxonomy":"blog-category","embeddable":true,"href":"https:\/\/auren.com\/co\/wp-json\/wp\/v2\/blog-category?post=10734"}],"curies":[{"name":"wp","href":"https:\/\/api.w.org\/{rel}","templated":true}]}}