{"id":10737,"date":"2018-12-13T21:39:43","date_gmt":"2018-12-13T20:39:43","guid":{"rendered":"https:\/\/auren.com\/co\/blog\/efectos-del-no-registro-de-la-garantia-mobiliaria\/"},"modified":"2018-12-13T21:39:43","modified_gmt":"2018-12-13T20:39:43","slug":"efectos-del-no-registro-de-la-garantia-mobiliaria","status":"publish","type":"blog","link":"https:\/\/auren.com\/co\/blog\/efectos-del-no-registro-de-la-garantia-mobiliaria\/","title":{"rendered":"Efectos del no registro de la garant\u00eda mobiliaria"},"content":{"rendered":"<\/p>\n<p>La ley 1676 de 2013 establece como mecanismo de acceso al cr\u00e9dito, la constituci\u00f3n de garant\u00edas mobiliarias para respaldar con una amplia gama de bienes, derechos o acciones, el pago de las obligaciones, con el prop\u00f3sito de mitigar el riesgo de no pago, o de lograr efectivamente el cobro de la obligaci\u00f3n.   <\/p>\n<p>&nbsp;Para acceder a las prerrogativas legales derivadas del registro de la garant\u00eda mobiliaria, destac\u00f3 la Superintendencia de Sociedades, es preciso cumplir con el requisito de oponibilidad, el cual se cumple con la inscripci\u00f3n del respectivo contrato de garant\u00eda mobiliaria en el registro establecido para tal efecto, administrado por CONFECAMARAS.<\/p>\n<p>&nbsp; &nbsp; En palabras de la entidad, este proceder permite al acreedor dar publicidad frente a terceros garantizados con el mismo bien, de tal forma que pueda asegurarse su ejecuci\u00f3n en primer lugar, frente a un eventual incumplimiento de la obligaci\u00f3n seg\u00fan su prelaci\u00f3n legal de pago, frente a los dem\u00e1s acreedores garantizados con el mismo bien.<\/p>\n<p>&nbsp;Por su parte, se\u00f1al\u00f3 la entidad que el contenido del contrato de garant\u00eda mobiliaria, puede ser modificado con posterioridad, para agregar o sustituir bienes dados en garant\u00eda, o para agregar personas que act\u00faen como garantes, lo cual requiere ser autorizado y firmado por el garante, requisito necesario y suficiente para autorizar la inscripci\u00f3n de la garant\u00eda mobiliaria en el registro como sus modificaciones posteriores.<\/p>\n<p>&nbsp;   Finalmente, se\u00f1al\u00f3 la Superintendencia que el r\u00e9gimen de garant\u00edas mobiliarias no regula un t\u00e9rmino dentro del cual deben inscribirse en el registro correspondiente, las garant\u00edas constituidas a partir de su vigencia, sin perjuicio de lo cual concluy\u00f3 que una garant\u00eda mobiliaria que sea oponible por raz\u00f3n de su inscripci\u00f3n en el registro, tendr\u00e1 prelaci\u00f3n sobre aquella garant\u00eda que no hubiere sido inscrita.<\/p>\n<p><em>Fuente: Superintendencia de Sociedades, Oficio 220-169289 del 8 de noviembre de 2018<\/em><\/p>\n<p><!-- AddThis Advanced Settings generic via filter on the_content --><!-- AddThis Share Buttons generic via filter on the_content --><\/p>\n","protected":false},"excerpt":{"rendered":"<p>La ley 1676 de 2013 establece como mecanismo de acceso al cr\u00e9dito, la constituci\u00f3n de garant\u00edas mobiliarias para respaldar con una amplia gama de bienes&#8230;<\/p>\n","protected":false},"featured_media":10738,"template":"","meta":{"_acf_changed":false,"footnotes":""},"blog-category":[],"class_list":["post-10737","blog","type-blog","status-publish","has-post-thumbnail","hentry"],"acf":[],"yoast_head":"<!-- This site is optimized with the Yoast SEO plugin v27.4 - https:\/\/yoast.com\/product\/yoast-seo-wordpress\/ -->\n<title>Efectos del no registro de la garant\u00eda mobiliaria - Auren Colombia<\/title>\n<meta name=\"robots\" content=\"index, follow, max-snippet:-1, max-image-preview:large, max-video-preview:-1\" \/>\n<link rel=\"canonical\" href=\"https:\/\/auren.com\/co\/blog\/efectos-del-no-registro-de-la-garantia-mobiliaria\/\" \/>\n<meta property=\"og:locale\" content=\"es_ES\" \/>\n<meta property=\"og:type\" content=\"article\" \/>\n<meta property=\"og:title\" content=\"Efectos del no registro de la garant\u00eda mobiliaria - Auren Colombia\" \/>\n<meta property=\"og:description\" content=\"La ley 1676 de 2013 establece como mecanismo de acceso al cr\u00e9dito, la constituci\u00f3n de garant\u00edas mobiliarias para respaldar con una amplia gama de bienes&#8230;\" \/>\n<meta property=\"og:url\" content=\"https:\/\/auren.com\/co\/blog\/efectos-del-no-registro-de-la-garantia-mobiliaria\/\" \/>\n<meta property=\"og:site_name\" content=\"Auren Colombia\" \/>\n<meta property=\"og:image\" content=\"https:\/\/auren.com\/co\/wp-content\/uploads\/2018\/12\/manos-trabajando-articulos-oficina-1921-179-1.jpg\" \/>\n\t<meta property=\"og:image:width\" content=\"626\" \/>\n\t<meta property=\"og:image:height\" content=\"415\" \/>\n\t<meta property=\"og:image:type\" content=\"image\/jpeg\" \/>\n<meta name=\"twitter:card\" content=\"summary_large_image\" \/>\n<meta name=\"twitter:site\" content=\"@AurenColombia\" \/>\n<meta name=\"twitter:label1\" content=\"Tiempo de lectura\" \/>\n\t<meta name=\"twitter:data1\" content=\"2 minutos\" \/>\n<script type=\"application\/ld+json\" class=\"yoast-schema-graph\">{\"@context\":\"https:\\\/\\\/schema.org\",\"@graph\":[{\"@type\":\"WebPage\",\"@id\":\"https:\\\/\\\/auren.com\\\/co\\\/blog\\\/efectos-del-no-registro-de-la-garantia-mobiliaria\\\/\",\"url\":\"https:\\\/\\\/auren.com\\\/co\\\/blog\\\/efectos-del-no-registro-de-la-garantia-mobiliaria\\\/\",\"name\":\"Efectos del no registro de la garant\u00eda mobiliaria - Auren Colombia\",\"isPartOf\":{\"@id\":\"https:\\\/\\\/auren.com\\\/co\\\/#website\"},\"primaryImageOfPage\":{\"@id\":\"https:\\\/\\\/auren.com\\\/co\\\/blog\\\/efectos-del-no-registro-de-la-garantia-mobiliaria\\\/#primaryimage\"},\"image\":{\"@id\":\"https:\\\/\\\/auren.com\\\/co\\\/blog\\\/efectos-del-no-registro-de-la-garantia-mobiliaria\\\/#primaryimage\"},\"thumbnailUrl\":\"https:\\\/\\\/auren.com\\\/co\\\/wp-content\\\/uploads\\\/2018\\\/12\\\/manos-trabajando-articulos-oficina-1921-179-1.jpg\",\"datePublished\":\"2018-12-13T20:39:43+00:00\",\"breadcrumb\":{\"@id\":\"https:\\\/\\\/auren.com\\\/co\\\/blog\\\/efectos-del-no-registro-de-la-garantia-mobiliaria\\\/#breadcrumb\"},\"inLanguage\":\"es\",\"potentialAction\":[{\"@type\":\"ReadAction\",\"target\":[\"https:\\\/\\\/auren.com\\\/co\\\/blog\\\/efectos-del-no-registro-de-la-garantia-mobiliaria\\\/\"]}]},{\"@type\":\"ImageObject\",\"inLanguage\":\"es\",\"@id\":\"https:\\\/\\\/auren.com\\\/co\\\/blog\\\/efectos-del-no-registro-de-la-garantia-mobiliaria\\\/#primaryimage\",\"url\":\"https:\\\/\\\/auren.com\\\/co\\\/wp-content\\\/uploads\\\/2018\\\/12\\\/manos-trabajando-articulos-oficina-1921-179-1.jpg\",\"contentUrl\":\"https:\\\/\\\/auren.com\\\/co\\\/wp-content\\\/uploads\\\/2018\\\/12\\\/manos-trabajando-articulos-oficina-1921-179-1.jpg\",\"width\":626,\"height\":415},{\"@type\":\"BreadcrumbList\",\"@id\":\"https:\\\/\\\/auren.com\\\/co\\\/blog\\\/efectos-del-no-registro-de-la-garantia-mobiliaria\\\/#breadcrumb\",\"itemListElement\":[{\"@type\":\"ListItem\",\"position\":1,\"name\":\"Portada\",\"item\":\"https:\\\/\\\/auren.com\\\/co\\\/\"},{\"@type\":\"ListItem\",\"position\":2,\"name\":\"Efectos del no registro de la garant\u00eda mobiliaria\"}]},{\"@type\":\"WebSite\",\"@id\":\"https:\\\/\\\/auren.com\\\/co\\\/#website\",\"url\":\"https:\\\/\\\/auren.com\\\/co\\\/\",\"name\":\"Auren Colombia\",\"description\":\"\",\"publisher\":{\"@id\":\"https:\\\/\\\/auren.com\\\/co\\\/#organization\"},\"potentialAction\":[{\"@type\":\"SearchAction\",\"target\":{\"@type\":\"EntryPoint\",\"urlTemplate\":\"https:\\\/\\\/auren.com\\\/co\\\/?s={search_term_string}\"},\"query-input\":{\"@type\":\"PropertyValueSpecification\",\"valueRequired\":true,\"valueName\":\"search_term_string\"}}],\"inLanguage\":\"es\"},{\"@type\":\"Organization\",\"@id\":\"https:\\\/\\\/auren.com\\\/co\\\/#organization\",\"name\":\"Auren Colombia\",\"url\":\"https:\\\/\\\/auren.com\\\/co\\\/\",\"logo\":{\"@type\":\"ImageObject\",\"inLanguage\":\"es\",\"@id\":\"https:\\\/\\\/auren.com\\\/co\\\/#\\\/schema\\\/logo\\\/image\\\/\",\"url\":\"https:\\\/\\\/auren.com\\\/co\\\/wp-content\\\/uploads\\\/2025\\\/01\\\/cropped-cropped-favicon-Auren.png\",\"contentUrl\":\"https:\\\/\\\/auren.com\\\/co\\\/wp-content\\\/uploads\\\/2025\\\/01\\\/cropped-cropped-favicon-Auren.png\",\"width\":512,\"height\":512,\"caption\":\"Auren Colombia\"},\"image\":{\"@id\":\"https:\\\/\\\/auren.com\\\/co\\\/#\\\/schema\\\/logo\\\/image\\\/\"},\"sameAs\":[\"https:\\\/\\\/x.com\\\/AurenColombia\",\"https:\\\/\\\/www.instagram.com\\\/aurencolombia\\\/\",\"https:\\\/\\\/www.youtube.com\\\/channel\\\/UCRYoGRMR_k4oVWesdErApmA\",\"https:\\\/\\\/www.linkedin.com\\\/company\\\/auren-colombia\"]}]}<\/script>\n<!-- \/ Yoast SEO plugin. -->","yoast_head_json":{"title":"Efectos del no registro de la garant\u00eda mobiliaria - Auren Colombia","robots":{"index":"index","follow":"follow","max-snippet":"max-snippet:-1","max-image-preview":"max-image-preview:large","max-video-preview":"max-video-preview:-1"},"canonical":"https:\/\/auren.com\/co\/blog\/efectos-del-no-registro-de-la-garantia-mobiliaria\/","og_locale":"es_ES","og_type":"article","og_title":"Efectos del no registro de la garant\u00eda mobiliaria - Auren Colombia","og_description":"La ley 1676 de 2013 establece como mecanismo de acceso al cr\u00e9dito, la constituci\u00f3n de garant\u00edas mobiliarias para respaldar con una amplia gama de bienes&#8230;","og_url":"https:\/\/auren.com\/co\/blog\/efectos-del-no-registro-de-la-garantia-mobiliaria\/","og_site_name":"Auren Colombia","og_image":[{"width":626,"height":415,"url":"https:\/\/auren.com\/co\/wp-content\/uploads\/2018\/12\/manos-trabajando-articulos-oficina-1921-179-1.jpg","type":"image\/jpeg"}],"twitter_card":"summary_large_image","twitter_site":"@AurenColombia","twitter_misc":{"Tiempo de lectura":"2 minutos"},"schema":{"@context":"https:\/\/schema.org","@graph":[{"@type":"WebPage","@id":"https:\/\/auren.com\/co\/blog\/efectos-del-no-registro-de-la-garantia-mobiliaria\/","url":"https:\/\/auren.com\/co\/blog\/efectos-del-no-registro-de-la-garantia-mobiliaria\/","name":"Efectos del no registro de la garant\u00eda mobiliaria - Auren Colombia","isPartOf":{"@id":"https:\/\/auren.com\/co\/#website"},"primaryImageOfPage":{"@id":"https:\/\/auren.com\/co\/blog\/efectos-del-no-registro-de-la-garantia-mobiliaria\/#primaryimage"},"image":{"@id":"https:\/\/auren.com\/co\/blog\/efectos-del-no-registro-de-la-garantia-mobiliaria\/#primaryimage"},"thumbnailUrl":"https:\/\/auren.com\/co\/wp-content\/uploads\/2018\/12\/manos-trabajando-articulos-oficina-1921-179-1.jpg","datePublished":"2018-12-13T20:39:43+00:00","breadcrumb":{"@id":"https:\/\/auren.com\/co\/blog\/efectos-del-no-registro-de-la-garantia-mobiliaria\/#breadcrumb"},"inLanguage":"es","potentialAction":[{"@type":"ReadAction","target":["https:\/\/auren.com\/co\/blog\/efectos-del-no-registro-de-la-garantia-mobiliaria\/"]}]},{"@type":"ImageObject","inLanguage":"es","@id":"https:\/\/auren.com\/co\/blog\/efectos-del-no-registro-de-la-garantia-mobiliaria\/#primaryimage","url":"https:\/\/auren.com\/co\/wp-content\/uploads\/2018\/12\/manos-trabajando-articulos-oficina-1921-179-1.jpg","contentUrl":"https:\/\/auren.com\/co\/wp-content\/uploads\/2018\/12\/manos-trabajando-articulos-oficina-1921-179-1.jpg","width":626,"height":415},{"@type":"BreadcrumbList","@id":"https:\/\/auren.com\/co\/blog\/efectos-del-no-registro-de-la-garantia-mobiliaria\/#breadcrumb","itemListElement":[{"@type":"ListItem","position":1,"name":"Portada","item":"https:\/\/auren.com\/co\/"},{"@type":"ListItem","position":2,"name":"Efectos del no registro de la garant\u00eda mobiliaria"}]},{"@type":"WebSite","@id":"https:\/\/auren.com\/co\/#website","url":"https:\/\/auren.com\/co\/","name":"Auren Colombia","description":"","publisher":{"@id":"https:\/\/auren.com\/co\/#organization"},"potentialAction":[{"@type":"SearchAction","target":{"@type":"EntryPoint","urlTemplate":"https:\/\/auren.com\/co\/?s={search_term_string}"},"query-input":{"@type":"PropertyValueSpecification","valueRequired":true,"valueName":"search_term_string"}}],"inLanguage":"es"},{"@type":"Organization","@id":"https:\/\/auren.com\/co\/#organization","name":"Auren Colombia","url":"https:\/\/auren.com\/co\/","logo":{"@type":"ImageObject","inLanguage":"es","@id":"https:\/\/auren.com\/co\/#\/schema\/logo\/image\/","url":"https:\/\/auren.com\/co\/wp-content\/uploads\/2025\/01\/cropped-cropped-favicon-Auren.png","contentUrl":"https:\/\/auren.com\/co\/wp-content\/uploads\/2025\/01\/cropped-cropped-favicon-Auren.png","width":512,"height":512,"caption":"Auren Colombia"},"image":{"@id":"https:\/\/auren.com\/co\/#\/schema\/logo\/image\/"},"sameAs":["https:\/\/x.com\/AurenColombia","https:\/\/www.instagram.com\/aurencolombia\/","https:\/\/www.youtube.com\/channel\/UCRYoGRMR_k4oVWesdErApmA","https:\/\/www.linkedin.com\/company\/auren-colombia"]}]}},"_links":{"self":[{"href":"https:\/\/auren.com\/co\/wp-json\/wp\/v2\/blog\/10737","targetHints":{"allow":["GET"]}}],"collection":[{"href":"https:\/\/auren.com\/co\/wp-json\/wp\/v2\/blog"}],"about":[{"href":"https:\/\/auren.com\/co\/wp-json\/wp\/v2\/types\/blog"}],"version-history":[{"count":0,"href":"https:\/\/auren.com\/co\/wp-json\/wp\/v2\/blog\/10737\/revisions"}],"wp:featuredmedia":[{"embeddable":true,"href":"https:\/\/auren.com\/co\/wp-json\/wp\/v2\/media\/10738"}],"wp:attachment":[{"href":"https:\/\/auren.com\/co\/wp-json\/wp\/v2\/media?parent=10737"}],"wp:term":[{"taxonomy":"blog-category","embeddable":true,"href":"https:\/\/auren.com\/co\/wp-json\/wp\/v2\/blog-category?post=10737"}],"curies":[{"name":"wp","href":"https:\/\/api.w.org\/{rel}","templated":true}]}}