{"id":10746,"date":"2018-12-13T21:07:36","date_gmt":"2018-12-13T20:07:36","guid":{"rendered":"https:\/\/auren.com\/co\/blog\/dian-explica-firmeza-de-las-declaraciones-del-iva-y-de-retencion-en-la-fuente-antes-y-despues-de-la-ley-1819-de-2016\/"},"modified":"2018-12-13T21:07:36","modified_gmt":"2018-12-13T20:07:36","slug":"dian-explica-firmeza-de-las-declaraciones-del-iva-y-de-retencion-en-la-fuente-antes-y-despues-de-la-ley-1819-de-2016","status":"publish","type":"blog","link":"https:\/\/auren.com\/co\/blog\/dian-explica-firmeza-de-las-declaraciones-del-iva-y-de-retencion-en-la-fuente-antes-y-despues-de-la-ley-1819-de-2016\/","title":{"rendered":"DIAN explica firmeza de las declaraciones del IVA y de retenci\u00f3n en la fuente antes y despu\u00e9s de la ley 1819 de 2016"},"content":{"rendered":"<\/p>\n<p>La firmeza de las declaraciones del IVA y de retenci\u00f3n en la fuente, est\u00e1 atada a la firmeza de la declaraci\u00f3n de renta del a\u00f1o gravable a que correspondan los per\u00edodos del IVA y retenci\u00f3n.   <\/p>\n<p>&nbsp;En concepto publicado de manera reciente, la DIAN se\u00f1al\u00f3 que antes de la entrada en vigencia de la ley 1819 de 2016, el beneficio de auditor\u00eda (en virtud del cual se acortaba el per\u00edodo de firmeza de la declaraci\u00f3n de renta), no se extend\u00eda a las declaraciones del IVA y de retenci\u00f3n en fuente, sino que para estas declaraciones la firmeza operaba de conformidad con las normas generales.<\/p>\n<p>&nbsp;Bajo tal consideraci\u00f3n, la administraci\u00f3n tributaria precis\u00f3 el alcance del Oficio 48953 de 2007, en el sentido de indicar que, acorde con lo dispuesto en el \u00faltimo inciso del art\u00edculo 147 y el art\u00edculo 705-1 del Estatuto Tributario, antes de las modificaciones introducidas por la Ley 1819 de 2016, el t\u00e9rmino de firmeza de las declaraciones del IVA y de retenci\u00f3n en la fuente, correspondientes al mismo a\u00f1o gravable de la declaraci\u00f3n de renta que arroja p\u00e9rdida fiscal, es el mismo de la respectiva declaraci\u00f3n de renta, para el caso 5 a\u00f1os.<\/p>\n<p>A partir del primero de enero de 2017, la firmeza de la declaraci\u00f3n de renta y sus correcciones, en las que se determinen o compensen p\u00e9rdidas fiscales, es de 6 a\u00f1os contados a partir de su presentaci\u00f3n.<\/p>\n<p><em>Fuente:&nbsp; DIAN, Concepto 18552 del 17 de julio de 2018<\/em><\/p>\n<p><!-- AddThis Advanced Settings generic via filter on the_content --><!-- AddThis Share Buttons generic via filter on the_content --><\/p>\n","protected":false},"excerpt":{"rendered":"<p>La firmeza de las declaraciones del IVA y de retenci\u00f3n en la fuente, est\u00e1 atada a la firmeza de la declaraci\u00f3n de renta del a\u00f1o gravable a que correspondan los per\u00edodos del IVA y retenci\u00f3n&#8230;<\/p>\n","protected":false},"featured_media":10747,"template":"","meta":{"_acf_changed":false,"footnotes":""},"blog-category":[],"class_list":["post-10746","blog","type-blog","status-publish","has-post-thumbnail","hentry"],"acf":[],"yoast_head":"<!-- This site is optimized with the Yoast SEO plugin v27.4 - https:\/\/yoast.com\/product\/yoast-seo-wordpress\/ -->\n<title>DIAN explica firmeza de las declaraciones del IVA y de retenci\u00f3n en la fuente antes y despu\u00e9s de la ley 1819 de 2016 - Auren Colombia<\/title>\n<meta name=\"robots\" content=\"index, follow, max-snippet:-1, max-image-preview:large, max-video-preview:-1\" \/>\n<link rel=\"canonical\" href=\"https:\/\/auren.com\/co\/blog\/dian-explica-firmeza-de-las-declaraciones-del-iva-y-de-retencion-en-la-fuente-antes-y-despues-de-la-ley-1819-de-2016\/\" \/>\n<meta property=\"og:locale\" content=\"es_ES\" \/>\n<meta property=\"og:type\" content=\"article\" \/>\n<meta property=\"og:title\" content=\"DIAN explica firmeza de las declaraciones del IVA y de retenci\u00f3n en la fuente antes y despu\u00e9s de la ley 1819 de 2016 - Auren Colombia\" \/>\n<meta property=\"og:description\" content=\"La firmeza de las declaraciones del IVA y de retenci\u00f3n en la fuente, est\u00e1 atada a la firmeza de la declaraci\u00f3n de renta del a\u00f1o gravable a que correspondan los per\u00edodos del IVA y retenci\u00f3n&#8230;\" \/>\n<meta property=\"og:url\" content=\"https:\/\/auren.com\/co\/blog\/dian-explica-firmeza-de-las-declaraciones-del-iva-y-de-retencion-en-la-fuente-antes-y-despues-de-la-ley-1819-de-2016\/\" \/>\n<meta property=\"og:site_name\" content=\"Auren Colombia\" \/>\n<meta property=\"og:image\" content=\"https:\/\/auren.com\/co\/wp-content\/uploads\/2018\/12\/hands-32-3.jpg\" \/>\n\t<meta property=\"og:image:width\" content=\"1000\" \/>\n\t<meta property=\"og:image:height\" content=\"667\" \/>\n\t<meta property=\"og:image:type\" content=\"image\/jpeg\" \/>\n<meta name=\"twitter:card\" content=\"summary_large_image\" \/>\n<meta name=\"twitter:site\" content=\"@AurenColombia\" \/>\n<meta name=\"twitter:label1\" content=\"Tiempo de lectura\" \/>\n\t<meta name=\"twitter:data1\" content=\"1 minuto\" \/>\n<script type=\"application\/ld+json\" class=\"yoast-schema-graph\">{\"@context\":\"https:\\\/\\\/schema.org\",\"@graph\":[{\"@type\":\"WebPage\",\"@id\":\"https:\\\/\\\/auren.com\\\/co\\\/blog\\\/dian-explica-firmeza-de-las-declaraciones-del-iva-y-de-retencion-en-la-fuente-antes-y-despues-de-la-ley-1819-de-2016\\\/\",\"url\":\"https:\\\/\\\/auren.com\\\/co\\\/blog\\\/dian-explica-firmeza-de-las-declaraciones-del-iva-y-de-retencion-en-la-fuente-antes-y-despues-de-la-ley-1819-de-2016\\\/\",\"name\":\"DIAN explica firmeza de las declaraciones del IVA y de retenci\u00f3n en la fuente antes y despu\u00e9s de la ley 1819 de 2016 - Auren Colombia\",\"isPartOf\":{\"@id\":\"https:\\\/\\\/auren.com\\\/co\\\/#website\"},\"primaryImageOfPage\":{\"@id\":\"https:\\\/\\\/auren.com\\\/co\\\/blog\\\/dian-explica-firmeza-de-las-declaraciones-del-iva-y-de-retencion-en-la-fuente-antes-y-despues-de-la-ley-1819-de-2016\\\/#primaryimage\"},\"image\":{\"@id\":\"https:\\\/\\\/auren.com\\\/co\\\/blog\\\/dian-explica-firmeza-de-las-declaraciones-del-iva-y-de-retencion-en-la-fuente-antes-y-despues-de-la-ley-1819-de-2016\\\/#primaryimage\"},\"thumbnailUrl\":\"https:\\\/\\\/auren.com\\\/co\\\/wp-content\\\/uploads\\\/2018\\\/12\\\/hands-32-3.jpg\",\"datePublished\":\"2018-12-13T20:07:36+00:00\",\"breadcrumb\":{\"@id\":\"https:\\\/\\\/auren.com\\\/co\\\/blog\\\/dian-explica-firmeza-de-las-declaraciones-del-iva-y-de-retencion-en-la-fuente-antes-y-despues-de-la-ley-1819-de-2016\\\/#breadcrumb\"},\"inLanguage\":\"es\",\"potentialAction\":[{\"@type\":\"ReadAction\",\"target\":[\"https:\\\/\\\/auren.com\\\/co\\\/blog\\\/dian-explica-firmeza-de-las-declaraciones-del-iva-y-de-retencion-en-la-fuente-antes-y-despues-de-la-ley-1819-de-2016\\\/\"]}]},{\"@type\":\"ImageObject\",\"inLanguage\":\"es\",\"@id\":\"https:\\\/\\\/auren.com\\\/co\\\/blog\\\/dian-explica-firmeza-de-las-declaraciones-del-iva-y-de-retencion-en-la-fuente-antes-y-despues-de-la-ley-1819-de-2016\\\/#primaryimage\",\"url\":\"https:\\\/\\\/auren.com\\\/co\\\/wp-content\\\/uploads\\\/2018\\\/12\\\/hands-32-3.jpg\",\"contentUrl\":\"https:\\\/\\\/auren.com\\\/co\\\/wp-content\\\/uploads\\\/2018\\\/12\\\/hands-32-3.jpg\",\"width\":1000,\"height\":667},{\"@type\":\"BreadcrumbList\",\"@id\":\"https:\\\/\\\/auren.com\\\/co\\\/blog\\\/dian-explica-firmeza-de-las-declaraciones-del-iva-y-de-retencion-en-la-fuente-antes-y-despues-de-la-ley-1819-de-2016\\\/#breadcrumb\",\"itemListElement\":[{\"@type\":\"ListItem\",\"position\":1,\"name\":\"Portada\",\"item\":\"https:\\\/\\\/auren.com\\\/co\\\/\"},{\"@type\":\"ListItem\",\"position\":2,\"name\":\"DIAN explica firmeza de las declaraciones del IVA y de retenci\u00f3n en la fuente antes y despu\u00e9s de la ley 1819 de 2016\"}]},{\"@type\":\"WebSite\",\"@id\":\"https:\\\/\\\/auren.com\\\/co\\\/#website\",\"url\":\"https:\\\/\\\/auren.com\\\/co\\\/\",\"name\":\"Auren Colombia\",\"description\":\"\",\"publisher\":{\"@id\":\"https:\\\/\\\/auren.com\\\/co\\\/#organization\"},\"potentialAction\":[{\"@type\":\"SearchAction\",\"target\":{\"@type\":\"EntryPoint\",\"urlTemplate\":\"https:\\\/\\\/auren.com\\\/co\\\/?s={search_term_string}\"},\"query-input\":{\"@type\":\"PropertyValueSpecification\",\"valueRequired\":true,\"valueName\":\"search_term_string\"}}],\"inLanguage\":\"es\"},{\"@type\":\"Organization\",\"@id\":\"https:\\\/\\\/auren.com\\\/co\\\/#organization\",\"name\":\"Auren Colombia\",\"url\":\"https:\\\/\\\/auren.com\\\/co\\\/\",\"logo\":{\"@type\":\"ImageObject\",\"inLanguage\":\"es\",\"@id\":\"https:\\\/\\\/auren.com\\\/co\\\/#\\\/schema\\\/logo\\\/image\\\/\",\"url\":\"https:\\\/\\\/auren.com\\\/co\\\/wp-content\\\/uploads\\\/2025\\\/01\\\/cropped-cropped-favicon-Auren.png\",\"contentUrl\":\"https:\\\/\\\/auren.com\\\/co\\\/wp-content\\\/uploads\\\/2025\\\/01\\\/cropped-cropped-favicon-Auren.png\",\"width\":512,\"height\":512,\"caption\":\"Auren Colombia\"},\"image\":{\"@id\":\"https:\\\/\\\/auren.com\\\/co\\\/#\\\/schema\\\/logo\\\/image\\\/\"},\"sameAs\":[\"https:\\\/\\\/x.com\\\/AurenColombia\",\"https:\\\/\\\/www.instagram.com\\\/aurencolombia\\\/\",\"https:\\\/\\\/www.youtube.com\\\/channel\\\/UCRYoGRMR_k4oVWesdErApmA\",\"https:\\\/\\\/www.linkedin.com\\\/company\\\/auren-colombia\"]}]}<\/script>\n<!-- \/ Yoast SEO plugin. -->","yoast_head_json":{"title":"DIAN explica firmeza de las declaraciones del IVA y de retenci\u00f3n en la fuente antes y despu\u00e9s de la ley 1819 de 2016 - Auren Colombia","robots":{"index":"index","follow":"follow","max-snippet":"max-snippet:-1","max-image-preview":"max-image-preview:large","max-video-preview":"max-video-preview:-1"},"canonical":"https:\/\/auren.com\/co\/blog\/dian-explica-firmeza-de-las-declaraciones-del-iva-y-de-retencion-en-la-fuente-antes-y-despues-de-la-ley-1819-de-2016\/","og_locale":"es_ES","og_type":"article","og_title":"DIAN explica firmeza de las declaraciones del IVA y de retenci\u00f3n en la fuente antes y despu\u00e9s de la ley 1819 de 2016 - Auren Colombia","og_description":"La firmeza de las declaraciones del IVA y de retenci\u00f3n en la fuente, est\u00e1 atada a la firmeza de la declaraci\u00f3n de renta del a\u00f1o gravable a que correspondan los per\u00edodos del IVA y retenci\u00f3n&#8230;","og_url":"https:\/\/auren.com\/co\/blog\/dian-explica-firmeza-de-las-declaraciones-del-iva-y-de-retencion-en-la-fuente-antes-y-despues-de-la-ley-1819-de-2016\/","og_site_name":"Auren Colombia","og_image":[{"width":1000,"height":667,"url":"https:\/\/auren.com\/co\/wp-content\/uploads\/2018\/12\/hands-32-3.jpg","type":"image\/jpeg"}],"twitter_card":"summary_large_image","twitter_site":"@AurenColombia","twitter_misc":{"Tiempo de lectura":"1 minuto"},"schema":{"@context":"https:\/\/schema.org","@graph":[{"@type":"WebPage","@id":"https:\/\/auren.com\/co\/blog\/dian-explica-firmeza-de-las-declaraciones-del-iva-y-de-retencion-en-la-fuente-antes-y-despues-de-la-ley-1819-de-2016\/","url":"https:\/\/auren.com\/co\/blog\/dian-explica-firmeza-de-las-declaraciones-del-iva-y-de-retencion-en-la-fuente-antes-y-despues-de-la-ley-1819-de-2016\/","name":"DIAN explica firmeza de las declaraciones del IVA y de retenci\u00f3n en la fuente antes y despu\u00e9s de la ley 1819 de 2016 - Auren Colombia","isPartOf":{"@id":"https:\/\/auren.com\/co\/#website"},"primaryImageOfPage":{"@id":"https:\/\/auren.com\/co\/blog\/dian-explica-firmeza-de-las-declaraciones-del-iva-y-de-retencion-en-la-fuente-antes-y-despues-de-la-ley-1819-de-2016\/#primaryimage"},"image":{"@id":"https:\/\/auren.com\/co\/blog\/dian-explica-firmeza-de-las-declaraciones-del-iva-y-de-retencion-en-la-fuente-antes-y-despues-de-la-ley-1819-de-2016\/#primaryimage"},"thumbnailUrl":"https:\/\/auren.com\/co\/wp-content\/uploads\/2018\/12\/hands-32-3.jpg","datePublished":"2018-12-13T20:07:36+00:00","breadcrumb":{"@id":"https:\/\/auren.com\/co\/blog\/dian-explica-firmeza-de-las-declaraciones-del-iva-y-de-retencion-en-la-fuente-antes-y-despues-de-la-ley-1819-de-2016\/#breadcrumb"},"inLanguage":"es","potentialAction":[{"@type":"ReadAction","target":["https:\/\/auren.com\/co\/blog\/dian-explica-firmeza-de-las-declaraciones-del-iva-y-de-retencion-en-la-fuente-antes-y-despues-de-la-ley-1819-de-2016\/"]}]},{"@type":"ImageObject","inLanguage":"es","@id":"https:\/\/auren.com\/co\/blog\/dian-explica-firmeza-de-las-declaraciones-del-iva-y-de-retencion-en-la-fuente-antes-y-despues-de-la-ley-1819-de-2016\/#primaryimage","url":"https:\/\/auren.com\/co\/wp-content\/uploads\/2018\/12\/hands-32-3.jpg","contentUrl":"https:\/\/auren.com\/co\/wp-content\/uploads\/2018\/12\/hands-32-3.jpg","width":1000,"height":667},{"@type":"BreadcrumbList","@id":"https:\/\/auren.com\/co\/blog\/dian-explica-firmeza-de-las-declaraciones-del-iva-y-de-retencion-en-la-fuente-antes-y-despues-de-la-ley-1819-de-2016\/#breadcrumb","itemListElement":[{"@type":"ListItem","position":1,"name":"Portada","item":"https:\/\/auren.com\/co\/"},{"@type":"ListItem","position":2,"name":"DIAN explica firmeza de las declaraciones del IVA y de retenci\u00f3n en la fuente antes y despu\u00e9s de la ley 1819 de 2016"}]},{"@type":"WebSite","@id":"https:\/\/auren.com\/co\/#website","url":"https:\/\/auren.com\/co\/","name":"Auren Colombia","description":"","publisher":{"@id":"https:\/\/auren.com\/co\/#organization"},"potentialAction":[{"@type":"SearchAction","target":{"@type":"EntryPoint","urlTemplate":"https:\/\/auren.com\/co\/?s={search_term_string}"},"query-input":{"@type":"PropertyValueSpecification","valueRequired":true,"valueName":"search_term_string"}}],"inLanguage":"es"},{"@type":"Organization","@id":"https:\/\/auren.com\/co\/#organization","name":"Auren Colombia","url":"https:\/\/auren.com\/co\/","logo":{"@type":"ImageObject","inLanguage":"es","@id":"https:\/\/auren.com\/co\/#\/schema\/logo\/image\/","url":"https:\/\/auren.com\/co\/wp-content\/uploads\/2025\/01\/cropped-cropped-favicon-Auren.png","contentUrl":"https:\/\/auren.com\/co\/wp-content\/uploads\/2025\/01\/cropped-cropped-favicon-Auren.png","width":512,"height":512,"caption":"Auren Colombia"},"image":{"@id":"https:\/\/auren.com\/co\/#\/schema\/logo\/image\/"},"sameAs":["https:\/\/x.com\/AurenColombia","https:\/\/www.instagram.com\/aurencolombia\/","https:\/\/www.youtube.com\/channel\/UCRYoGRMR_k4oVWesdErApmA","https:\/\/www.linkedin.com\/company\/auren-colombia"]}]}},"_links":{"self":[{"href":"https:\/\/auren.com\/co\/wp-json\/wp\/v2\/blog\/10746","targetHints":{"allow":["GET"]}}],"collection":[{"href":"https:\/\/auren.com\/co\/wp-json\/wp\/v2\/blog"}],"about":[{"href":"https:\/\/auren.com\/co\/wp-json\/wp\/v2\/types\/blog"}],"version-history":[{"count":0,"href":"https:\/\/auren.com\/co\/wp-json\/wp\/v2\/blog\/10746\/revisions"}],"wp:featuredmedia":[{"embeddable":true,"href":"https:\/\/auren.com\/co\/wp-json\/wp\/v2\/media\/10747"}],"wp:attachment":[{"href":"https:\/\/auren.com\/co\/wp-json\/wp\/v2\/media?parent=10746"}],"wp:term":[{"taxonomy":"blog-category","embeddable":true,"href":"https:\/\/auren.com\/co\/wp-json\/wp\/v2\/blog-category?post=10746"}],"curies":[{"name":"wp","href":"https:\/\/api.w.org\/{rel}","templated":true}]}}