{"id":10758,"date":"2018-11-27T22:19:55","date_gmt":"2018-11-27T21:19:55","guid":{"rendered":"https:\/\/auren.com\/co\/blog\/afiliacion-a-salud-y-riesgos-laborales-para-estudiantes-de-educacion-para-el-trabajo-y-el-desarrollo-humano\/"},"modified":"2018-11-27T22:19:55","modified_gmt":"2018-11-27T21:19:55","slug":"afiliacion-a-salud-y-riesgos-laborales-para-estudiantes-de-educacion-para-el-trabajo-y-el-desarrollo-humano","status":"publish","type":"blog","link":"https:\/\/auren.com\/co\/blog\/afiliacion-a-salud-y-riesgos-laborales-para-estudiantes-de-educacion-para-el-trabajo-y-el-desarrollo-humano\/","title":{"rendered":"Afiliaci\u00f3n a salud y riesgos laborales para estudiantes de educaci\u00f3n para el trabajo y el desarrollo humano"},"content":{"rendered":"<\/p>\n<p class=\"text-justify\">En el marco de las normas que rigen la educaci\u00f3n para el trabajo y desarrollo humano, no se establece a cargo de las instituciones educativas la obligaci\u00f3n de asegurar en salud a sus estudiantes. As\u00ed lo sostuvo el Ministerio de Educaci\u00f3n Nacional, precisando adem\u00e1s que en aplicaci\u00f3n de la ley 100 de 1993, los alumnos y dem\u00e1s miembros de la comunidad acad\u00e9mica deben estar afiliados al Sistema General de Seguridad Social, destacando que todo colombiano participa en el servicio esencial de salud; unos afiliados al r\u00e9gimen contributivo o subsidiado, y otros, en forma temporal como participantes vinculados.&nbsp;<\/p>\n<p class=\"text-justify\">En todo caso, aclar\u00f3 el Ministerio que si el estudiante se encuentra realizando pr\u00e1cticas laborales, aplicar\u00edan las disposiciones de la ley 1562 de 2012, en cuya virtud los estudiantes de todos los niveles acad\u00e9micos de instituciones educativas p\u00fablicas o privadas, que ejecuten trabajos que signifiquen fuente de ingreso para la respectiva instituci\u00f3n, o cuyo entrenamiento o actividad formativa es requisito para la culminaci\u00f3n de sus estudios, e involucre un riesgo ocupacional, deben ser afiliados al Sistema General de Riesgos Labores.   <\/p>\n<p class=\"text-justify\">&nbsp;Destac\u00f3 el Ministerio que al reglamentar la ley 1562, el Decreto 1072 de 2015 estableci\u00f3 que:<\/p>\n<ul class=\"text-justify\">\n<li class=\"text-justify\">La disposici\u00f3n normativa tambi\u00e9n ser\u00e1 aplicable para aquellos estudiantes que realicen la pr\u00e1ctica sin remuneraci\u00f3n econ\u00f3mica, que involucre un riesgo ocupacional, y que no cuente con matr\u00edcula vigente;   <\/li>\n<li class=\"text-justify\">En caso de que las pr\u00e1cticas sean requisito para la obtenci\u00f3n del certificado de t\u00e9cnico laboral, la afiliaci\u00f3n (la cual ser\u00e1 m\u00ednimo un d\u00eda antes del inicio de la pr\u00e1ctica) y el pago de los aportes a la ARL (debe ser la misma en la que est\u00e1n afiliados los trabajadores de la entidad), estar\u00e1n a cargo de la entidad, empresa o instituci\u00f3n donde esas se realicen, la cual asumir\u00e1 todo lo relacionado con la prevenci\u00f3n en seguridad y salud en el trabajo;   <\/li>\n<li class=\"text-justify\">&nbsp;Cuando la pr\u00e1ctica se ejecute, para el caso de la educaci\u00f3n para el trabajo y desarrollo humano, en escenarios que en s\u00ed mismos no constituyan una persona jur\u00eddica, la afiliaci\u00f3n y el pago de los aportes a la ARL estar\u00e1n a cargo de la instituci\u00f3n educativa;   <\/li>\n<\/ul>\n<ul class=\"text-justify\">\n<li class=\"text-justify\">&nbsp;&nbsp;Los estudiantes que desarrollen pr\u00e1cticas que implican riesgos frente a terceros, deber\u00e1n estar cubiertos por una p\u00f3liza de responsabilidad civil extracontractual.<\/li>\n<\/ul>\n<p>Fuente:  Ministerio de Educaci\u00f3n Nacional, Concepto 139663 del 7 de septiembre de 2018<\/p>\n<p><!-- AddThis Advanced Settings generic via filter on the_content --><!-- AddThis Share Buttons generic via filter on the_content --><\/p>\n","protected":false},"excerpt":{"rendered":"<p>En el marco de las normas que rigen la educaci\u00f3n para el trabajo y desarrollo humano, no se establece a cargo de las instituciones educativas la obligaci\u00f3n de asegurar en salud a sus estudiantes.<\/p>\n","protected":false},"featured_media":10759,"template":"","meta":{"_acf_changed":false,"footnotes":""},"blog-category":[],"class_list":["post-10758","blog","type-blog","status-publish","has-post-thumbnail","hentry"],"acf":[],"yoast_head":"<!-- This site is optimized with the Yoast SEO plugin v27.4 - https:\/\/yoast.com\/product\/yoast-seo-wordpress\/ -->\n<title>Afiliaci\u00f3n a salud y riesgos laborales para estudiantes de educaci\u00f3n para el trabajo y el desarrollo humano - Auren Colombia<\/title>\n<meta name=\"robots\" content=\"index, follow, max-snippet:-1, max-image-preview:large, max-video-preview:-1\" \/>\n<link rel=\"canonical\" href=\"https:\/\/auren.com\/co\/blog\/afiliacion-a-salud-y-riesgos-laborales-para-estudiantes-de-educacion-para-el-trabajo-y-el-desarrollo-humano\/\" \/>\n<meta property=\"og:locale\" content=\"es_ES\" \/>\n<meta property=\"og:type\" content=\"article\" \/>\n<meta property=\"og:title\" content=\"Afiliaci\u00f3n a salud y riesgos laborales para estudiantes de educaci\u00f3n para el trabajo y el desarrollo humano - Auren Colombia\" \/>\n<meta property=\"og:description\" content=\"En el marco de las normas que rigen la educaci\u00f3n para el trabajo y desarrollo humano, no se establece a cargo de las instituciones educativas la obligaci\u00f3n de asegurar en salud a sus estudiantes.\" \/>\n<meta property=\"og:url\" content=\"https:\/\/auren.com\/co\/blog\/afiliacion-a-salud-y-riesgos-laborales-para-estudiantes-de-educacion-para-el-trabajo-y-el-desarrollo-humano\/\" \/>\n<meta property=\"og:site_name\" content=\"Auren Colombia\" \/>\n<meta property=\"og:image\" content=\"https:\/\/auren.com\/co\/wp-content\/uploads\/2018\/11\/nicole-honeywill-703542-unsplash-3.jpg\" \/>\n\t<meta property=\"og:image:width\" content=\"1000\" \/>\n\t<meta property=\"og:image:height\" content=\"667\" \/>\n\t<meta property=\"og:image:type\" content=\"image\/jpeg\" \/>\n<meta name=\"twitter:card\" content=\"summary_large_image\" \/>\n<meta name=\"twitter:site\" content=\"@AurenColombia\" \/>\n<meta name=\"twitter:label1\" content=\"Tiempo de lectura\" \/>\n\t<meta name=\"twitter:data1\" content=\"2 minutos\" \/>\n<script type=\"application\/ld+json\" class=\"yoast-schema-graph\">{\"@context\":\"https:\\\/\\\/schema.org\",\"@graph\":[{\"@type\":\"WebPage\",\"@id\":\"https:\\\/\\\/auren.com\\\/co\\\/blog\\\/afiliacion-a-salud-y-riesgos-laborales-para-estudiantes-de-educacion-para-el-trabajo-y-el-desarrollo-humano\\\/\",\"url\":\"https:\\\/\\\/auren.com\\\/co\\\/blog\\\/afiliacion-a-salud-y-riesgos-laborales-para-estudiantes-de-educacion-para-el-trabajo-y-el-desarrollo-humano\\\/\",\"name\":\"Afiliaci\u00f3n a salud y riesgos laborales para estudiantes de educaci\u00f3n para el trabajo y el desarrollo humano - Auren Colombia\",\"isPartOf\":{\"@id\":\"https:\\\/\\\/auren.com\\\/co\\\/#website\"},\"primaryImageOfPage\":{\"@id\":\"https:\\\/\\\/auren.com\\\/co\\\/blog\\\/afiliacion-a-salud-y-riesgos-laborales-para-estudiantes-de-educacion-para-el-trabajo-y-el-desarrollo-humano\\\/#primaryimage\"},\"image\":{\"@id\":\"https:\\\/\\\/auren.com\\\/co\\\/blog\\\/afiliacion-a-salud-y-riesgos-laborales-para-estudiantes-de-educacion-para-el-trabajo-y-el-desarrollo-humano\\\/#primaryimage\"},\"thumbnailUrl\":\"https:\\\/\\\/auren.com\\\/co\\\/wp-content\\\/uploads\\\/2018\\\/11\\\/nicole-honeywill-703542-unsplash-3.jpg\",\"datePublished\":\"2018-11-27T21:19:55+00:00\",\"breadcrumb\":{\"@id\":\"https:\\\/\\\/auren.com\\\/co\\\/blog\\\/afiliacion-a-salud-y-riesgos-laborales-para-estudiantes-de-educacion-para-el-trabajo-y-el-desarrollo-humano\\\/#breadcrumb\"},\"inLanguage\":\"es\",\"potentialAction\":[{\"@type\":\"ReadAction\",\"target\":[\"https:\\\/\\\/auren.com\\\/co\\\/blog\\\/afiliacion-a-salud-y-riesgos-laborales-para-estudiantes-de-educacion-para-el-trabajo-y-el-desarrollo-humano\\\/\"]}]},{\"@type\":\"ImageObject\",\"inLanguage\":\"es\",\"@id\":\"https:\\\/\\\/auren.com\\\/co\\\/blog\\\/afiliacion-a-salud-y-riesgos-laborales-para-estudiantes-de-educacion-para-el-trabajo-y-el-desarrollo-humano\\\/#primaryimage\",\"url\":\"https:\\\/\\\/auren.com\\\/co\\\/wp-content\\\/uploads\\\/2018\\\/11\\\/nicole-honeywill-703542-unsplash-3.jpg\",\"contentUrl\":\"https:\\\/\\\/auren.com\\\/co\\\/wp-content\\\/uploads\\\/2018\\\/11\\\/nicole-honeywill-703542-unsplash-3.jpg\",\"width\":1000,\"height\":667},{\"@type\":\"BreadcrumbList\",\"@id\":\"https:\\\/\\\/auren.com\\\/co\\\/blog\\\/afiliacion-a-salud-y-riesgos-laborales-para-estudiantes-de-educacion-para-el-trabajo-y-el-desarrollo-humano\\\/#breadcrumb\",\"itemListElement\":[{\"@type\":\"ListItem\",\"position\":1,\"name\":\"Portada\",\"item\":\"https:\\\/\\\/auren.com\\\/co\\\/\"},{\"@type\":\"ListItem\",\"position\":2,\"name\":\"Afiliaci\u00f3n a salud y riesgos laborales para estudiantes de educaci\u00f3n para el trabajo y el desarrollo humano\"}]},{\"@type\":\"WebSite\",\"@id\":\"https:\\\/\\\/auren.com\\\/co\\\/#website\",\"url\":\"https:\\\/\\\/auren.com\\\/co\\\/\",\"name\":\"Auren Colombia\",\"description\":\"\",\"publisher\":{\"@id\":\"https:\\\/\\\/auren.com\\\/co\\\/#organization\"},\"potentialAction\":[{\"@type\":\"SearchAction\",\"target\":{\"@type\":\"EntryPoint\",\"urlTemplate\":\"https:\\\/\\\/auren.com\\\/co\\\/?s={search_term_string}\"},\"query-input\":{\"@type\":\"PropertyValueSpecification\",\"valueRequired\":true,\"valueName\":\"search_term_string\"}}],\"inLanguage\":\"es\"},{\"@type\":\"Organization\",\"@id\":\"https:\\\/\\\/auren.com\\\/co\\\/#organization\",\"name\":\"Auren Colombia\",\"url\":\"https:\\\/\\\/auren.com\\\/co\\\/\",\"logo\":{\"@type\":\"ImageObject\",\"inLanguage\":\"es\",\"@id\":\"https:\\\/\\\/auren.com\\\/co\\\/#\\\/schema\\\/logo\\\/image\\\/\",\"url\":\"https:\\\/\\\/auren.com\\\/co\\\/wp-content\\\/uploads\\\/2025\\\/01\\\/cropped-cropped-favicon-Auren.png\",\"contentUrl\":\"https:\\\/\\\/auren.com\\\/co\\\/wp-content\\\/uploads\\\/2025\\\/01\\\/cropped-cropped-favicon-Auren.png\",\"width\":512,\"height\":512,\"caption\":\"Auren Colombia\"},\"image\":{\"@id\":\"https:\\\/\\\/auren.com\\\/co\\\/#\\\/schema\\\/logo\\\/image\\\/\"},\"sameAs\":[\"https:\\\/\\\/x.com\\\/AurenColombia\",\"https:\\\/\\\/www.instagram.com\\\/aurencolombia\\\/\",\"https:\\\/\\\/www.youtube.com\\\/channel\\\/UCRYoGRMR_k4oVWesdErApmA\",\"https:\\\/\\\/www.linkedin.com\\\/company\\\/auren-colombia\"]}]}<\/script>\n<!-- \/ Yoast SEO plugin. -->","yoast_head_json":{"title":"Afiliaci\u00f3n a salud y riesgos laborales para estudiantes de educaci\u00f3n para el trabajo y el desarrollo humano - Auren Colombia","robots":{"index":"index","follow":"follow","max-snippet":"max-snippet:-1","max-image-preview":"max-image-preview:large","max-video-preview":"max-video-preview:-1"},"canonical":"https:\/\/auren.com\/co\/blog\/afiliacion-a-salud-y-riesgos-laborales-para-estudiantes-de-educacion-para-el-trabajo-y-el-desarrollo-humano\/","og_locale":"es_ES","og_type":"article","og_title":"Afiliaci\u00f3n a salud y riesgos laborales para estudiantes de educaci\u00f3n para el trabajo y el desarrollo humano - Auren Colombia","og_description":"En el marco de las normas que rigen la educaci\u00f3n para el trabajo y desarrollo humano, no se establece a cargo de las instituciones educativas la obligaci\u00f3n de asegurar en salud a sus estudiantes.","og_url":"https:\/\/auren.com\/co\/blog\/afiliacion-a-salud-y-riesgos-laborales-para-estudiantes-de-educacion-para-el-trabajo-y-el-desarrollo-humano\/","og_site_name":"Auren Colombia","og_image":[{"width":1000,"height":667,"url":"https:\/\/auren.com\/co\/wp-content\/uploads\/2018\/11\/nicole-honeywill-703542-unsplash-3.jpg","type":"image\/jpeg"}],"twitter_card":"summary_large_image","twitter_site":"@AurenColombia","twitter_misc":{"Tiempo de lectura":"2 minutos"},"schema":{"@context":"https:\/\/schema.org","@graph":[{"@type":"WebPage","@id":"https:\/\/auren.com\/co\/blog\/afiliacion-a-salud-y-riesgos-laborales-para-estudiantes-de-educacion-para-el-trabajo-y-el-desarrollo-humano\/","url":"https:\/\/auren.com\/co\/blog\/afiliacion-a-salud-y-riesgos-laborales-para-estudiantes-de-educacion-para-el-trabajo-y-el-desarrollo-humano\/","name":"Afiliaci\u00f3n a salud y riesgos laborales para estudiantes de educaci\u00f3n para el trabajo y el desarrollo humano - Auren Colombia","isPartOf":{"@id":"https:\/\/auren.com\/co\/#website"},"primaryImageOfPage":{"@id":"https:\/\/auren.com\/co\/blog\/afiliacion-a-salud-y-riesgos-laborales-para-estudiantes-de-educacion-para-el-trabajo-y-el-desarrollo-humano\/#primaryimage"},"image":{"@id":"https:\/\/auren.com\/co\/blog\/afiliacion-a-salud-y-riesgos-laborales-para-estudiantes-de-educacion-para-el-trabajo-y-el-desarrollo-humano\/#primaryimage"},"thumbnailUrl":"https:\/\/auren.com\/co\/wp-content\/uploads\/2018\/11\/nicole-honeywill-703542-unsplash-3.jpg","datePublished":"2018-11-27T21:19:55+00:00","breadcrumb":{"@id":"https:\/\/auren.com\/co\/blog\/afiliacion-a-salud-y-riesgos-laborales-para-estudiantes-de-educacion-para-el-trabajo-y-el-desarrollo-humano\/#breadcrumb"},"inLanguage":"es","potentialAction":[{"@type":"ReadAction","target":["https:\/\/auren.com\/co\/blog\/afiliacion-a-salud-y-riesgos-laborales-para-estudiantes-de-educacion-para-el-trabajo-y-el-desarrollo-humano\/"]}]},{"@type":"ImageObject","inLanguage":"es","@id":"https:\/\/auren.com\/co\/blog\/afiliacion-a-salud-y-riesgos-laborales-para-estudiantes-de-educacion-para-el-trabajo-y-el-desarrollo-humano\/#primaryimage","url":"https:\/\/auren.com\/co\/wp-content\/uploads\/2018\/11\/nicole-honeywill-703542-unsplash-3.jpg","contentUrl":"https:\/\/auren.com\/co\/wp-content\/uploads\/2018\/11\/nicole-honeywill-703542-unsplash-3.jpg","width":1000,"height":667},{"@type":"BreadcrumbList","@id":"https:\/\/auren.com\/co\/blog\/afiliacion-a-salud-y-riesgos-laborales-para-estudiantes-de-educacion-para-el-trabajo-y-el-desarrollo-humano\/#breadcrumb","itemListElement":[{"@type":"ListItem","position":1,"name":"Portada","item":"https:\/\/auren.com\/co\/"},{"@type":"ListItem","position":2,"name":"Afiliaci\u00f3n a salud y riesgos laborales para estudiantes de educaci\u00f3n para el trabajo y el desarrollo humano"}]},{"@type":"WebSite","@id":"https:\/\/auren.com\/co\/#website","url":"https:\/\/auren.com\/co\/","name":"Auren Colombia","description":"","publisher":{"@id":"https:\/\/auren.com\/co\/#organization"},"potentialAction":[{"@type":"SearchAction","target":{"@type":"EntryPoint","urlTemplate":"https:\/\/auren.com\/co\/?s={search_term_string}"},"query-input":{"@type":"PropertyValueSpecification","valueRequired":true,"valueName":"search_term_string"}}],"inLanguage":"es"},{"@type":"Organization","@id":"https:\/\/auren.com\/co\/#organization","name":"Auren Colombia","url":"https:\/\/auren.com\/co\/","logo":{"@type":"ImageObject","inLanguage":"es","@id":"https:\/\/auren.com\/co\/#\/schema\/logo\/image\/","url":"https:\/\/auren.com\/co\/wp-content\/uploads\/2025\/01\/cropped-cropped-favicon-Auren.png","contentUrl":"https:\/\/auren.com\/co\/wp-content\/uploads\/2025\/01\/cropped-cropped-favicon-Auren.png","width":512,"height":512,"caption":"Auren Colombia"},"image":{"@id":"https:\/\/auren.com\/co\/#\/schema\/logo\/image\/"},"sameAs":["https:\/\/x.com\/AurenColombia","https:\/\/www.instagram.com\/aurencolombia\/","https:\/\/www.youtube.com\/channel\/UCRYoGRMR_k4oVWesdErApmA","https:\/\/www.linkedin.com\/company\/auren-colombia"]}]}},"_links":{"self":[{"href":"https:\/\/auren.com\/co\/wp-json\/wp\/v2\/blog\/10758","targetHints":{"allow":["GET"]}}],"collection":[{"href":"https:\/\/auren.com\/co\/wp-json\/wp\/v2\/blog"}],"about":[{"href":"https:\/\/auren.com\/co\/wp-json\/wp\/v2\/types\/blog"}],"version-history":[{"count":0,"href":"https:\/\/auren.com\/co\/wp-json\/wp\/v2\/blog\/10758\/revisions"}],"wp:featuredmedia":[{"embeddable":true,"href":"https:\/\/auren.com\/co\/wp-json\/wp\/v2\/media\/10759"}],"wp:attachment":[{"href":"https:\/\/auren.com\/co\/wp-json\/wp\/v2\/media?parent=10758"}],"wp:term":[{"taxonomy":"blog-category","embeddable":true,"href":"https:\/\/auren.com\/co\/wp-json\/wp\/v2\/blog-category?post=10758"}],"curies":[{"name":"wp","href":"https:\/\/api.w.org\/{rel}","templated":true}]}}