{"id":10767,"date":"2018-11-27T15:11:00","date_gmt":"2018-11-27T14:11:00","guid":{"rendered":"https:\/\/auren.com\/co\/blog\/dian-senala-que-facturacion-electronica-sera-gradual-en-2019\/"},"modified":"2018-11-27T15:11:00","modified_gmt":"2018-11-27T14:11:00","slug":"dian-senala-que-facturacion-electronica-sera-gradual-en-2019","status":"publish","type":"blog","link":"https:\/\/auren.com\/co\/blog\/dian-senala-que-facturacion-electronica-sera-gradual-en-2019\/","title":{"rendered":"DIAN se\u00f1ala que facturaci\u00f3n electr\u00f3nica ser\u00e1 gradual en 2019"},"content":{"rendered":"<\/p>\n<p class=\"text-justify\">El vigente par\u00e1grafo transitorio 2 del art\u00edculo 616-1 del Estatuto Tributario, establece que los contribuyentes obligados a declarar y pagar el IVA y el impuesto al consumo, deber\u00e1n expedir factura electr\u00f3nica a partir del primero de enero de 2019, sin ning\u00fan condicionamiento adicional al respecto. Esta norma facult\u00f3 a la DIAN para que durante 2017 y 2018 pudiera seleccionar contribuyentes obligados a expedir la factura electr\u00f3nica. En ejercicio de tal facultad, la DIAN expidi\u00f3 las resoluciones 72 de 2017 y 10 de 2018, esta \u00faltima seleccion\u00f3 a los grandes contribuyentes.   <\/p>\n<p class=\"text-justify\">&nbsp;   <\/p>\n<p class=\"text-justify\">Si bien al primero de diciembre de 2018, los grandes contribuyentes deber\u00e1n estar facturando electr\u00f3nicamente en la fase actual, la DIAN recientemente determin\u00f3 que las empresas de este grupo que tengan dificultades t\u00e9cnicas o comerciales justificadas, podr\u00e1n normalizar su ingreso m\u00e1ximo hasta el primero de enero de 2019.   <\/p>\n<p class=\"text-justify\">&nbsp;   <\/p>\n<p class=\"text-justify\">La DIAN resalt\u00f3 que las personas y empresas que no pertenezcan al grupo de grandes contribuyentes, deber\u00e1n empezar a facturar electr\u00f3nicamente en la segunda fase del proyecto y de forma progresiva a partir del 2019, dependiendo de su actividad econ\u00f3mica, para lo cual la DIAN establecer\u00e1 un cronograma.   <\/p>\n<p class=\"text-justify\">&nbsp;   <\/p>\n<p class=\"text-justify\">En la fase actual de implementaci\u00f3n del proyecto, la factura electr\u00f3nica es verificada por la DIAN de manera posterior a su generaci\u00f3n, por lo cual se\u00f1al\u00f3 la DIAN que una de las mejoras implementadas ser\u00e1 que, en la segunda fase, la validaci\u00f3n ser\u00e1 previa, en tiempo real y realizada exclusivamente por parte de la administraci\u00f3n tributaria.   <\/p>\n<p class=\"text-justify\">&nbsp;   <\/p>\n<p class=\"text-justify\">Destac\u00f3 la DIAN que los grandes contribuyentes y dem\u00e1s obligados que ya fueron seleccionados para facturar electr\u00f3nicamente, as\u00ed como aquellos que voluntariamente iniciaron su facturaci\u00f3n electr\u00f3nica con el sistema actual de verificaci\u00f3n posterior, contar\u00e1n con un periodo de transici\u00f3n razonable para migrar a la segunda fase, que incluye el m\u00f3dulo de validaci\u00f3n previa.   <\/p>\n<p class=\"text-justify\">&nbsp;   Al respecto, es importante anotar que el proyecto de reforma tributaria (ley de financiamiento) contempla una medida para que durante el 2019 no haya sanci\u00f3n para quienes estando obligados a facturar electr\u00f3nicamente, no la usen. Para ello, el proyecto exige dos condiciones: (i) Expedir factura por los m\u00e9todos tradicionales diferentes al electr\u00f3nico; y (ii) Demostrar que la raz\u00f3n por la cual no emitieron facturaci\u00f3n electr\u00f3nica obedece a impedimento tecnol\u00f3gico o por razones de inconveniencia comercial justificada. De igual forma, el \u00faltimo proyecto de Decreto sobre facturaci\u00f3n que se encuentra en la p\u00e1gina de la DIAN, contempla una implementaci\u00f3n gradual en el transcurso del 2019, debiendo la DIAN expedir mediante resoluci\u00f3n el cronograma de implementaci\u00f3n, se\u00f1alando fases, fechas y grupos, para los sujetos obligados.<\/p>\n<\/p>\n<p>Fuente: DIAN, Comunicado de prensa del 22 de noviembre de 2018<\/p>\n<p><!-- AddThis Advanced Settings generic via filter on the_content --><!-- AddThis Share Buttons generic via filter on the_content --><\/p>\n","protected":false},"excerpt":{"rendered":"<p>El vigente par\u00e1grafo transitorio 2 del art\u00edculo 616-1 del Estatuto Tributario, establece que los contribuyentes obligados a declarar y pagar el IVA y el impuesto al consumo, deber\u00e1n&#8230;..<\/p>\n","protected":false},"featured_media":10768,"template":"","meta":{"_acf_changed":false,"footnotes":""},"blog-category":[],"class_list":["post-10767","blog","type-blog","status-publish","has-post-thumbnail","hentry"],"acf":[],"yoast_head":"<!-- This site is optimized with the Yoast SEO plugin v27.4 - https:\/\/yoast.com\/product\/yoast-seo-wordpress\/ -->\n<title>DIAN se\u00f1ala que facturaci\u00f3n electr\u00f3nica ser\u00e1 gradual en 2019 - Auren Colombia<\/title>\n<meta name=\"robots\" content=\"index, follow, max-snippet:-1, max-image-preview:large, max-video-preview:-1\" \/>\n<link rel=\"canonical\" href=\"https:\/\/auren.com\/co\/blog\/dian-senala-que-facturacion-electronica-sera-gradual-en-2019\/\" \/>\n<meta property=\"og:locale\" content=\"es_ES\" \/>\n<meta property=\"og:type\" content=\"article\" \/>\n<meta property=\"og:title\" content=\"DIAN se\u00f1ala que facturaci\u00f3n electr\u00f3nica ser\u00e1 gradual en 2019 - Auren Colombia\" \/>\n<meta property=\"og:description\" content=\"El vigente par\u00e1grafo transitorio 2 del art\u00edculo 616-1 del Estatuto Tributario, establece que los contribuyentes obligados a declarar y pagar el IVA y el impuesto al consumo, deber\u00e1n&#8230;..\" \/>\n<meta property=\"og:url\" content=\"https:\/\/auren.com\/co\/blog\/dian-senala-que-facturacion-electronica-sera-gradual-en-2019\/\" \/>\n<meta property=\"og:site_name\" content=\"Auren Colombia\" \/>\n<meta property=\"og:image\" content=\"https:\/\/auren.com\/co\/wp-content\/uploads\/2018\/11\/ajuste-por-inflacion-9102018.jpg\" \/>\n\t<meta property=\"og:image:width\" content=\"1000\" \/>\n\t<meta property=\"og:image:height\" content=\"666\" \/>\n\t<meta property=\"og:image:type\" content=\"image\/jpeg\" \/>\n<meta name=\"twitter:card\" content=\"summary_large_image\" \/>\n<meta name=\"twitter:site\" content=\"@AurenColombia\" \/>\n<meta name=\"twitter:label1\" content=\"Tiempo de lectura\" \/>\n\t<meta name=\"twitter:data1\" content=\"2 minutos\" \/>\n<script type=\"application\/ld+json\" class=\"yoast-schema-graph\">{\"@context\":\"https:\\\/\\\/schema.org\",\"@graph\":[{\"@type\":\"WebPage\",\"@id\":\"https:\\\/\\\/auren.com\\\/co\\\/blog\\\/dian-senala-que-facturacion-electronica-sera-gradual-en-2019\\\/\",\"url\":\"https:\\\/\\\/auren.com\\\/co\\\/blog\\\/dian-senala-que-facturacion-electronica-sera-gradual-en-2019\\\/\",\"name\":\"DIAN se\u00f1ala que facturaci\u00f3n electr\u00f3nica ser\u00e1 gradual en 2019 - Auren Colombia\",\"isPartOf\":{\"@id\":\"https:\\\/\\\/auren.com\\\/co\\\/#website\"},\"primaryImageOfPage\":{\"@id\":\"https:\\\/\\\/auren.com\\\/co\\\/blog\\\/dian-senala-que-facturacion-electronica-sera-gradual-en-2019\\\/#primaryimage\"},\"image\":{\"@id\":\"https:\\\/\\\/auren.com\\\/co\\\/blog\\\/dian-senala-que-facturacion-electronica-sera-gradual-en-2019\\\/#primaryimage\"},\"thumbnailUrl\":\"https:\\\/\\\/auren.com\\\/co\\\/wp-content\\\/uploads\\\/2018\\\/11\\\/ajuste-por-inflacion-9102018.jpg\",\"datePublished\":\"2018-11-27T14:11:00+00:00\",\"breadcrumb\":{\"@id\":\"https:\\\/\\\/auren.com\\\/co\\\/blog\\\/dian-senala-que-facturacion-electronica-sera-gradual-en-2019\\\/#breadcrumb\"},\"inLanguage\":\"es\",\"potentialAction\":[{\"@type\":\"ReadAction\",\"target\":[\"https:\\\/\\\/auren.com\\\/co\\\/blog\\\/dian-senala-que-facturacion-electronica-sera-gradual-en-2019\\\/\"]}]},{\"@type\":\"ImageObject\",\"inLanguage\":\"es\",\"@id\":\"https:\\\/\\\/auren.com\\\/co\\\/blog\\\/dian-senala-que-facturacion-electronica-sera-gradual-en-2019\\\/#primaryimage\",\"url\":\"https:\\\/\\\/auren.com\\\/co\\\/wp-content\\\/uploads\\\/2018\\\/11\\\/ajuste-por-inflacion-9102018.jpg\",\"contentUrl\":\"https:\\\/\\\/auren.com\\\/co\\\/wp-content\\\/uploads\\\/2018\\\/11\\\/ajuste-por-inflacion-9102018.jpg\",\"width\":1000,\"height\":666},{\"@type\":\"BreadcrumbList\",\"@id\":\"https:\\\/\\\/auren.com\\\/co\\\/blog\\\/dian-senala-que-facturacion-electronica-sera-gradual-en-2019\\\/#breadcrumb\",\"itemListElement\":[{\"@type\":\"ListItem\",\"position\":1,\"name\":\"Portada\",\"item\":\"https:\\\/\\\/auren.com\\\/co\\\/\"},{\"@type\":\"ListItem\",\"position\":2,\"name\":\"DIAN se\u00f1ala que facturaci\u00f3n electr\u00f3nica ser\u00e1 gradual en 2019\"}]},{\"@type\":\"WebSite\",\"@id\":\"https:\\\/\\\/auren.com\\\/co\\\/#website\",\"url\":\"https:\\\/\\\/auren.com\\\/co\\\/\",\"name\":\"Auren Colombia\",\"description\":\"\",\"publisher\":{\"@id\":\"https:\\\/\\\/auren.com\\\/co\\\/#organization\"},\"potentialAction\":[{\"@type\":\"SearchAction\",\"target\":{\"@type\":\"EntryPoint\",\"urlTemplate\":\"https:\\\/\\\/auren.com\\\/co\\\/?s={search_term_string}\"},\"query-input\":{\"@type\":\"PropertyValueSpecification\",\"valueRequired\":true,\"valueName\":\"search_term_string\"}}],\"inLanguage\":\"es\"},{\"@type\":\"Organization\",\"@id\":\"https:\\\/\\\/auren.com\\\/co\\\/#organization\",\"name\":\"Auren Colombia\",\"url\":\"https:\\\/\\\/auren.com\\\/co\\\/\",\"logo\":{\"@type\":\"ImageObject\",\"inLanguage\":\"es\",\"@id\":\"https:\\\/\\\/auren.com\\\/co\\\/#\\\/schema\\\/logo\\\/image\\\/\",\"url\":\"https:\\\/\\\/auren.com\\\/co\\\/wp-content\\\/uploads\\\/2025\\\/01\\\/cropped-cropped-favicon-Auren.png\",\"contentUrl\":\"https:\\\/\\\/auren.com\\\/co\\\/wp-content\\\/uploads\\\/2025\\\/01\\\/cropped-cropped-favicon-Auren.png\",\"width\":512,\"height\":512,\"caption\":\"Auren Colombia\"},\"image\":{\"@id\":\"https:\\\/\\\/auren.com\\\/co\\\/#\\\/schema\\\/logo\\\/image\\\/\"},\"sameAs\":[\"https:\\\/\\\/x.com\\\/AurenColombia\",\"https:\\\/\\\/www.instagram.com\\\/aurencolombia\\\/\",\"https:\\\/\\\/www.youtube.com\\\/channel\\\/UCRYoGRMR_k4oVWesdErApmA\",\"https:\\\/\\\/www.linkedin.com\\\/company\\\/auren-colombia\"]}]}<\/script>\n<!-- \/ Yoast SEO plugin. -->","yoast_head_json":{"title":"DIAN se\u00f1ala que facturaci\u00f3n electr\u00f3nica ser\u00e1 gradual en 2019 - Auren Colombia","robots":{"index":"index","follow":"follow","max-snippet":"max-snippet:-1","max-image-preview":"max-image-preview:large","max-video-preview":"max-video-preview:-1"},"canonical":"https:\/\/auren.com\/co\/blog\/dian-senala-que-facturacion-electronica-sera-gradual-en-2019\/","og_locale":"es_ES","og_type":"article","og_title":"DIAN se\u00f1ala que facturaci\u00f3n electr\u00f3nica ser\u00e1 gradual en 2019 - Auren Colombia","og_description":"El vigente par\u00e1grafo transitorio 2 del art\u00edculo 616-1 del Estatuto Tributario, establece que los contribuyentes obligados a declarar y pagar el IVA y el impuesto al consumo, deber\u00e1n&#8230;..","og_url":"https:\/\/auren.com\/co\/blog\/dian-senala-que-facturacion-electronica-sera-gradual-en-2019\/","og_site_name":"Auren Colombia","og_image":[{"width":1000,"height":666,"url":"https:\/\/auren.com\/co\/wp-content\/uploads\/2018\/11\/ajuste-por-inflacion-9102018.jpg","type":"image\/jpeg"}],"twitter_card":"summary_large_image","twitter_site":"@AurenColombia","twitter_misc":{"Tiempo de lectura":"2 minutos"},"schema":{"@context":"https:\/\/schema.org","@graph":[{"@type":"WebPage","@id":"https:\/\/auren.com\/co\/blog\/dian-senala-que-facturacion-electronica-sera-gradual-en-2019\/","url":"https:\/\/auren.com\/co\/blog\/dian-senala-que-facturacion-electronica-sera-gradual-en-2019\/","name":"DIAN se\u00f1ala que facturaci\u00f3n electr\u00f3nica ser\u00e1 gradual en 2019 - Auren Colombia","isPartOf":{"@id":"https:\/\/auren.com\/co\/#website"},"primaryImageOfPage":{"@id":"https:\/\/auren.com\/co\/blog\/dian-senala-que-facturacion-electronica-sera-gradual-en-2019\/#primaryimage"},"image":{"@id":"https:\/\/auren.com\/co\/blog\/dian-senala-que-facturacion-electronica-sera-gradual-en-2019\/#primaryimage"},"thumbnailUrl":"https:\/\/auren.com\/co\/wp-content\/uploads\/2018\/11\/ajuste-por-inflacion-9102018.jpg","datePublished":"2018-11-27T14:11:00+00:00","breadcrumb":{"@id":"https:\/\/auren.com\/co\/blog\/dian-senala-que-facturacion-electronica-sera-gradual-en-2019\/#breadcrumb"},"inLanguage":"es","potentialAction":[{"@type":"ReadAction","target":["https:\/\/auren.com\/co\/blog\/dian-senala-que-facturacion-electronica-sera-gradual-en-2019\/"]}]},{"@type":"ImageObject","inLanguage":"es","@id":"https:\/\/auren.com\/co\/blog\/dian-senala-que-facturacion-electronica-sera-gradual-en-2019\/#primaryimage","url":"https:\/\/auren.com\/co\/wp-content\/uploads\/2018\/11\/ajuste-por-inflacion-9102018.jpg","contentUrl":"https:\/\/auren.com\/co\/wp-content\/uploads\/2018\/11\/ajuste-por-inflacion-9102018.jpg","width":1000,"height":666},{"@type":"BreadcrumbList","@id":"https:\/\/auren.com\/co\/blog\/dian-senala-que-facturacion-electronica-sera-gradual-en-2019\/#breadcrumb","itemListElement":[{"@type":"ListItem","position":1,"name":"Portada","item":"https:\/\/auren.com\/co\/"},{"@type":"ListItem","position":2,"name":"DIAN se\u00f1ala que facturaci\u00f3n electr\u00f3nica ser\u00e1 gradual en 2019"}]},{"@type":"WebSite","@id":"https:\/\/auren.com\/co\/#website","url":"https:\/\/auren.com\/co\/","name":"Auren Colombia","description":"","publisher":{"@id":"https:\/\/auren.com\/co\/#organization"},"potentialAction":[{"@type":"SearchAction","target":{"@type":"EntryPoint","urlTemplate":"https:\/\/auren.com\/co\/?s={search_term_string}"},"query-input":{"@type":"PropertyValueSpecification","valueRequired":true,"valueName":"search_term_string"}}],"inLanguage":"es"},{"@type":"Organization","@id":"https:\/\/auren.com\/co\/#organization","name":"Auren Colombia","url":"https:\/\/auren.com\/co\/","logo":{"@type":"ImageObject","inLanguage":"es","@id":"https:\/\/auren.com\/co\/#\/schema\/logo\/image\/","url":"https:\/\/auren.com\/co\/wp-content\/uploads\/2025\/01\/cropped-cropped-favicon-Auren.png","contentUrl":"https:\/\/auren.com\/co\/wp-content\/uploads\/2025\/01\/cropped-cropped-favicon-Auren.png","width":512,"height":512,"caption":"Auren Colombia"},"image":{"@id":"https:\/\/auren.com\/co\/#\/schema\/logo\/image\/"},"sameAs":["https:\/\/x.com\/AurenColombia","https:\/\/www.instagram.com\/aurencolombia\/","https:\/\/www.youtube.com\/channel\/UCRYoGRMR_k4oVWesdErApmA","https:\/\/www.linkedin.com\/company\/auren-colombia"]}]}},"_links":{"self":[{"href":"https:\/\/auren.com\/co\/wp-json\/wp\/v2\/blog\/10767","targetHints":{"allow":["GET"]}}],"collection":[{"href":"https:\/\/auren.com\/co\/wp-json\/wp\/v2\/blog"}],"about":[{"href":"https:\/\/auren.com\/co\/wp-json\/wp\/v2\/types\/blog"}],"version-history":[{"count":0,"href":"https:\/\/auren.com\/co\/wp-json\/wp\/v2\/blog\/10767\/revisions"}],"wp:featuredmedia":[{"embeddable":true,"href":"https:\/\/auren.com\/co\/wp-json\/wp\/v2\/media\/10768"}],"wp:attachment":[{"href":"https:\/\/auren.com\/co\/wp-json\/wp\/v2\/media?parent=10767"}],"wp:term":[{"taxonomy":"blog-category","embeddable":true,"href":"https:\/\/auren.com\/co\/wp-json\/wp\/v2\/blog-category?post=10767"}],"curies":[{"name":"wp","href":"https:\/\/api.w.org\/{rel}","templated":true}]}}