{"id":10770,"date":"2018-11-26T16:58:30","date_gmt":"2018-11-26T15:58:30","guid":{"rendered":"https:\/\/auren.com\/co\/blog\/consolidacion-de-estados-financieros-con-una-esal-producto-de-una-situacion-de-control\/"},"modified":"2018-11-26T16:58:30","modified_gmt":"2018-11-26T15:58:30","slug":"consolidacion-de-estados-financieros-con-una-esal-producto-de-una-situacion-de-control","status":"publish","type":"blog","link":"https:\/\/auren.com\/co\/blog\/consolidacion-de-estados-financieros-con-una-esal-producto-de-una-situacion-de-control\/","title":{"rendered":"Consolidaci\u00f3n de estados financieros con una ESAL producto de una situaci\u00f3n de control"},"content":{"rendered":"<p class=\"text-justify\">El control que un inversionista ejerce sobre una participada, adem\u00e1s de generar la obligaci\u00f3n de informar dicho control ante el registro mercantil, obliga a consolidar estados financieros.<\/p>\n<p class=\"text-justify\">Los nuevos marcos normativos contables vigentes establecen en la NIIF 10, p\u00e1rrafos 6 y 7, que deben reunirse los siguientes criterios para considerar que un inversionista controla a una participada:<\/p>\n<ul class=\"text-justify\">\n<li class=\"text-justify\">Existencia de un poder sobre la participada, que otorga capacidad para dirigir las actividades relevantes de la otra entidad, lo cual puede reflejarse en derechos de voto o acuerdos contractuales.<\/li>\n<\/ul>\n<ul class=\"text-justify\">\n<li class=\"text-justify\">Exposici\u00f3n o derecho a rendimientos variables.<\/li>\n<\/ul>\n<ul class=\"text-justify\">\n<li class=\"text-justify\">Capacidad de usar el poder para influir en el rendimiento del inversionista.<\/li>\n<\/ul>\n<p class=\"text-justify\">En este contexto, al analizar un caso en el que una sociedad por acciones simplificada tiene el derecho de elegir la junta directiva de una entidad sin \u00e1nimo de lucro (ESAL), se\u00f1al\u00f3 el Consejo T\u00e9cnico de la Contadur\u00eda P\u00fablica que los anteriores criterios parecieran no aplicarse en su totalidad, aduciendo que las ESAL, por disposici\u00f3n legal, no pueden distribuir beneficios o utilidades.<\/p>\n<p class=\"text-justify\">As\u00ed, el Consejo T\u00e9cnico reiter\u00f3 su doctrina al se\u00f1alar que si un inversor tiene la capacidad de dirigir las actividades relevantes de una participada y obtener rendimientos variables productos del poder que ejerce, cumple con los elementos de control, lo cual conllevar\u00eda la obligaci\u00f3n de consolidar sus estados financieros en la controlada, sin embargo una ESAL no podr\u00eda ser controlada en la medida en que no distribuye beneficios.&nbsp;<\/p>\n<\/p>\n<p>Fuente:&nbsp;Consejo T\u00e9cnico de la Contadur\u00eda P\u00fablica, Concepto 887 del 15 de noviembre de 2018<\/p>\n<p><!-- AddThis Advanced Settings generic via filter on the_content --><!-- AddThis Share Buttons generic via filter on the_content --><\/p>\n","protected":false},"excerpt":{"rendered":"<p>El control que un inversionista ejerce sobre una participada, adem\u00e1s de generar la obligaci\u00f3n de informar dicho control ante el registro mercantil, obliga a consolidar estados financieros&#8230;<\/p>\n","protected":false},"featured_media":10771,"template":"","meta":{"_acf_changed":false,"footnotes":""},"blog-category":[],"class_list":["post-10770","blog","type-blog","status-publish","has-post-thumbnail","hentry"],"acf":[],"yoast_head":"<!-- This site is optimized with the Yoast SEO plugin v27.4 - https:\/\/yoast.com\/product\/yoast-seo-wordpress\/ -->\n<title>Consolidaci\u00f3n de estados financieros con una ESAL producto de una situaci\u00f3n de control - Auren Colombia<\/title>\n<meta name=\"robots\" content=\"index, follow, max-snippet:-1, max-image-preview:large, max-video-preview:-1\" \/>\n<link rel=\"canonical\" href=\"https:\/\/auren.com\/co\/blog\/consolidacion-de-estados-financieros-con-una-esal-producto-de-una-situacion-de-control\/\" \/>\n<meta property=\"og:locale\" content=\"es_ES\" \/>\n<meta property=\"og:type\" content=\"article\" \/>\n<meta property=\"og:title\" content=\"Consolidaci\u00f3n de estados financieros con una ESAL producto de una situaci\u00f3n de control - Auren Colombia\" \/>\n<meta property=\"og:description\" content=\"El control que un inversionista ejerce sobre una participada, adem\u00e1s de generar la obligaci\u00f3n de informar dicho control ante el registro mercantil, obliga a consolidar estados financieros&#8230;\" \/>\n<meta property=\"og:url\" content=\"https:\/\/auren.com\/co\/blog\/consolidacion-de-estados-financieros-con-una-esal-producto-de-una-situacion-de-control\/\" \/>\n<meta property=\"og:site_name\" content=\"Auren Colombia\" \/>\n<meta property=\"og:image\" content=\"https:\/\/auren.com\/co\/wp-content\/uploads\/2018\/11\/voluntary-3.jpg\" \/>\n\t<meta property=\"og:image:width\" content=\"1000\" \/>\n\t<meta property=\"og:image:height\" content=\"667\" \/>\n\t<meta property=\"og:image:type\" content=\"image\/jpeg\" \/>\n<meta name=\"twitter:card\" content=\"summary_large_image\" \/>\n<meta name=\"twitter:site\" content=\"@AurenColombia\" \/>\n<meta name=\"twitter:label1\" content=\"Tiempo de lectura\" \/>\n\t<meta name=\"twitter:data1\" content=\"1 minuto\" \/>\n<script type=\"application\/ld+json\" class=\"yoast-schema-graph\">{\"@context\":\"https:\\\/\\\/schema.org\",\"@graph\":[{\"@type\":\"WebPage\",\"@id\":\"https:\\\/\\\/auren.com\\\/co\\\/blog\\\/consolidacion-de-estados-financieros-con-una-esal-producto-de-una-situacion-de-control\\\/\",\"url\":\"https:\\\/\\\/auren.com\\\/co\\\/blog\\\/consolidacion-de-estados-financieros-con-una-esal-producto-de-una-situacion-de-control\\\/\",\"name\":\"Consolidaci\u00f3n de estados financieros con una ESAL producto de una situaci\u00f3n de control - Auren Colombia\",\"isPartOf\":{\"@id\":\"https:\\\/\\\/auren.com\\\/co\\\/#website\"},\"primaryImageOfPage\":{\"@id\":\"https:\\\/\\\/auren.com\\\/co\\\/blog\\\/consolidacion-de-estados-financieros-con-una-esal-producto-de-una-situacion-de-control\\\/#primaryimage\"},\"image\":{\"@id\":\"https:\\\/\\\/auren.com\\\/co\\\/blog\\\/consolidacion-de-estados-financieros-con-una-esal-producto-de-una-situacion-de-control\\\/#primaryimage\"},\"thumbnailUrl\":\"https:\\\/\\\/auren.com\\\/co\\\/wp-content\\\/uploads\\\/2018\\\/11\\\/voluntary-3.jpg\",\"datePublished\":\"2018-11-26T15:58:30+00:00\",\"breadcrumb\":{\"@id\":\"https:\\\/\\\/auren.com\\\/co\\\/blog\\\/consolidacion-de-estados-financieros-con-una-esal-producto-de-una-situacion-de-control\\\/#breadcrumb\"},\"inLanguage\":\"es\",\"potentialAction\":[{\"@type\":\"ReadAction\",\"target\":[\"https:\\\/\\\/auren.com\\\/co\\\/blog\\\/consolidacion-de-estados-financieros-con-una-esal-producto-de-una-situacion-de-control\\\/\"]}]},{\"@type\":\"ImageObject\",\"inLanguage\":\"es\",\"@id\":\"https:\\\/\\\/auren.com\\\/co\\\/blog\\\/consolidacion-de-estados-financieros-con-una-esal-producto-de-una-situacion-de-control\\\/#primaryimage\",\"url\":\"https:\\\/\\\/auren.com\\\/co\\\/wp-content\\\/uploads\\\/2018\\\/11\\\/voluntary-3.jpg\",\"contentUrl\":\"https:\\\/\\\/auren.com\\\/co\\\/wp-content\\\/uploads\\\/2018\\\/11\\\/voluntary-3.jpg\",\"width\":1000,\"height\":667},{\"@type\":\"BreadcrumbList\",\"@id\":\"https:\\\/\\\/auren.com\\\/co\\\/blog\\\/consolidacion-de-estados-financieros-con-una-esal-producto-de-una-situacion-de-control\\\/#breadcrumb\",\"itemListElement\":[{\"@type\":\"ListItem\",\"position\":1,\"name\":\"Portada\",\"item\":\"https:\\\/\\\/auren.com\\\/co\\\/\"},{\"@type\":\"ListItem\",\"position\":2,\"name\":\"Consolidaci\u00f3n de estados financieros con una ESAL producto de una situaci\u00f3n de control\"}]},{\"@type\":\"WebSite\",\"@id\":\"https:\\\/\\\/auren.com\\\/co\\\/#website\",\"url\":\"https:\\\/\\\/auren.com\\\/co\\\/\",\"name\":\"Auren Colombia\",\"description\":\"\",\"publisher\":{\"@id\":\"https:\\\/\\\/auren.com\\\/co\\\/#organization\"},\"potentialAction\":[{\"@type\":\"SearchAction\",\"target\":{\"@type\":\"EntryPoint\",\"urlTemplate\":\"https:\\\/\\\/auren.com\\\/co\\\/?s={search_term_string}\"},\"query-input\":{\"@type\":\"PropertyValueSpecification\",\"valueRequired\":true,\"valueName\":\"search_term_string\"}}],\"inLanguage\":\"es\"},{\"@type\":\"Organization\",\"@id\":\"https:\\\/\\\/auren.com\\\/co\\\/#organization\",\"name\":\"Auren Colombia\",\"url\":\"https:\\\/\\\/auren.com\\\/co\\\/\",\"logo\":{\"@type\":\"ImageObject\",\"inLanguage\":\"es\",\"@id\":\"https:\\\/\\\/auren.com\\\/co\\\/#\\\/schema\\\/logo\\\/image\\\/\",\"url\":\"https:\\\/\\\/auren.com\\\/co\\\/wp-content\\\/uploads\\\/2025\\\/01\\\/cropped-cropped-favicon-Auren.png\",\"contentUrl\":\"https:\\\/\\\/auren.com\\\/co\\\/wp-content\\\/uploads\\\/2025\\\/01\\\/cropped-cropped-favicon-Auren.png\",\"width\":512,\"height\":512,\"caption\":\"Auren Colombia\"},\"image\":{\"@id\":\"https:\\\/\\\/auren.com\\\/co\\\/#\\\/schema\\\/logo\\\/image\\\/\"},\"sameAs\":[\"https:\\\/\\\/x.com\\\/AurenColombia\",\"https:\\\/\\\/www.instagram.com\\\/aurencolombia\\\/\",\"https:\\\/\\\/www.youtube.com\\\/channel\\\/UCRYoGRMR_k4oVWesdErApmA\",\"https:\\\/\\\/www.linkedin.com\\\/company\\\/auren-colombia\"]}]}<\/script>\n<!-- \/ Yoast SEO plugin. -->","yoast_head_json":{"title":"Consolidaci\u00f3n de estados financieros con una ESAL producto de una situaci\u00f3n de control - Auren Colombia","robots":{"index":"index","follow":"follow","max-snippet":"max-snippet:-1","max-image-preview":"max-image-preview:large","max-video-preview":"max-video-preview:-1"},"canonical":"https:\/\/auren.com\/co\/blog\/consolidacion-de-estados-financieros-con-una-esal-producto-de-una-situacion-de-control\/","og_locale":"es_ES","og_type":"article","og_title":"Consolidaci\u00f3n de estados financieros con una ESAL producto de una situaci\u00f3n de control - Auren Colombia","og_description":"El control que un inversionista ejerce sobre una participada, adem\u00e1s de generar la obligaci\u00f3n de informar dicho control ante el registro mercantil, obliga a consolidar estados financieros&#8230;","og_url":"https:\/\/auren.com\/co\/blog\/consolidacion-de-estados-financieros-con-una-esal-producto-de-una-situacion-de-control\/","og_site_name":"Auren Colombia","og_image":[{"width":1000,"height":667,"url":"https:\/\/auren.com\/co\/wp-content\/uploads\/2018\/11\/voluntary-3.jpg","type":"image\/jpeg"}],"twitter_card":"summary_large_image","twitter_site":"@AurenColombia","twitter_misc":{"Tiempo de lectura":"1 minuto"},"schema":{"@context":"https:\/\/schema.org","@graph":[{"@type":"WebPage","@id":"https:\/\/auren.com\/co\/blog\/consolidacion-de-estados-financieros-con-una-esal-producto-de-una-situacion-de-control\/","url":"https:\/\/auren.com\/co\/blog\/consolidacion-de-estados-financieros-con-una-esal-producto-de-una-situacion-de-control\/","name":"Consolidaci\u00f3n de estados financieros con una ESAL producto de una situaci\u00f3n de control - Auren Colombia","isPartOf":{"@id":"https:\/\/auren.com\/co\/#website"},"primaryImageOfPage":{"@id":"https:\/\/auren.com\/co\/blog\/consolidacion-de-estados-financieros-con-una-esal-producto-de-una-situacion-de-control\/#primaryimage"},"image":{"@id":"https:\/\/auren.com\/co\/blog\/consolidacion-de-estados-financieros-con-una-esal-producto-de-una-situacion-de-control\/#primaryimage"},"thumbnailUrl":"https:\/\/auren.com\/co\/wp-content\/uploads\/2018\/11\/voluntary-3.jpg","datePublished":"2018-11-26T15:58:30+00:00","breadcrumb":{"@id":"https:\/\/auren.com\/co\/blog\/consolidacion-de-estados-financieros-con-una-esal-producto-de-una-situacion-de-control\/#breadcrumb"},"inLanguage":"es","potentialAction":[{"@type":"ReadAction","target":["https:\/\/auren.com\/co\/blog\/consolidacion-de-estados-financieros-con-una-esal-producto-de-una-situacion-de-control\/"]}]},{"@type":"ImageObject","inLanguage":"es","@id":"https:\/\/auren.com\/co\/blog\/consolidacion-de-estados-financieros-con-una-esal-producto-de-una-situacion-de-control\/#primaryimage","url":"https:\/\/auren.com\/co\/wp-content\/uploads\/2018\/11\/voluntary-3.jpg","contentUrl":"https:\/\/auren.com\/co\/wp-content\/uploads\/2018\/11\/voluntary-3.jpg","width":1000,"height":667},{"@type":"BreadcrumbList","@id":"https:\/\/auren.com\/co\/blog\/consolidacion-de-estados-financieros-con-una-esal-producto-de-una-situacion-de-control\/#breadcrumb","itemListElement":[{"@type":"ListItem","position":1,"name":"Portada","item":"https:\/\/auren.com\/co\/"},{"@type":"ListItem","position":2,"name":"Consolidaci\u00f3n de estados financieros con una ESAL producto de una situaci\u00f3n de control"}]},{"@type":"WebSite","@id":"https:\/\/auren.com\/co\/#website","url":"https:\/\/auren.com\/co\/","name":"Auren Colombia","description":"","publisher":{"@id":"https:\/\/auren.com\/co\/#organization"},"potentialAction":[{"@type":"SearchAction","target":{"@type":"EntryPoint","urlTemplate":"https:\/\/auren.com\/co\/?s={search_term_string}"},"query-input":{"@type":"PropertyValueSpecification","valueRequired":true,"valueName":"search_term_string"}}],"inLanguage":"es"},{"@type":"Organization","@id":"https:\/\/auren.com\/co\/#organization","name":"Auren Colombia","url":"https:\/\/auren.com\/co\/","logo":{"@type":"ImageObject","inLanguage":"es","@id":"https:\/\/auren.com\/co\/#\/schema\/logo\/image\/","url":"https:\/\/auren.com\/co\/wp-content\/uploads\/2025\/01\/cropped-cropped-favicon-Auren.png","contentUrl":"https:\/\/auren.com\/co\/wp-content\/uploads\/2025\/01\/cropped-cropped-favicon-Auren.png","width":512,"height":512,"caption":"Auren Colombia"},"image":{"@id":"https:\/\/auren.com\/co\/#\/schema\/logo\/image\/"},"sameAs":["https:\/\/x.com\/AurenColombia","https:\/\/www.instagram.com\/aurencolombia\/","https:\/\/www.youtube.com\/channel\/UCRYoGRMR_k4oVWesdErApmA","https:\/\/www.linkedin.com\/company\/auren-colombia"]}]}},"_links":{"self":[{"href":"https:\/\/auren.com\/co\/wp-json\/wp\/v2\/blog\/10770","targetHints":{"allow":["GET"]}}],"collection":[{"href":"https:\/\/auren.com\/co\/wp-json\/wp\/v2\/blog"}],"about":[{"href":"https:\/\/auren.com\/co\/wp-json\/wp\/v2\/types\/blog"}],"version-history":[{"count":0,"href":"https:\/\/auren.com\/co\/wp-json\/wp\/v2\/blog\/10770\/revisions"}],"wp:featuredmedia":[{"embeddable":true,"href":"https:\/\/auren.com\/co\/wp-json\/wp\/v2\/media\/10771"}],"wp:attachment":[{"href":"https:\/\/auren.com\/co\/wp-json\/wp\/v2\/media?parent=10770"}],"wp:term":[{"taxonomy":"blog-category","embeddable":true,"href":"https:\/\/auren.com\/co\/wp-json\/wp\/v2\/blog-category?post=10770"}],"curies":[{"name":"wp","href":"https:\/\/api.w.org\/{rel}","templated":true}]}}