{"id":10773,"date":"2018-11-26T16:45:05","date_gmt":"2018-11-26T15:45:05","guid":{"rendered":"https:\/\/auren.com\/co\/blog\/dian-modifica-algunos-criterios-para-determinar-el-impuesto-sobre-la-renta-de-personas-naturales\/"},"modified":"2018-11-26T16:45:05","modified_gmt":"2018-11-26T15:45:05","slug":"dian-modifica-algunos-criterios-para-determinar-el-impuesto-sobre-la-renta-de-personas-naturales","status":"publish","type":"blog","link":"https:\/\/auren.com\/co\/blog\/dian-modifica-algunos-criterios-para-determinar-el-impuesto-sobre-la-renta-de-personas-naturales\/","title":{"rendered":"DIAN modifica algunos criterios para determinar el impuesto sobre la renta de personas naturales"},"content":{"rendered":"<\/p>\n<p class=\"text-justify\"><sup><\/sup>Por medio del Concepto 27495 del 7 de noviembre de 2018, la DIAN modific\u00f3 el concepto unificado 912 de 2018, referido al impuesto sobre la renta para personas naturales, frente a los siguientes aspectos:<\/p>\n<ul class=\"text-justify\">\n<li class=\"text-justify\"><sup><\/sup>Se\u00f1al\u00f3 la entidad que las personas naturales no residentes en Colombia, no deber\u00e1n presentar la declaraci\u00f3n de renta en los siguientes casos:<\/li>\n<\/ul>\n<ul class=\"text-justify\">\n<li class=\"text-justify\"><sup><\/sup>Cuando posean patrimonio y obtengan en el a\u00f1o gravable ingresos en Colombia sobre los cuales se haya practicado retenci\u00f3n en la fuente, por los conceptos previstos en los art\u00edculos 407 a 411 del Estatuto Tributario (ET).<\/li>\n<\/ul>\n<ul class=\"text-justify\">\n<li class=\"text-justify\"><sup><\/sup>Cuando posean patrimonio en Colombia pero no hayan obtenido ingresos en el pa\u00eds.<\/li>\n<\/ul>\n<ul class=\"text-justify\">\n<li class=\"text-justify\"><sup><\/sup>Cuando no posean patrimonio en Colombia y hayan obtenido en el a\u00f1o gravable ingresos en el pa\u00eds sobre los cuales se haya practicado retenci\u00f3n en la fuente por los conceptos previstos en los art\u00edculos 407 a 411 del ET.<\/li>\n<\/ul>\n<ul class=\"text-justify\">\n<li class=\"text-justify\"><sup><\/sup>Luego de concluir la entidad que el Fondo Nacional de Prestaciones Sociales del Magisterio administra tanto las cesant\u00edas correspondientes al sistema de retroactividad, como las del sistema anualizado de cesant\u00edas, precis\u00f3 de la siguiente manera la regla de realizaci\u00f3n de las cesant\u00edas para los docentes:&nbsp;<\/li>\n<\/ul>\n<ul class=\"text-justify\">\n<li class=\"text-justify\"><sup><\/sup>Para los docentes a quienes aplique el sistema de retroactividad, el ingreso por cesant\u00edas se entiende realizado con ocasi\u00f3n del pago que se haga en el a\u00f1o gravable en que esto ocurra.&nbsp;<\/li>\n<\/ul>\n<ul class=\"text-justify\">\n<li class=\"text-justify\"><sup><\/sup>Respecto de los docentes que tienen un sistema anualizado de cesant\u00edas, deber\u00e1n reconocer cada a\u00f1o gravable el ingreso asociado y aplicar el correspondiente l\u00edmite de costos y deducciones.<\/li>\n<\/ul>\n<p class=\"text-justify\">\n<p class=\"text-justify\">Fuente:DIAN, Concepto 27495 del 7 de noviembre de 2018<\/p>\n<p><!-- AddThis Advanced Settings generic via filter on the_content --><!-- AddThis Share Buttons generic via filter on the_content --><\/p>\n","protected":false},"excerpt":{"rendered":"<p>Por medio del Concepto 27495 del 7 de noviembre de 2018, la DIAN modific\u00f3 el concepto unificado 912 de 2018&#8230;.<\/p>\n","protected":false},"featured_media":10774,"template":"","meta":{"_acf_changed":false,"footnotes":""},"blog-category":[],"class_list":["post-10773","blog","type-blog","status-publish","has-post-thumbnail","hentry"],"acf":[],"yoast_head":"<!-- This site is optimized with the Yoast SEO plugin v27.4 - https:\/\/yoast.com\/product\/yoast-seo-wordpress\/ -->\n<title>DIAN modifica algunos criterios para determinar el impuesto sobre la renta de personas naturales - Auren Colombia<\/title>\n<meta name=\"robots\" content=\"index, follow, max-snippet:-1, max-image-preview:large, max-video-preview:-1\" \/>\n<link rel=\"canonical\" href=\"https:\/\/auren.com\/co\/blog\/dian-modifica-algunos-criterios-para-determinar-el-impuesto-sobre-la-renta-de-personas-naturales\/\" \/>\n<meta property=\"og:locale\" content=\"es_ES\" \/>\n<meta property=\"og:type\" content=\"article\" \/>\n<meta property=\"og:title\" content=\"DIAN modifica algunos criterios para determinar el impuesto sobre la renta de personas naturales - Auren Colombia\" \/>\n<meta property=\"og:description\" content=\"Por medio del Concepto 27495 del 7 de noviembre de 2018, la DIAN modific\u00f3 el concepto unificado 912 de 2018&#8230;.\" \/>\n<meta property=\"og:url\" content=\"https:\/\/auren.com\/co\/blog\/dian-modifica-algunos-criterios-para-determinar-el-impuesto-sobre-la-renta-de-personas-naturales\/\" \/>\n<meta property=\"og:site_name\" content=\"Auren Colombia\" \/>\n<meta property=\"og:image\" content=\"https:\/\/auren.com\/co\/wp-content\/uploads\/2018\/11\/niff.jpg\" \/>\n\t<meta property=\"og:image:width\" content=\"1000\" \/>\n\t<meta property=\"og:image:height\" content=\"667\" \/>\n\t<meta property=\"og:image:type\" content=\"image\/jpeg\" \/>\n<meta name=\"twitter:card\" content=\"summary_large_image\" \/>\n<meta name=\"twitter:site\" content=\"@AurenColombia\" \/>\n<meta name=\"twitter:label1\" content=\"Tiempo de lectura\" \/>\n\t<meta name=\"twitter:data1\" content=\"1 minuto\" \/>\n<script type=\"application\/ld+json\" class=\"yoast-schema-graph\">{\"@context\":\"https:\\\/\\\/schema.org\",\"@graph\":[{\"@type\":\"WebPage\",\"@id\":\"https:\\\/\\\/auren.com\\\/co\\\/blog\\\/dian-modifica-algunos-criterios-para-determinar-el-impuesto-sobre-la-renta-de-personas-naturales\\\/\",\"url\":\"https:\\\/\\\/auren.com\\\/co\\\/blog\\\/dian-modifica-algunos-criterios-para-determinar-el-impuesto-sobre-la-renta-de-personas-naturales\\\/\",\"name\":\"DIAN modifica algunos criterios para determinar el impuesto sobre la renta de personas naturales - Auren Colombia\",\"isPartOf\":{\"@id\":\"https:\\\/\\\/auren.com\\\/co\\\/#website\"},\"primaryImageOfPage\":{\"@id\":\"https:\\\/\\\/auren.com\\\/co\\\/blog\\\/dian-modifica-algunos-criterios-para-determinar-el-impuesto-sobre-la-renta-de-personas-naturales\\\/#primaryimage\"},\"image\":{\"@id\":\"https:\\\/\\\/auren.com\\\/co\\\/blog\\\/dian-modifica-algunos-criterios-para-determinar-el-impuesto-sobre-la-renta-de-personas-naturales\\\/#primaryimage\"},\"thumbnailUrl\":\"https:\\\/\\\/auren.com\\\/co\\\/wp-content\\\/uploads\\\/2018\\\/11\\\/niff.jpg\",\"datePublished\":\"2018-11-26T15:45:05+00:00\",\"breadcrumb\":{\"@id\":\"https:\\\/\\\/auren.com\\\/co\\\/blog\\\/dian-modifica-algunos-criterios-para-determinar-el-impuesto-sobre-la-renta-de-personas-naturales\\\/#breadcrumb\"},\"inLanguage\":\"es\",\"potentialAction\":[{\"@type\":\"ReadAction\",\"target\":[\"https:\\\/\\\/auren.com\\\/co\\\/blog\\\/dian-modifica-algunos-criterios-para-determinar-el-impuesto-sobre-la-renta-de-personas-naturales\\\/\"]}]},{\"@type\":\"ImageObject\",\"inLanguage\":\"es\",\"@id\":\"https:\\\/\\\/auren.com\\\/co\\\/blog\\\/dian-modifica-algunos-criterios-para-determinar-el-impuesto-sobre-la-renta-de-personas-naturales\\\/#primaryimage\",\"url\":\"https:\\\/\\\/auren.com\\\/co\\\/wp-content\\\/uploads\\\/2018\\\/11\\\/niff.jpg\",\"contentUrl\":\"https:\\\/\\\/auren.com\\\/co\\\/wp-content\\\/uploads\\\/2018\\\/11\\\/niff.jpg\",\"width\":1000,\"height\":667},{\"@type\":\"BreadcrumbList\",\"@id\":\"https:\\\/\\\/auren.com\\\/co\\\/blog\\\/dian-modifica-algunos-criterios-para-determinar-el-impuesto-sobre-la-renta-de-personas-naturales\\\/#breadcrumb\",\"itemListElement\":[{\"@type\":\"ListItem\",\"position\":1,\"name\":\"Portada\",\"item\":\"https:\\\/\\\/auren.com\\\/co\\\/\"},{\"@type\":\"ListItem\",\"position\":2,\"name\":\"DIAN modifica algunos criterios para determinar el impuesto sobre la renta de personas naturales\"}]},{\"@type\":\"WebSite\",\"@id\":\"https:\\\/\\\/auren.com\\\/co\\\/#website\",\"url\":\"https:\\\/\\\/auren.com\\\/co\\\/\",\"name\":\"Auren Colombia\",\"description\":\"\",\"publisher\":{\"@id\":\"https:\\\/\\\/auren.com\\\/co\\\/#organization\"},\"potentialAction\":[{\"@type\":\"SearchAction\",\"target\":{\"@type\":\"EntryPoint\",\"urlTemplate\":\"https:\\\/\\\/auren.com\\\/co\\\/?s={search_term_string}\"},\"query-input\":{\"@type\":\"PropertyValueSpecification\",\"valueRequired\":true,\"valueName\":\"search_term_string\"}}],\"inLanguage\":\"es\"},{\"@type\":\"Organization\",\"@id\":\"https:\\\/\\\/auren.com\\\/co\\\/#organization\",\"name\":\"Auren Colombia\",\"url\":\"https:\\\/\\\/auren.com\\\/co\\\/\",\"logo\":{\"@type\":\"ImageObject\",\"inLanguage\":\"es\",\"@id\":\"https:\\\/\\\/auren.com\\\/co\\\/#\\\/schema\\\/logo\\\/image\\\/\",\"url\":\"https:\\\/\\\/auren.com\\\/co\\\/wp-content\\\/uploads\\\/2025\\\/01\\\/cropped-cropped-favicon-Auren.png\",\"contentUrl\":\"https:\\\/\\\/auren.com\\\/co\\\/wp-content\\\/uploads\\\/2025\\\/01\\\/cropped-cropped-favicon-Auren.png\",\"width\":512,\"height\":512,\"caption\":\"Auren Colombia\"},\"image\":{\"@id\":\"https:\\\/\\\/auren.com\\\/co\\\/#\\\/schema\\\/logo\\\/image\\\/\"},\"sameAs\":[\"https:\\\/\\\/x.com\\\/AurenColombia\",\"https:\\\/\\\/www.instagram.com\\\/aurencolombia\\\/\",\"https:\\\/\\\/www.youtube.com\\\/channel\\\/UCRYoGRMR_k4oVWesdErApmA\",\"https:\\\/\\\/www.linkedin.com\\\/company\\\/auren-colombia\"]}]}<\/script>\n<!-- \/ Yoast SEO plugin. -->","yoast_head_json":{"title":"DIAN modifica algunos criterios para determinar el impuesto sobre la renta de personas naturales - Auren Colombia","robots":{"index":"index","follow":"follow","max-snippet":"max-snippet:-1","max-image-preview":"max-image-preview:large","max-video-preview":"max-video-preview:-1"},"canonical":"https:\/\/auren.com\/co\/blog\/dian-modifica-algunos-criterios-para-determinar-el-impuesto-sobre-la-renta-de-personas-naturales\/","og_locale":"es_ES","og_type":"article","og_title":"DIAN modifica algunos criterios para determinar el impuesto sobre la renta de personas naturales - Auren Colombia","og_description":"Por medio del Concepto 27495 del 7 de noviembre de 2018, la DIAN modific\u00f3 el concepto unificado 912 de 2018&#8230;.","og_url":"https:\/\/auren.com\/co\/blog\/dian-modifica-algunos-criterios-para-determinar-el-impuesto-sobre-la-renta-de-personas-naturales\/","og_site_name":"Auren Colombia","og_image":[{"width":1000,"height":667,"url":"https:\/\/auren.com\/co\/wp-content\/uploads\/2018\/11\/niff.jpg","type":"image\/jpeg"}],"twitter_card":"summary_large_image","twitter_site":"@AurenColombia","twitter_misc":{"Tiempo de lectura":"1 minuto"},"schema":{"@context":"https:\/\/schema.org","@graph":[{"@type":"WebPage","@id":"https:\/\/auren.com\/co\/blog\/dian-modifica-algunos-criterios-para-determinar-el-impuesto-sobre-la-renta-de-personas-naturales\/","url":"https:\/\/auren.com\/co\/blog\/dian-modifica-algunos-criterios-para-determinar-el-impuesto-sobre-la-renta-de-personas-naturales\/","name":"DIAN modifica algunos criterios para determinar el impuesto sobre la renta de personas naturales - Auren Colombia","isPartOf":{"@id":"https:\/\/auren.com\/co\/#website"},"primaryImageOfPage":{"@id":"https:\/\/auren.com\/co\/blog\/dian-modifica-algunos-criterios-para-determinar-el-impuesto-sobre-la-renta-de-personas-naturales\/#primaryimage"},"image":{"@id":"https:\/\/auren.com\/co\/blog\/dian-modifica-algunos-criterios-para-determinar-el-impuesto-sobre-la-renta-de-personas-naturales\/#primaryimage"},"thumbnailUrl":"https:\/\/auren.com\/co\/wp-content\/uploads\/2018\/11\/niff.jpg","datePublished":"2018-11-26T15:45:05+00:00","breadcrumb":{"@id":"https:\/\/auren.com\/co\/blog\/dian-modifica-algunos-criterios-para-determinar-el-impuesto-sobre-la-renta-de-personas-naturales\/#breadcrumb"},"inLanguage":"es","potentialAction":[{"@type":"ReadAction","target":["https:\/\/auren.com\/co\/blog\/dian-modifica-algunos-criterios-para-determinar-el-impuesto-sobre-la-renta-de-personas-naturales\/"]}]},{"@type":"ImageObject","inLanguage":"es","@id":"https:\/\/auren.com\/co\/blog\/dian-modifica-algunos-criterios-para-determinar-el-impuesto-sobre-la-renta-de-personas-naturales\/#primaryimage","url":"https:\/\/auren.com\/co\/wp-content\/uploads\/2018\/11\/niff.jpg","contentUrl":"https:\/\/auren.com\/co\/wp-content\/uploads\/2018\/11\/niff.jpg","width":1000,"height":667},{"@type":"BreadcrumbList","@id":"https:\/\/auren.com\/co\/blog\/dian-modifica-algunos-criterios-para-determinar-el-impuesto-sobre-la-renta-de-personas-naturales\/#breadcrumb","itemListElement":[{"@type":"ListItem","position":1,"name":"Portada","item":"https:\/\/auren.com\/co\/"},{"@type":"ListItem","position":2,"name":"DIAN modifica algunos criterios para determinar el impuesto sobre la renta de personas naturales"}]},{"@type":"WebSite","@id":"https:\/\/auren.com\/co\/#website","url":"https:\/\/auren.com\/co\/","name":"Auren Colombia","description":"","publisher":{"@id":"https:\/\/auren.com\/co\/#organization"},"potentialAction":[{"@type":"SearchAction","target":{"@type":"EntryPoint","urlTemplate":"https:\/\/auren.com\/co\/?s={search_term_string}"},"query-input":{"@type":"PropertyValueSpecification","valueRequired":true,"valueName":"search_term_string"}}],"inLanguage":"es"},{"@type":"Organization","@id":"https:\/\/auren.com\/co\/#organization","name":"Auren Colombia","url":"https:\/\/auren.com\/co\/","logo":{"@type":"ImageObject","inLanguage":"es","@id":"https:\/\/auren.com\/co\/#\/schema\/logo\/image\/","url":"https:\/\/auren.com\/co\/wp-content\/uploads\/2025\/01\/cropped-cropped-favicon-Auren.png","contentUrl":"https:\/\/auren.com\/co\/wp-content\/uploads\/2025\/01\/cropped-cropped-favicon-Auren.png","width":512,"height":512,"caption":"Auren Colombia"},"image":{"@id":"https:\/\/auren.com\/co\/#\/schema\/logo\/image\/"},"sameAs":["https:\/\/x.com\/AurenColombia","https:\/\/www.instagram.com\/aurencolombia\/","https:\/\/www.youtube.com\/channel\/UCRYoGRMR_k4oVWesdErApmA","https:\/\/www.linkedin.com\/company\/auren-colombia"]}]}},"_links":{"self":[{"href":"https:\/\/auren.com\/co\/wp-json\/wp\/v2\/blog\/10773","targetHints":{"allow":["GET"]}}],"collection":[{"href":"https:\/\/auren.com\/co\/wp-json\/wp\/v2\/blog"}],"about":[{"href":"https:\/\/auren.com\/co\/wp-json\/wp\/v2\/types\/blog"}],"version-history":[{"count":0,"href":"https:\/\/auren.com\/co\/wp-json\/wp\/v2\/blog\/10773\/revisions"}],"wp:featuredmedia":[{"embeddable":true,"href":"https:\/\/auren.com\/co\/wp-json\/wp\/v2\/media\/10774"}],"wp:attachment":[{"href":"https:\/\/auren.com\/co\/wp-json\/wp\/v2\/media?parent=10773"}],"wp:term":[{"taxonomy":"blog-category","embeddable":true,"href":"https:\/\/auren.com\/co\/wp-json\/wp\/v2\/blog-category?post=10773"}],"curies":[{"name":"wp","href":"https:\/\/api.w.org\/{rel}","templated":true}]}}