{"id":10782,"date":"2018-11-14T00:23:46","date_gmt":"2018-11-13T23:23:46","guid":{"rendered":"https:\/\/auren.com\/co\/blog\/dian-determina-formato-del-reporte-de-conciliacion-fiscal-por-los-anos-2018-y-2019\/"},"modified":"2018-11-14T00:23:46","modified_gmt":"2018-11-13T23:23:46","slug":"dian-determina-formato-del-reporte-de-conciliacion-fiscal-por-los-anos-2018-y-2019","status":"publish","type":"blog","link":"https:\/\/auren.com\/co\/blog\/dian-determina-formato-del-reporte-de-conciliacion-fiscal-por-los-anos-2018-y-2019\/","title":{"rendered":"DIAN determina formato del reporte de conciliaci\u00f3n fiscal por los a\u00f1os 2018 y 2019"},"content":{"rendered":"<\/p>\n<p class=\"text-justify\">A trav\u00e9s de la Resoluci\u00f3n 52 del 30 de octubre de 2018, la DIAN prescribi\u00f3 el formato de reporte de conciliaci\u00f3n fiscal para los contribuyentes obligados a llevar contabilidad, correspondiente a los a\u00f1os gravables 2018 y 2019, el cual lo deber\u00e1n presentar los contribuyentes obligados a llevar contabilidad o quienes de manera voluntaria decidan llevarla.   <\/p>\n<p class=\"text-justify\">El formato modelo 2516, correspondiente al reporte de conciliaci\u00f3n fiscal, anexo al formulario 110, deber\u00e1 ser diligenciado por los contribuyentes del impuesto sobre la renta que declaren en el formulario 110.   <\/p>\n<p class=\"text-justify\">Por su parte, el formato modelo 2517, correspondiente al reporte de conciliaci\u00f3n fiscal, anexo al formulario 210, deber\u00e1 ser diligenciado por los contribuyentes del impuesto sobre la renta, obligados a llevar contabilidad o quienes de manera voluntaria decidan llevarla, y que declaren en el formulario 210.   <\/p>\n<\/p>\n<p class=\"text-justify\">Este reporte de conciliaci\u00f3n fiscal deber\u00e1 ser diligenciado y presentado a trav\u00e9s de los servicios inform\u00e1ticos electr\u00f3nicos de la DIAN, haciendo uso del instrumento de firma electr\u00f3nica, por los contribuyentes del impuesto sobre la renta cuyos ingresos brutos fiscales obtenidos en el a\u00f1o gravable objeto de conciliaci\u00f3n, sean iguales o superiores a 45.000 UVT. El concepto de ingresos brutos fiscales incluye todos los ingresos ordinarios y extraordinarios, y entre estos se deben tener en cuenta los correspondientes a las ganancias ocasionales. En los dem\u00e1s casos, el formato deber\u00e1 ser diligenciado y encontrarse a disposici\u00f3n de la DIAN.   <\/p>\n<\/p>\n<p class=\"text-justify\">Dispone la Resoluci\u00f3n comentada que los contribuyentes que al 31 de diciembre del a\u00f1o gravable objeto de conciliaci\u00f3n pertenezcan al grupo contable sector privado 3 del Decreto n\u00famero 2420 del 2015, y que en el mismo per\u00edodo hayan obtenido ingresos brutos fiscales inferiores a 45.000 UVT, deber\u00e1n diligenciar y presentar las secciones correspondientes a: (i) Car\u00e1tula; (ii) Estado de Situaci\u00f3n Financiera \u2013 patrimonio; y (iii) Estado de resultado integral \u2013 renta l\u00edquida. Las dem\u00e1s secciones podr\u00e1n diligenciarse y presentarse si as\u00ed lo consideran necesario.   <\/p>\n<\/p>\n<p class=\"text-justify\">Se dispone que el reporte de conciliaci\u00f3n fiscal deba ser presentado previo a la presentaci\u00f3n de la declaraci\u00f3n del impuesto sobre la renta a la cual corresponda la conciliaci\u00f3n.   <\/p>\n<p class=\"text-justify\">Finalmente, advierte la Resoluci\u00f3n que el incumplimiento de la obligaci\u00f3n de presentar el reporte de conciliaci\u00f3n fiscal dentro del plazo fijado, se considera para efectos sancionatorios como una irregularidad en la contabilidad, sancionable de acuerdo con el art\u00edculo 655 del Estatuto Tributario.<\/p>\n<\/p>\n<p>Fuente:<\/p>\n<\/p>\n<p>DIAN, Resoluci\u00f3n 52 del 30 de octubre de 2018<\/p>\n<\/p>\n<p><!-- AddThis Advanced Settings generic via filter on the_content --><!-- AddThis Share Buttons generic via filter on the_content --><\/p>\n","protected":false},"excerpt":{"rendered":"<p>A trav\u00e9s de la Resoluci\u00f3n 52 del 30 de  octubre de 2018, la DIAN prescribi\u00f3 el formato de reporte de  conciliaci\u00f3n fiscal para los contribuyentes obligados a llevar  contabilidad, correspondiente a los a\u00f1os gravables 2018 y 2019, el cual  lo deber\u00e1n presentar los contribuyentes obligados a llevar contabilidad o  quienes de manera voluntaria decidan llevarla.    <\/p>\n","protected":false},"featured_media":10783,"template":"","meta":{"_acf_changed":false,"footnotes":""},"blog-category":[],"class_list":["post-10782","blog","type-blog","status-publish","has-post-thumbnail","hentry"],"acf":[],"yoast_head":"<!-- This site is optimized with the Yoast SEO plugin v27.4 - https:\/\/yoast.com\/product\/yoast-seo-wordpress\/ -->\n<title>DIAN determina formato del reporte de conciliaci\u00f3n fiscal por los a\u00f1os 2018 y 2019 - Auren Colombia<\/title>\n<meta name=\"robots\" content=\"index, follow, max-snippet:-1, max-image-preview:large, max-video-preview:-1\" \/>\n<link rel=\"canonical\" href=\"https:\/\/auren.com\/co\/blog\/dian-determina-formato-del-reporte-de-conciliacion-fiscal-por-los-anos-2018-y-2019\/\" \/>\n<meta property=\"og:locale\" content=\"es_ES\" \/>\n<meta property=\"og:type\" content=\"article\" \/>\n<meta property=\"og:title\" content=\"DIAN determina formato del reporte de conciliaci\u00f3n fiscal por los a\u00f1os 2018 y 2019 - Auren Colombia\" \/>\n<meta property=\"og:description\" content=\"A trav\u00e9s de la Resoluci\u00f3n 52 del 30 de octubre de 2018, la DIAN prescribi\u00f3 el formato de reporte de conciliaci\u00f3n fiscal para los contribuyentes obligados a llevar contabilidad, correspondiente a los a\u00f1os gravables 2018 y 2019, el cual lo deber\u00e1n presentar los contribuyentes obligados a llevar contabilidad o quienes de manera voluntaria decidan llevarla.\" \/>\n<meta property=\"og:url\" content=\"https:\/\/auren.com\/co\/blog\/dian-determina-formato-del-reporte-de-conciliacion-fiscal-por-los-anos-2018-y-2019\/\" \/>\n<meta property=\"og:site_name\" content=\"Auren Colombia\" \/>\n<meta property=\"og:image\" content=\"https:\/\/auren.com\/co\/wp-content\/uploads\/2018\/11\/shutterstock-577019452-3.jpg\" \/>\n\t<meta property=\"og:image:width\" content=\"1000\" \/>\n\t<meta property=\"og:image:height\" content=\"666\" \/>\n\t<meta property=\"og:image:type\" content=\"image\/jpeg\" \/>\n<meta name=\"twitter:card\" content=\"summary_large_image\" \/>\n<meta name=\"twitter:site\" content=\"@AurenColombia\" \/>\n<meta name=\"twitter:label1\" content=\"Tiempo de lectura\" \/>\n\t<meta name=\"twitter:data1\" content=\"2 minutos\" \/>\n<script type=\"application\/ld+json\" class=\"yoast-schema-graph\">{\"@context\":\"https:\\\/\\\/schema.org\",\"@graph\":[{\"@type\":\"WebPage\",\"@id\":\"https:\\\/\\\/auren.com\\\/co\\\/blog\\\/dian-determina-formato-del-reporte-de-conciliacion-fiscal-por-los-anos-2018-y-2019\\\/\",\"url\":\"https:\\\/\\\/auren.com\\\/co\\\/blog\\\/dian-determina-formato-del-reporte-de-conciliacion-fiscal-por-los-anos-2018-y-2019\\\/\",\"name\":\"DIAN determina formato del reporte de conciliaci\u00f3n fiscal por los a\u00f1os 2018 y 2019 - Auren Colombia\",\"isPartOf\":{\"@id\":\"https:\\\/\\\/auren.com\\\/co\\\/#website\"},\"primaryImageOfPage\":{\"@id\":\"https:\\\/\\\/auren.com\\\/co\\\/blog\\\/dian-determina-formato-del-reporte-de-conciliacion-fiscal-por-los-anos-2018-y-2019\\\/#primaryimage\"},\"image\":{\"@id\":\"https:\\\/\\\/auren.com\\\/co\\\/blog\\\/dian-determina-formato-del-reporte-de-conciliacion-fiscal-por-los-anos-2018-y-2019\\\/#primaryimage\"},\"thumbnailUrl\":\"https:\\\/\\\/auren.com\\\/co\\\/wp-content\\\/uploads\\\/2018\\\/11\\\/shutterstock-577019452-3.jpg\",\"datePublished\":\"2018-11-13T23:23:46+00:00\",\"breadcrumb\":{\"@id\":\"https:\\\/\\\/auren.com\\\/co\\\/blog\\\/dian-determina-formato-del-reporte-de-conciliacion-fiscal-por-los-anos-2018-y-2019\\\/#breadcrumb\"},\"inLanguage\":\"es\",\"potentialAction\":[{\"@type\":\"ReadAction\",\"target\":[\"https:\\\/\\\/auren.com\\\/co\\\/blog\\\/dian-determina-formato-del-reporte-de-conciliacion-fiscal-por-los-anos-2018-y-2019\\\/\"]}]},{\"@type\":\"ImageObject\",\"inLanguage\":\"es\",\"@id\":\"https:\\\/\\\/auren.com\\\/co\\\/blog\\\/dian-determina-formato-del-reporte-de-conciliacion-fiscal-por-los-anos-2018-y-2019\\\/#primaryimage\",\"url\":\"https:\\\/\\\/auren.com\\\/co\\\/wp-content\\\/uploads\\\/2018\\\/11\\\/shutterstock-577019452-3.jpg\",\"contentUrl\":\"https:\\\/\\\/auren.com\\\/co\\\/wp-content\\\/uploads\\\/2018\\\/11\\\/shutterstock-577019452-3.jpg\",\"width\":1000,\"height\":666},{\"@type\":\"BreadcrumbList\",\"@id\":\"https:\\\/\\\/auren.com\\\/co\\\/blog\\\/dian-determina-formato-del-reporte-de-conciliacion-fiscal-por-los-anos-2018-y-2019\\\/#breadcrumb\",\"itemListElement\":[{\"@type\":\"ListItem\",\"position\":1,\"name\":\"Portada\",\"item\":\"https:\\\/\\\/auren.com\\\/co\\\/\"},{\"@type\":\"ListItem\",\"position\":2,\"name\":\"DIAN determina formato del reporte de conciliaci\u00f3n fiscal por los a\u00f1os 2018 y 2019\"}]},{\"@type\":\"WebSite\",\"@id\":\"https:\\\/\\\/auren.com\\\/co\\\/#website\",\"url\":\"https:\\\/\\\/auren.com\\\/co\\\/\",\"name\":\"Auren Colombia\",\"description\":\"\",\"publisher\":{\"@id\":\"https:\\\/\\\/auren.com\\\/co\\\/#organization\"},\"potentialAction\":[{\"@type\":\"SearchAction\",\"target\":{\"@type\":\"EntryPoint\",\"urlTemplate\":\"https:\\\/\\\/auren.com\\\/co\\\/?s={search_term_string}\"},\"query-input\":{\"@type\":\"PropertyValueSpecification\",\"valueRequired\":true,\"valueName\":\"search_term_string\"}}],\"inLanguage\":\"es\"},{\"@type\":\"Organization\",\"@id\":\"https:\\\/\\\/auren.com\\\/co\\\/#organization\",\"name\":\"Auren Colombia\",\"url\":\"https:\\\/\\\/auren.com\\\/co\\\/\",\"logo\":{\"@type\":\"ImageObject\",\"inLanguage\":\"es\",\"@id\":\"https:\\\/\\\/auren.com\\\/co\\\/#\\\/schema\\\/logo\\\/image\\\/\",\"url\":\"https:\\\/\\\/auren.com\\\/co\\\/wp-content\\\/uploads\\\/2025\\\/01\\\/cropped-cropped-favicon-Auren.png\",\"contentUrl\":\"https:\\\/\\\/auren.com\\\/co\\\/wp-content\\\/uploads\\\/2025\\\/01\\\/cropped-cropped-favicon-Auren.png\",\"width\":512,\"height\":512,\"caption\":\"Auren Colombia\"},\"image\":{\"@id\":\"https:\\\/\\\/auren.com\\\/co\\\/#\\\/schema\\\/logo\\\/image\\\/\"},\"sameAs\":[\"https:\\\/\\\/x.com\\\/AurenColombia\",\"https:\\\/\\\/www.instagram.com\\\/aurencolombia\\\/\",\"https:\\\/\\\/www.youtube.com\\\/channel\\\/UCRYoGRMR_k4oVWesdErApmA\",\"https:\\\/\\\/www.linkedin.com\\\/company\\\/auren-colombia\"]}]}<\/script>\n<!-- \/ Yoast SEO plugin. -->","yoast_head_json":{"title":"DIAN determina formato del reporte de conciliaci\u00f3n fiscal por los a\u00f1os 2018 y 2019 - Auren Colombia","robots":{"index":"index","follow":"follow","max-snippet":"max-snippet:-1","max-image-preview":"max-image-preview:large","max-video-preview":"max-video-preview:-1"},"canonical":"https:\/\/auren.com\/co\/blog\/dian-determina-formato-del-reporte-de-conciliacion-fiscal-por-los-anos-2018-y-2019\/","og_locale":"es_ES","og_type":"article","og_title":"DIAN determina formato del reporte de conciliaci\u00f3n fiscal por los a\u00f1os 2018 y 2019 - Auren Colombia","og_description":"A trav\u00e9s de la Resoluci\u00f3n 52 del 30 de octubre de 2018, la DIAN prescribi\u00f3 el formato de reporte de conciliaci\u00f3n fiscal para los contribuyentes obligados a llevar contabilidad, correspondiente a los a\u00f1os gravables 2018 y 2019, el cual lo deber\u00e1n presentar los contribuyentes obligados a llevar contabilidad o quienes de manera voluntaria decidan llevarla.","og_url":"https:\/\/auren.com\/co\/blog\/dian-determina-formato-del-reporte-de-conciliacion-fiscal-por-los-anos-2018-y-2019\/","og_site_name":"Auren Colombia","og_image":[{"width":1000,"height":666,"url":"https:\/\/auren.com\/co\/wp-content\/uploads\/2018\/11\/shutterstock-577019452-3.jpg","type":"image\/jpeg"}],"twitter_card":"summary_large_image","twitter_site":"@AurenColombia","twitter_misc":{"Tiempo de lectura":"2 minutos"},"schema":{"@context":"https:\/\/schema.org","@graph":[{"@type":"WebPage","@id":"https:\/\/auren.com\/co\/blog\/dian-determina-formato-del-reporte-de-conciliacion-fiscal-por-los-anos-2018-y-2019\/","url":"https:\/\/auren.com\/co\/blog\/dian-determina-formato-del-reporte-de-conciliacion-fiscal-por-los-anos-2018-y-2019\/","name":"DIAN determina formato del reporte de conciliaci\u00f3n fiscal por los a\u00f1os 2018 y 2019 - Auren Colombia","isPartOf":{"@id":"https:\/\/auren.com\/co\/#website"},"primaryImageOfPage":{"@id":"https:\/\/auren.com\/co\/blog\/dian-determina-formato-del-reporte-de-conciliacion-fiscal-por-los-anos-2018-y-2019\/#primaryimage"},"image":{"@id":"https:\/\/auren.com\/co\/blog\/dian-determina-formato-del-reporte-de-conciliacion-fiscal-por-los-anos-2018-y-2019\/#primaryimage"},"thumbnailUrl":"https:\/\/auren.com\/co\/wp-content\/uploads\/2018\/11\/shutterstock-577019452-3.jpg","datePublished":"2018-11-13T23:23:46+00:00","breadcrumb":{"@id":"https:\/\/auren.com\/co\/blog\/dian-determina-formato-del-reporte-de-conciliacion-fiscal-por-los-anos-2018-y-2019\/#breadcrumb"},"inLanguage":"es","potentialAction":[{"@type":"ReadAction","target":["https:\/\/auren.com\/co\/blog\/dian-determina-formato-del-reporte-de-conciliacion-fiscal-por-los-anos-2018-y-2019\/"]}]},{"@type":"ImageObject","inLanguage":"es","@id":"https:\/\/auren.com\/co\/blog\/dian-determina-formato-del-reporte-de-conciliacion-fiscal-por-los-anos-2018-y-2019\/#primaryimage","url":"https:\/\/auren.com\/co\/wp-content\/uploads\/2018\/11\/shutterstock-577019452-3.jpg","contentUrl":"https:\/\/auren.com\/co\/wp-content\/uploads\/2018\/11\/shutterstock-577019452-3.jpg","width":1000,"height":666},{"@type":"BreadcrumbList","@id":"https:\/\/auren.com\/co\/blog\/dian-determina-formato-del-reporte-de-conciliacion-fiscal-por-los-anos-2018-y-2019\/#breadcrumb","itemListElement":[{"@type":"ListItem","position":1,"name":"Portada","item":"https:\/\/auren.com\/co\/"},{"@type":"ListItem","position":2,"name":"DIAN determina formato del reporte de conciliaci\u00f3n fiscal por los a\u00f1os 2018 y 2019"}]},{"@type":"WebSite","@id":"https:\/\/auren.com\/co\/#website","url":"https:\/\/auren.com\/co\/","name":"Auren Colombia","description":"","publisher":{"@id":"https:\/\/auren.com\/co\/#organization"},"potentialAction":[{"@type":"SearchAction","target":{"@type":"EntryPoint","urlTemplate":"https:\/\/auren.com\/co\/?s={search_term_string}"},"query-input":{"@type":"PropertyValueSpecification","valueRequired":true,"valueName":"search_term_string"}}],"inLanguage":"es"},{"@type":"Organization","@id":"https:\/\/auren.com\/co\/#organization","name":"Auren Colombia","url":"https:\/\/auren.com\/co\/","logo":{"@type":"ImageObject","inLanguage":"es","@id":"https:\/\/auren.com\/co\/#\/schema\/logo\/image\/","url":"https:\/\/auren.com\/co\/wp-content\/uploads\/2025\/01\/cropped-cropped-favicon-Auren.png","contentUrl":"https:\/\/auren.com\/co\/wp-content\/uploads\/2025\/01\/cropped-cropped-favicon-Auren.png","width":512,"height":512,"caption":"Auren Colombia"},"image":{"@id":"https:\/\/auren.com\/co\/#\/schema\/logo\/image\/"},"sameAs":["https:\/\/x.com\/AurenColombia","https:\/\/www.instagram.com\/aurencolombia\/","https:\/\/www.youtube.com\/channel\/UCRYoGRMR_k4oVWesdErApmA","https:\/\/www.linkedin.com\/company\/auren-colombia"]}]}},"_links":{"self":[{"href":"https:\/\/auren.com\/co\/wp-json\/wp\/v2\/blog\/10782","targetHints":{"allow":["GET"]}}],"collection":[{"href":"https:\/\/auren.com\/co\/wp-json\/wp\/v2\/blog"}],"about":[{"href":"https:\/\/auren.com\/co\/wp-json\/wp\/v2\/types\/blog"}],"version-history":[{"count":0,"href":"https:\/\/auren.com\/co\/wp-json\/wp\/v2\/blog\/10782\/revisions"}],"wp:featuredmedia":[{"embeddable":true,"href":"https:\/\/auren.com\/co\/wp-json\/wp\/v2\/media\/10783"}],"wp:attachment":[{"href":"https:\/\/auren.com\/co\/wp-json\/wp\/v2\/media?parent=10782"}],"wp:term":[{"taxonomy":"blog-category","embeddable":true,"href":"https:\/\/auren.com\/co\/wp-json\/wp\/v2\/blog-category?post=10782"}],"curies":[{"name":"wp","href":"https:\/\/api.w.org\/{rel}","templated":true}]}}