{"id":10785,"date":"2018-11-14T00:19:19","date_gmt":"2018-11-13T23:19:19","guid":{"rendered":"https:\/\/auren.com\/co\/blog\/superintendencia-de-industria-y-comercio-preciso-computo-y-periodos-de-permanencia-de-reportes-negativos-en-habeas-data\/"},"modified":"2018-11-14T00:19:19","modified_gmt":"2018-11-13T23:19:19","slug":"superintendencia-de-industria-y-comercio-preciso-computo-y-periodos-de-permanencia-de-reportes-negativos-en-habeas-data","status":"publish","type":"blog","link":"https:\/\/auren.com\/co\/blog\/superintendencia-de-industria-y-comercio-preciso-computo-y-periodos-de-permanencia-de-reportes-negativos-en-habeas-data\/","title":{"rendered":"Superintendencia de Industria y Comercio precis\u00f3 c\u00f3mputo y per\u00edodos de permanencia de reportes negativos en habeas data"},"content":{"rendered":"<\/p>\n<p>El art\u00edculo 13 de la Ley 1266 de 2008 establece que los reportes negativos, referidos a &nbsp;datos cuyo contenido hace referencia al tiempo de mora, tipo de cobro, estado de cartera, y aquellos datos referentes a una situaci\u00f3n de incumplimiento de obligaciones, tendr\u00e1n un t\u00e9rmino m\u00e1ximo de permanencia de 4 a\u00f1os, contados a partir de la fecha en que sea pagada la obligaci\u00f3n vencida. Vencido tal per\u00edodo, dispone la norma, deber\u00e1 ser retirado el reporte de los bancos de datos por el operador, de forma que los usuarios no puedan acceder o consultar dicha informaci\u00f3n.   <\/p>\n<p>Acogiendo los argumentos de la Corte Constitucional al respecto, la Superintendencia de Industria y Comercio se\u00f1al\u00f3 en reciente concepto que la aplicaci\u00f3n de norma referida tiene el siguiente alcance:   <\/p>\n<p>&nbsp;   <\/p>\n<ul>\n<li>Si la obligaci\u00f3n tiene una mora inferior a 2 a\u00f1os, el dato negativo no podr\u00e1 exceder del doble de la mora.   <\/li>\n<li>Si la mora es mayor de 2 a\u00f1os, la permanencia ser\u00e1 de 4 a\u00f1os, contados a partir de la fecha en que se extinga la obligaci\u00f3n por cualquier modo.<\/li>\n<li>Considerando que la prescripci\u00f3n es un modo de extinci\u00f3n de las obligaciones, y que la ley civil establece que la prescripci\u00f3n de la acci\u00f3n ordinaria (mecanismo procesal para que el acreedor obtenga declaraci\u00f3n judicial sobre la existencia de una obligaci\u00f3n) ocurre en el t\u00e9rmino de 10 a\u00f1os, contado a partir de su exigibilidad, se\u00f1al\u00f3 la Superintendencia que en aquellos casos en que nunca se paga la deuda, una vez vencidos los 10 a\u00f1os comentados, se aplican los 4 a\u00f1os adicionales que contempla la Ley de Habeas Data, a manera de sanci\u00f3n. Ello, en palabras de la entidad, permite cumplir la caducidad del dato, sin que implique la declaratoria judicial de prescripci\u00f3n que corresponde al juez civil.<\/li>\n<\/ul>\n<p>Fuente:<\/p>\n<p><strong>Superintendencia de Industria y Comercio, Concepto 440 de 2018<\/strong><\/p>\n<p><strong><\/strong><\/p>\n<p><!-- AddThis Advanced Settings generic via filter on the_content --><!-- AddThis Share Buttons generic via filter on the_content --><\/p>\n","protected":false},"excerpt":{"rendered":"<p>El art\u00edculo 13 de la Ley 1266 de 2008 establece que los reportes negativos, referidos a &nbsp;datos cuyo contenido hace referencia al tiempo de mora, tipo de cobro, estado de cartera, y aquellos datos referentes a una situaci\u00f3n de incumplimiento de obligaciones, tendr\u00e1n un t\u00e9rmino m\u00e1ximo de permanencia de 4 a\u00f1os, contados a partir de la fecha en que sea pagada la obligaci\u00f3n vencida.<\/p>\n","protected":false},"featured_media":10786,"template":"","meta":{"_acf_changed":false,"footnotes":""},"blog-category":[],"class_list":["post-10785","blog","type-blog","status-publish","has-post-thumbnail","hentry"],"acf":[],"yoast_head":"<!-- This site is optimized with the Yoast SEO plugin v27.4 - https:\/\/yoast.com\/product\/yoast-seo-wordpress\/ -->\n<title>Superintendencia de Industria y Comercio precis\u00f3 c\u00f3mputo y per\u00edodos de permanencia de reportes negativos en habeas data - Auren Colombia<\/title>\n<meta name=\"robots\" content=\"index, follow, max-snippet:-1, max-image-preview:large, max-video-preview:-1\" \/>\n<link rel=\"canonical\" href=\"https:\/\/auren.com\/co\/blog\/superintendencia-de-industria-y-comercio-preciso-computo-y-periodos-de-permanencia-de-reportes-negativos-en-habeas-data\/\" \/>\n<meta property=\"og:locale\" content=\"es_ES\" \/>\n<meta property=\"og:type\" content=\"article\" \/>\n<meta property=\"og:title\" content=\"Superintendencia de Industria y Comercio precis\u00f3 c\u00f3mputo y per\u00edodos de permanencia de reportes negativos en habeas data - Auren Colombia\" \/>\n<meta property=\"og:description\" content=\"El art\u00edculo 13 de la Ley 1266 de 2008 establece que los reportes negativos, referidos a &nbsp;datos cuyo contenido hace referencia al tiempo de mora, tipo de cobro, estado de cartera, y aquellos datos referentes a una situaci\u00f3n de incumplimiento de obligaciones, tendr\u00e1n un t\u00e9rmino m\u00e1ximo de permanencia de 4 a\u00f1os, contados a partir de la fecha en que sea pagada la obligaci\u00f3n vencida.\" \/>\n<meta property=\"og:url\" content=\"https:\/\/auren.com\/co\/blog\/superintendencia-de-industria-y-comercio-preciso-computo-y-periodos-de-permanencia-de-reportes-negativos-en-habeas-data\/\" \/>\n<meta property=\"og:site_name\" content=\"Auren Colombia\" \/>\n<meta property=\"og:image\" content=\"https:\/\/auren.com\/co\/wp-content\/uploads\/2018\/11\/tributacion-fiscalizacion-auditoria-contabilidad-lupa-indagacion-investigacion-elfima20140925-0005-1-3.jpg\" \/>\n\t<meta property=\"og:image:width\" content=\"1000\" \/>\n\t<meta property=\"og:image:height\" content=\"667\" \/>\n\t<meta property=\"og:image:type\" content=\"image\/jpeg\" \/>\n<meta name=\"twitter:card\" content=\"summary_large_image\" \/>\n<meta name=\"twitter:site\" content=\"@AurenColombia\" \/>\n<meta name=\"twitter:label1\" content=\"Tiempo de lectura\" \/>\n\t<meta name=\"twitter:data1\" content=\"2 minutos\" \/>\n<script type=\"application\/ld+json\" class=\"yoast-schema-graph\">{\"@context\":\"https:\\\/\\\/schema.org\",\"@graph\":[{\"@type\":\"WebPage\",\"@id\":\"https:\\\/\\\/auren.com\\\/co\\\/blog\\\/superintendencia-de-industria-y-comercio-preciso-computo-y-periodos-de-permanencia-de-reportes-negativos-en-habeas-data\\\/\",\"url\":\"https:\\\/\\\/auren.com\\\/co\\\/blog\\\/superintendencia-de-industria-y-comercio-preciso-computo-y-periodos-de-permanencia-de-reportes-negativos-en-habeas-data\\\/\",\"name\":\"Superintendencia de Industria y Comercio precis\u00f3 c\u00f3mputo y per\u00edodos de permanencia de reportes negativos en habeas data - Auren Colombia\",\"isPartOf\":{\"@id\":\"https:\\\/\\\/auren.com\\\/co\\\/#website\"},\"primaryImageOfPage\":{\"@id\":\"https:\\\/\\\/auren.com\\\/co\\\/blog\\\/superintendencia-de-industria-y-comercio-preciso-computo-y-periodos-de-permanencia-de-reportes-negativos-en-habeas-data\\\/#primaryimage\"},\"image\":{\"@id\":\"https:\\\/\\\/auren.com\\\/co\\\/blog\\\/superintendencia-de-industria-y-comercio-preciso-computo-y-periodos-de-permanencia-de-reportes-negativos-en-habeas-data\\\/#primaryimage\"},\"thumbnailUrl\":\"https:\\\/\\\/auren.com\\\/co\\\/wp-content\\\/uploads\\\/2018\\\/11\\\/tributacion-fiscalizacion-auditoria-contabilidad-lupa-indagacion-investigacion-elfima20140925-0005-1-3.jpg\",\"datePublished\":\"2018-11-13T23:19:19+00:00\",\"breadcrumb\":{\"@id\":\"https:\\\/\\\/auren.com\\\/co\\\/blog\\\/superintendencia-de-industria-y-comercio-preciso-computo-y-periodos-de-permanencia-de-reportes-negativos-en-habeas-data\\\/#breadcrumb\"},\"inLanguage\":\"es\",\"potentialAction\":[{\"@type\":\"ReadAction\",\"target\":[\"https:\\\/\\\/auren.com\\\/co\\\/blog\\\/superintendencia-de-industria-y-comercio-preciso-computo-y-periodos-de-permanencia-de-reportes-negativos-en-habeas-data\\\/\"]}]},{\"@type\":\"ImageObject\",\"inLanguage\":\"es\",\"@id\":\"https:\\\/\\\/auren.com\\\/co\\\/blog\\\/superintendencia-de-industria-y-comercio-preciso-computo-y-periodos-de-permanencia-de-reportes-negativos-en-habeas-data\\\/#primaryimage\",\"url\":\"https:\\\/\\\/auren.com\\\/co\\\/wp-content\\\/uploads\\\/2018\\\/11\\\/tributacion-fiscalizacion-auditoria-contabilidad-lupa-indagacion-investigacion-elfima20140925-0005-1-3.jpg\",\"contentUrl\":\"https:\\\/\\\/auren.com\\\/co\\\/wp-content\\\/uploads\\\/2018\\\/11\\\/tributacion-fiscalizacion-auditoria-contabilidad-lupa-indagacion-investigacion-elfima20140925-0005-1-3.jpg\",\"width\":1000,\"height\":667},{\"@type\":\"BreadcrumbList\",\"@id\":\"https:\\\/\\\/auren.com\\\/co\\\/blog\\\/superintendencia-de-industria-y-comercio-preciso-computo-y-periodos-de-permanencia-de-reportes-negativos-en-habeas-data\\\/#breadcrumb\",\"itemListElement\":[{\"@type\":\"ListItem\",\"position\":1,\"name\":\"Portada\",\"item\":\"https:\\\/\\\/auren.com\\\/co\\\/\"},{\"@type\":\"ListItem\",\"position\":2,\"name\":\"Superintendencia de Industria y Comercio precis\u00f3 c\u00f3mputo y per\u00edodos de permanencia de reportes negativos en habeas data\"}]},{\"@type\":\"WebSite\",\"@id\":\"https:\\\/\\\/auren.com\\\/co\\\/#website\",\"url\":\"https:\\\/\\\/auren.com\\\/co\\\/\",\"name\":\"Auren Colombia\",\"description\":\"\",\"publisher\":{\"@id\":\"https:\\\/\\\/auren.com\\\/co\\\/#organization\"},\"potentialAction\":[{\"@type\":\"SearchAction\",\"target\":{\"@type\":\"EntryPoint\",\"urlTemplate\":\"https:\\\/\\\/auren.com\\\/co\\\/?s={search_term_string}\"},\"query-input\":{\"@type\":\"PropertyValueSpecification\",\"valueRequired\":true,\"valueName\":\"search_term_string\"}}],\"inLanguage\":\"es\"},{\"@type\":\"Organization\",\"@id\":\"https:\\\/\\\/auren.com\\\/co\\\/#organization\",\"name\":\"Auren Colombia\",\"url\":\"https:\\\/\\\/auren.com\\\/co\\\/\",\"logo\":{\"@type\":\"ImageObject\",\"inLanguage\":\"es\",\"@id\":\"https:\\\/\\\/auren.com\\\/co\\\/#\\\/schema\\\/logo\\\/image\\\/\",\"url\":\"https:\\\/\\\/auren.com\\\/co\\\/wp-content\\\/uploads\\\/2025\\\/01\\\/cropped-cropped-favicon-Auren.png\",\"contentUrl\":\"https:\\\/\\\/auren.com\\\/co\\\/wp-content\\\/uploads\\\/2025\\\/01\\\/cropped-cropped-favicon-Auren.png\",\"width\":512,\"height\":512,\"caption\":\"Auren Colombia\"},\"image\":{\"@id\":\"https:\\\/\\\/auren.com\\\/co\\\/#\\\/schema\\\/logo\\\/image\\\/\"},\"sameAs\":[\"https:\\\/\\\/x.com\\\/AurenColombia\",\"https:\\\/\\\/www.instagram.com\\\/aurencolombia\\\/\",\"https:\\\/\\\/www.youtube.com\\\/channel\\\/UCRYoGRMR_k4oVWesdErApmA\",\"https:\\\/\\\/www.linkedin.com\\\/company\\\/auren-colombia\"]}]}<\/script>\n<!-- \/ Yoast SEO plugin. -->","yoast_head_json":{"title":"Superintendencia de Industria y Comercio precis\u00f3 c\u00f3mputo y per\u00edodos de permanencia de reportes negativos en habeas data - Auren Colombia","robots":{"index":"index","follow":"follow","max-snippet":"max-snippet:-1","max-image-preview":"max-image-preview:large","max-video-preview":"max-video-preview:-1"},"canonical":"https:\/\/auren.com\/co\/blog\/superintendencia-de-industria-y-comercio-preciso-computo-y-periodos-de-permanencia-de-reportes-negativos-en-habeas-data\/","og_locale":"es_ES","og_type":"article","og_title":"Superintendencia de Industria y Comercio precis\u00f3 c\u00f3mputo y per\u00edodos de permanencia de reportes negativos en habeas data - Auren Colombia","og_description":"El art\u00edculo 13 de la Ley 1266 de 2008 establece que los reportes negativos, referidos a &nbsp;datos cuyo contenido hace referencia al tiempo de mora, tipo de cobro, estado de cartera, y aquellos datos referentes a una situaci\u00f3n de incumplimiento de obligaciones, tendr\u00e1n un t\u00e9rmino m\u00e1ximo de permanencia de 4 a\u00f1os, contados a partir de la fecha en que sea pagada la obligaci\u00f3n vencida.","og_url":"https:\/\/auren.com\/co\/blog\/superintendencia-de-industria-y-comercio-preciso-computo-y-periodos-de-permanencia-de-reportes-negativos-en-habeas-data\/","og_site_name":"Auren Colombia","og_image":[{"width":1000,"height":667,"url":"https:\/\/auren.com\/co\/wp-content\/uploads\/2018\/11\/tributacion-fiscalizacion-auditoria-contabilidad-lupa-indagacion-investigacion-elfima20140925-0005-1-3.jpg","type":"image\/jpeg"}],"twitter_card":"summary_large_image","twitter_site":"@AurenColombia","twitter_misc":{"Tiempo de lectura":"2 minutos"},"schema":{"@context":"https:\/\/schema.org","@graph":[{"@type":"WebPage","@id":"https:\/\/auren.com\/co\/blog\/superintendencia-de-industria-y-comercio-preciso-computo-y-periodos-de-permanencia-de-reportes-negativos-en-habeas-data\/","url":"https:\/\/auren.com\/co\/blog\/superintendencia-de-industria-y-comercio-preciso-computo-y-periodos-de-permanencia-de-reportes-negativos-en-habeas-data\/","name":"Superintendencia de Industria y Comercio precis\u00f3 c\u00f3mputo y per\u00edodos de permanencia de reportes negativos en habeas data - Auren Colombia","isPartOf":{"@id":"https:\/\/auren.com\/co\/#website"},"primaryImageOfPage":{"@id":"https:\/\/auren.com\/co\/blog\/superintendencia-de-industria-y-comercio-preciso-computo-y-periodos-de-permanencia-de-reportes-negativos-en-habeas-data\/#primaryimage"},"image":{"@id":"https:\/\/auren.com\/co\/blog\/superintendencia-de-industria-y-comercio-preciso-computo-y-periodos-de-permanencia-de-reportes-negativos-en-habeas-data\/#primaryimage"},"thumbnailUrl":"https:\/\/auren.com\/co\/wp-content\/uploads\/2018\/11\/tributacion-fiscalizacion-auditoria-contabilidad-lupa-indagacion-investigacion-elfima20140925-0005-1-3.jpg","datePublished":"2018-11-13T23:19:19+00:00","breadcrumb":{"@id":"https:\/\/auren.com\/co\/blog\/superintendencia-de-industria-y-comercio-preciso-computo-y-periodos-de-permanencia-de-reportes-negativos-en-habeas-data\/#breadcrumb"},"inLanguage":"es","potentialAction":[{"@type":"ReadAction","target":["https:\/\/auren.com\/co\/blog\/superintendencia-de-industria-y-comercio-preciso-computo-y-periodos-de-permanencia-de-reportes-negativos-en-habeas-data\/"]}]},{"@type":"ImageObject","inLanguage":"es","@id":"https:\/\/auren.com\/co\/blog\/superintendencia-de-industria-y-comercio-preciso-computo-y-periodos-de-permanencia-de-reportes-negativos-en-habeas-data\/#primaryimage","url":"https:\/\/auren.com\/co\/wp-content\/uploads\/2018\/11\/tributacion-fiscalizacion-auditoria-contabilidad-lupa-indagacion-investigacion-elfima20140925-0005-1-3.jpg","contentUrl":"https:\/\/auren.com\/co\/wp-content\/uploads\/2018\/11\/tributacion-fiscalizacion-auditoria-contabilidad-lupa-indagacion-investigacion-elfima20140925-0005-1-3.jpg","width":1000,"height":667},{"@type":"BreadcrumbList","@id":"https:\/\/auren.com\/co\/blog\/superintendencia-de-industria-y-comercio-preciso-computo-y-periodos-de-permanencia-de-reportes-negativos-en-habeas-data\/#breadcrumb","itemListElement":[{"@type":"ListItem","position":1,"name":"Portada","item":"https:\/\/auren.com\/co\/"},{"@type":"ListItem","position":2,"name":"Superintendencia de Industria y Comercio precis\u00f3 c\u00f3mputo y per\u00edodos de permanencia de reportes negativos en habeas data"}]},{"@type":"WebSite","@id":"https:\/\/auren.com\/co\/#website","url":"https:\/\/auren.com\/co\/","name":"Auren Colombia","description":"","publisher":{"@id":"https:\/\/auren.com\/co\/#organization"},"potentialAction":[{"@type":"SearchAction","target":{"@type":"EntryPoint","urlTemplate":"https:\/\/auren.com\/co\/?s={search_term_string}"},"query-input":{"@type":"PropertyValueSpecification","valueRequired":true,"valueName":"search_term_string"}}],"inLanguage":"es"},{"@type":"Organization","@id":"https:\/\/auren.com\/co\/#organization","name":"Auren Colombia","url":"https:\/\/auren.com\/co\/","logo":{"@type":"ImageObject","inLanguage":"es","@id":"https:\/\/auren.com\/co\/#\/schema\/logo\/image\/","url":"https:\/\/auren.com\/co\/wp-content\/uploads\/2025\/01\/cropped-cropped-favicon-Auren.png","contentUrl":"https:\/\/auren.com\/co\/wp-content\/uploads\/2025\/01\/cropped-cropped-favicon-Auren.png","width":512,"height":512,"caption":"Auren Colombia"},"image":{"@id":"https:\/\/auren.com\/co\/#\/schema\/logo\/image\/"},"sameAs":["https:\/\/x.com\/AurenColombia","https:\/\/www.instagram.com\/aurencolombia\/","https:\/\/www.youtube.com\/channel\/UCRYoGRMR_k4oVWesdErApmA","https:\/\/www.linkedin.com\/company\/auren-colombia"]}]}},"_links":{"self":[{"href":"https:\/\/auren.com\/co\/wp-json\/wp\/v2\/blog\/10785","targetHints":{"allow":["GET"]}}],"collection":[{"href":"https:\/\/auren.com\/co\/wp-json\/wp\/v2\/blog"}],"about":[{"href":"https:\/\/auren.com\/co\/wp-json\/wp\/v2\/types\/blog"}],"version-history":[{"count":0,"href":"https:\/\/auren.com\/co\/wp-json\/wp\/v2\/blog\/10785\/revisions"}],"wp:featuredmedia":[{"embeddable":true,"href":"https:\/\/auren.com\/co\/wp-json\/wp\/v2\/media\/10786"}],"wp:attachment":[{"href":"https:\/\/auren.com\/co\/wp-json\/wp\/v2\/media?parent=10785"}],"wp:term":[{"taxonomy":"blog-category","embeddable":true,"href":"https:\/\/auren.com\/co\/wp-json\/wp\/v2\/blog-category?post=10785"}],"curies":[{"name":"wp","href":"https:\/\/api.w.org\/{rel}","templated":true}]}}