{"id":10788,"date":"2018-11-14T00:15:26","date_gmt":"2018-11-13T23:15:26","guid":{"rendered":"https:\/\/auren.com\/co\/blog\/ventanilla-unica-de-tramites-y-servicios-del-ministerio-del-trabajo-ya-esta-disponible-para-bogota\/"},"modified":"2018-11-14T00:15:26","modified_gmt":"2018-11-13T23:15:26","slug":"ventanilla-unica-de-tramites-y-servicios-del-ministerio-del-trabajo-ya-esta-disponible-para-bogota","status":"publish","type":"blog","link":"https:\/\/auren.com\/co\/blog\/ventanilla-unica-de-tramites-y-servicios-del-ministerio-del-trabajo-ya-esta-disponible-para-bogota\/","title":{"rendered":"Ventanilla \u00danica de Tr\u00e1mites y Servicios del Ministerio del Trabajo ya est\u00e1 disponible para Bogot\u00e1"},"content":{"rendered":"<\/p>\n<p class=\"text-justify\">La Ventanilla \u00danica de Tr\u00e1mites y Servicios del Ministerio del Trabajo, es una aplicaci\u00f3n para que empresarios, trabajadores, sindicalistas y ciudadanos en general realicen tr\u00e1mites por internet ingresando a la p\u00e1gina web del Ministerio.   <\/p>\n<p class=\"text-justify\">A trav\u00e9s de ella se podr\u00e1n realizar 20 tr\u00e1mites en l\u00ednea, de los cuales 13 corresponden a empresarios, 6 a ciudadanos y 1 a sindicatos, inform\u00f3 el Ministerio del Trabajo. Los principales tr\u00e1mites se relacionan con solicitudes de car\u00e1cter laboral, expedici\u00f3n de certificados, autorizaciones para despidos, disminuci\u00f3n de capital, laborar horas extras, y permisos, entre otros requerimientos que se podr\u00e1n gestionar mediante la plataforma.   <\/p>\n<p class=\"text-justify\">\n<p class=\"text-justify\">El procedimiento tiene tres pasos de radicaci\u00f3n: datos del tr\u00e1mite, datos del remitente y documentos del tr\u00e1mite, y se puede hacer uso del servicio a cualquier hora, desde cualquier lugar del mundo a trav\u00e9s de internet. Sin embargo, el Ministerio precis\u00f3 que inicialmente solo funcionar\u00e1 en Bogot\u00e1.   <\/p>\n<p class=\"text-justify\">Adem\u00e1s de corresponder a una medida para racionalizar tr\u00e1mites, el Ministerio afirm\u00f3 que la herramienta permite llevar la trazabilidad de los requerimientos de la autoridad laboral del pa\u00eds, con lo cual se pretende reducir riesgos de corrupci\u00f3n.<\/p>\n<p><!-- AddThis Advanced Settings generic via filter on the_content --><!-- AddThis Share Buttons generic via filter on the_content --><\/p>\n","protected":false},"excerpt":{"rendered":"<p>La Ventanilla \u00danica de Tr\u00e1mites y Servicios del Ministerio del Trabajo, es una aplicaci\u00f3n para que empresarios, trabajadores, sindicalistas y ciudadanos en general realicen tr\u00e1mites por internet ingresando a la p\u00e1gina web del Ministerio.<\/p>\n","protected":false},"featured_media":10789,"template":"","meta":{"_acf_changed":false,"footnotes":""},"blog-category":[],"class_list":["post-10788","blog","type-blog","status-publish","has-post-thumbnail","hentry"],"acf":[],"yoast_head":"<!-- This site is optimized with the Yoast SEO plugin v27.4 - https:\/\/yoast.com\/product\/yoast-seo-wordpress\/ -->\n<title>Ventanilla \u00danica de Tr\u00e1mites y Servicios del Ministerio del Trabajo ya est\u00e1 disponible para Bogot\u00e1 - Auren Colombia<\/title>\n<meta name=\"robots\" content=\"index, follow, max-snippet:-1, max-image-preview:large, max-video-preview:-1\" \/>\n<link rel=\"canonical\" href=\"https:\/\/auren.com\/co\/blog\/ventanilla-unica-de-tramites-y-servicios-del-ministerio-del-trabajo-ya-esta-disponible-para-bogota\/\" \/>\n<meta property=\"og:locale\" content=\"es_ES\" \/>\n<meta property=\"og:type\" content=\"article\" \/>\n<meta property=\"og:title\" content=\"Ventanilla \u00danica de Tr\u00e1mites y Servicios del Ministerio del Trabajo ya est\u00e1 disponible para Bogot\u00e1 - Auren Colombia\" \/>\n<meta property=\"og:description\" content=\"La Ventanilla \u00danica de Tr\u00e1mites y Servicios del Ministerio del Trabajo, es una aplicaci\u00f3n para que empresarios, trabajadores, sindicalistas y ciudadanos en general realicen tr\u00e1mites por internet ingresando a la p\u00e1gina web del Ministerio.\" \/>\n<meta property=\"og:url\" content=\"https:\/\/auren.com\/co\/blog\/ventanilla-unica-de-tramites-y-servicios-del-ministerio-del-trabajo-ya-esta-disponible-para-bogota\/\" \/>\n<meta property=\"og:site_name\" content=\"Auren Colombia\" \/>\n<meta property=\"og:image\" content=\"https:\/\/auren.com\/co\/wp-content\/uploads\/2018\/11\/shutterstock-130836890-3.jpg\" \/>\n\t<meta property=\"og:image:width\" content=\"1000\" \/>\n\t<meta property=\"og:image:height\" content=\"623\" \/>\n\t<meta property=\"og:image:type\" content=\"image\/jpeg\" \/>\n<meta name=\"twitter:card\" content=\"summary_large_image\" \/>\n<meta name=\"twitter:site\" content=\"@AurenColombia\" \/>\n<meta name=\"twitter:label1\" content=\"Tiempo de lectura\" \/>\n\t<meta name=\"twitter:data1\" content=\"1 minuto\" \/>\n<script type=\"application\/ld+json\" class=\"yoast-schema-graph\">{\"@context\":\"https:\\\/\\\/schema.org\",\"@graph\":[{\"@type\":\"WebPage\",\"@id\":\"https:\\\/\\\/auren.com\\\/co\\\/blog\\\/ventanilla-unica-de-tramites-y-servicios-del-ministerio-del-trabajo-ya-esta-disponible-para-bogota\\\/\",\"url\":\"https:\\\/\\\/auren.com\\\/co\\\/blog\\\/ventanilla-unica-de-tramites-y-servicios-del-ministerio-del-trabajo-ya-esta-disponible-para-bogota\\\/\",\"name\":\"Ventanilla \u00danica de Tr\u00e1mites y Servicios del Ministerio del Trabajo ya est\u00e1 disponible para Bogot\u00e1 - Auren Colombia\",\"isPartOf\":{\"@id\":\"https:\\\/\\\/auren.com\\\/co\\\/#website\"},\"primaryImageOfPage\":{\"@id\":\"https:\\\/\\\/auren.com\\\/co\\\/blog\\\/ventanilla-unica-de-tramites-y-servicios-del-ministerio-del-trabajo-ya-esta-disponible-para-bogota\\\/#primaryimage\"},\"image\":{\"@id\":\"https:\\\/\\\/auren.com\\\/co\\\/blog\\\/ventanilla-unica-de-tramites-y-servicios-del-ministerio-del-trabajo-ya-esta-disponible-para-bogota\\\/#primaryimage\"},\"thumbnailUrl\":\"https:\\\/\\\/auren.com\\\/co\\\/wp-content\\\/uploads\\\/2018\\\/11\\\/shutterstock-130836890-3.jpg\",\"datePublished\":\"2018-11-13T23:15:26+00:00\",\"breadcrumb\":{\"@id\":\"https:\\\/\\\/auren.com\\\/co\\\/blog\\\/ventanilla-unica-de-tramites-y-servicios-del-ministerio-del-trabajo-ya-esta-disponible-para-bogota\\\/#breadcrumb\"},\"inLanguage\":\"es\",\"potentialAction\":[{\"@type\":\"ReadAction\",\"target\":[\"https:\\\/\\\/auren.com\\\/co\\\/blog\\\/ventanilla-unica-de-tramites-y-servicios-del-ministerio-del-trabajo-ya-esta-disponible-para-bogota\\\/\"]}]},{\"@type\":\"ImageObject\",\"inLanguage\":\"es\",\"@id\":\"https:\\\/\\\/auren.com\\\/co\\\/blog\\\/ventanilla-unica-de-tramites-y-servicios-del-ministerio-del-trabajo-ya-esta-disponible-para-bogota\\\/#primaryimage\",\"url\":\"https:\\\/\\\/auren.com\\\/co\\\/wp-content\\\/uploads\\\/2018\\\/11\\\/shutterstock-130836890-3.jpg\",\"contentUrl\":\"https:\\\/\\\/auren.com\\\/co\\\/wp-content\\\/uploads\\\/2018\\\/11\\\/shutterstock-130836890-3.jpg\",\"width\":1000,\"height\":623},{\"@type\":\"BreadcrumbList\",\"@id\":\"https:\\\/\\\/auren.com\\\/co\\\/blog\\\/ventanilla-unica-de-tramites-y-servicios-del-ministerio-del-trabajo-ya-esta-disponible-para-bogota\\\/#breadcrumb\",\"itemListElement\":[{\"@type\":\"ListItem\",\"position\":1,\"name\":\"Portada\",\"item\":\"https:\\\/\\\/auren.com\\\/co\\\/\"},{\"@type\":\"ListItem\",\"position\":2,\"name\":\"Ventanilla \u00danica de Tr\u00e1mites y Servicios del Ministerio del Trabajo ya est\u00e1 disponible para Bogot\u00e1\"}]},{\"@type\":\"WebSite\",\"@id\":\"https:\\\/\\\/auren.com\\\/co\\\/#website\",\"url\":\"https:\\\/\\\/auren.com\\\/co\\\/\",\"name\":\"Auren Colombia\",\"description\":\"\",\"publisher\":{\"@id\":\"https:\\\/\\\/auren.com\\\/co\\\/#organization\"},\"potentialAction\":[{\"@type\":\"SearchAction\",\"target\":{\"@type\":\"EntryPoint\",\"urlTemplate\":\"https:\\\/\\\/auren.com\\\/co\\\/?s={search_term_string}\"},\"query-input\":{\"@type\":\"PropertyValueSpecification\",\"valueRequired\":true,\"valueName\":\"search_term_string\"}}],\"inLanguage\":\"es\"},{\"@type\":\"Organization\",\"@id\":\"https:\\\/\\\/auren.com\\\/co\\\/#organization\",\"name\":\"Auren Colombia\",\"url\":\"https:\\\/\\\/auren.com\\\/co\\\/\",\"logo\":{\"@type\":\"ImageObject\",\"inLanguage\":\"es\",\"@id\":\"https:\\\/\\\/auren.com\\\/co\\\/#\\\/schema\\\/logo\\\/image\\\/\",\"url\":\"https:\\\/\\\/auren.com\\\/co\\\/wp-content\\\/uploads\\\/2025\\\/01\\\/cropped-cropped-favicon-Auren.png\",\"contentUrl\":\"https:\\\/\\\/auren.com\\\/co\\\/wp-content\\\/uploads\\\/2025\\\/01\\\/cropped-cropped-favicon-Auren.png\",\"width\":512,\"height\":512,\"caption\":\"Auren Colombia\"},\"image\":{\"@id\":\"https:\\\/\\\/auren.com\\\/co\\\/#\\\/schema\\\/logo\\\/image\\\/\"},\"sameAs\":[\"https:\\\/\\\/x.com\\\/AurenColombia\",\"https:\\\/\\\/www.instagram.com\\\/aurencolombia\\\/\",\"https:\\\/\\\/www.youtube.com\\\/channel\\\/UCRYoGRMR_k4oVWesdErApmA\",\"https:\\\/\\\/www.linkedin.com\\\/company\\\/auren-colombia\"]}]}<\/script>\n<!-- \/ Yoast SEO plugin. -->","yoast_head_json":{"title":"Ventanilla \u00danica de Tr\u00e1mites y Servicios del Ministerio del Trabajo ya est\u00e1 disponible para Bogot\u00e1 - Auren Colombia","robots":{"index":"index","follow":"follow","max-snippet":"max-snippet:-1","max-image-preview":"max-image-preview:large","max-video-preview":"max-video-preview:-1"},"canonical":"https:\/\/auren.com\/co\/blog\/ventanilla-unica-de-tramites-y-servicios-del-ministerio-del-trabajo-ya-esta-disponible-para-bogota\/","og_locale":"es_ES","og_type":"article","og_title":"Ventanilla \u00danica de Tr\u00e1mites y Servicios del Ministerio del Trabajo ya est\u00e1 disponible para Bogot\u00e1 - Auren Colombia","og_description":"La Ventanilla \u00danica de Tr\u00e1mites y Servicios del Ministerio del Trabajo, es una aplicaci\u00f3n para que empresarios, trabajadores, sindicalistas y ciudadanos en general realicen tr\u00e1mites por internet ingresando a la p\u00e1gina web del Ministerio.","og_url":"https:\/\/auren.com\/co\/blog\/ventanilla-unica-de-tramites-y-servicios-del-ministerio-del-trabajo-ya-esta-disponible-para-bogota\/","og_site_name":"Auren Colombia","og_image":[{"width":1000,"height":623,"url":"https:\/\/auren.com\/co\/wp-content\/uploads\/2018\/11\/shutterstock-130836890-3.jpg","type":"image\/jpeg"}],"twitter_card":"summary_large_image","twitter_site":"@AurenColombia","twitter_misc":{"Tiempo de lectura":"1 minuto"},"schema":{"@context":"https:\/\/schema.org","@graph":[{"@type":"WebPage","@id":"https:\/\/auren.com\/co\/blog\/ventanilla-unica-de-tramites-y-servicios-del-ministerio-del-trabajo-ya-esta-disponible-para-bogota\/","url":"https:\/\/auren.com\/co\/blog\/ventanilla-unica-de-tramites-y-servicios-del-ministerio-del-trabajo-ya-esta-disponible-para-bogota\/","name":"Ventanilla \u00danica de Tr\u00e1mites y Servicios del Ministerio del Trabajo ya est\u00e1 disponible para Bogot\u00e1 - Auren Colombia","isPartOf":{"@id":"https:\/\/auren.com\/co\/#website"},"primaryImageOfPage":{"@id":"https:\/\/auren.com\/co\/blog\/ventanilla-unica-de-tramites-y-servicios-del-ministerio-del-trabajo-ya-esta-disponible-para-bogota\/#primaryimage"},"image":{"@id":"https:\/\/auren.com\/co\/blog\/ventanilla-unica-de-tramites-y-servicios-del-ministerio-del-trabajo-ya-esta-disponible-para-bogota\/#primaryimage"},"thumbnailUrl":"https:\/\/auren.com\/co\/wp-content\/uploads\/2018\/11\/shutterstock-130836890-3.jpg","datePublished":"2018-11-13T23:15:26+00:00","breadcrumb":{"@id":"https:\/\/auren.com\/co\/blog\/ventanilla-unica-de-tramites-y-servicios-del-ministerio-del-trabajo-ya-esta-disponible-para-bogota\/#breadcrumb"},"inLanguage":"es","potentialAction":[{"@type":"ReadAction","target":["https:\/\/auren.com\/co\/blog\/ventanilla-unica-de-tramites-y-servicios-del-ministerio-del-trabajo-ya-esta-disponible-para-bogota\/"]}]},{"@type":"ImageObject","inLanguage":"es","@id":"https:\/\/auren.com\/co\/blog\/ventanilla-unica-de-tramites-y-servicios-del-ministerio-del-trabajo-ya-esta-disponible-para-bogota\/#primaryimage","url":"https:\/\/auren.com\/co\/wp-content\/uploads\/2018\/11\/shutterstock-130836890-3.jpg","contentUrl":"https:\/\/auren.com\/co\/wp-content\/uploads\/2018\/11\/shutterstock-130836890-3.jpg","width":1000,"height":623},{"@type":"BreadcrumbList","@id":"https:\/\/auren.com\/co\/blog\/ventanilla-unica-de-tramites-y-servicios-del-ministerio-del-trabajo-ya-esta-disponible-para-bogota\/#breadcrumb","itemListElement":[{"@type":"ListItem","position":1,"name":"Portada","item":"https:\/\/auren.com\/co\/"},{"@type":"ListItem","position":2,"name":"Ventanilla \u00danica de Tr\u00e1mites y Servicios del Ministerio del Trabajo ya est\u00e1 disponible para Bogot\u00e1"}]},{"@type":"WebSite","@id":"https:\/\/auren.com\/co\/#website","url":"https:\/\/auren.com\/co\/","name":"Auren Colombia","description":"","publisher":{"@id":"https:\/\/auren.com\/co\/#organization"},"potentialAction":[{"@type":"SearchAction","target":{"@type":"EntryPoint","urlTemplate":"https:\/\/auren.com\/co\/?s={search_term_string}"},"query-input":{"@type":"PropertyValueSpecification","valueRequired":true,"valueName":"search_term_string"}}],"inLanguage":"es"},{"@type":"Organization","@id":"https:\/\/auren.com\/co\/#organization","name":"Auren Colombia","url":"https:\/\/auren.com\/co\/","logo":{"@type":"ImageObject","inLanguage":"es","@id":"https:\/\/auren.com\/co\/#\/schema\/logo\/image\/","url":"https:\/\/auren.com\/co\/wp-content\/uploads\/2025\/01\/cropped-cropped-favicon-Auren.png","contentUrl":"https:\/\/auren.com\/co\/wp-content\/uploads\/2025\/01\/cropped-cropped-favicon-Auren.png","width":512,"height":512,"caption":"Auren Colombia"},"image":{"@id":"https:\/\/auren.com\/co\/#\/schema\/logo\/image\/"},"sameAs":["https:\/\/x.com\/AurenColombia","https:\/\/www.instagram.com\/aurencolombia\/","https:\/\/www.youtube.com\/channel\/UCRYoGRMR_k4oVWesdErApmA","https:\/\/www.linkedin.com\/company\/auren-colombia"]}]}},"_links":{"self":[{"href":"https:\/\/auren.com\/co\/wp-json\/wp\/v2\/blog\/10788","targetHints":{"allow":["GET"]}}],"collection":[{"href":"https:\/\/auren.com\/co\/wp-json\/wp\/v2\/blog"}],"about":[{"href":"https:\/\/auren.com\/co\/wp-json\/wp\/v2\/types\/blog"}],"version-history":[{"count":0,"href":"https:\/\/auren.com\/co\/wp-json\/wp\/v2\/blog\/10788\/revisions"}],"wp:featuredmedia":[{"embeddable":true,"href":"https:\/\/auren.com\/co\/wp-json\/wp\/v2\/media\/10789"}],"wp:attachment":[{"href":"https:\/\/auren.com\/co\/wp-json\/wp\/v2\/media?parent=10788"}],"wp:term":[{"taxonomy":"blog-category","embeddable":true,"href":"https:\/\/auren.com\/co\/wp-json\/wp\/v2\/blog-category?post=10788"}],"curies":[{"name":"wp","href":"https:\/\/api.w.org\/{rel}","templated":true}]}}