{"id":10794,"date":"2018-11-14T00:05:49","date_gmt":"2018-11-13T23:05:49","guid":{"rendered":"https:\/\/auren.com\/co\/blog\/gastos-personales-en-la-contabilidad-de-personas-naturales-bajo-niif\/"},"modified":"2018-11-14T00:05:49","modified_gmt":"2018-11-13T23:05:49","slug":"gastos-personales-en-la-contabilidad-de-personas-naturales-bajo-niif","status":"publish","type":"blog","link":"https:\/\/auren.com\/co\/blog\/gastos-personales-en-la-contabilidad-de-personas-naturales-bajo-niif\/","title":{"rendered":"Gastos personales en la contabilidad de personas naturales bajo NIIF"},"content":{"rendered":"<p class=\"text-justify\">\n<p class=\"text-justify\">Para el Consejo T\u00e9cnico de la Contadur\u00eda P\u00fablica, cuando las personas naturales se encuentren obligadas a llevar contabilidad, en la contabilidad deben reconocer todos los gastos, tanto los del negocio como los personales, as\u00ed como los activos que cumplan la definici\u00f3n y requisitos de reconocimiento establecidos en los marcos normativos de informaci\u00f3n financiera.   <\/p>\n<p class=\"text-justify\">Luego de ser consultado sobre la forma correcta de contabilizar los gastos personales de una persona natural obligada a llevar contabilidad, el Consejo T\u00e9cnico se\u00f1al\u00f3 que de acuerdo con las directrices contenidas en los marcos t\u00e9cnicos normativos para el reconocimiento de ingresos y gastos, si la transacci\u00f3n que origina el desembolso por gastos personales cumple los criterios para ser reconocida como gasto, deber\u00e1 incorporarse en el estado de resultados, siempre que la transacci\u00f3n no est\u00e9 relacionada con aportes o distribuciones a los propietarios.   <\/p>\n<p class=\"text-justify\">Para la entidad, de acuerdo a las circunstancias asociadas a la transacci\u00f3n, en algunos casos ser\u00eda adecuado reconocer los desembolsos por gastos personales como gastos en el estado de resultados, y en otras tratarlas como transacciones con propietarios, en este \u00faltimo caso como una disminuci\u00f3n del pasivo por utilidades o como un activo cuando corresponda a un anticipo.<\/p>\n<\/p>\n<p>Fuente:<\/p>\n<\/p>\n<p>Consejo T\u00e9cnico de la Contadur\u00eda P\u00fablica, concepto 855 del 31 de octubre de 2018<\/p>\n<\/p>\n<p><!-- AddThis Advanced Settings generic via filter on the_content --><!-- AddThis Share Buttons generic via filter on the_content --><\/p>\n","protected":false},"excerpt":{"rendered":"<p>Para el Consejo  T\u00e9cnico de la Contadur\u00eda P\u00fablica, cuando las personas naturales se  encuentren obligadas a llevar contabilidad, en la contabilidad deben  reconocer todos los gastos, tanto los del negocio como los personales,  as\u00ed como los activos que cumplan la definici\u00f3n y requisitos de  reconocimiento establecidos en los marcos normativos de informaci\u00f3n  financiera.    <\/p>\n","protected":false},"featured_media":10795,"template":"","meta":{"_acf_changed":false,"footnotes":""},"blog-category":[],"class_list":["post-10794","blog","type-blog","status-publish","has-post-thumbnail","hentry"],"acf":[],"yoast_head":"<!-- This site is optimized with the Yoast SEO plugin v27.4 - https:\/\/yoast.com\/product\/yoast-seo-wordpress\/ -->\n<title>Gastos personales en la contabilidad de personas naturales bajo NIIF - Auren Colombia<\/title>\n<meta name=\"robots\" content=\"index, follow, max-snippet:-1, max-image-preview:large, max-video-preview:-1\" \/>\n<link rel=\"canonical\" href=\"https:\/\/auren.com\/co\/blog\/gastos-personales-en-la-contabilidad-de-personas-naturales-bajo-niif\/\" \/>\n<meta property=\"og:locale\" content=\"es_ES\" \/>\n<meta property=\"og:type\" content=\"article\" \/>\n<meta property=\"og:title\" content=\"Gastos personales en la contabilidad de personas naturales bajo NIIF - Auren Colombia\" \/>\n<meta property=\"og:description\" content=\"Para el Consejo T\u00e9cnico de la Contadur\u00eda P\u00fablica, cuando las personas naturales se encuentren obligadas a llevar contabilidad, en la contabilidad deben reconocer todos los gastos, tanto los del negocio como los personales, as\u00ed como los activos que cumplan la definici\u00f3n y requisitos de reconocimiento establecidos en los marcos normativos de informaci\u00f3n financiera.\" \/>\n<meta property=\"og:url\" content=\"https:\/\/auren.com\/co\/blog\/gastos-personales-en-la-contabilidad-de-personas-naturales-bajo-niif\/\" \/>\n<meta property=\"og:site_name\" content=\"Auren Colombia\" \/>\n<meta property=\"og:image\" content=\"https:\/\/auren.com\/co\/wp-content\/uploads\/2018\/11\/shutterstock-559702228-3.jpg\" \/>\n\t<meta property=\"og:image:width\" content=\"1000\" \/>\n\t<meta property=\"og:image:height\" content=\"666\" \/>\n\t<meta property=\"og:image:type\" content=\"image\/jpeg\" \/>\n<meta name=\"twitter:card\" content=\"summary_large_image\" \/>\n<meta name=\"twitter:site\" content=\"@AurenColombia\" \/>\n<meta name=\"twitter:label1\" content=\"Tiempo de lectura\" \/>\n\t<meta name=\"twitter:data1\" content=\"1 minuto\" \/>\n<script type=\"application\/ld+json\" class=\"yoast-schema-graph\">{\"@context\":\"https:\\\/\\\/schema.org\",\"@graph\":[{\"@type\":\"WebPage\",\"@id\":\"https:\\\/\\\/auren.com\\\/co\\\/blog\\\/gastos-personales-en-la-contabilidad-de-personas-naturales-bajo-niif\\\/\",\"url\":\"https:\\\/\\\/auren.com\\\/co\\\/blog\\\/gastos-personales-en-la-contabilidad-de-personas-naturales-bajo-niif\\\/\",\"name\":\"Gastos personales en la contabilidad de personas naturales bajo NIIF - Auren Colombia\",\"isPartOf\":{\"@id\":\"https:\\\/\\\/auren.com\\\/co\\\/#website\"},\"primaryImageOfPage\":{\"@id\":\"https:\\\/\\\/auren.com\\\/co\\\/blog\\\/gastos-personales-en-la-contabilidad-de-personas-naturales-bajo-niif\\\/#primaryimage\"},\"image\":{\"@id\":\"https:\\\/\\\/auren.com\\\/co\\\/blog\\\/gastos-personales-en-la-contabilidad-de-personas-naturales-bajo-niif\\\/#primaryimage\"},\"thumbnailUrl\":\"https:\\\/\\\/auren.com\\\/co\\\/wp-content\\\/uploads\\\/2018\\\/11\\\/shutterstock-559702228-3.jpg\",\"datePublished\":\"2018-11-13T23:05:49+00:00\",\"breadcrumb\":{\"@id\":\"https:\\\/\\\/auren.com\\\/co\\\/blog\\\/gastos-personales-en-la-contabilidad-de-personas-naturales-bajo-niif\\\/#breadcrumb\"},\"inLanguage\":\"es\",\"potentialAction\":[{\"@type\":\"ReadAction\",\"target\":[\"https:\\\/\\\/auren.com\\\/co\\\/blog\\\/gastos-personales-en-la-contabilidad-de-personas-naturales-bajo-niif\\\/\"]}]},{\"@type\":\"ImageObject\",\"inLanguage\":\"es\",\"@id\":\"https:\\\/\\\/auren.com\\\/co\\\/blog\\\/gastos-personales-en-la-contabilidad-de-personas-naturales-bajo-niif\\\/#primaryimage\",\"url\":\"https:\\\/\\\/auren.com\\\/co\\\/wp-content\\\/uploads\\\/2018\\\/11\\\/shutterstock-559702228-3.jpg\",\"contentUrl\":\"https:\\\/\\\/auren.com\\\/co\\\/wp-content\\\/uploads\\\/2018\\\/11\\\/shutterstock-559702228-3.jpg\",\"width\":1000,\"height\":666},{\"@type\":\"BreadcrumbList\",\"@id\":\"https:\\\/\\\/auren.com\\\/co\\\/blog\\\/gastos-personales-en-la-contabilidad-de-personas-naturales-bajo-niif\\\/#breadcrumb\",\"itemListElement\":[{\"@type\":\"ListItem\",\"position\":1,\"name\":\"Portada\",\"item\":\"https:\\\/\\\/auren.com\\\/co\\\/\"},{\"@type\":\"ListItem\",\"position\":2,\"name\":\"Gastos personales en la contabilidad de personas naturales bajo NIIF\"}]},{\"@type\":\"WebSite\",\"@id\":\"https:\\\/\\\/auren.com\\\/co\\\/#website\",\"url\":\"https:\\\/\\\/auren.com\\\/co\\\/\",\"name\":\"Auren Colombia\",\"description\":\"\",\"publisher\":{\"@id\":\"https:\\\/\\\/auren.com\\\/co\\\/#organization\"},\"potentialAction\":[{\"@type\":\"SearchAction\",\"target\":{\"@type\":\"EntryPoint\",\"urlTemplate\":\"https:\\\/\\\/auren.com\\\/co\\\/?s={search_term_string}\"},\"query-input\":{\"@type\":\"PropertyValueSpecification\",\"valueRequired\":true,\"valueName\":\"search_term_string\"}}],\"inLanguage\":\"es\"},{\"@type\":\"Organization\",\"@id\":\"https:\\\/\\\/auren.com\\\/co\\\/#organization\",\"name\":\"Auren Colombia\",\"url\":\"https:\\\/\\\/auren.com\\\/co\\\/\",\"logo\":{\"@type\":\"ImageObject\",\"inLanguage\":\"es\",\"@id\":\"https:\\\/\\\/auren.com\\\/co\\\/#\\\/schema\\\/logo\\\/image\\\/\",\"url\":\"https:\\\/\\\/auren.com\\\/co\\\/wp-content\\\/uploads\\\/2025\\\/01\\\/cropped-cropped-favicon-Auren.png\",\"contentUrl\":\"https:\\\/\\\/auren.com\\\/co\\\/wp-content\\\/uploads\\\/2025\\\/01\\\/cropped-cropped-favicon-Auren.png\",\"width\":512,\"height\":512,\"caption\":\"Auren Colombia\"},\"image\":{\"@id\":\"https:\\\/\\\/auren.com\\\/co\\\/#\\\/schema\\\/logo\\\/image\\\/\"},\"sameAs\":[\"https:\\\/\\\/x.com\\\/AurenColombia\",\"https:\\\/\\\/www.instagram.com\\\/aurencolombia\\\/\",\"https:\\\/\\\/www.youtube.com\\\/channel\\\/UCRYoGRMR_k4oVWesdErApmA\",\"https:\\\/\\\/www.linkedin.com\\\/company\\\/auren-colombia\"]}]}<\/script>\n<!-- \/ Yoast SEO plugin. -->","yoast_head_json":{"title":"Gastos personales en la contabilidad de personas naturales bajo NIIF - Auren Colombia","robots":{"index":"index","follow":"follow","max-snippet":"max-snippet:-1","max-image-preview":"max-image-preview:large","max-video-preview":"max-video-preview:-1"},"canonical":"https:\/\/auren.com\/co\/blog\/gastos-personales-en-la-contabilidad-de-personas-naturales-bajo-niif\/","og_locale":"es_ES","og_type":"article","og_title":"Gastos personales en la contabilidad de personas naturales bajo NIIF - Auren Colombia","og_description":"Para el Consejo T\u00e9cnico de la Contadur\u00eda P\u00fablica, cuando las personas naturales se encuentren obligadas a llevar contabilidad, en la contabilidad deben reconocer todos los gastos, tanto los del negocio como los personales, as\u00ed como los activos que cumplan la definici\u00f3n y requisitos de reconocimiento establecidos en los marcos normativos de informaci\u00f3n financiera.","og_url":"https:\/\/auren.com\/co\/blog\/gastos-personales-en-la-contabilidad-de-personas-naturales-bajo-niif\/","og_site_name":"Auren Colombia","og_image":[{"width":1000,"height":666,"url":"https:\/\/auren.com\/co\/wp-content\/uploads\/2018\/11\/shutterstock-559702228-3.jpg","type":"image\/jpeg"}],"twitter_card":"summary_large_image","twitter_site":"@AurenColombia","twitter_misc":{"Tiempo de lectura":"1 minuto"},"schema":{"@context":"https:\/\/schema.org","@graph":[{"@type":"WebPage","@id":"https:\/\/auren.com\/co\/blog\/gastos-personales-en-la-contabilidad-de-personas-naturales-bajo-niif\/","url":"https:\/\/auren.com\/co\/blog\/gastos-personales-en-la-contabilidad-de-personas-naturales-bajo-niif\/","name":"Gastos personales en la contabilidad de personas naturales bajo NIIF - Auren Colombia","isPartOf":{"@id":"https:\/\/auren.com\/co\/#website"},"primaryImageOfPage":{"@id":"https:\/\/auren.com\/co\/blog\/gastos-personales-en-la-contabilidad-de-personas-naturales-bajo-niif\/#primaryimage"},"image":{"@id":"https:\/\/auren.com\/co\/blog\/gastos-personales-en-la-contabilidad-de-personas-naturales-bajo-niif\/#primaryimage"},"thumbnailUrl":"https:\/\/auren.com\/co\/wp-content\/uploads\/2018\/11\/shutterstock-559702228-3.jpg","datePublished":"2018-11-13T23:05:49+00:00","breadcrumb":{"@id":"https:\/\/auren.com\/co\/blog\/gastos-personales-en-la-contabilidad-de-personas-naturales-bajo-niif\/#breadcrumb"},"inLanguage":"es","potentialAction":[{"@type":"ReadAction","target":["https:\/\/auren.com\/co\/blog\/gastos-personales-en-la-contabilidad-de-personas-naturales-bajo-niif\/"]}]},{"@type":"ImageObject","inLanguage":"es","@id":"https:\/\/auren.com\/co\/blog\/gastos-personales-en-la-contabilidad-de-personas-naturales-bajo-niif\/#primaryimage","url":"https:\/\/auren.com\/co\/wp-content\/uploads\/2018\/11\/shutterstock-559702228-3.jpg","contentUrl":"https:\/\/auren.com\/co\/wp-content\/uploads\/2018\/11\/shutterstock-559702228-3.jpg","width":1000,"height":666},{"@type":"BreadcrumbList","@id":"https:\/\/auren.com\/co\/blog\/gastos-personales-en-la-contabilidad-de-personas-naturales-bajo-niif\/#breadcrumb","itemListElement":[{"@type":"ListItem","position":1,"name":"Portada","item":"https:\/\/auren.com\/co\/"},{"@type":"ListItem","position":2,"name":"Gastos personales en la contabilidad de personas naturales bajo NIIF"}]},{"@type":"WebSite","@id":"https:\/\/auren.com\/co\/#website","url":"https:\/\/auren.com\/co\/","name":"Auren Colombia","description":"","publisher":{"@id":"https:\/\/auren.com\/co\/#organization"},"potentialAction":[{"@type":"SearchAction","target":{"@type":"EntryPoint","urlTemplate":"https:\/\/auren.com\/co\/?s={search_term_string}"},"query-input":{"@type":"PropertyValueSpecification","valueRequired":true,"valueName":"search_term_string"}}],"inLanguage":"es"},{"@type":"Organization","@id":"https:\/\/auren.com\/co\/#organization","name":"Auren Colombia","url":"https:\/\/auren.com\/co\/","logo":{"@type":"ImageObject","inLanguage":"es","@id":"https:\/\/auren.com\/co\/#\/schema\/logo\/image\/","url":"https:\/\/auren.com\/co\/wp-content\/uploads\/2025\/01\/cropped-cropped-favicon-Auren.png","contentUrl":"https:\/\/auren.com\/co\/wp-content\/uploads\/2025\/01\/cropped-cropped-favicon-Auren.png","width":512,"height":512,"caption":"Auren Colombia"},"image":{"@id":"https:\/\/auren.com\/co\/#\/schema\/logo\/image\/"},"sameAs":["https:\/\/x.com\/AurenColombia","https:\/\/www.instagram.com\/aurencolombia\/","https:\/\/www.youtube.com\/channel\/UCRYoGRMR_k4oVWesdErApmA","https:\/\/www.linkedin.com\/company\/auren-colombia"]}]}},"_links":{"self":[{"href":"https:\/\/auren.com\/co\/wp-json\/wp\/v2\/blog\/10794","targetHints":{"allow":["GET"]}}],"collection":[{"href":"https:\/\/auren.com\/co\/wp-json\/wp\/v2\/blog"}],"about":[{"href":"https:\/\/auren.com\/co\/wp-json\/wp\/v2\/types\/blog"}],"version-history":[{"count":0,"href":"https:\/\/auren.com\/co\/wp-json\/wp\/v2\/blog\/10794\/revisions"}],"wp:featuredmedia":[{"embeddable":true,"href":"https:\/\/auren.com\/co\/wp-json\/wp\/v2\/media\/10795"}],"wp:attachment":[{"href":"https:\/\/auren.com\/co\/wp-json\/wp\/v2\/media?parent=10794"}],"wp:term":[{"taxonomy":"blog-category","embeddable":true,"href":"https:\/\/auren.com\/co\/wp-json\/wp\/v2\/blog-category?post=10794"}],"curies":[{"name":"wp","href":"https:\/\/api.w.org\/{rel}","templated":true}]}}