{"id":10797,"date":"2018-11-13T23:43:36","date_gmt":"2018-11-13T22:43:36","guid":{"rendered":"https:\/\/auren.com\/co\/blog\/principales-cambios-en-materia-tributaria-que-propone-el-proyecto-de-ley-presentado-por-el-gobierno\/"},"modified":"2018-11-13T23:43:36","modified_gmt":"2018-11-13T22:43:36","slug":"principales-cambios-en-materia-tributaria-que-propone-el-proyecto-de-ley-presentado-por-el-gobierno","status":"publish","type":"blog","link":"https:\/\/auren.com\/co\/blog\/principales-cambios-en-materia-tributaria-que-propone-el-proyecto-de-ley-presentado-por-el-gobierno\/","title":{"rendered":"Principales cambios en materia tributaria que propone el proyecto de ley presentado por el Gobierno"},"content":{"rendered":"<\/p>\n<p>Entre otros cambios propuestos en materia tributaria, se destacan del reciente proyecto de ley presentado por el Gobierno al Congreso los siguientes:   <\/p>\n<p>&nbsp;   <\/p>\n<ul>\n<li>Reducir la tarifa general del IVA al 18%; a partir del a\u00f1o 2021 al 17%.   <\/li>\n<li>Reducir los bienes y servicios actualmente exentos o excluidos del IVA; en su lugar se propone que a partir de 2019, de manera bimestral el Gobierno nacional transfiera una suma fija en pesos a cada familia de menores ingresos, para compensar el IVA sobre los bienes de la canasta familiar b\u00e1sica.   <\/li>\n<li>Aumentar la tarifa de retenci\u00f3n del IVA, del 15% al 50% del impuesto.   <\/li>\n<li>Eliminar el r\u00e9gimen simplificado del IVA, estableciendo un grupo de no responsables de este impuesto, bajo los actuales criterios para pertenecer al r\u00e9gimen simplificado pero disminuyendo los topes establecidos.   <\/li>\n<li>Disminuci\u00f3n progresiva de la tarifa del impuesto sobre la renta para las personas jur\u00eddicas. Se propone 32% para 2020, 31% para 2021, y del 30% a partir del a\u00f1o 2022.   <\/li>\n<li>Para las personas naturales, aumentar\u00eda la tarifa del impuesto sobre la renta hasta el 37%, y se eliminar\u00edan exenciones como las referidas a las pensiones y la correspondiente al 25% de las rentas laborales.   <\/li>\n<li>Se propone eliminar gradualmente la tarifa de renta presuntiva: al 3% en el a\u00f1o 2019; al 1,5% en el 2020, y al 0% en el a\u00f1o 2021.   <\/li>\n<li>Aumentar al 20% las tarifas de retenci\u00f3n en la fuente por pagos al exterior correspondientes a rentas de capital y de trabajo, y a servicios t\u00e9cnicos, de asistencia t\u00e9cnica y consultor\u00eda.   <\/li>\n<li>Crear un impuesto al patrimonio por los a\u00f1os 2019 y 2020, a cargo de personas naturales,&nbsp; sucesiones il\u00edquidas, sociedades y entidades extranjeras, el cual gravar\u00eda patrimonios superiores a 3.000 millones de pesos con tarifas del 0,5% y 1%.   <\/li>\n<li>Se propone crear para el a\u00f1o 2019 un impuesto de normalizaci\u00f3n tributaria, por activos omitidos o pasivos inexistentes, a la tarifa del 13%, el cual ser\u00eda declarado y pagado el 25 de septiembre de 2019.   <\/li>\n<li>Se propone la creaci\u00f3n del impuesto unificado bajo el r\u00e9gimen simple de tributaci\u00f3n, el cual sustituir\u00eda el impuesto sobre la renta, impuesto al consumo e ICA para personas naturales que desarrollen una empresa o personas jur\u00eddicas en la que sus accionistas sean personas naturales residentes en Colombia, y que en el a\u00f1o gravable anterior hubieren obtenido ingresos iguales o superiores a 1.400 UVT e inferiores a 80.000 UVT.   <\/li>\n<li>Para contribuyentes que generen al menos 50 empleos directos y realicen nuevas inversiones dentro del territorio nacional con valor igual o superior a 50 millones de UVT, se proponen los siguientes beneficios durante 20 a\u00f1os: una tarifa de renta del 27%; exclusi\u00f3n del r\u00e9gimen renta presuntiva; exclusi\u00f3n del impuesto a los dividendos y del impuesto al patrimonio; posibilidad de depreciar activos fijos en 2 a\u00f1os; posibilidad de firmar contratos de estabilidad tributaria.<\/li>\n<li>Se propone regular el tratamiento tributario aplicable a compa\u00f1\u00edas holding colombianas.<\/li>\n<\/ul>\n<p>Fuente: <\/p>\n<p>Proyecto Ley de Financiamiento<\/p>\n<\/p>\n<p><!-- AddThis Advanced Settings generic via filter on the_content --><!-- AddThis Share Buttons generic via filter on the_content --><\/p>\n","protected":false},"excerpt":{"rendered":"<p>Entre otros cambios propuestos en materia tributaria, se destacan del reciente proyecto de ley presentado por el Gobierno al Congreso&#8230;<\/p>\n","protected":false},"featured_media":10798,"template":"","meta":{"_acf_changed":false,"footnotes":""},"blog-category":[],"class_list":["post-10797","blog","type-blog","status-publish","has-post-thumbnail","hentry"],"acf":[],"yoast_head":"<!-- This site is optimized with the Yoast SEO plugin v27.4 - https:\/\/yoast.com\/product\/yoast-seo-wordpress\/ -->\n<title>Principales cambios en materia tributaria que propone el proyecto de ley presentado por el Gobierno - Auren Colombia<\/title>\n<meta name=\"robots\" content=\"index, follow, max-snippet:-1, max-image-preview:large, max-video-preview:-1\" \/>\n<link rel=\"canonical\" href=\"https:\/\/auren.com\/co\/blog\/principales-cambios-en-materia-tributaria-que-propone-el-proyecto-de-ley-presentado-por-el-gobierno\/\" \/>\n<meta property=\"og:locale\" content=\"es_ES\" \/>\n<meta property=\"og:type\" content=\"article\" \/>\n<meta property=\"og:title\" content=\"Principales cambios en materia tributaria que propone el proyecto de ley presentado por el Gobierno - Auren Colombia\" \/>\n<meta property=\"og:description\" content=\"Entre otros cambios propuestos en materia tributaria, se destacan del reciente proyecto de ley presentado por el Gobierno al Congreso&#8230;\" \/>\n<meta property=\"og:url\" content=\"https:\/\/auren.com\/co\/blog\/principales-cambios-en-materia-tributaria-que-propone-el-proyecto-de-ley-presentado-por-el-gobierno\/\" \/>\n<meta property=\"og:site_name\" content=\"Auren Colombia\" \/>\n<meta property=\"og:image\" content=\"https:\/\/auren.com\/co\/wp-content\/uploads\/2018\/11\/manos-trabajando-articulos-oficina-1921-179.jpg\" \/>\n\t<meta property=\"og:image:width\" content=\"626\" \/>\n\t<meta property=\"og:image:height\" content=\"415\" \/>\n\t<meta property=\"og:image:type\" content=\"image\/jpeg\" \/>\n<meta name=\"twitter:card\" content=\"summary_large_image\" \/>\n<meta name=\"twitter:site\" content=\"@AurenColombia\" \/>\n<meta name=\"twitter:label1\" content=\"Tiempo de lectura\" \/>\n\t<meta name=\"twitter:data1\" content=\"2 minutos\" \/>\n<script type=\"application\/ld+json\" class=\"yoast-schema-graph\">{\"@context\":\"https:\\\/\\\/schema.org\",\"@graph\":[{\"@type\":\"WebPage\",\"@id\":\"https:\\\/\\\/auren.com\\\/co\\\/blog\\\/principales-cambios-en-materia-tributaria-que-propone-el-proyecto-de-ley-presentado-por-el-gobierno\\\/\",\"url\":\"https:\\\/\\\/auren.com\\\/co\\\/blog\\\/principales-cambios-en-materia-tributaria-que-propone-el-proyecto-de-ley-presentado-por-el-gobierno\\\/\",\"name\":\"Principales cambios en materia tributaria que propone el proyecto de ley presentado por el Gobierno - Auren Colombia\",\"isPartOf\":{\"@id\":\"https:\\\/\\\/auren.com\\\/co\\\/#website\"},\"primaryImageOfPage\":{\"@id\":\"https:\\\/\\\/auren.com\\\/co\\\/blog\\\/principales-cambios-en-materia-tributaria-que-propone-el-proyecto-de-ley-presentado-por-el-gobierno\\\/#primaryimage\"},\"image\":{\"@id\":\"https:\\\/\\\/auren.com\\\/co\\\/blog\\\/principales-cambios-en-materia-tributaria-que-propone-el-proyecto-de-ley-presentado-por-el-gobierno\\\/#primaryimage\"},\"thumbnailUrl\":\"https:\\\/\\\/auren.com\\\/co\\\/wp-content\\\/uploads\\\/2018\\\/11\\\/manos-trabajando-articulos-oficina-1921-179.jpg\",\"datePublished\":\"2018-11-13T22:43:36+00:00\",\"breadcrumb\":{\"@id\":\"https:\\\/\\\/auren.com\\\/co\\\/blog\\\/principales-cambios-en-materia-tributaria-que-propone-el-proyecto-de-ley-presentado-por-el-gobierno\\\/#breadcrumb\"},\"inLanguage\":\"es\",\"potentialAction\":[{\"@type\":\"ReadAction\",\"target\":[\"https:\\\/\\\/auren.com\\\/co\\\/blog\\\/principales-cambios-en-materia-tributaria-que-propone-el-proyecto-de-ley-presentado-por-el-gobierno\\\/\"]}]},{\"@type\":\"ImageObject\",\"inLanguage\":\"es\",\"@id\":\"https:\\\/\\\/auren.com\\\/co\\\/blog\\\/principales-cambios-en-materia-tributaria-que-propone-el-proyecto-de-ley-presentado-por-el-gobierno\\\/#primaryimage\",\"url\":\"https:\\\/\\\/auren.com\\\/co\\\/wp-content\\\/uploads\\\/2018\\\/11\\\/manos-trabajando-articulos-oficina-1921-179.jpg\",\"contentUrl\":\"https:\\\/\\\/auren.com\\\/co\\\/wp-content\\\/uploads\\\/2018\\\/11\\\/manos-trabajando-articulos-oficina-1921-179.jpg\",\"width\":626,\"height\":415},{\"@type\":\"BreadcrumbList\",\"@id\":\"https:\\\/\\\/auren.com\\\/co\\\/blog\\\/principales-cambios-en-materia-tributaria-que-propone-el-proyecto-de-ley-presentado-por-el-gobierno\\\/#breadcrumb\",\"itemListElement\":[{\"@type\":\"ListItem\",\"position\":1,\"name\":\"Portada\",\"item\":\"https:\\\/\\\/auren.com\\\/co\\\/\"},{\"@type\":\"ListItem\",\"position\":2,\"name\":\"Principales cambios en materia tributaria que propone el proyecto de ley presentado por el Gobierno\"}]},{\"@type\":\"WebSite\",\"@id\":\"https:\\\/\\\/auren.com\\\/co\\\/#website\",\"url\":\"https:\\\/\\\/auren.com\\\/co\\\/\",\"name\":\"Auren Colombia\",\"description\":\"\",\"publisher\":{\"@id\":\"https:\\\/\\\/auren.com\\\/co\\\/#organization\"},\"potentialAction\":[{\"@type\":\"SearchAction\",\"target\":{\"@type\":\"EntryPoint\",\"urlTemplate\":\"https:\\\/\\\/auren.com\\\/co\\\/?s={search_term_string}\"},\"query-input\":{\"@type\":\"PropertyValueSpecification\",\"valueRequired\":true,\"valueName\":\"search_term_string\"}}],\"inLanguage\":\"es\"},{\"@type\":\"Organization\",\"@id\":\"https:\\\/\\\/auren.com\\\/co\\\/#organization\",\"name\":\"Auren Colombia\",\"url\":\"https:\\\/\\\/auren.com\\\/co\\\/\",\"logo\":{\"@type\":\"ImageObject\",\"inLanguage\":\"es\",\"@id\":\"https:\\\/\\\/auren.com\\\/co\\\/#\\\/schema\\\/logo\\\/image\\\/\",\"url\":\"https:\\\/\\\/auren.com\\\/co\\\/wp-content\\\/uploads\\\/2025\\\/01\\\/cropped-cropped-favicon-Auren.png\",\"contentUrl\":\"https:\\\/\\\/auren.com\\\/co\\\/wp-content\\\/uploads\\\/2025\\\/01\\\/cropped-cropped-favicon-Auren.png\",\"width\":512,\"height\":512,\"caption\":\"Auren Colombia\"},\"image\":{\"@id\":\"https:\\\/\\\/auren.com\\\/co\\\/#\\\/schema\\\/logo\\\/image\\\/\"},\"sameAs\":[\"https:\\\/\\\/x.com\\\/AurenColombia\",\"https:\\\/\\\/www.instagram.com\\\/aurencolombia\\\/\",\"https:\\\/\\\/www.youtube.com\\\/channel\\\/UCRYoGRMR_k4oVWesdErApmA\",\"https:\\\/\\\/www.linkedin.com\\\/company\\\/auren-colombia\"]}]}<\/script>\n<!-- \/ Yoast SEO plugin. -->","yoast_head_json":{"title":"Principales cambios en materia tributaria que propone el proyecto de ley presentado por el Gobierno - Auren Colombia","robots":{"index":"index","follow":"follow","max-snippet":"max-snippet:-1","max-image-preview":"max-image-preview:large","max-video-preview":"max-video-preview:-1"},"canonical":"https:\/\/auren.com\/co\/blog\/principales-cambios-en-materia-tributaria-que-propone-el-proyecto-de-ley-presentado-por-el-gobierno\/","og_locale":"es_ES","og_type":"article","og_title":"Principales cambios en materia tributaria que propone el proyecto de ley presentado por el Gobierno - Auren Colombia","og_description":"Entre otros cambios propuestos en materia tributaria, se destacan del reciente proyecto de ley presentado por el Gobierno al Congreso&#8230;","og_url":"https:\/\/auren.com\/co\/blog\/principales-cambios-en-materia-tributaria-que-propone-el-proyecto-de-ley-presentado-por-el-gobierno\/","og_site_name":"Auren Colombia","og_image":[{"width":626,"height":415,"url":"https:\/\/auren.com\/co\/wp-content\/uploads\/2018\/11\/manos-trabajando-articulos-oficina-1921-179.jpg","type":"image\/jpeg"}],"twitter_card":"summary_large_image","twitter_site":"@AurenColombia","twitter_misc":{"Tiempo de lectura":"2 minutos"},"schema":{"@context":"https:\/\/schema.org","@graph":[{"@type":"WebPage","@id":"https:\/\/auren.com\/co\/blog\/principales-cambios-en-materia-tributaria-que-propone-el-proyecto-de-ley-presentado-por-el-gobierno\/","url":"https:\/\/auren.com\/co\/blog\/principales-cambios-en-materia-tributaria-que-propone-el-proyecto-de-ley-presentado-por-el-gobierno\/","name":"Principales cambios en materia tributaria que propone el proyecto de ley presentado por el Gobierno - Auren Colombia","isPartOf":{"@id":"https:\/\/auren.com\/co\/#website"},"primaryImageOfPage":{"@id":"https:\/\/auren.com\/co\/blog\/principales-cambios-en-materia-tributaria-que-propone-el-proyecto-de-ley-presentado-por-el-gobierno\/#primaryimage"},"image":{"@id":"https:\/\/auren.com\/co\/blog\/principales-cambios-en-materia-tributaria-que-propone-el-proyecto-de-ley-presentado-por-el-gobierno\/#primaryimage"},"thumbnailUrl":"https:\/\/auren.com\/co\/wp-content\/uploads\/2018\/11\/manos-trabajando-articulos-oficina-1921-179.jpg","datePublished":"2018-11-13T22:43:36+00:00","breadcrumb":{"@id":"https:\/\/auren.com\/co\/blog\/principales-cambios-en-materia-tributaria-que-propone-el-proyecto-de-ley-presentado-por-el-gobierno\/#breadcrumb"},"inLanguage":"es","potentialAction":[{"@type":"ReadAction","target":["https:\/\/auren.com\/co\/blog\/principales-cambios-en-materia-tributaria-que-propone-el-proyecto-de-ley-presentado-por-el-gobierno\/"]}]},{"@type":"ImageObject","inLanguage":"es","@id":"https:\/\/auren.com\/co\/blog\/principales-cambios-en-materia-tributaria-que-propone-el-proyecto-de-ley-presentado-por-el-gobierno\/#primaryimage","url":"https:\/\/auren.com\/co\/wp-content\/uploads\/2018\/11\/manos-trabajando-articulos-oficina-1921-179.jpg","contentUrl":"https:\/\/auren.com\/co\/wp-content\/uploads\/2018\/11\/manos-trabajando-articulos-oficina-1921-179.jpg","width":626,"height":415},{"@type":"BreadcrumbList","@id":"https:\/\/auren.com\/co\/blog\/principales-cambios-en-materia-tributaria-que-propone-el-proyecto-de-ley-presentado-por-el-gobierno\/#breadcrumb","itemListElement":[{"@type":"ListItem","position":1,"name":"Portada","item":"https:\/\/auren.com\/co\/"},{"@type":"ListItem","position":2,"name":"Principales cambios en materia tributaria que propone el proyecto de ley presentado por el Gobierno"}]},{"@type":"WebSite","@id":"https:\/\/auren.com\/co\/#website","url":"https:\/\/auren.com\/co\/","name":"Auren Colombia","description":"","publisher":{"@id":"https:\/\/auren.com\/co\/#organization"},"potentialAction":[{"@type":"SearchAction","target":{"@type":"EntryPoint","urlTemplate":"https:\/\/auren.com\/co\/?s={search_term_string}"},"query-input":{"@type":"PropertyValueSpecification","valueRequired":true,"valueName":"search_term_string"}}],"inLanguage":"es"},{"@type":"Organization","@id":"https:\/\/auren.com\/co\/#organization","name":"Auren Colombia","url":"https:\/\/auren.com\/co\/","logo":{"@type":"ImageObject","inLanguage":"es","@id":"https:\/\/auren.com\/co\/#\/schema\/logo\/image\/","url":"https:\/\/auren.com\/co\/wp-content\/uploads\/2025\/01\/cropped-cropped-favicon-Auren.png","contentUrl":"https:\/\/auren.com\/co\/wp-content\/uploads\/2025\/01\/cropped-cropped-favicon-Auren.png","width":512,"height":512,"caption":"Auren Colombia"},"image":{"@id":"https:\/\/auren.com\/co\/#\/schema\/logo\/image\/"},"sameAs":["https:\/\/x.com\/AurenColombia","https:\/\/www.instagram.com\/aurencolombia\/","https:\/\/www.youtube.com\/channel\/UCRYoGRMR_k4oVWesdErApmA","https:\/\/www.linkedin.com\/company\/auren-colombia"]}]}},"_links":{"self":[{"href":"https:\/\/auren.com\/co\/wp-json\/wp\/v2\/blog\/10797","targetHints":{"allow":["GET"]}}],"collection":[{"href":"https:\/\/auren.com\/co\/wp-json\/wp\/v2\/blog"}],"about":[{"href":"https:\/\/auren.com\/co\/wp-json\/wp\/v2\/types\/blog"}],"version-history":[{"count":0,"href":"https:\/\/auren.com\/co\/wp-json\/wp\/v2\/blog\/10797\/revisions"}],"wp:featuredmedia":[{"embeddable":true,"href":"https:\/\/auren.com\/co\/wp-json\/wp\/v2\/media\/10798"}],"wp:attachment":[{"href":"https:\/\/auren.com\/co\/wp-json\/wp\/v2\/media?parent=10797"}],"wp:term":[{"taxonomy":"blog-category","embeddable":true,"href":"https:\/\/auren.com\/co\/wp-json\/wp\/v2\/blog-category?post=10797"}],"curies":[{"name":"wp","href":"https:\/\/api.w.org\/{rel}","templated":true}]}}