{"id":10809,"date":"2018-10-23T22:48:26","date_gmt":"2018-10-23T20:48:26","guid":{"rendered":"https:\/\/auren.com\/co\/blog\/cambio-de-fechas-para-informar-al-sena-variacion-de-numero-de-trabajadores\/"},"modified":"2018-10-23T22:48:26","modified_gmt":"2018-10-23T20:48:26","slug":"cambio-de-fechas-para-informar-al-sena-variacion-de-numero-de-trabajadores","status":"publish","type":"blog","link":"https:\/\/auren.com\/co\/blog\/cambio-de-fechas-para-informar-al-sena-variacion-de-numero-de-trabajadores\/","title":{"rendered":"Cambio de fechas para informar al Sena variaci\u00f3n de n\u00famero de trabajadores\u200b"},"content":{"rendered":"<\/p>\n<p>Mediante Decreto 1334 del 27 de julio de 2018 se modifico el Art. 2.2.6.3.1.1. del Decreto 1072 de 2015, en lo referente a las fechas para remitir la informaci\u00f3n relacionada con la variaci\u00f3n del n\u00famero de trabajadores para efectos del calculo de la cuota de aprendices. Indica el Decreto Citado:&nbsp;&nbsp;<\/p>\n<p> El empleador podr\u00e1 presentar la informaci\u00f3n en la variaci\u00f3n del n\u00famero de empleados en los siguientes per\u00edodos: julio y enero o marzo y septiembre, as\u00ed:   <\/p>\n<p>1. El empleador que remita la informaci\u00f3n en los meses de julio y enero, deber\u00e1 hacerlo adjuntando el reporte de la planta de trabajadores de la siguiente manera:   <\/p>\n<p>&nbsp; &nbsp; 1.1. Dentro de los diez (10) primeros d\u00edas h\u00e1biles del mes de julio, reportar\u00e1 la planta de trabajadores de enero a junio del a\u00f1o en curso.   <\/p>\n<p>&nbsp; &nbsp; 1.2. Dentro de los diez (10) primeros d\u00edas h\u00e1biles del mes de enero reportar\u00e1 la planta de trabajadores de julio a diciembre del a\u00f1o inmediatamente anterior.   <\/p>\n<p>2. El empleador que remita la informaci\u00f3n en los meses de marzo y septiembre, deber\u00e1 hacerlo adjuntado el reporte de la planta de trabajadores de la siguiente manera:   <\/p>\n<p>&nbsp; &nbsp; 2.1. Dentro de los diez (10) primeros d\u00edas h\u00e1biles del mes de marzo reportar\u00e1 la planta de trabajadores de septiembre a diciembre del a\u00f1o inmediatamente anterior y de enero a&nbsp; &nbsp; &nbsp; &nbsp; &nbsp; &nbsp; &nbsp;  febrero del a\u00f1o en curso.&nbsp;<\/p>\n<p>&nbsp;&nbsp;&nbsp; 2.2. Dentro de los diez (10) primeros d\u00edas h\u00e1biles del mes de septiembre reportar\u00e1 la planta de trabajadores de marzo a agosto del mismo a\u00f1o. <\/p>\n<\/p>\n<p>PAR\u00c1GRAFO 1. El empleador, a&nbsp;trav\u00e9s del representante legal o su apoderado, remitir\u00e1 la&#8217; informaci\u00f3n \u00fanicamente en las oportunidades se\u00f1aladas en los numerales 1. o 2. del presente art\u00edculo, para lo cual&nbsp; deber\u00e1 informar por escrito al Servicio Nacional de Aprendizaje, SENA donde funcione el domicilio principal de la empresa.<\/p>\n<\/p>\n<p>Fuente:<\/p>\n<\/p>\n<p>Decreto 1334 del 27 de julio de 2018<\/p>\n<\/p>\n<p><!-- AddThis Advanced Settings generic via filter on the_content --><!-- AddThis Share Buttons generic via filter on the_content --><\/p>\n","protected":false},"excerpt":{"rendered":"<p>Mediante Decreto 1334 del 27 de julio de 2018 se modifico el Art. 2.2.6.3.1.1. del Decreto 1072 de 2015, en lo referente a las fechas para remitir la informaci\u00f3n relacionada con la variaci\u00f3n del n\u00famero de trabajadores para efectos del calculo de la cuota de aprendices.<\/p>\n","protected":false},"featured_media":10810,"template":"","meta":{"_acf_changed":false,"footnotes":""},"blog-category":[],"class_list":["post-10809","blog","type-blog","status-publish","has-post-thumbnail","hentry"],"acf":[],"yoast_head":"<!-- This site is optimized with the Yoast SEO plugin v27.4 - https:\/\/yoast.com\/product\/yoast-seo-wordpress\/ -->\n<title>Cambio de fechas para informar al Sena variaci\u00f3n de n\u00famero de trabajadores\u200b - Auren Colombia<\/title>\n<meta name=\"robots\" content=\"index, follow, max-snippet:-1, max-image-preview:large, max-video-preview:-1\" \/>\n<link rel=\"canonical\" href=\"https:\/\/auren.com\/co\/blog\/cambio-de-fechas-para-informar-al-sena-variacion-de-numero-de-trabajadores\/\" \/>\n<meta property=\"og:locale\" content=\"es_ES\" \/>\n<meta property=\"og:type\" content=\"article\" \/>\n<meta property=\"og:title\" content=\"Cambio de fechas para informar al Sena variaci\u00f3n de n\u00famero de trabajadores\u200b - Auren Colombia\" \/>\n<meta property=\"og:description\" content=\"Mediante Decreto 1334 del 27 de julio de 2018 se modifico el Art. 2.2.6.3.1.1. del Decreto 1072 de 2015, en lo referente a las fechas para remitir la informaci\u00f3n relacionada con la variaci\u00f3n del n\u00famero de trabajadores para efectos del calculo de la cuota de aprendices.\" \/>\n<meta property=\"og:url\" content=\"https:\/\/auren.com\/co\/blog\/cambio-de-fechas-para-informar-al-sena-variacion-de-numero-de-trabajadores\/\" \/>\n<meta property=\"og:site_name\" content=\"Auren Colombia\" \/>\n<meta property=\"og:image\" content=\"https:\/\/auren.com\/co\/wp-content\/uploads\/2018\/10\/shutterstock-323856479-3.jpg\" \/>\n\t<meta property=\"og:image:width\" content=\"1000\" \/>\n\t<meta property=\"og:image:height\" content=\"712\" \/>\n\t<meta property=\"og:image:type\" content=\"image\/jpeg\" \/>\n<meta name=\"twitter:card\" content=\"summary_large_image\" \/>\n<meta name=\"twitter:site\" content=\"@AurenColombia\" \/>\n<meta name=\"twitter:label1\" content=\"Tiempo de lectura\" \/>\n\t<meta name=\"twitter:data1\" content=\"2 minutos\" \/>\n<script type=\"application\/ld+json\" class=\"yoast-schema-graph\">{\"@context\":\"https:\\\/\\\/schema.org\",\"@graph\":[{\"@type\":\"WebPage\",\"@id\":\"https:\\\/\\\/auren.com\\\/co\\\/blog\\\/cambio-de-fechas-para-informar-al-sena-variacion-de-numero-de-trabajadores\\\/\",\"url\":\"https:\\\/\\\/auren.com\\\/co\\\/blog\\\/cambio-de-fechas-para-informar-al-sena-variacion-de-numero-de-trabajadores\\\/\",\"name\":\"Cambio de fechas para informar al Sena variaci\u00f3n de n\u00famero de trabajadores\u200b - Auren Colombia\",\"isPartOf\":{\"@id\":\"https:\\\/\\\/auren.com\\\/co\\\/#website\"},\"primaryImageOfPage\":{\"@id\":\"https:\\\/\\\/auren.com\\\/co\\\/blog\\\/cambio-de-fechas-para-informar-al-sena-variacion-de-numero-de-trabajadores\\\/#primaryimage\"},\"image\":{\"@id\":\"https:\\\/\\\/auren.com\\\/co\\\/blog\\\/cambio-de-fechas-para-informar-al-sena-variacion-de-numero-de-trabajadores\\\/#primaryimage\"},\"thumbnailUrl\":\"https:\\\/\\\/auren.com\\\/co\\\/wp-content\\\/uploads\\\/2018\\\/10\\\/shutterstock-323856479-3.jpg\",\"datePublished\":\"2018-10-23T20:48:26+00:00\",\"breadcrumb\":{\"@id\":\"https:\\\/\\\/auren.com\\\/co\\\/blog\\\/cambio-de-fechas-para-informar-al-sena-variacion-de-numero-de-trabajadores\\\/#breadcrumb\"},\"inLanguage\":\"es\",\"potentialAction\":[{\"@type\":\"ReadAction\",\"target\":[\"https:\\\/\\\/auren.com\\\/co\\\/blog\\\/cambio-de-fechas-para-informar-al-sena-variacion-de-numero-de-trabajadores\\\/\"]}]},{\"@type\":\"ImageObject\",\"inLanguage\":\"es\",\"@id\":\"https:\\\/\\\/auren.com\\\/co\\\/blog\\\/cambio-de-fechas-para-informar-al-sena-variacion-de-numero-de-trabajadores\\\/#primaryimage\",\"url\":\"https:\\\/\\\/auren.com\\\/co\\\/wp-content\\\/uploads\\\/2018\\\/10\\\/shutterstock-323856479-3.jpg\",\"contentUrl\":\"https:\\\/\\\/auren.com\\\/co\\\/wp-content\\\/uploads\\\/2018\\\/10\\\/shutterstock-323856479-3.jpg\",\"width\":1000,\"height\":712},{\"@type\":\"BreadcrumbList\",\"@id\":\"https:\\\/\\\/auren.com\\\/co\\\/blog\\\/cambio-de-fechas-para-informar-al-sena-variacion-de-numero-de-trabajadores\\\/#breadcrumb\",\"itemListElement\":[{\"@type\":\"ListItem\",\"position\":1,\"name\":\"Portada\",\"item\":\"https:\\\/\\\/auren.com\\\/co\\\/\"},{\"@type\":\"ListItem\",\"position\":2,\"name\":\"Cambio de fechas para informar al Sena variaci\u00f3n de n\u00famero de trabajadores\u200b\"}]},{\"@type\":\"WebSite\",\"@id\":\"https:\\\/\\\/auren.com\\\/co\\\/#website\",\"url\":\"https:\\\/\\\/auren.com\\\/co\\\/\",\"name\":\"Auren Colombia\",\"description\":\"\",\"publisher\":{\"@id\":\"https:\\\/\\\/auren.com\\\/co\\\/#organization\"},\"potentialAction\":[{\"@type\":\"SearchAction\",\"target\":{\"@type\":\"EntryPoint\",\"urlTemplate\":\"https:\\\/\\\/auren.com\\\/co\\\/?s={search_term_string}\"},\"query-input\":{\"@type\":\"PropertyValueSpecification\",\"valueRequired\":true,\"valueName\":\"search_term_string\"}}],\"inLanguage\":\"es\"},{\"@type\":\"Organization\",\"@id\":\"https:\\\/\\\/auren.com\\\/co\\\/#organization\",\"name\":\"Auren Colombia\",\"url\":\"https:\\\/\\\/auren.com\\\/co\\\/\",\"logo\":{\"@type\":\"ImageObject\",\"inLanguage\":\"es\",\"@id\":\"https:\\\/\\\/auren.com\\\/co\\\/#\\\/schema\\\/logo\\\/image\\\/\",\"url\":\"https:\\\/\\\/auren.com\\\/co\\\/wp-content\\\/uploads\\\/2025\\\/01\\\/cropped-cropped-favicon-Auren.png\",\"contentUrl\":\"https:\\\/\\\/auren.com\\\/co\\\/wp-content\\\/uploads\\\/2025\\\/01\\\/cropped-cropped-favicon-Auren.png\",\"width\":512,\"height\":512,\"caption\":\"Auren Colombia\"},\"image\":{\"@id\":\"https:\\\/\\\/auren.com\\\/co\\\/#\\\/schema\\\/logo\\\/image\\\/\"},\"sameAs\":[\"https:\\\/\\\/x.com\\\/AurenColombia\",\"https:\\\/\\\/www.instagram.com\\\/aurencolombia\\\/\",\"https:\\\/\\\/www.youtube.com\\\/channel\\\/UCRYoGRMR_k4oVWesdErApmA\",\"https:\\\/\\\/www.linkedin.com\\\/company\\\/auren-colombia\"]}]}<\/script>\n<!-- \/ Yoast SEO plugin. -->","yoast_head_json":{"title":"Cambio de fechas para informar al Sena variaci\u00f3n de n\u00famero de trabajadores\u200b - Auren Colombia","robots":{"index":"index","follow":"follow","max-snippet":"max-snippet:-1","max-image-preview":"max-image-preview:large","max-video-preview":"max-video-preview:-1"},"canonical":"https:\/\/auren.com\/co\/blog\/cambio-de-fechas-para-informar-al-sena-variacion-de-numero-de-trabajadores\/","og_locale":"es_ES","og_type":"article","og_title":"Cambio de fechas para informar al Sena variaci\u00f3n de n\u00famero de trabajadores\u200b - Auren Colombia","og_description":"Mediante Decreto 1334 del 27 de julio de 2018 se modifico el Art. 2.2.6.3.1.1. del Decreto 1072 de 2015, en lo referente a las fechas para remitir la informaci\u00f3n relacionada con la variaci\u00f3n del n\u00famero de trabajadores para efectos del calculo de la cuota de aprendices.","og_url":"https:\/\/auren.com\/co\/blog\/cambio-de-fechas-para-informar-al-sena-variacion-de-numero-de-trabajadores\/","og_site_name":"Auren Colombia","og_image":[{"width":1000,"height":712,"url":"https:\/\/auren.com\/co\/wp-content\/uploads\/2018\/10\/shutterstock-323856479-3.jpg","type":"image\/jpeg"}],"twitter_card":"summary_large_image","twitter_site":"@AurenColombia","twitter_misc":{"Tiempo de lectura":"2 minutos"},"schema":{"@context":"https:\/\/schema.org","@graph":[{"@type":"WebPage","@id":"https:\/\/auren.com\/co\/blog\/cambio-de-fechas-para-informar-al-sena-variacion-de-numero-de-trabajadores\/","url":"https:\/\/auren.com\/co\/blog\/cambio-de-fechas-para-informar-al-sena-variacion-de-numero-de-trabajadores\/","name":"Cambio de fechas para informar al Sena variaci\u00f3n de n\u00famero de trabajadores\u200b - Auren Colombia","isPartOf":{"@id":"https:\/\/auren.com\/co\/#website"},"primaryImageOfPage":{"@id":"https:\/\/auren.com\/co\/blog\/cambio-de-fechas-para-informar-al-sena-variacion-de-numero-de-trabajadores\/#primaryimage"},"image":{"@id":"https:\/\/auren.com\/co\/blog\/cambio-de-fechas-para-informar-al-sena-variacion-de-numero-de-trabajadores\/#primaryimage"},"thumbnailUrl":"https:\/\/auren.com\/co\/wp-content\/uploads\/2018\/10\/shutterstock-323856479-3.jpg","datePublished":"2018-10-23T20:48:26+00:00","breadcrumb":{"@id":"https:\/\/auren.com\/co\/blog\/cambio-de-fechas-para-informar-al-sena-variacion-de-numero-de-trabajadores\/#breadcrumb"},"inLanguage":"es","potentialAction":[{"@type":"ReadAction","target":["https:\/\/auren.com\/co\/blog\/cambio-de-fechas-para-informar-al-sena-variacion-de-numero-de-trabajadores\/"]}]},{"@type":"ImageObject","inLanguage":"es","@id":"https:\/\/auren.com\/co\/blog\/cambio-de-fechas-para-informar-al-sena-variacion-de-numero-de-trabajadores\/#primaryimage","url":"https:\/\/auren.com\/co\/wp-content\/uploads\/2018\/10\/shutterstock-323856479-3.jpg","contentUrl":"https:\/\/auren.com\/co\/wp-content\/uploads\/2018\/10\/shutterstock-323856479-3.jpg","width":1000,"height":712},{"@type":"BreadcrumbList","@id":"https:\/\/auren.com\/co\/blog\/cambio-de-fechas-para-informar-al-sena-variacion-de-numero-de-trabajadores\/#breadcrumb","itemListElement":[{"@type":"ListItem","position":1,"name":"Portada","item":"https:\/\/auren.com\/co\/"},{"@type":"ListItem","position":2,"name":"Cambio de fechas para informar al Sena variaci\u00f3n de n\u00famero de trabajadores\u200b"}]},{"@type":"WebSite","@id":"https:\/\/auren.com\/co\/#website","url":"https:\/\/auren.com\/co\/","name":"Auren Colombia","description":"","publisher":{"@id":"https:\/\/auren.com\/co\/#organization"},"potentialAction":[{"@type":"SearchAction","target":{"@type":"EntryPoint","urlTemplate":"https:\/\/auren.com\/co\/?s={search_term_string}"},"query-input":{"@type":"PropertyValueSpecification","valueRequired":true,"valueName":"search_term_string"}}],"inLanguage":"es"},{"@type":"Organization","@id":"https:\/\/auren.com\/co\/#organization","name":"Auren Colombia","url":"https:\/\/auren.com\/co\/","logo":{"@type":"ImageObject","inLanguage":"es","@id":"https:\/\/auren.com\/co\/#\/schema\/logo\/image\/","url":"https:\/\/auren.com\/co\/wp-content\/uploads\/2025\/01\/cropped-cropped-favicon-Auren.png","contentUrl":"https:\/\/auren.com\/co\/wp-content\/uploads\/2025\/01\/cropped-cropped-favicon-Auren.png","width":512,"height":512,"caption":"Auren Colombia"},"image":{"@id":"https:\/\/auren.com\/co\/#\/schema\/logo\/image\/"},"sameAs":["https:\/\/x.com\/AurenColombia","https:\/\/www.instagram.com\/aurencolombia\/","https:\/\/www.youtube.com\/channel\/UCRYoGRMR_k4oVWesdErApmA","https:\/\/www.linkedin.com\/company\/auren-colombia"]}]}},"_links":{"self":[{"href":"https:\/\/auren.com\/co\/wp-json\/wp\/v2\/blog\/10809","targetHints":{"allow":["GET"]}}],"collection":[{"href":"https:\/\/auren.com\/co\/wp-json\/wp\/v2\/blog"}],"about":[{"href":"https:\/\/auren.com\/co\/wp-json\/wp\/v2\/types\/blog"}],"version-history":[{"count":0,"href":"https:\/\/auren.com\/co\/wp-json\/wp\/v2\/blog\/10809\/revisions"}],"wp:featuredmedia":[{"embeddable":true,"href":"https:\/\/auren.com\/co\/wp-json\/wp\/v2\/media\/10810"}],"wp:attachment":[{"href":"https:\/\/auren.com\/co\/wp-json\/wp\/v2\/media?parent=10809"}],"wp:term":[{"taxonomy":"blog-category","embeddable":true,"href":"https:\/\/auren.com\/co\/wp-json\/wp\/v2\/blog-category?post=10809"}],"curies":[{"name":"wp","href":"https:\/\/api.w.org\/{rel}","templated":true}]}}