{"id":10818,"date":"2018-10-03T22:06:59","date_gmt":"2018-10-03T20:06:59","guid":{"rendered":"https:\/\/auren.com\/co\/blog\/declarada-contingencia-para-el-pago-del-ica-y-retencion-del-ica-en-bogota\/"},"modified":"2018-10-03T22:06:59","modified_gmt":"2018-10-03T20:06:59","slug":"declarada-contingencia-para-el-pago-del-ica-y-retencion-del-ica-en-bogota","status":"publish","type":"blog","link":"https:\/\/auren.com\/co\/blog\/declarada-contingencia-para-el-pago-del-ica-y-retencion-del-ica-en-bogota\/","title":{"rendered":"Declarada contingencia para el pago del ICA y retenci\u00f3n del ICA en Bogot\u00e1"},"content":{"rendered":"<p>El viernes 21 de septiembre de 2018 venc\u00eda el plazo para presentar por medios virtuales las declaraciones del impuesto de industria y comercio (ICA) y de retenci\u00f3n del ICA, correspondientes al cuarto bimestre de 2018 en la jurisdicci\u00f3n del Distrito de Bogot\u00e1.<\/p>\n<p>Considerando inconvenientes t\u00e9cnicos en los servicios inform\u00e1ticos, que han generado la intermitencia en el servicio, seg\u00fan informe presentado por la Direcci\u00f3n de Inform\u00e1tica y Tecnolog\u00eda de la Secretar\u00eda de Hacienda, la entidad declar\u00f3 la contingencia y tom\u00f3 la decisi\u00f3n de ampliar el plazo para declarar y pagar tales impuestos y retenciones, decisi\u00f3n amparada por los art\u00edculos 579-2 del Estatuto Tributario y 3 de la Resoluci\u00f3n DDI-33705 del 20 de junio de 2018.<\/p>\n<\/p>\n<p>Debido a la contingencia, se podr\u00e1n presentar y\/o pagar las declaraciones tributarias por concepto del ICA y retenci\u00f3n del ICA, as\u00ed como la sobretasa a la gasolina, a m\u00e1s tardar al d\u00eda siguiente a aquel en que los Servicios Inform\u00e1ticos Electr\u00f3nicos se estabilicen, lo cual se comunicar\u00e1 en el portal web de la entidad.<\/p>\n<\/p>\n<p><strong><\/strong><\/p>\n<p><strong> <\/p>\n<p>Fuente:<\/p>\n<p>Secretar\u00eda de Hacienda de Bogot\u00e1, Comunicado de Prensa del 21 de septiembre de 2018<\/p>\n<p> <\/strong><\/p>\n<p><strong><\/strong><\/p>\n<p><strong><\/strong><\/p>\n<\/p>\n<p><!-- AddThis Advanced Settings generic via filter on the_content --><!-- AddThis Share Buttons generic via filter on the_content --><\/p>\n","protected":false},"excerpt":{"rendered":"<p>El viernes 21 de septiembre de 2018  venc\u00eda el plazo para presentar por medios virtuales las declaraciones  del impuesto de industria y comercio (ICA) y de retenci\u00f3n del ICA,  correspondientes al cuarto bimestre de 2018 en la jurisdicci\u00f3n del  Distrito de Bogot\u00e1.<\/p>\n","protected":false},"featured_media":10819,"template":"","meta":{"_acf_changed":false,"footnotes":""},"blog-category":[],"class_list":["post-10818","blog","type-blog","status-publish","has-post-thumbnail","hentry"],"acf":[],"yoast_head":"<!-- This site is optimized with the Yoast SEO plugin v27.4 - https:\/\/yoast.com\/product\/yoast-seo-wordpress\/ -->\n<title>Declarada contingencia para el pago del ICA y retenci\u00f3n del ICA en Bogot\u00e1 - Auren Colombia<\/title>\n<meta name=\"robots\" content=\"index, follow, max-snippet:-1, max-image-preview:large, max-video-preview:-1\" \/>\n<link rel=\"canonical\" href=\"https:\/\/auren.com\/co\/blog\/declarada-contingencia-para-el-pago-del-ica-y-retencion-del-ica-en-bogota\/\" \/>\n<meta property=\"og:locale\" content=\"es_ES\" \/>\n<meta property=\"og:type\" content=\"article\" \/>\n<meta property=\"og:title\" content=\"Declarada contingencia para el pago del ICA y retenci\u00f3n del ICA en Bogot\u00e1 - Auren Colombia\" \/>\n<meta property=\"og:description\" content=\"El viernes 21 de septiembre de 2018 venc\u00eda el plazo para presentar por medios virtuales las declaraciones del impuesto de industria y comercio (ICA) y de retenci\u00f3n del ICA, correspondientes al cuarto bimestre de 2018 en la jurisdicci\u00f3n del Distrito de Bogot\u00e1.\" \/>\n<meta property=\"og:url\" content=\"https:\/\/auren.com\/co\/blog\/declarada-contingencia-para-el-pago-del-ica-y-retencion-del-ica-en-bogota\/\" \/>\n<meta property=\"og:site_name\" content=\"Auren Colombia\" \/>\n<meta property=\"og:image\" content=\"https:\/\/auren.com\/co\/wp-content\/uploads\/2018\/10\/shutterstock-577019452213213.jpg\" \/>\n\t<meta property=\"og:image:width\" content=\"1000\" \/>\n\t<meta property=\"og:image:height\" content=\"666\" \/>\n\t<meta property=\"og:image:type\" content=\"image\/jpeg\" \/>\n<meta name=\"twitter:card\" content=\"summary_large_image\" \/>\n<meta name=\"twitter:site\" content=\"@AurenColombia\" \/>\n<meta name=\"twitter:label1\" content=\"Tiempo de lectura\" \/>\n\t<meta name=\"twitter:data1\" content=\"1 minuto\" \/>\n<script type=\"application\/ld+json\" class=\"yoast-schema-graph\">{\"@context\":\"https:\\\/\\\/schema.org\",\"@graph\":[{\"@type\":\"WebPage\",\"@id\":\"https:\\\/\\\/auren.com\\\/co\\\/blog\\\/declarada-contingencia-para-el-pago-del-ica-y-retencion-del-ica-en-bogota\\\/\",\"url\":\"https:\\\/\\\/auren.com\\\/co\\\/blog\\\/declarada-contingencia-para-el-pago-del-ica-y-retencion-del-ica-en-bogota\\\/\",\"name\":\"Declarada contingencia para el pago del ICA y retenci\u00f3n del ICA en Bogot\u00e1 - Auren Colombia\",\"isPartOf\":{\"@id\":\"https:\\\/\\\/auren.com\\\/co\\\/#website\"},\"primaryImageOfPage\":{\"@id\":\"https:\\\/\\\/auren.com\\\/co\\\/blog\\\/declarada-contingencia-para-el-pago-del-ica-y-retencion-del-ica-en-bogota\\\/#primaryimage\"},\"image\":{\"@id\":\"https:\\\/\\\/auren.com\\\/co\\\/blog\\\/declarada-contingencia-para-el-pago-del-ica-y-retencion-del-ica-en-bogota\\\/#primaryimage\"},\"thumbnailUrl\":\"https:\\\/\\\/auren.com\\\/co\\\/wp-content\\\/uploads\\\/2018\\\/10\\\/shutterstock-577019452213213.jpg\",\"datePublished\":\"2018-10-03T20:06:59+00:00\",\"breadcrumb\":{\"@id\":\"https:\\\/\\\/auren.com\\\/co\\\/blog\\\/declarada-contingencia-para-el-pago-del-ica-y-retencion-del-ica-en-bogota\\\/#breadcrumb\"},\"inLanguage\":\"es\",\"potentialAction\":[{\"@type\":\"ReadAction\",\"target\":[\"https:\\\/\\\/auren.com\\\/co\\\/blog\\\/declarada-contingencia-para-el-pago-del-ica-y-retencion-del-ica-en-bogota\\\/\"]}]},{\"@type\":\"ImageObject\",\"inLanguage\":\"es\",\"@id\":\"https:\\\/\\\/auren.com\\\/co\\\/blog\\\/declarada-contingencia-para-el-pago-del-ica-y-retencion-del-ica-en-bogota\\\/#primaryimage\",\"url\":\"https:\\\/\\\/auren.com\\\/co\\\/wp-content\\\/uploads\\\/2018\\\/10\\\/shutterstock-577019452213213.jpg\",\"contentUrl\":\"https:\\\/\\\/auren.com\\\/co\\\/wp-content\\\/uploads\\\/2018\\\/10\\\/shutterstock-577019452213213.jpg\",\"width\":1000,\"height\":666},{\"@type\":\"BreadcrumbList\",\"@id\":\"https:\\\/\\\/auren.com\\\/co\\\/blog\\\/declarada-contingencia-para-el-pago-del-ica-y-retencion-del-ica-en-bogota\\\/#breadcrumb\",\"itemListElement\":[{\"@type\":\"ListItem\",\"position\":1,\"name\":\"Portada\",\"item\":\"https:\\\/\\\/auren.com\\\/co\\\/\"},{\"@type\":\"ListItem\",\"position\":2,\"name\":\"Declarada contingencia para el pago del ICA y retenci\u00f3n del ICA en Bogot\u00e1\"}]},{\"@type\":\"WebSite\",\"@id\":\"https:\\\/\\\/auren.com\\\/co\\\/#website\",\"url\":\"https:\\\/\\\/auren.com\\\/co\\\/\",\"name\":\"Auren Colombia\",\"description\":\"\",\"publisher\":{\"@id\":\"https:\\\/\\\/auren.com\\\/co\\\/#organization\"},\"potentialAction\":[{\"@type\":\"SearchAction\",\"target\":{\"@type\":\"EntryPoint\",\"urlTemplate\":\"https:\\\/\\\/auren.com\\\/co\\\/?s={search_term_string}\"},\"query-input\":{\"@type\":\"PropertyValueSpecification\",\"valueRequired\":true,\"valueName\":\"search_term_string\"}}],\"inLanguage\":\"es\"},{\"@type\":\"Organization\",\"@id\":\"https:\\\/\\\/auren.com\\\/co\\\/#organization\",\"name\":\"Auren Colombia\",\"url\":\"https:\\\/\\\/auren.com\\\/co\\\/\",\"logo\":{\"@type\":\"ImageObject\",\"inLanguage\":\"es\",\"@id\":\"https:\\\/\\\/auren.com\\\/co\\\/#\\\/schema\\\/logo\\\/image\\\/\",\"url\":\"https:\\\/\\\/auren.com\\\/co\\\/wp-content\\\/uploads\\\/2025\\\/01\\\/cropped-cropped-favicon-Auren.png\",\"contentUrl\":\"https:\\\/\\\/auren.com\\\/co\\\/wp-content\\\/uploads\\\/2025\\\/01\\\/cropped-cropped-favicon-Auren.png\",\"width\":512,\"height\":512,\"caption\":\"Auren Colombia\"},\"image\":{\"@id\":\"https:\\\/\\\/auren.com\\\/co\\\/#\\\/schema\\\/logo\\\/image\\\/\"},\"sameAs\":[\"https:\\\/\\\/x.com\\\/AurenColombia\",\"https:\\\/\\\/www.instagram.com\\\/aurencolombia\\\/\",\"https:\\\/\\\/www.youtube.com\\\/channel\\\/UCRYoGRMR_k4oVWesdErApmA\",\"https:\\\/\\\/www.linkedin.com\\\/company\\\/auren-colombia\"]}]}<\/script>\n<!-- \/ Yoast SEO plugin. -->","yoast_head_json":{"title":"Declarada contingencia para el pago del ICA y retenci\u00f3n del ICA en Bogot\u00e1 - Auren Colombia","robots":{"index":"index","follow":"follow","max-snippet":"max-snippet:-1","max-image-preview":"max-image-preview:large","max-video-preview":"max-video-preview:-1"},"canonical":"https:\/\/auren.com\/co\/blog\/declarada-contingencia-para-el-pago-del-ica-y-retencion-del-ica-en-bogota\/","og_locale":"es_ES","og_type":"article","og_title":"Declarada contingencia para el pago del ICA y retenci\u00f3n del ICA en Bogot\u00e1 - Auren Colombia","og_description":"El viernes 21 de septiembre de 2018 venc\u00eda el plazo para presentar por medios virtuales las declaraciones del impuesto de industria y comercio (ICA) y de retenci\u00f3n del ICA, correspondientes al cuarto bimestre de 2018 en la jurisdicci\u00f3n del Distrito de Bogot\u00e1.","og_url":"https:\/\/auren.com\/co\/blog\/declarada-contingencia-para-el-pago-del-ica-y-retencion-del-ica-en-bogota\/","og_site_name":"Auren Colombia","og_image":[{"width":1000,"height":666,"url":"https:\/\/auren.com\/co\/wp-content\/uploads\/2018\/10\/shutterstock-577019452213213.jpg","type":"image\/jpeg"}],"twitter_card":"summary_large_image","twitter_site":"@AurenColombia","twitter_misc":{"Tiempo de lectura":"1 minuto"},"schema":{"@context":"https:\/\/schema.org","@graph":[{"@type":"WebPage","@id":"https:\/\/auren.com\/co\/blog\/declarada-contingencia-para-el-pago-del-ica-y-retencion-del-ica-en-bogota\/","url":"https:\/\/auren.com\/co\/blog\/declarada-contingencia-para-el-pago-del-ica-y-retencion-del-ica-en-bogota\/","name":"Declarada contingencia para el pago del ICA y retenci\u00f3n del ICA en Bogot\u00e1 - Auren Colombia","isPartOf":{"@id":"https:\/\/auren.com\/co\/#website"},"primaryImageOfPage":{"@id":"https:\/\/auren.com\/co\/blog\/declarada-contingencia-para-el-pago-del-ica-y-retencion-del-ica-en-bogota\/#primaryimage"},"image":{"@id":"https:\/\/auren.com\/co\/blog\/declarada-contingencia-para-el-pago-del-ica-y-retencion-del-ica-en-bogota\/#primaryimage"},"thumbnailUrl":"https:\/\/auren.com\/co\/wp-content\/uploads\/2018\/10\/shutterstock-577019452213213.jpg","datePublished":"2018-10-03T20:06:59+00:00","breadcrumb":{"@id":"https:\/\/auren.com\/co\/blog\/declarada-contingencia-para-el-pago-del-ica-y-retencion-del-ica-en-bogota\/#breadcrumb"},"inLanguage":"es","potentialAction":[{"@type":"ReadAction","target":["https:\/\/auren.com\/co\/blog\/declarada-contingencia-para-el-pago-del-ica-y-retencion-del-ica-en-bogota\/"]}]},{"@type":"ImageObject","inLanguage":"es","@id":"https:\/\/auren.com\/co\/blog\/declarada-contingencia-para-el-pago-del-ica-y-retencion-del-ica-en-bogota\/#primaryimage","url":"https:\/\/auren.com\/co\/wp-content\/uploads\/2018\/10\/shutterstock-577019452213213.jpg","contentUrl":"https:\/\/auren.com\/co\/wp-content\/uploads\/2018\/10\/shutterstock-577019452213213.jpg","width":1000,"height":666},{"@type":"BreadcrumbList","@id":"https:\/\/auren.com\/co\/blog\/declarada-contingencia-para-el-pago-del-ica-y-retencion-del-ica-en-bogota\/#breadcrumb","itemListElement":[{"@type":"ListItem","position":1,"name":"Portada","item":"https:\/\/auren.com\/co\/"},{"@type":"ListItem","position":2,"name":"Declarada contingencia para el pago del ICA y retenci\u00f3n del ICA en Bogot\u00e1"}]},{"@type":"WebSite","@id":"https:\/\/auren.com\/co\/#website","url":"https:\/\/auren.com\/co\/","name":"Auren Colombia","description":"","publisher":{"@id":"https:\/\/auren.com\/co\/#organization"},"potentialAction":[{"@type":"SearchAction","target":{"@type":"EntryPoint","urlTemplate":"https:\/\/auren.com\/co\/?s={search_term_string}"},"query-input":{"@type":"PropertyValueSpecification","valueRequired":true,"valueName":"search_term_string"}}],"inLanguage":"es"},{"@type":"Organization","@id":"https:\/\/auren.com\/co\/#organization","name":"Auren Colombia","url":"https:\/\/auren.com\/co\/","logo":{"@type":"ImageObject","inLanguage":"es","@id":"https:\/\/auren.com\/co\/#\/schema\/logo\/image\/","url":"https:\/\/auren.com\/co\/wp-content\/uploads\/2025\/01\/cropped-cropped-favicon-Auren.png","contentUrl":"https:\/\/auren.com\/co\/wp-content\/uploads\/2025\/01\/cropped-cropped-favicon-Auren.png","width":512,"height":512,"caption":"Auren Colombia"},"image":{"@id":"https:\/\/auren.com\/co\/#\/schema\/logo\/image\/"},"sameAs":["https:\/\/x.com\/AurenColombia","https:\/\/www.instagram.com\/aurencolombia\/","https:\/\/www.youtube.com\/channel\/UCRYoGRMR_k4oVWesdErApmA","https:\/\/www.linkedin.com\/company\/auren-colombia"]}]}},"_links":{"self":[{"href":"https:\/\/auren.com\/co\/wp-json\/wp\/v2\/blog\/10818","targetHints":{"allow":["GET"]}}],"collection":[{"href":"https:\/\/auren.com\/co\/wp-json\/wp\/v2\/blog"}],"about":[{"href":"https:\/\/auren.com\/co\/wp-json\/wp\/v2\/types\/blog"}],"version-history":[{"count":0,"href":"https:\/\/auren.com\/co\/wp-json\/wp\/v2\/blog\/10818\/revisions"}],"wp:featuredmedia":[{"embeddable":true,"href":"https:\/\/auren.com\/co\/wp-json\/wp\/v2\/media\/10819"}],"wp:attachment":[{"href":"https:\/\/auren.com\/co\/wp-json\/wp\/v2\/media?parent=10818"}],"wp:term":[{"taxonomy":"blog-category","embeddable":true,"href":"https:\/\/auren.com\/co\/wp-json\/wp\/v2\/blog-category?post=10818"}],"curies":[{"name":"wp","href":"https:\/\/api.w.org\/{rel}","templated":true}]}}