{"id":10827,"date":"2018-10-03T21:40:54","date_gmt":"2018-10-03T19:40:54","guid":{"rendered":"https:\/\/auren.com\/co\/blog\/no-todos-los-mensajes-compartidos-por-plataformas-de-mensajeria-instantanea-son-reservados-o-confidenciales\/"},"modified":"2018-10-03T21:40:54","modified_gmt":"2018-10-03T19:40:54","slug":"no-todos-los-mensajes-compartidos-por-plataformas-de-mensajeria-instantanea-son-reservados-o-confidenciales","status":"publish","type":"blog","link":"https:\/\/auren.com\/co\/blog\/no-todos-los-mensajes-compartidos-por-plataformas-de-mensajeria-instantanea-son-reservados-o-confidenciales\/","title":{"rendered":"No todos los mensajes compartidos por plataformas de mensajer\u00eda instant\u00e1nea son reservados o confidenciales"},"content":{"rendered":"<\/p>\n<p class=\"text-justify\">La Corte analiz\u00f3 el caso de una empresa que suspendi\u00f3 a un trabajador, al advertir que estaba invitando a sus compa\u00f1eros de trabajo a incumplir algunos de sus deberes laborales, invitaci\u00f3n que realiz\u00f3 a trav\u00e9s de un mensaje de voz enviado a un grupo de la plataforma WhatsApp, conformado por compa\u00f1eros de la misma empresa. El trabajador solicit\u00f3 protecci\u00f3n a su derecho a la intimidad, entre otros, aduciendo que WhatsApp&nbsp;es un medio privado e inviolable que s\u00f3lo puede ser interceptado o registrado mediante una orden judicial.   <\/p>\n<p class=\"text-justify\">En la sentencia que resolvi\u00f3 el caso, la cual fue proferida el a\u00f1o pasado pero recientemente comunicada, sostuvo la Corte Constitucional que el derecho a la intimidad puede ser susceptible de limitaci\u00f3n por razones leg\u00edtimas y debidamente justificadas constitucionalmente.   <\/p>\n<\/p>\n<p class=\"text-justify\">Trat\u00e1ndose del intercambio de comunicaciones, se\u00f1al\u00f3 la Corte, la limitaci\u00f3n se presenta no solo bajo situaciones de autorizaci\u00f3n del titular o mediante orden de autoridad competente, sino que depende de la naturaleza de la informaci\u00f3n y los medios utilizados.   <\/p>\n<p class=\"text-justify\">Para la Corte, en el caso analizado la divulgaci\u00f3n del mensaje no implic\u00f3 la infracci\u00f3n del derecho a la intimidad, al considerar que los mensajes de voz fueron enviados a un grupo de&nbsp;WhatsApp, conformado por un n\u00famero plural de personas, todos compa\u00f1eros de trabajo, y creado por un representante del empleador para tratar asuntos laborales.   <\/p>\n<\/p>\n<p class=\"text-justify\">Apoyada en tales consideraciones, la Corte manifest\u00f3 que el lugar de trabajo, es en principio un espacio semiprivado, y no goza del mismo nivel de protecci\u00f3n que el domicilio, debido a que el grado de privacidad es menor en atenci\u00f3n a que all\u00ed tienen lugar actuaciones con repercusiones sociales significativas.   <\/p>\n<p class=\"text-justify\">En palabras de la Corte, no toda la informaci\u00f3n producida en un espacio virtual como el se\u00f1alado puede ser objeto de circulaci\u00f3n; una parte de ella pueda ser calificada como sensible y en tal sentido absolutamente irrelevante para los fines del grupo correspondiente, caso en el cual su divulgaci\u00f3n estar\u00eda limitada. Sin embargo, advirti\u00f3 la Sala que ello no fue lo ocurrido en el caso analizado, resaltando que los mensajes enviados se encontraban directamente relacionados con la actividad de la empresa y por tanto no era irrelevante su conocimiento por parte de los empleadores o las instancias de control de la sociedad, motivo por el cual consider\u00f3 ajustado a derecho que la empresa accediera a dichos mensajes y con base en ellos sancionara al trabajador.<\/p>\n<\/p>\n<p>Fuente:<\/p>\n<\/p>\n<p>Corte Constitucional, Sentencia T-574 del 14 de septiembre de 2017, comunicada en agosto de 2018<\/p>\n<\/p>\n<p><!-- AddThis Advanced Settings generic via filter on the_content --><!-- AddThis Share Buttons generic via filter on the_content --><\/p>\n","protected":false},"excerpt":{"rendered":"<p>La Corte analiz\u00f3 el caso de una empresa que suspendi\u00f3 a un trabajador, al advertir que estaba invitando a sus compa\u00f1eros de trabajo a incumplir algunos de sus deberes laborales, invitaci\u00f3n que realiz\u00f3 a trav\u00e9s de un mensaje de voz enviado a un grupo de la plataforma WhatsApp, conformado por compa\u00f1eros de la misma empresa.<\/p>\n","protected":false},"featured_media":10828,"template":"","meta":{"_acf_changed":false,"footnotes":""},"blog-category":[],"class_list":["post-10827","blog","type-blog","status-publish","has-post-thumbnail","hentry"],"acf":[],"yoast_head":"<!-- This site is optimized with the Yoast SEO plugin v27.4 - https:\/\/yoast.com\/product\/yoast-seo-wordpress\/ -->\n<title>No todos los mensajes compartidos por plataformas de mensajer\u00eda instant\u00e1nea son reservados o confidenciales - Auren Colombia<\/title>\n<meta name=\"robots\" content=\"index, follow, max-snippet:-1, max-image-preview:large, max-video-preview:-1\" \/>\n<link rel=\"canonical\" href=\"https:\/\/auren.com\/co\/blog\/no-todos-los-mensajes-compartidos-por-plataformas-de-mensajeria-instantanea-son-reservados-o-confidenciales\/\" \/>\n<meta property=\"og:locale\" content=\"es_ES\" \/>\n<meta property=\"og:type\" content=\"article\" \/>\n<meta property=\"og:title\" content=\"No todos los mensajes compartidos por plataformas de mensajer\u00eda instant\u00e1nea son reservados o confidenciales - Auren Colombia\" \/>\n<meta property=\"og:description\" content=\"La Corte analiz\u00f3 el caso de una empresa que suspendi\u00f3 a un trabajador, al advertir que estaba invitando a sus compa\u00f1eros de trabajo a incumplir algunos de sus deberes laborales, invitaci\u00f3n que realiz\u00f3 a trav\u00e9s de un mensaje de voz enviado a un grupo de la plataforma WhatsApp, conformado por compa\u00f1eros de la misma empresa.\" \/>\n<meta property=\"og:url\" content=\"https:\/\/auren.com\/co\/blog\/no-todos-los-mensajes-compartidos-por-plataformas-de-mensajeria-instantanea-son-reservados-o-confidenciales\/\" \/>\n<meta property=\"og:site_name\" content=\"Auren Colombia\" \/>\n<meta property=\"og:image\" content=\"https:\/\/auren.com\/co\/wp-content\/uploads\/2018\/10\/shutterstock-323856479-4.jpg\" \/>\n\t<meta property=\"og:image:width\" content=\"1000\" \/>\n\t<meta property=\"og:image:height\" content=\"712\" \/>\n\t<meta property=\"og:image:type\" content=\"image\/jpeg\" \/>\n<meta name=\"twitter:card\" content=\"summary_large_image\" \/>\n<meta name=\"twitter:site\" content=\"@AurenColombia\" \/>\n<meta name=\"twitter:label1\" content=\"Tiempo de lectura\" \/>\n\t<meta name=\"twitter:data1\" content=\"2 minutos\" \/>\n<script type=\"application\/ld+json\" class=\"yoast-schema-graph\">{\"@context\":\"https:\\\/\\\/schema.org\",\"@graph\":[{\"@type\":\"WebPage\",\"@id\":\"https:\\\/\\\/auren.com\\\/co\\\/blog\\\/no-todos-los-mensajes-compartidos-por-plataformas-de-mensajeria-instantanea-son-reservados-o-confidenciales\\\/\",\"url\":\"https:\\\/\\\/auren.com\\\/co\\\/blog\\\/no-todos-los-mensajes-compartidos-por-plataformas-de-mensajeria-instantanea-son-reservados-o-confidenciales\\\/\",\"name\":\"No todos los mensajes compartidos por plataformas de mensajer\u00eda instant\u00e1nea son reservados o confidenciales - Auren Colombia\",\"isPartOf\":{\"@id\":\"https:\\\/\\\/auren.com\\\/co\\\/#website\"},\"primaryImageOfPage\":{\"@id\":\"https:\\\/\\\/auren.com\\\/co\\\/blog\\\/no-todos-los-mensajes-compartidos-por-plataformas-de-mensajeria-instantanea-son-reservados-o-confidenciales\\\/#primaryimage\"},\"image\":{\"@id\":\"https:\\\/\\\/auren.com\\\/co\\\/blog\\\/no-todos-los-mensajes-compartidos-por-plataformas-de-mensajeria-instantanea-son-reservados-o-confidenciales\\\/#primaryimage\"},\"thumbnailUrl\":\"https:\\\/\\\/auren.com\\\/co\\\/wp-content\\\/uploads\\\/2018\\\/10\\\/shutterstock-323856479-4.jpg\",\"datePublished\":\"2018-10-03T19:40:54+00:00\",\"breadcrumb\":{\"@id\":\"https:\\\/\\\/auren.com\\\/co\\\/blog\\\/no-todos-los-mensajes-compartidos-por-plataformas-de-mensajeria-instantanea-son-reservados-o-confidenciales\\\/#breadcrumb\"},\"inLanguage\":\"es\",\"potentialAction\":[{\"@type\":\"ReadAction\",\"target\":[\"https:\\\/\\\/auren.com\\\/co\\\/blog\\\/no-todos-los-mensajes-compartidos-por-plataformas-de-mensajeria-instantanea-son-reservados-o-confidenciales\\\/\"]}]},{\"@type\":\"ImageObject\",\"inLanguage\":\"es\",\"@id\":\"https:\\\/\\\/auren.com\\\/co\\\/blog\\\/no-todos-los-mensajes-compartidos-por-plataformas-de-mensajeria-instantanea-son-reservados-o-confidenciales\\\/#primaryimage\",\"url\":\"https:\\\/\\\/auren.com\\\/co\\\/wp-content\\\/uploads\\\/2018\\\/10\\\/shutterstock-323856479-4.jpg\",\"contentUrl\":\"https:\\\/\\\/auren.com\\\/co\\\/wp-content\\\/uploads\\\/2018\\\/10\\\/shutterstock-323856479-4.jpg\",\"width\":1000,\"height\":712},{\"@type\":\"BreadcrumbList\",\"@id\":\"https:\\\/\\\/auren.com\\\/co\\\/blog\\\/no-todos-los-mensajes-compartidos-por-plataformas-de-mensajeria-instantanea-son-reservados-o-confidenciales\\\/#breadcrumb\",\"itemListElement\":[{\"@type\":\"ListItem\",\"position\":1,\"name\":\"Portada\",\"item\":\"https:\\\/\\\/auren.com\\\/co\\\/\"},{\"@type\":\"ListItem\",\"position\":2,\"name\":\"No todos los mensajes compartidos por plataformas de mensajer\u00eda instant\u00e1nea son reservados o confidenciales\"}]},{\"@type\":\"WebSite\",\"@id\":\"https:\\\/\\\/auren.com\\\/co\\\/#website\",\"url\":\"https:\\\/\\\/auren.com\\\/co\\\/\",\"name\":\"Auren Colombia\",\"description\":\"\",\"publisher\":{\"@id\":\"https:\\\/\\\/auren.com\\\/co\\\/#organization\"},\"potentialAction\":[{\"@type\":\"SearchAction\",\"target\":{\"@type\":\"EntryPoint\",\"urlTemplate\":\"https:\\\/\\\/auren.com\\\/co\\\/?s={search_term_string}\"},\"query-input\":{\"@type\":\"PropertyValueSpecification\",\"valueRequired\":true,\"valueName\":\"search_term_string\"}}],\"inLanguage\":\"es\"},{\"@type\":\"Organization\",\"@id\":\"https:\\\/\\\/auren.com\\\/co\\\/#organization\",\"name\":\"Auren Colombia\",\"url\":\"https:\\\/\\\/auren.com\\\/co\\\/\",\"logo\":{\"@type\":\"ImageObject\",\"inLanguage\":\"es\",\"@id\":\"https:\\\/\\\/auren.com\\\/co\\\/#\\\/schema\\\/logo\\\/image\\\/\",\"url\":\"https:\\\/\\\/auren.com\\\/co\\\/wp-content\\\/uploads\\\/2025\\\/01\\\/cropped-cropped-favicon-Auren.png\",\"contentUrl\":\"https:\\\/\\\/auren.com\\\/co\\\/wp-content\\\/uploads\\\/2025\\\/01\\\/cropped-cropped-favicon-Auren.png\",\"width\":512,\"height\":512,\"caption\":\"Auren Colombia\"},\"image\":{\"@id\":\"https:\\\/\\\/auren.com\\\/co\\\/#\\\/schema\\\/logo\\\/image\\\/\"},\"sameAs\":[\"https:\\\/\\\/x.com\\\/AurenColombia\",\"https:\\\/\\\/www.instagram.com\\\/aurencolombia\\\/\",\"https:\\\/\\\/www.youtube.com\\\/channel\\\/UCRYoGRMR_k4oVWesdErApmA\",\"https:\\\/\\\/www.linkedin.com\\\/company\\\/auren-colombia\"]}]}<\/script>\n<!-- \/ Yoast SEO plugin. -->","yoast_head_json":{"title":"No todos los mensajes compartidos por plataformas de mensajer\u00eda instant\u00e1nea son reservados o confidenciales - Auren Colombia","robots":{"index":"index","follow":"follow","max-snippet":"max-snippet:-1","max-image-preview":"max-image-preview:large","max-video-preview":"max-video-preview:-1"},"canonical":"https:\/\/auren.com\/co\/blog\/no-todos-los-mensajes-compartidos-por-plataformas-de-mensajeria-instantanea-son-reservados-o-confidenciales\/","og_locale":"es_ES","og_type":"article","og_title":"No todos los mensajes compartidos por plataformas de mensajer\u00eda instant\u00e1nea son reservados o confidenciales - Auren Colombia","og_description":"La Corte analiz\u00f3 el caso de una empresa que suspendi\u00f3 a un trabajador, al advertir que estaba invitando a sus compa\u00f1eros de trabajo a incumplir algunos de sus deberes laborales, invitaci\u00f3n que realiz\u00f3 a trav\u00e9s de un mensaje de voz enviado a un grupo de la plataforma WhatsApp, conformado por compa\u00f1eros de la misma empresa.","og_url":"https:\/\/auren.com\/co\/blog\/no-todos-los-mensajes-compartidos-por-plataformas-de-mensajeria-instantanea-son-reservados-o-confidenciales\/","og_site_name":"Auren Colombia","og_image":[{"width":1000,"height":712,"url":"https:\/\/auren.com\/co\/wp-content\/uploads\/2018\/10\/shutterstock-323856479-4.jpg","type":"image\/jpeg"}],"twitter_card":"summary_large_image","twitter_site":"@AurenColombia","twitter_misc":{"Tiempo de lectura":"2 minutos"},"schema":{"@context":"https:\/\/schema.org","@graph":[{"@type":"WebPage","@id":"https:\/\/auren.com\/co\/blog\/no-todos-los-mensajes-compartidos-por-plataformas-de-mensajeria-instantanea-son-reservados-o-confidenciales\/","url":"https:\/\/auren.com\/co\/blog\/no-todos-los-mensajes-compartidos-por-plataformas-de-mensajeria-instantanea-son-reservados-o-confidenciales\/","name":"No todos los mensajes compartidos por plataformas de mensajer\u00eda instant\u00e1nea son reservados o confidenciales - Auren Colombia","isPartOf":{"@id":"https:\/\/auren.com\/co\/#website"},"primaryImageOfPage":{"@id":"https:\/\/auren.com\/co\/blog\/no-todos-los-mensajes-compartidos-por-plataformas-de-mensajeria-instantanea-son-reservados-o-confidenciales\/#primaryimage"},"image":{"@id":"https:\/\/auren.com\/co\/blog\/no-todos-los-mensajes-compartidos-por-plataformas-de-mensajeria-instantanea-son-reservados-o-confidenciales\/#primaryimage"},"thumbnailUrl":"https:\/\/auren.com\/co\/wp-content\/uploads\/2018\/10\/shutterstock-323856479-4.jpg","datePublished":"2018-10-03T19:40:54+00:00","breadcrumb":{"@id":"https:\/\/auren.com\/co\/blog\/no-todos-los-mensajes-compartidos-por-plataformas-de-mensajeria-instantanea-son-reservados-o-confidenciales\/#breadcrumb"},"inLanguage":"es","potentialAction":[{"@type":"ReadAction","target":["https:\/\/auren.com\/co\/blog\/no-todos-los-mensajes-compartidos-por-plataformas-de-mensajeria-instantanea-son-reservados-o-confidenciales\/"]}]},{"@type":"ImageObject","inLanguage":"es","@id":"https:\/\/auren.com\/co\/blog\/no-todos-los-mensajes-compartidos-por-plataformas-de-mensajeria-instantanea-son-reservados-o-confidenciales\/#primaryimage","url":"https:\/\/auren.com\/co\/wp-content\/uploads\/2018\/10\/shutterstock-323856479-4.jpg","contentUrl":"https:\/\/auren.com\/co\/wp-content\/uploads\/2018\/10\/shutterstock-323856479-4.jpg","width":1000,"height":712},{"@type":"BreadcrumbList","@id":"https:\/\/auren.com\/co\/blog\/no-todos-los-mensajes-compartidos-por-plataformas-de-mensajeria-instantanea-son-reservados-o-confidenciales\/#breadcrumb","itemListElement":[{"@type":"ListItem","position":1,"name":"Portada","item":"https:\/\/auren.com\/co\/"},{"@type":"ListItem","position":2,"name":"No todos los mensajes compartidos por plataformas de mensajer\u00eda instant\u00e1nea son reservados o confidenciales"}]},{"@type":"WebSite","@id":"https:\/\/auren.com\/co\/#website","url":"https:\/\/auren.com\/co\/","name":"Auren Colombia","description":"","publisher":{"@id":"https:\/\/auren.com\/co\/#organization"},"potentialAction":[{"@type":"SearchAction","target":{"@type":"EntryPoint","urlTemplate":"https:\/\/auren.com\/co\/?s={search_term_string}"},"query-input":{"@type":"PropertyValueSpecification","valueRequired":true,"valueName":"search_term_string"}}],"inLanguage":"es"},{"@type":"Organization","@id":"https:\/\/auren.com\/co\/#organization","name":"Auren Colombia","url":"https:\/\/auren.com\/co\/","logo":{"@type":"ImageObject","inLanguage":"es","@id":"https:\/\/auren.com\/co\/#\/schema\/logo\/image\/","url":"https:\/\/auren.com\/co\/wp-content\/uploads\/2025\/01\/cropped-cropped-favicon-Auren.png","contentUrl":"https:\/\/auren.com\/co\/wp-content\/uploads\/2025\/01\/cropped-cropped-favicon-Auren.png","width":512,"height":512,"caption":"Auren Colombia"},"image":{"@id":"https:\/\/auren.com\/co\/#\/schema\/logo\/image\/"},"sameAs":["https:\/\/x.com\/AurenColombia","https:\/\/www.instagram.com\/aurencolombia\/","https:\/\/www.youtube.com\/channel\/UCRYoGRMR_k4oVWesdErApmA","https:\/\/www.linkedin.com\/company\/auren-colombia"]}]}},"_links":{"self":[{"href":"https:\/\/auren.com\/co\/wp-json\/wp\/v2\/blog\/10827","targetHints":{"allow":["GET"]}}],"collection":[{"href":"https:\/\/auren.com\/co\/wp-json\/wp\/v2\/blog"}],"about":[{"href":"https:\/\/auren.com\/co\/wp-json\/wp\/v2\/types\/blog"}],"version-history":[{"count":0,"href":"https:\/\/auren.com\/co\/wp-json\/wp\/v2\/blog\/10827\/revisions"}],"wp:featuredmedia":[{"embeddable":true,"href":"https:\/\/auren.com\/co\/wp-json\/wp\/v2\/media\/10828"}],"wp:attachment":[{"href":"https:\/\/auren.com\/co\/wp-json\/wp\/v2\/media?parent=10827"}],"wp:term":[{"taxonomy":"blog-category","embeddable":true,"href":"https:\/\/auren.com\/co\/wp-json\/wp\/v2\/blog-category?post=10827"}],"curies":[{"name":"wp","href":"https:\/\/api.w.org\/{rel}","templated":true}]}}