{"id":10839,"date":"2018-09-25T21:34:10","date_gmt":"2018-09-25T19:34:10","guid":{"rendered":"https:\/\/auren.com\/co\/blog\/impuestos-no-recuperables-bajo-niif\/"},"modified":"2018-09-25T21:34:10","modified_gmt":"2018-09-25T19:34:10","slug":"impuestos-no-recuperables-bajo-niif","status":"publish","type":"blog","link":"https:\/\/auren.com\/co\/blog\/impuestos-no-recuperables-bajo-niif\/","title":{"rendered":"Impuestos no recuperables bajo NIIF"},"content":{"rendered":"<\/p>\n<p class=\"text-justify\">En reciente concepto, el Consejo T\u00e9cnico de la Contadur\u00eda P\u00fablica se\u00f1al\u00f3 que bajo NIIF el impuesto al consumo no se considera recuperable, considerando que la legislaci\u00f3n tributaria dispone que para el comprador constituye un costo deducible del impuesto sobre la renta como mayor valor del bien o servicio adquirido.&nbsp;<\/p>\n<p class=\"text-justify\"> Para el Consejo T\u00e9cnico, un impuesto recuperable puede entenderse como aquel impuesto que una vez pagado o causado en la adquisici\u00f3n de un elemento de propiedad, planta y equipo, puede ser utilizado en su totalidad para reducir un valor a pagar relacionado con el mismo impuesto o con otro, situaci\u00f3n que se presenta cuando tributariamente se permite tomar la totalidad del impuesto como un descuento tributario o como un impuesto descontable, con lo cual advierte que bajo el mecanismo de la deducci\u00f3n no se logra su recuperaci\u00f3n.&nbsp;   <\/p>\n<p class=\"text-justify\">En tal sentido, concluy\u00f3 que si el IVA pagado en la adquisici\u00f3n de un elemento de propiedad, planta y equipo, puede tratarse como deducci\u00f3n fiscal o como descuento tributario parcial, este debe reconocerse contablemente como mayor valor del costo del bien, advirtiendo que la diferencia en el tratamiento fiscal y el contable podr\u00eda generar una diferencia temporaria.&nbsp;   <\/p>\n<p class=\"text-justify\">Si la legislaci\u00f3n fiscal permite tomar como descuento tributario \u00fanicamente un porcentaje del impuesto, a juicio de la entidad no habr\u00eda una recuperaci\u00f3n del mismo, por lo cual concluye que la parte que no es objeto de descuento ser\u00e1 tratada como mayor valor del bien.&nbsp;<\/p>\n<p>Bajo los anteriores lineamientos el Consejo T\u00e9cnico concluy\u00f3 que el tratamiento del IVA dispuesto en el art\u00edculo 115-2 del Estatuto Tributario, el cual otorga derecho a deducir del impuesto sobre la renta el IVA pagado por la adquisici\u00f3n o importaci\u00f3n de bienes de capital, no le otorga la naturaleza de impuesto recuperable.<\/p>\n<\/p>\n<p>Fuente:<\/p>\n<\/p>\n<p>Consejo T\u00e9cnico de la Contadur\u00eda P\u00fablica, Concepto 679 del 12 de septiembre de 2018<\/p>\n<\/p>\n<p><!-- AddThis Advanced Settings generic via filter on the_content --><!-- AddThis Share Buttons generic via filter on the_content --><\/p>\n","protected":false},"excerpt":{"rendered":"<p>En reciente concepto, el Consejo T\u00e9cnico de la Contadur\u00eda P\u00fablica se\u00f1al\u00f3 que bajo NIIF el impuesto al consumo no se considera recuperable, considerando que la legislaci\u00f3n tributaria dispone que para el comprador constituye un costo deducible del impuesto sobre la renta como mayor valor del bien o servicio adquirido.<\/p>\n","protected":false},"featured_media":10840,"template":"","meta":{"_acf_changed":false,"footnotes":""},"blog-category":[],"class_list":["post-10839","blog","type-blog","status-publish","has-post-thumbnail","hentry"],"acf":[],"yoast_head":"<!-- This site is optimized with the Yoast SEO plugin v27.4 - https:\/\/yoast.com\/product\/yoast-seo-wordpress\/ -->\n<title>Impuestos no recuperables bajo NIIF - Auren Colombia<\/title>\n<meta name=\"robots\" content=\"index, follow, max-snippet:-1, max-image-preview:large, max-video-preview:-1\" \/>\n<link rel=\"canonical\" href=\"https:\/\/auren.com\/co\/blog\/impuestos-no-recuperables-bajo-niif\/\" \/>\n<meta property=\"og:locale\" content=\"es_ES\" \/>\n<meta property=\"og:type\" content=\"article\" \/>\n<meta property=\"og:title\" content=\"Impuestos no recuperables bajo NIIF - Auren Colombia\" \/>\n<meta property=\"og:description\" content=\"En reciente concepto, el Consejo T\u00e9cnico de la Contadur\u00eda P\u00fablica se\u00f1al\u00f3 que bajo NIIF el impuesto al consumo no se considera recuperable, considerando que la legislaci\u00f3n tributaria dispone que para el comprador constituye un costo deducible del impuesto sobre la renta como mayor valor del bien o servicio adquirido.\" \/>\n<meta property=\"og:url\" content=\"https:\/\/auren.com\/co\/blog\/impuestos-no-recuperables-bajo-niif\/\" \/>\n<meta property=\"og:site_name\" content=\"Auren Colombia\" \/>\n<meta property=\"og:image\" content=\"https:\/\/auren.com\/co\/wp-content\/uploads\/2018\/09\/hnck4011-3.jpg\" \/>\n\t<meta property=\"og:image:width\" content=\"1000\" \/>\n\t<meta property=\"og:image:height\" content=\"667\" \/>\n\t<meta property=\"og:image:type\" content=\"image\/jpeg\" \/>\n<meta name=\"twitter:card\" content=\"summary_large_image\" \/>\n<meta name=\"twitter:site\" content=\"@AurenColombia\" \/>\n<meta name=\"twitter:label1\" content=\"Tiempo de lectura\" \/>\n\t<meta name=\"twitter:data1\" content=\"2 minutos\" \/>\n<script type=\"application\/ld+json\" class=\"yoast-schema-graph\">{\"@context\":\"https:\\\/\\\/schema.org\",\"@graph\":[{\"@type\":\"WebPage\",\"@id\":\"https:\\\/\\\/auren.com\\\/co\\\/blog\\\/impuestos-no-recuperables-bajo-niif\\\/\",\"url\":\"https:\\\/\\\/auren.com\\\/co\\\/blog\\\/impuestos-no-recuperables-bajo-niif\\\/\",\"name\":\"Impuestos no recuperables bajo NIIF - Auren Colombia\",\"isPartOf\":{\"@id\":\"https:\\\/\\\/auren.com\\\/co\\\/#website\"},\"primaryImageOfPage\":{\"@id\":\"https:\\\/\\\/auren.com\\\/co\\\/blog\\\/impuestos-no-recuperables-bajo-niif\\\/#primaryimage\"},\"image\":{\"@id\":\"https:\\\/\\\/auren.com\\\/co\\\/blog\\\/impuestos-no-recuperables-bajo-niif\\\/#primaryimage\"},\"thumbnailUrl\":\"https:\\\/\\\/auren.com\\\/co\\\/wp-content\\\/uploads\\\/2018\\\/09\\\/hnck4011-3.jpg\",\"datePublished\":\"2018-09-25T19:34:10+00:00\",\"breadcrumb\":{\"@id\":\"https:\\\/\\\/auren.com\\\/co\\\/blog\\\/impuestos-no-recuperables-bajo-niif\\\/#breadcrumb\"},\"inLanguage\":\"es\",\"potentialAction\":[{\"@type\":\"ReadAction\",\"target\":[\"https:\\\/\\\/auren.com\\\/co\\\/blog\\\/impuestos-no-recuperables-bajo-niif\\\/\"]}]},{\"@type\":\"ImageObject\",\"inLanguage\":\"es\",\"@id\":\"https:\\\/\\\/auren.com\\\/co\\\/blog\\\/impuestos-no-recuperables-bajo-niif\\\/#primaryimage\",\"url\":\"https:\\\/\\\/auren.com\\\/co\\\/wp-content\\\/uploads\\\/2018\\\/09\\\/hnck4011-3.jpg\",\"contentUrl\":\"https:\\\/\\\/auren.com\\\/co\\\/wp-content\\\/uploads\\\/2018\\\/09\\\/hnck4011-3.jpg\",\"width\":1000,\"height\":667},{\"@type\":\"BreadcrumbList\",\"@id\":\"https:\\\/\\\/auren.com\\\/co\\\/blog\\\/impuestos-no-recuperables-bajo-niif\\\/#breadcrumb\",\"itemListElement\":[{\"@type\":\"ListItem\",\"position\":1,\"name\":\"Portada\",\"item\":\"https:\\\/\\\/auren.com\\\/co\\\/\"},{\"@type\":\"ListItem\",\"position\":2,\"name\":\"Impuestos no recuperables bajo NIIF\"}]},{\"@type\":\"WebSite\",\"@id\":\"https:\\\/\\\/auren.com\\\/co\\\/#website\",\"url\":\"https:\\\/\\\/auren.com\\\/co\\\/\",\"name\":\"Auren Colombia\",\"description\":\"\",\"publisher\":{\"@id\":\"https:\\\/\\\/auren.com\\\/co\\\/#organization\"},\"potentialAction\":[{\"@type\":\"SearchAction\",\"target\":{\"@type\":\"EntryPoint\",\"urlTemplate\":\"https:\\\/\\\/auren.com\\\/co\\\/?s={search_term_string}\"},\"query-input\":{\"@type\":\"PropertyValueSpecification\",\"valueRequired\":true,\"valueName\":\"search_term_string\"}}],\"inLanguage\":\"es\"},{\"@type\":\"Organization\",\"@id\":\"https:\\\/\\\/auren.com\\\/co\\\/#organization\",\"name\":\"Auren Colombia\",\"url\":\"https:\\\/\\\/auren.com\\\/co\\\/\",\"logo\":{\"@type\":\"ImageObject\",\"inLanguage\":\"es\",\"@id\":\"https:\\\/\\\/auren.com\\\/co\\\/#\\\/schema\\\/logo\\\/image\\\/\",\"url\":\"https:\\\/\\\/auren.com\\\/co\\\/wp-content\\\/uploads\\\/2025\\\/01\\\/cropped-cropped-favicon-Auren.png\",\"contentUrl\":\"https:\\\/\\\/auren.com\\\/co\\\/wp-content\\\/uploads\\\/2025\\\/01\\\/cropped-cropped-favicon-Auren.png\",\"width\":512,\"height\":512,\"caption\":\"Auren Colombia\"},\"image\":{\"@id\":\"https:\\\/\\\/auren.com\\\/co\\\/#\\\/schema\\\/logo\\\/image\\\/\"},\"sameAs\":[\"https:\\\/\\\/x.com\\\/AurenColombia\",\"https:\\\/\\\/www.instagram.com\\\/aurencolombia\\\/\",\"https:\\\/\\\/www.youtube.com\\\/channel\\\/UCRYoGRMR_k4oVWesdErApmA\",\"https:\\\/\\\/www.linkedin.com\\\/company\\\/auren-colombia\"]}]}<\/script>\n<!-- \/ Yoast SEO plugin. -->","yoast_head_json":{"title":"Impuestos no recuperables bajo NIIF - Auren Colombia","robots":{"index":"index","follow":"follow","max-snippet":"max-snippet:-1","max-image-preview":"max-image-preview:large","max-video-preview":"max-video-preview:-1"},"canonical":"https:\/\/auren.com\/co\/blog\/impuestos-no-recuperables-bajo-niif\/","og_locale":"es_ES","og_type":"article","og_title":"Impuestos no recuperables bajo NIIF - Auren Colombia","og_description":"En reciente concepto, el Consejo T\u00e9cnico de la Contadur\u00eda P\u00fablica se\u00f1al\u00f3 que bajo NIIF el impuesto al consumo no se considera recuperable, considerando que la legislaci\u00f3n tributaria dispone que para el comprador constituye un costo deducible del impuesto sobre la renta como mayor valor del bien o servicio adquirido.","og_url":"https:\/\/auren.com\/co\/blog\/impuestos-no-recuperables-bajo-niif\/","og_site_name":"Auren Colombia","og_image":[{"width":1000,"height":667,"url":"https:\/\/auren.com\/co\/wp-content\/uploads\/2018\/09\/hnck4011-3.jpg","type":"image\/jpeg"}],"twitter_card":"summary_large_image","twitter_site":"@AurenColombia","twitter_misc":{"Tiempo de lectura":"2 minutos"},"schema":{"@context":"https:\/\/schema.org","@graph":[{"@type":"WebPage","@id":"https:\/\/auren.com\/co\/blog\/impuestos-no-recuperables-bajo-niif\/","url":"https:\/\/auren.com\/co\/blog\/impuestos-no-recuperables-bajo-niif\/","name":"Impuestos no recuperables bajo NIIF - Auren Colombia","isPartOf":{"@id":"https:\/\/auren.com\/co\/#website"},"primaryImageOfPage":{"@id":"https:\/\/auren.com\/co\/blog\/impuestos-no-recuperables-bajo-niif\/#primaryimage"},"image":{"@id":"https:\/\/auren.com\/co\/blog\/impuestos-no-recuperables-bajo-niif\/#primaryimage"},"thumbnailUrl":"https:\/\/auren.com\/co\/wp-content\/uploads\/2018\/09\/hnck4011-3.jpg","datePublished":"2018-09-25T19:34:10+00:00","breadcrumb":{"@id":"https:\/\/auren.com\/co\/blog\/impuestos-no-recuperables-bajo-niif\/#breadcrumb"},"inLanguage":"es","potentialAction":[{"@type":"ReadAction","target":["https:\/\/auren.com\/co\/blog\/impuestos-no-recuperables-bajo-niif\/"]}]},{"@type":"ImageObject","inLanguage":"es","@id":"https:\/\/auren.com\/co\/blog\/impuestos-no-recuperables-bajo-niif\/#primaryimage","url":"https:\/\/auren.com\/co\/wp-content\/uploads\/2018\/09\/hnck4011-3.jpg","contentUrl":"https:\/\/auren.com\/co\/wp-content\/uploads\/2018\/09\/hnck4011-3.jpg","width":1000,"height":667},{"@type":"BreadcrumbList","@id":"https:\/\/auren.com\/co\/blog\/impuestos-no-recuperables-bajo-niif\/#breadcrumb","itemListElement":[{"@type":"ListItem","position":1,"name":"Portada","item":"https:\/\/auren.com\/co\/"},{"@type":"ListItem","position":2,"name":"Impuestos no recuperables bajo NIIF"}]},{"@type":"WebSite","@id":"https:\/\/auren.com\/co\/#website","url":"https:\/\/auren.com\/co\/","name":"Auren Colombia","description":"","publisher":{"@id":"https:\/\/auren.com\/co\/#organization"},"potentialAction":[{"@type":"SearchAction","target":{"@type":"EntryPoint","urlTemplate":"https:\/\/auren.com\/co\/?s={search_term_string}"},"query-input":{"@type":"PropertyValueSpecification","valueRequired":true,"valueName":"search_term_string"}}],"inLanguage":"es"},{"@type":"Organization","@id":"https:\/\/auren.com\/co\/#organization","name":"Auren Colombia","url":"https:\/\/auren.com\/co\/","logo":{"@type":"ImageObject","inLanguage":"es","@id":"https:\/\/auren.com\/co\/#\/schema\/logo\/image\/","url":"https:\/\/auren.com\/co\/wp-content\/uploads\/2025\/01\/cropped-cropped-favicon-Auren.png","contentUrl":"https:\/\/auren.com\/co\/wp-content\/uploads\/2025\/01\/cropped-cropped-favicon-Auren.png","width":512,"height":512,"caption":"Auren Colombia"},"image":{"@id":"https:\/\/auren.com\/co\/#\/schema\/logo\/image\/"},"sameAs":["https:\/\/x.com\/AurenColombia","https:\/\/www.instagram.com\/aurencolombia\/","https:\/\/www.youtube.com\/channel\/UCRYoGRMR_k4oVWesdErApmA","https:\/\/www.linkedin.com\/company\/auren-colombia"]}]}},"_links":{"self":[{"href":"https:\/\/auren.com\/co\/wp-json\/wp\/v2\/blog\/10839","targetHints":{"allow":["GET"]}}],"collection":[{"href":"https:\/\/auren.com\/co\/wp-json\/wp\/v2\/blog"}],"about":[{"href":"https:\/\/auren.com\/co\/wp-json\/wp\/v2\/types\/blog"}],"version-history":[{"count":0,"href":"https:\/\/auren.com\/co\/wp-json\/wp\/v2\/blog\/10839\/revisions"}],"wp:featuredmedia":[{"embeddable":true,"href":"https:\/\/auren.com\/co\/wp-json\/wp\/v2\/media\/10840"}],"wp:attachment":[{"href":"https:\/\/auren.com\/co\/wp-json\/wp\/v2\/media?parent=10839"}],"wp:term":[{"taxonomy":"blog-category","embeddable":true,"href":"https:\/\/auren.com\/co\/wp-json\/wp\/v2\/blog-category?post=10839"}],"curies":[{"name":"wp","href":"https:\/\/api.w.org\/{rel}","templated":true}]}}