{"id":10845,"date":"2018-09-19T14:53:04","date_gmt":"2018-09-19T12:53:04","guid":{"rendered":"https:\/\/auren.com\/co\/blog\/no-se-genera-un-pasivo-con-la-sola-firma-de-un-acuerdo-de-opcion-de-venta-de-acciones-sino-cuando-se-ejerce-la-opcion\/"},"modified":"2018-09-19T14:53:04","modified_gmt":"2018-09-19T12:53:04","slug":"no-se-genera-un-pasivo-con-la-sola-firma-de-un-acuerdo-de-opcion-de-venta-de-acciones-sino-cuando-se-ejerce-la-opcion","status":"publish","type":"blog","link":"https:\/\/auren.com\/co\/blog\/no-se-genera-un-pasivo-con-la-sola-firma-de-un-acuerdo-de-opcion-de-venta-de-acciones-sino-cuando-se-ejerce-la-opcion\/","title":{"rendered":"No se genera un pasivo con la sola firma de un acuerdo de opci\u00f3n de venta de acciones, sino cuando se ejerce la opci\u00f3n"},"content":{"rendered":"<p class=\"text-justify\">\n<p class=\"text-justify\">Un pasivo es una obligaci\u00f3n presente de la entidad, surgida a ra\u00edz de sucesos pasados, al vencimiento del cual, y para cancelarla, la organizaci\u00f3n espera desprenderse de recursos que incorporan beneficios econ\u00f3micos. En el marco de este concepto, el Consejo T\u00e9cnico de la Contadur\u00eda P\u00fablica analiz\u00f3 si en la siguiente operaci\u00f3n surg\u00eda un pasivo con ocasi\u00f3n a la firma del acuerdo:&nbsp;   <\/p>\n<p class=\"text-justify\">Dos compa\u00f1\u00edas firmaron un acuerdo de opci\u00f3n de venta de acciones, en virtud del cual una de ellas, durante un per\u00edodo de tiempo (de 2018 a 2021), a su libre arbitrio puede vender sus acciones a la otra compa\u00f1\u00eda, quien estar\u00eda obligada a comprarlas.&nbsp;   <\/p>\n<p class=\"text-justify\">Al analizar la situaci\u00f3n de la compa\u00f1\u00eda que estar\u00eda obligada a comprar las acciones, el Consejo T\u00e9cnico de la Contadur\u00eda P\u00fablica manifest\u00f3 que la sola firma del acuerdo de opci\u00f3n de venta de acciones no le genera un pasivo, explicando que este solo surgir\u00eda en el momento en que la otra compa\u00f1\u00eda decida ejercer la opci\u00f3n de venta.&nbsp;   <\/p>\n<p class=\"text-justify\">Para la entidad, no existe pasivo con la sola firma del acuerdo por cuanto no se estar\u00eda ante una obligaci\u00f3n presente, entendida como la responsabilidad que una entidad no puede evitar; bajo este tipo de acuerdos de opci\u00f3n de venta de acciones, es factible que quien tiene la opci\u00f3n decida no ejercerla y en tal virtud no nacer\u00eda para la otra compa\u00f1\u00eda la obligaci\u00f3n de comprar.&nbsp;   <\/p>\n<p class=\"text-justify\">Adicionalmente, puntualiz\u00f3 el Consejo T\u00e9cnico, que los pasivos provienen de sucesos pasados, lo cual no ocurrir\u00eda en la operaci\u00f3n analizada, pues la venta de acciones depender\u00eda de un suceso futuro: que la otra compa\u00f1\u00eda ejerza la opci\u00f3n de venta.   <\/p>\n<p>Por su parte, consider\u00f3 la entidad que pese a no registrarse contablemente la firma del acuerdo, la compa\u00f1\u00eda que estar\u00eda obligada a comprar las acciones, tendr\u00eda que revelar dicho acuerdo, describiendo sus aspectos fundamentales.<\/p>\n<\/p>\n<p>Fuente:<\/p>\n<\/p>\n<p>Consejo T\u00e9cnico de la Contadur\u00eda P\u00fablica, Concepto 624 del 28 de agosto de 2018<\/p>\n<\/p>\n<p><!-- AddThis Advanced Settings generic via filter on the_content --><!-- AddThis Share Buttons generic via filter on the_content --><\/p>\n","protected":false},"excerpt":{"rendered":"<p>Un pasivo es una obligaci\u00f3n presente de la entidad, surgida a ra\u00edz de sucesos pasados, al vencimiento del cual, y para cancelarla, la organizaci\u00f3n espera desprenderse de recursos que incorporan beneficios econ\u00f3micos.<\/p>\n","protected":false},"featured_media":10846,"template":"","meta":{"_acf_changed":false,"footnotes":""},"blog-category":[],"class_list":["post-10845","blog","type-blog","status-publish","has-post-thumbnail","hentry"],"acf":[],"yoast_head":"<!-- This site is optimized with the Yoast SEO plugin v27.4 - https:\/\/yoast.com\/product\/yoast-seo-wordpress\/ -->\n<title>No se genera un pasivo con la sola firma de un acuerdo de opci\u00f3n de venta de acciones, sino cuando se ejerce la opci\u00f3n - Auren Colombia<\/title>\n<meta name=\"robots\" content=\"index, follow, max-snippet:-1, max-image-preview:large, max-video-preview:-1\" \/>\n<link rel=\"canonical\" href=\"https:\/\/auren.com\/co\/blog\/no-se-genera-un-pasivo-con-la-sola-firma-de-un-acuerdo-de-opcion-de-venta-de-acciones-sino-cuando-se-ejerce-la-opcion\/\" \/>\n<meta property=\"og:locale\" content=\"es_ES\" \/>\n<meta property=\"og:type\" content=\"article\" \/>\n<meta property=\"og:title\" content=\"No se genera un pasivo con la sola firma de un acuerdo de opci\u00f3n de venta de acciones, sino cuando se ejerce la opci\u00f3n - Auren Colombia\" \/>\n<meta property=\"og:description\" content=\"Un pasivo es una obligaci\u00f3n presente de la entidad, surgida a ra\u00edz de sucesos pasados, al vencimiento del cual, y para cancelarla, la organizaci\u00f3n espera desprenderse de recursos que incorporan beneficios econ\u00f3micos.\" \/>\n<meta property=\"og:url\" content=\"https:\/\/auren.com\/co\/blog\/no-se-genera-un-pasivo-con-la-sola-firma-de-un-acuerdo-de-opcion-de-venta-de-acciones-sino-cuando-se-ejerce-la-opcion\/\" \/>\n<meta property=\"og:site_name\" content=\"Auren Colombia\" \/>\n<meta property=\"og:image\" content=\"https:\/\/auren.com\/co\/wp-content\/uploads\/2018\/09\/145-3.jpg\" \/>\n\t<meta property=\"og:image:width\" content=\"1000\" \/>\n\t<meta property=\"og:image:height\" content=\"660\" \/>\n\t<meta property=\"og:image:type\" content=\"image\/jpeg\" \/>\n<meta name=\"twitter:card\" content=\"summary_large_image\" \/>\n<meta name=\"twitter:site\" content=\"@AurenColombia\" \/>\n<meta name=\"twitter:label1\" content=\"Tiempo de lectura\" \/>\n\t<meta name=\"twitter:data1\" content=\"2 minutos\" \/>\n<script type=\"application\/ld+json\" class=\"yoast-schema-graph\">{\"@context\":\"https:\\\/\\\/schema.org\",\"@graph\":[{\"@type\":\"WebPage\",\"@id\":\"https:\\\/\\\/auren.com\\\/co\\\/blog\\\/no-se-genera-un-pasivo-con-la-sola-firma-de-un-acuerdo-de-opcion-de-venta-de-acciones-sino-cuando-se-ejerce-la-opcion\\\/\",\"url\":\"https:\\\/\\\/auren.com\\\/co\\\/blog\\\/no-se-genera-un-pasivo-con-la-sola-firma-de-un-acuerdo-de-opcion-de-venta-de-acciones-sino-cuando-se-ejerce-la-opcion\\\/\",\"name\":\"No se genera un pasivo con la sola firma de un acuerdo de opci\u00f3n de venta de acciones, sino cuando se ejerce la opci\u00f3n - Auren Colombia\",\"isPartOf\":{\"@id\":\"https:\\\/\\\/auren.com\\\/co\\\/#website\"},\"primaryImageOfPage\":{\"@id\":\"https:\\\/\\\/auren.com\\\/co\\\/blog\\\/no-se-genera-un-pasivo-con-la-sola-firma-de-un-acuerdo-de-opcion-de-venta-de-acciones-sino-cuando-se-ejerce-la-opcion\\\/#primaryimage\"},\"image\":{\"@id\":\"https:\\\/\\\/auren.com\\\/co\\\/blog\\\/no-se-genera-un-pasivo-con-la-sola-firma-de-un-acuerdo-de-opcion-de-venta-de-acciones-sino-cuando-se-ejerce-la-opcion\\\/#primaryimage\"},\"thumbnailUrl\":\"https:\\\/\\\/auren.com\\\/co\\\/wp-content\\\/uploads\\\/2018\\\/09\\\/145-3.jpg\",\"datePublished\":\"2018-09-19T12:53:04+00:00\",\"breadcrumb\":{\"@id\":\"https:\\\/\\\/auren.com\\\/co\\\/blog\\\/no-se-genera-un-pasivo-con-la-sola-firma-de-un-acuerdo-de-opcion-de-venta-de-acciones-sino-cuando-se-ejerce-la-opcion\\\/#breadcrumb\"},\"inLanguage\":\"es\",\"potentialAction\":[{\"@type\":\"ReadAction\",\"target\":[\"https:\\\/\\\/auren.com\\\/co\\\/blog\\\/no-se-genera-un-pasivo-con-la-sola-firma-de-un-acuerdo-de-opcion-de-venta-de-acciones-sino-cuando-se-ejerce-la-opcion\\\/\"]}]},{\"@type\":\"ImageObject\",\"inLanguage\":\"es\",\"@id\":\"https:\\\/\\\/auren.com\\\/co\\\/blog\\\/no-se-genera-un-pasivo-con-la-sola-firma-de-un-acuerdo-de-opcion-de-venta-de-acciones-sino-cuando-se-ejerce-la-opcion\\\/#primaryimage\",\"url\":\"https:\\\/\\\/auren.com\\\/co\\\/wp-content\\\/uploads\\\/2018\\\/09\\\/145-3.jpg\",\"contentUrl\":\"https:\\\/\\\/auren.com\\\/co\\\/wp-content\\\/uploads\\\/2018\\\/09\\\/145-3.jpg\",\"width\":1000,\"height\":660},{\"@type\":\"BreadcrumbList\",\"@id\":\"https:\\\/\\\/auren.com\\\/co\\\/blog\\\/no-se-genera-un-pasivo-con-la-sola-firma-de-un-acuerdo-de-opcion-de-venta-de-acciones-sino-cuando-se-ejerce-la-opcion\\\/#breadcrumb\",\"itemListElement\":[{\"@type\":\"ListItem\",\"position\":1,\"name\":\"Portada\",\"item\":\"https:\\\/\\\/auren.com\\\/co\\\/\"},{\"@type\":\"ListItem\",\"position\":2,\"name\":\"No se genera un pasivo con la sola firma de un acuerdo de opci\u00f3n de venta de acciones, sino cuando se ejerce la opci\u00f3n\"}]},{\"@type\":\"WebSite\",\"@id\":\"https:\\\/\\\/auren.com\\\/co\\\/#website\",\"url\":\"https:\\\/\\\/auren.com\\\/co\\\/\",\"name\":\"Auren Colombia\",\"description\":\"\",\"publisher\":{\"@id\":\"https:\\\/\\\/auren.com\\\/co\\\/#organization\"},\"potentialAction\":[{\"@type\":\"SearchAction\",\"target\":{\"@type\":\"EntryPoint\",\"urlTemplate\":\"https:\\\/\\\/auren.com\\\/co\\\/?s={search_term_string}\"},\"query-input\":{\"@type\":\"PropertyValueSpecification\",\"valueRequired\":true,\"valueName\":\"search_term_string\"}}],\"inLanguage\":\"es\"},{\"@type\":\"Organization\",\"@id\":\"https:\\\/\\\/auren.com\\\/co\\\/#organization\",\"name\":\"Auren Colombia\",\"url\":\"https:\\\/\\\/auren.com\\\/co\\\/\",\"logo\":{\"@type\":\"ImageObject\",\"inLanguage\":\"es\",\"@id\":\"https:\\\/\\\/auren.com\\\/co\\\/#\\\/schema\\\/logo\\\/image\\\/\",\"url\":\"https:\\\/\\\/auren.com\\\/co\\\/wp-content\\\/uploads\\\/2025\\\/01\\\/cropped-cropped-favicon-Auren.png\",\"contentUrl\":\"https:\\\/\\\/auren.com\\\/co\\\/wp-content\\\/uploads\\\/2025\\\/01\\\/cropped-cropped-favicon-Auren.png\",\"width\":512,\"height\":512,\"caption\":\"Auren Colombia\"},\"image\":{\"@id\":\"https:\\\/\\\/auren.com\\\/co\\\/#\\\/schema\\\/logo\\\/image\\\/\"},\"sameAs\":[\"https:\\\/\\\/x.com\\\/AurenColombia\",\"https:\\\/\\\/www.instagram.com\\\/aurencolombia\\\/\",\"https:\\\/\\\/www.youtube.com\\\/channel\\\/UCRYoGRMR_k4oVWesdErApmA\",\"https:\\\/\\\/www.linkedin.com\\\/company\\\/auren-colombia\"]}]}<\/script>\n<!-- \/ Yoast SEO plugin. -->","yoast_head_json":{"title":"No se genera un pasivo con la sola firma de un acuerdo de opci\u00f3n de venta de acciones, sino cuando se ejerce la opci\u00f3n - Auren Colombia","robots":{"index":"index","follow":"follow","max-snippet":"max-snippet:-1","max-image-preview":"max-image-preview:large","max-video-preview":"max-video-preview:-1"},"canonical":"https:\/\/auren.com\/co\/blog\/no-se-genera-un-pasivo-con-la-sola-firma-de-un-acuerdo-de-opcion-de-venta-de-acciones-sino-cuando-se-ejerce-la-opcion\/","og_locale":"es_ES","og_type":"article","og_title":"No se genera un pasivo con la sola firma de un acuerdo de opci\u00f3n de venta de acciones, sino cuando se ejerce la opci\u00f3n - Auren Colombia","og_description":"Un pasivo es una obligaci\u00f3n presente de la entidad, surgida a ra\u00edz de sucesos pasados, al vencimiento del cual, y para cancelarla, la organizaci\u00f3n espera desprenderse de recursos que incorporan beneficios econ\u00f3micos.","og_url":"https:\/\/auren.com\/co\/blog\/no-se-genera-un-pasivo-con-la-sola-firma-de-un-acuerdo-de-opcion-de-venta-de-acciones-sino-cuando-se-ejerce-la-opcion\/","og_site_name":"Auren Colombia","og_image":[{"width":1000,"height":660,"url":"https:\/\/auren.com\/co\/wp-content\/uploads\/2018\/09\/145-3.jpg","type":"image\/jpeg"}],"twitter_card":"summary_large_image","twitter_site":"@AurenColombia","twitter_misc":{"Tiempo de lectura":"2 minutos"},"schema":{"@context":"https:\/\/schema.org","@graph":[{"@type":"WebPage","@id":"https:\/\/auren.com\/co\/blog\/no-se-genera-un-pasivo-con-la-sola-firma-de-un-acuerdo-de-opcion-de-venta-de-acciones-sino-cuando-se-ejerce-la-opcion\/","url":"https:\/\/auren.com\/co\/blog\/no-se-genera-un-pasivo-con-la-sola-firma-de-un-acuerdo-de-opcion-de-venta-de-acciones-sino-cuando-se-ejerce-la-opcion\/","name":"No se genera un pasivo con la sola firma de un acuerdo de opci\u00f3n de venta de acciones, sino cuando se ejerce la opci\u00f3n - Auren Colombia","isPartOf":{"@id":"https:\/\/auren.com\/co\/#website"},"primaryImageOfPage":{"@id":"https:\/\/auren.com\/co\/blog\/no-se-genera-un-pasivo-con-la-sola-firma-de-un-acuerdo-de-opcion-de-venta-de-acciones-sino-cuando-se-ejerce-la-opcion\/#primaryimage"},"image":{"@id":"https:\/\/auren.com\/co\/blog\/no-se-genera-un-pasivo-con-la-sola-firma-de-un-acuerdo-de-opcion-de-venta-de-acciones-sino-cuando-se-ejerce-la-opcion\/#primaryimage"},"thumbnailUrl":"https:\/\/auren.com\/co\/wp-content\/uploads\/2018\/09\/145-3.jpg","datePublished":"2018-09-19T12:53:04+00:00","breadcrumb":{"@id":"https:\/\/auren.com\/co\/blog\/no-se-genera-un-pasivo-con-la-sola-firma-de-un-acuerdo-de-opcion-de-venta-de-acciones-sino-cuando-se-ejerce-la-opcion\/#breadcrumb"},"inLanguage":"es","potentialAction":[{"@type":"ReadAction","target":["https:\/\/auren.com\/co\/blog\/no-se-genera-un-pasivo-con-la-sola-firma-de-un-acuerdo-de-opcion-de-venta-de-acciones-sino-cuando-se-ejerce-la-opcion\/"]}]},{"@type":"ImageObject","inLanguage":"es","@id":"https:\/\/auren.com\/co\/blog\/no-se-genera-un-pasivo-con-la-sola-firma-de-un-acuerdo-de-opcion-de-venta-de-acciones-sino-cuando-se-ejerce-la-opcion\/#primaryimage","url":"https:\/\/auren.com\/co\/wp-content\/uploads\/2018\/09\/145-3.jpg","contentUrl":"https:\/\/auren.com\/co\/wp-content\/uploads\/2018\/09\/145-3.jpg","width":1000,"height":660},{"@type":"BreadcrumbList","@id":"https:\/\/auren.com\/co\/blog\/no-se-genera-un-pasivo-con-la-sola-firma-de-un-acuerdo-de-opcion-de-venta-de-acciones-sino-cuando-se-ejerce-la-opcion\/#breadcrumb","itemListElement":[{"@type":"ListItem","position":1,"name":"Portada","item":"https:\/\/auren.com\/co\/"},{"@type":"ListItem","position":2,"name":"No se genera un pasivo con la sola firma de un acuerdo de opci\u00f3n de venta de acciones, sino cuando se ejerce la opci\u00f3n"}]},{"@type":"WebSite","@id":"https:\/\/auren.com\/co\/#website","url":"https:\/\/auren.com\/co\/","name":"Auren Colombia","description":"","publisher":{"@id":"https:\/\/auren.com\/co\/#organization"},"potentialAction":[{"@type":"SearchAction","target":{"@type":"EntryPoint","urlTemplate":"https:\/\/auren.com\/co\/?s={search_term_string}"},"query-input":{"@type":"PropertyValueSpecification","valueRequired":true,"valueName":"search_term_string"}}],"inLanguage":"es"},{"@type":"Organization","@id":"https:\/\/auren.com\/co\/#organization","name":"Auren Colombia","url":"https:\/\/auren.com\/co\/","logo":{"@type":"ImageObject","inLanguage":"es","@id":"https:\/\/auren.com\/co\/#\/schema\/logo\/image\/","url":"https:\/\/auren.com\/co\/wp-content\/uploads\/2025\/01\/cropped-cropped-favicon-Auren.png","contentUrl":"https:\/\/auren.com\/co\/wp-content\/uploads\/2025\/01\/cropped-cropped-favicon-Auren.png","width":512,"height":512,"caption":"Auren Colombia"},"image":{"@id":"https:\/\/auren.com\/co\/#\/schema\/logo\/image\/"},"sameAs":["https:\/\/x.com\/AurenColombia","https:\/\/www.instagram.com\/aurencolombia\/","https:\/\/www.youtube.com\/channel\/UCRYoGRMR_k4oVWesdErApmA","https:\/\/www.linkedin.com\/company\/auren-colombia"]}]}},"_links":{"self":[{"href":"https:\/\/auren.com\/co\/wp-json\/wp\/v2\/blog\/10845","targetHints":{"allow":["GET"]}}],"collection":[{"href":"https:\/\/auren.com\/co\/wp-json\/wp\/v2\/blog"}],"about":[{"href":"https:\/\/auren.com\/co\/wp-json\/wp\/v2\/types\/blog"}],"version-history":[{"count":0,"href":"https:\/\/auren.com\/co\/wp-json\/wp\/v2\/blog\/10845\/revisions"}],"wp:featuredmedia":[{"embeddable":true,"href":"https:\/\/auren.com\/co\/wp-json\/wp\/v2\/media\/10846"}],"wp:attachment":[{"href":"https:\/\/auren.com\/co\/wp-json\/wp\/v2\/media?parent=10845"}],"wp:term":[{"taxonomy":"blog-category","embeddable":true,"href":"https:\/\/auren.com\/co\/wp-json\/wp\/v2\/blog-category?post=10845"}],"curies":[{"name":"wp","href":"https:\/\/api.w.org\/{rel}","templated":true}]}}