{"id":10848,"date":"2018-09-19T14:27:00","date_gmt":"2018-09-19T12:27:00","guid":{"rendered":"https:\/\/auren.com\/co\/blog\/medellin-actualiza-los-agentes-retenedores-del-ica\/"},"modified":"2018-09-19T14:27:00","modified_gmt":"2018-09-19T12:27:00","slug":"medellin-actualiza-los-agentes-retenedores-del-ica","status":"publish","type":"blog","link":"https:\/\/auren.com\/co\/blog\/medellin-actualiza-los-agentes-retenedores-del-ica\/","title":{"rendered":"Medell\u00edn actualiza los agentes retenedores del ICA"},"content":{"rendered":"<\/p>\n<p class=\"text-justify\">Luego de depurados los sistemas de informaci\u00f3n en la Administraci\u00f3n Tributaria Municipal de Medell\u00edn, se expidi\u00f3 la Resoluci\u00f3n 15687 del 2 de agosto de 2018 por medio de la cual la Alcald\u00eda de Medell\u00edn compil\u00f3 las personas naturales y jur\u00eddicas nombradas como agentes retenedores en la fuente por concepto del impuesto de industria y comercio (ICA) en esa jurisdicci\u00f3n.&nbsp;   <\/p>\n<p class=\"text-justify\">La Resoluci\u00f3n cancel\u00f3 a su vez el nombramiento de algunas personas naturales y jur\u00eddicas por encontrarse en estado inactivo en el Registro de Informaci\u00f3n Tributaria (RIT), cancelaci\u00f3n que tendr\u00e1 efectos jur\u00eddicos a partir del bimestre siguiente a la fecha de cancelaci\u00f3n otorgada en el RIT y sin perjuicio de las facultades de fiscalizaci\u00f3n y sancionatorias por los periodos en los cuales se debi\u00f3 cumplir con las obligaciones formales y sustanciales.&nbsp;   <\/p>\n<p class=\"text-justify\">Dispone la Resoluci\u00f3n comentada que a los nuevos agentes retenedores de ICA en el Municipio de Medell\u00edn, se aplicar\u00e1n todas las disposiciones normativas desarrolladas por la administraci\u00f3n tributaria a partir del quinto bimestre del periodo gravable 2018, correspondiente a septiembre-octubre.<\/p>\n<p class=\"text-justify\"> Finalmente, estableci\u00f3 la Resoluci\u00f3n que la obligaci\u00f3n de inscribirse en el RIT como agente retenedor ser\u00e1 efectuada de manera oficiosa por la administraci\u00f3n tributaria.<\/p>\n<\/p>\n<p>Fuente:<\/p>\n<\/p>\n<p>Alcald\u00eda de Medell\u00edn, Resoluci\u00f3n 15687 del 2 de agosto de 2018<\/p>\n<\/p>\n<\/p>\n<p><!-- AddThis Advanced Settings generic via filter on the_content --><!-- AddThis Share Buttons generic via filter on the_content --><\/p>\n","protected":false},"excerpt":{"rendered":"<p>Luego de depurados los sistemas de informaci\u00f3n en la Administraci\u00f3n Tributaria Municipal de Medell\u00edn, se expidi\u00f3 la Resoluci\u00f3n 15687 del 2 de agosto de 2018 por medio de la cual la Alcald\u00eda de Medell\u00edn compil\u00f3 las personas naturales y jur\u00eddicas nombradas como agentes retenedores en la fuente por concepto del impuesto de industria y comercio (ICA) en esa jurisdicci\u00f3n.&nbsp;<\/p>\n","protected":false},"featured_media":10849,"template":"","meta":{"_acf_changed":false,"footnotes":""},"blog-category":[],"class_list":["post-10848","blog","type-blog","status-publish","has-post-thumbnail","hentry"],"acf":[],"yoast_head":"<!-- This site is optimized with the Yoast SEO plugin v27.4 - https:\/\/yoast.com\/product\/yoast-seo-wordpress\/ -->\n<title>Medell\u00edn actualiza los agentes retenedores del ICA - Auren Colombia<\/title>\n<meta name=\"robots\" content=\"index, follow, max-snippet:-1, max-image-preview:large, max-video-preview:-1\" \/>\n<link rel=\"canonical\" href=\"https:\/\/auren.com\/co\/blog\/medellin-actualiza-los-agentes-retenedores-del-ica\/\" \/>\n<meta property=\"og:locale\" content=\"es_ES\" \/>\n<meta property=\"og:type\" content=\"article\" \/>\n<meta property=\"og:title\" content=\"Medell\u00edn actualiza los agentes retenedores del ICA - Auren Colombia\" \/>\n<meta property=\"og:description\" content=\"Luego de depurados los sistemas de informaci\u00f3n en la Administraci\u00f3n Tributaria Municipal de Medell\u00edn, se expidi\u00f3 la Resoluci\u00f3n 15687 del 2 de agosto de 2018 por medio de la cual la Alcald\u00eda de Medell\u00edn compil\u00f3 las personas naturales y jur\u00eddicas nombradas como agentes retenedores en la fuente por concepto del impuesto de industria y comercio (ICA) en esa jurisdicci\u00f3n.&nbsp;\" \/>\n<meta property=\"og:url\" content=\"https:\/\/auren.com\/co\/blog\/medellin-actualiza-los-agentes-retenedores-del-ica\/\" \/>\n<meta property=\"og:site_name\" content=\"Auren Colombia\" \/>\n<meta property=\"og:image\" content=\"https:\/\/auren.com\/co\/wp-content\/uploads\/2018\/09\/shutterstock-589774910-3.jpg\" \/>\n\t<meta property=\"og:image:width\" content=\"1000\" \/>\n\t<meta property=\"og:image:height\" content=\"666\" \/>\n\t<meta property=\"og:image:type\" content=\"image\/jpeg\" \/>\n<meta name=\"twitter:card\" content=\"summary_large_image\" \/>\n<meta name=\"twitter:site\" content=\"@AurenColombia\" \/>\n<meta name=\"twitter:label1\" content=\"Tiempo de lectura\" \/>\n\t<meta name=\"twitter:data1\" content=\"1 minuto\" \/>\n<script type=\"application\/ld+json\" class=\"yoast-schema-graph\">{\"@context\":\"https:\\\/\\\/schema.org\",\"@graph\":[{\"@type\":\"WebPage\",\"@id\":\"https:\\\/\\\/auren.com\\\/co\\\/blog\\\/medellin-actualiza-los-agentes-retenedores-del-ica\\\/\",\"url\":\"https:\\\/\\\/auren.com\\\/co\\\/blog\\\/medellin-actualiza-los-agentes-retenedores-del-ica\\\/\",\"name\":\"Medell\u00edn actualiza los agentes retenedores del ICA - Auren Colombia\",\"isPartOf\":{\"@id\":\"https:\\\/\\\/auren.com\\\/co\\\/#website\"},\"primaryImageOfPage\":{\"@id\":\"https:\\\/\\\/auren.com\\\/co\\\/blog\\\/medellin-actualiza-los-agentes-retenedores-del-ica\\\/#primaryimage\"},\"image\":{\"@id\":\"https:\\\/\\\/auren.com\\\/co\\\/blog\\\/medellin-actualiza-los-agentes-retenedores-del-ica\\\/#primaryimage\"},\"thumbnailUrl\":\"https:\\\/\\\/auren.com\\\/co\\\/wp-content\\\/uploads\\\/2018\\\/09\\\/shutterstock-589774910-3.jpg\",\"datePublished\":\"2018-09-19T12:27:00+00:00\",\"breadcrumb\":{\"@id\":\"https:\\\/\\\/auren.com\\\/co\\\/blog\\\/medellin-actualiza-los-agentes-retenedores-del-ica\\\/#breadcrumb\"},\"inLanguage\":\"es\",\"potentialAction\":[{\"@type\":\"ReadAction\",\"target\":[\"https:\\\/\\\/auren.com\\\/co\\\/blog\\\/medellin-actualiza-los-agentes-retenedores-del-ica\\\/\"]}]},{\"@type\":\"ImageObject\",\"inLanguage\":\"es\",\"@id\":\"https:\\\/\\\/auren.com\\\/co\\\/blog\\\/medellin-actualiza-los-agentes-retenedores-del-ica\\\/#primaryimage\",\"url\":\"https:\\\/\\\/auren.com\\\/co\\\/wp-content\\\/uploads\\\/2018\\\/09\\\/shutterstock-589774910-3.jpg\",\"contentUrl\":\"https:\\\/\\\/auren.com\\\/co\\\/wp-content\\\/uploads\\\/2018\\\/09\\\/shutterstock-589774910-3.jpg\",\"width\":1000,\"height\":666},{\"@type\":\"BreadcrumbList\",\"@id\":\"https:\\\/\\\/auren.com\\\/co\\\/blog\\\/medellin-actualiza-los-agentes-retenedores-del-ica\\\/#breadcrumb\",\"itemListElement\":[{\"@type\":\"ListItem\",\"position\":1,\"name\":\"Portada\",\"item\":\"https:\\\/\\\/auren.com\\\/co\\\/\"},{\"@type\":\"ListItem\",\"position\":2,\"name\":\"Medell\u00edn actualiza los agentes retenedores del ICA\"}]},{\"@type\":\"WebSite\",\"@id\":\"https:\\\/\\\/auren.com\\\/co\\\/#website\",\"url\":\"https:\\\/\\\/auren.com\\\/co\\\/\",\"name\":\"Auren Colombia\",\"description\":\"\",\"publisher\":{\"@id\":\"https:\\\/\\\/auren.com\\\/co\\\/#organization\"},\"potentialAction\":[{\"@type\":\"SearchAction\",\"target\":{\"@type\":\"EntryPoint\",\"urlTemplate\":\"https:\\\/\\\/auren.com\\\/co\\\/?s={search_term_string}\"},\"query-input\":{\"@type\":\"PropertyValueSpecification\",\"valueRequired\":true,\"valueName\":\"search_term_string\"}}],\"inLanguage\":\"es\"},{\"@type\":\"Organization\",\"@id\":\"https:\\\/\\\/auren.com\\\/co\\\/#organization\",\"name\":\"Auren Colombia\",\"url\":\"https:\\\/\\\/auren.com\\\/co\\\/\",\"logo\":{\"@type\":\"ImageObject\",\"inLanguage\":\"es\",\"@id\":\"https:\\\/\\\/auren.com\\\/co\\\/#\\\/schema\\\/logo\\\/image\\\/\",\"url\":\"https:\\\/\\\/auren.com\\\/co\\\/wp-content\\\/uploads\\\/2025\\\/01\\\/cropped-cropped-favicon-Auren.png\",\"contentUrl\":\"https:\\\/\\\/auren.com\\\/co\\\/wp-content\\\/uploads\\\/2025\\\/01\\\/cropped-cropped-favicon-Auren.png\",\"width\":512,\"height\":512,\"caption\":\"Auren Colombia\"},\"image\":{\"@id\":\"https:\\\/\\\/auren.com\\\/co\\\/#\\\/schema\\\/logo\\\/image\\\/\"},\"sameAs\":[\"https:\\\/\\\/x.com\\\/AurenColombia\",\"https:\\\/\\\/www.instagram.com\\\/aurencolombia\\\/\",\"https:\\\/\\\/www.youtube.com\\\/channel\\\/UCRYoGRMR_k4oVWesdErApmA\",\"https:\\\/\\\/www.linkedin.com\\\/company\\\/auren-colombia\"]}]}<\/script>\n<!-- \/ Yoast SEO plugin. -->","yoast_head_json":{"title":"Medell\u00edn actualiza los agentes retenedores del ICA - Auren Colombia","robots":{"index":"index","follow":"follow","max-snippet":"max-snippet:-1","max-image-preview":"max-image-preview:large","max-video-preview":"max-video-preview:-1"},"canonical":"https:\/\/auren.com\/co\/blog\/medellin-actualiza-los-agentes-retenedores-del-ica\/","og_locale":"es_ES","og_type":"article","og_title":"Medell\u00edn actualiza los agentes retenedores del ICA - Auren Colombia","og_description":"Luego de depurados los sistemas de informaci\u00f3n en la Administraci\u00f3n Tributaria Municipal de Medell\u00edn, se expidi\u00f3 la Resoluci\u00f3n 15687 del 2 de agosto de 2018 por medio de la cual la Alcald\u00eda de Medell\u00edn compil\u00f3 las personas naturales y jur\u00eddicas nombradas como agentes retenedores en la fuente por concepto del impuesto de industria y comercio (ICA) en esa jurisdicci\u00f3n.&nbsp;","og_url":"https:\/\/auren.com\/co\/blog\/medellin-actualiza-los-agentes-retenedores-del-ica\/","og_site_name":"Auren Colombia","og_image":[{"width":1000,"height":666,"url":"https:\/\/auren.com\/co\/wp-content\/uploads\/2018\/09\/shutterstock-589774910-3.jpg","type":"image\/jpeg"}],"twitter_card":"summary_large_image","twitter_site":"@AurenColombia","twitter_misc":{"Tiempo de lectura":"1 minuto"},"schema":{"@context":"https:\/\/schema.org","@graph":[{"@type":"WebPage","@id":"https:\/\/auren.com\/co\/blog\/medellin-actualiza-los-agentes-retenedores-del-ica\/","url":"https:\/\/auren.com\/co\/blog\/medellin-actualiza-los-agentes-retenedores-del-ica\/","name":"Medell\u00edn actualiza los agentes retenedores del ICA - Auren Colombia","isPartOf":{"@id":"https:\/\/auren.com\/co\/#website"},"primaryImageOfPage":{"@id":"https:\/\/auren.com\/co\/blog\/medellin-actualiza-los-agentes-retenedores-del-ica\/#primaryimage"},"image":{"@id":"https:\/\/auren.com\/co\/blog\/medellin-actualiza-los-agentes-retenedores-del-ica\/#primaryimage"},"thumbnailUrl":"https:\/\/auren.com\/co\/wp-content\/uploads\/2018\/09\/shutterstock-589774910-3.jpg","datePublished":"2018-09-19T12:27:00+00:00","breadcrumb":{"@id":"https:\/\/auren.com\/co\/blog\/medellin-actualiza-los-agentes-retenedores-del-ica\/#breadcrumb"},"inLanguage":"es","potentialAction":[{"@type":"ReadAction","target":["https:\/\/auren.com\/co\/blog\/medellin-actualiza-los-agentes-retenedores-del-ica\/"]}]},{"@type":"ImageObject","inLanguage":"es","@id":"https:\/\/auren.com\/co\/blog\/medellin-actualiza-los-agentes-retenedores-del-ica\/#primaryimage","url":"https:\/\/auren.com\/co\/wp-content\/uploads\/2018\/09\/shutterstock-589774910-3.jpg","contentUrl":"https:\/\/auren.com\/co\/wp-content\/uploads\/2018\/09\/shutterstock-589774910-3.jpg","width":1000,"height":666},{"@type":"BreadcrumbList","@id":"https:\/\/auren.com\/co\/blog\/medellin-actualiza-los-agentes-retenedores-del-ica\/#breadcrumb","itemListElement":[{"@type":"ListItem","position":1,"name":"Portada","item":"https:\/\/auren.com\/co\/"},{"@type":"ListItem","position":2,"name":"Medell\u00edn actualiza los agentes retenedores del ICA"}]},{"@type":"WebSite","@id":"https:\/\/auren.com\/co\/#website","url":"https:\/\/auren.com\/co\/","name":"Auren Colombia","description":"","publisher":{"@id":"https:\/\/auren.com\/co\/#organization"},"potentialAction":[{"@type":"SearchAction","target":{"@type":"EntryPoint","urlTemplate":"https:\/\/auren.com\/co\/?s={search_term_string}"},"query-input":{"@type":"PropertyValueSpecification","valueRequired":true,"valueName":"search_term_string"}}],"inLanguage":"es"},{"@type":"Organization","@id":"https:\/\/auren.com\/co\/#organization","name":"Auren Colombia","url":"https:\/\/auren.com\/co\/","logo":{"@type":"ImageObject","inLanguage":"es","@id":"https:\/\/auren.com\/co\/#\/schema\/logo\/image\/","url":"https:\/\/auren.com\/co\/wp-content\/uploads\/2025\/01\/cropped-cropped-favicon-Auren.png","contentUrl":"https:\/\/auren.com\/co\/wp-content\/uploads\/2025\/01\/cropped-cropped-favicon-Auren.png","width":512,"height":512,"caption":"Auren Colombia"},"image":{"@id":"https:\/\/auren.com\/co\/#\/schema\/logo\/image\/"},"sameAs":["https:\/\/x.com\/AurenColombia","https:\/\/www.instagram.com\/aurencolombia\/","https:\/\/www.youtube.com\/channel\/UCRYoGRMR_k4oVWesdErApmA","https:\/\/www.linkedin.com\/company\/auren-colombia"]}]}},"_links":{"self":[{"href":"https:\/\/auren.com\/co\/wp-json\/wp\/v2\/blog\/10848","targetHints":{"allow":["GET"]}}],"collection":[{"href":"https:\/\/auren.com\/co\/wp-json\/wp\/v2\/blog"}],"about":[{"href":"https:\/\/auren.com\/co\/wp-json\/wp\/v2\/types\/blog"}],"version-history":[{"count":0,"href":"https:\/\/auren.com\/co\/wp-json\/wp\/v2\/blog\/10848\/revisions"}],"wp:featuredmedia":[{"embeddable":true,"href":"https:\/\/auren.com\/co\/wp-json\/wp\/v2\/media\/10849"}],"wp:attachment":[{"href":"https:\/\/auren.com\/co\/wp-json\/wp\/v2\/media?parent=10848"}],"wp:term":[{"taxonomy":"blog-category","embeddable":true,"href":"https:\/\/auren.com\/co\/wp-json\/wp\/v2\/blog-category?post=10848"}],"curies":[{"name":"wp","href":"https:\/\/api.w.org\/{rel}","templated":true}]}}