{"id":10851,"date":"2018-09-19T14:19:06","date_gmt":"2018-09-19T12:19:06","guid":{"rendered":"https:\/\/auren.com\/co\/blog\/corte-constitucional-reitera-que-contrato-de-prestacion-de-servicios-independientes-tambien-tiene-derecho-a-la-estabilidad-ocupacional-reforzada\/"},"modified":"2018-09-19T14:19:06","modified_gmt":"2018-09-19T12:19:06","slug":"corte-constitucional-reitera-que-contrato-de-prestacion-de-servicios-independientes-tambien-tiene-derecho-a-la-estabilidad-ocupacional-reforzada","status":"publish","type":"blog","link":"https:\/\/auren.com\/co\/blog\/corte-constitucional-reitera-que-contrato-de-prestacion-de-servicios-independientes-tambien-tiene-derecho-a-la-estabilidad-ocupacional-reforzada\/","title":{"rendered":"Corte Constitucional reitera que contrato de prestaci\u00f3n de servicios independientes tambi\u00e9n tiene derecho a la estabilidad ocupacional reforzada"},"content":{"rendered":"<\/p>\n<p class=\"text-justify\">La Corte Constitucional reiter\u00f3 la existencia de derechos de protecci\u00f3n especial de quienes se encuentran en circunstancia de debilidad manifiesta en las relaciones de servicios independientes, escenarios en los que consider\u00f3 preciso hablar del derecho fundamental a la estabilidad ocupacional reforzada, y no propiamente estabilidad laboral reforzada, pues esta \u00faltima se circunscribe a las relaciones de trabajo.&nbsp;   <\/p>\n<p class=\"text-justify\">Para la Corte, esta protecci\u00f3n se aplica a quienes est\u00e9n en condiciones de debilidad manifiesta, incluso si no cuentan con una calificaci\u00f3n de p\u00e9rdida de capacidad laboral, destacando que quien contrata la prestaci\u00f3n de un servicio personal, con o sin subordinaci\u00f3n, debe tener presente que adquiere con la persona que se lo presta una relaci\u00f3n relevante a la luz de la Constituci\u00f3n, pues adquiere el deber de actuar con solidaridad cuando las circunstancias se lo requieran.&nbsp;   <\/p>\n<p class=\"text-justify\">Bajo tales presupuestos, ha sido criterio de la Corte que el derecho a la estabilidad&nbsp;laboral&nbsp;reforzada aplica no solo a quienes tienen un v\u00ednculo de trabajo dependiente, estrictamente subordinado y sujeto al derecho laboral, sino tambi\u00e9n a quienes est\u00e1n insertos en relaciones ocupacionales divergentes, originadas por ejemplo en un contrato de prestaci\u00f3n de servicios o en un contrato de aprendizaje.&nbsp;   <\/p>\n<p class=\"text-justify\">Finalmente, precis\u00f3 la Corte que la indemnizaci\u00f3n de 180 d\u00edas de contempla el art\u00edculo 26 de la ley 361 de 1997, por despedir a un trabajador con estabilidad laboral reforzada, tambi\u00e9n aplica cuando se despide a una persona con estabilidad ocupacional reforzada.   <\/p>\n<p class=\"text-justify\">Estos pronunciamientos de la Corte conducen a que al interior de las organizaciones se tenga pleno conocimiento y control de las situaciones que pueden generar estabilidad contractual reforzada, ya sea por v\u00ednculos labores o por relaciones independientes como la prestaci\u00f3n de servicios, para agotar procedimientos de autorizaci\u00f3n previa de la autoridad competente, en caso de decidir desvincular a la persona.<\/p>\n<\/p>\n<p>Fuente:<\/p>\n<\/p>\n<p><strong>Corte Constitucional, Sentencia T-305 del 27 de julio de 2018<\/strong><\/p>\n<\/p>\n<p><!-- AddThis Advanced Settings generic via filter on the_content --><!-- AddThis Share Buttons generic via filter on the_content --><\/p>\n","protected":false},"excerpt":{"rendered":"<p>La Corte Constitucional reiter\u00f3 la existencia de derechos de protecci\u00f3n especial de quienes se encuentran en circunstancia de debilidad manifiesta en las relaciones de servicios independientes, escenarios en los que consider\u00f3 preciso hablar del derecho fundamental a la estabilidad ocupacional reforzada, y no propiamente estabilidad laboral reforzada, pues esta \u00faltima se circunscribe a las relaciones de trabajo.&nbsp;<\/p>\n","protected":false},"featured_media":10852,"template":"","meta":{"_acf_changed":false,"footnotes":""},"blog-category":[],"class_list":["post-10851","blog","type-blog","status-publish","has-post-thumbnail","hentry"],"acf":[],"yoast_head":"<!-- This site is optimized with the Yoast SEO plugin v27.4 - https:\/\/yoast.com\/product\/yoast-seo-wordpress\/ -->\n<title>Corte Constitucional reitera que contrato de prestaci\u00f3n de servicios independientes tambi\u00e9n tiene derecho a la estabilidad ocupacional reforzada - Auren Colombia<\/title>\n<meta name=\"robots\" content=\"index, follow, max-snippet:-1, max-image-preview:large, max-video-preview:-1\" \/>\n<link rel=\"canonical\" href=\"https:\/\/auren.com\/co\/blog\/corte-constitucional-reitera-que-contrato-de-prestacion-de-servicios-independientes-tambien-tiene-derecho-a-la-estabilidad-ocupacional-reforzada\/\" \/>\n<meta property=\"og:locale\" content=\"es_ES\" \/>\n<meta property=\"og:type\" content=\"article\" \/>\n<meta property=\"og:title\" content=\"Corte Constitucional reitera que contrato de prestaci\u00f3n de servicios independientes tambi\u00e9n tiene derecho a la estabilidad ocupacional reforzada - Auren Colombia\" \/>\n<meta property=\"og:description\" content=\"La Corte Constitucional reiter\u00f3 la existencia de derechos de protecci\u00f3n especial de quienes se encuentran en circunstancia de debilidad manifiesta en las relaciones de servicios independientes, escenarios en los que consider\u00f3 preciso hablar del derecho fundamental a la estabilidad ocupacional reforzada, y no propiamente estabilidad laboral reforzada, pues esta \u00faltima se circunscribe a las relaciones de trabajo.&nbsp;\" \/>\n<meta property=\"og:url\" content=\"https:\/\/auren.com\/co\/blog\/corte-constitucional-reitera-que-contrato-de-prestacion-de-servicios-independientes-tambien-tiene-derecho-a-la-estabilidad-ocupacional-reforzada\/\" \/>\n<meta property=\"og:site_name\" content=\"Auren Colombia\" \/>\n<meta property=\"og:image\" content=\"https:\/\/auren.com\/co\/wp-content\/uploads\/2018\/09\/shutterstock-215260810-3.jpg\" \/>\n\t<meta property=\"og:image:width\" content=\"1000\" \/>\n\t<meta property=\"og:image:height\" content=\"667\" \/>\n\t<meta property=\"og:image:type\" content=\"image\/jpeg\" \/>\n<meta name=\"twitter:card\" content=\"summary_large_image\" \/>\n<meta name=\"twitter:site\" content=\"@AurenColombia\" \/>\n<meta name=\"twitter:label1\" content=\"Tiempo de lectura\" \/>\n\t<meta name=\"twitter:data1\" content=\"2 minutos\" \/>\n<script type=\"application\/ld+json\" class=\"yoast-schema-graph\">{\"@context\":\"https:\\\/\\\/schema.org\",\"@graph\":[{\"@type\":\"WebPage\",\"@id\":\"https:\\\/\\\/auren.com\\\/co\\\/blog\\\/corte-constitucional-reitera-que-contrato-de-prestacion-de-servicios-independientes-tambien-tiene-derecho-a-la-estabilidad-ocupacional-reforzada\\\/\",\"url\":\"https:\\\/\\\/auren.com\\\/co\\\/blog\\\/corte-constitucional-reitera-que-contrato-de-prestacion-de-servicios-independientes-tambien-tiene-derecho-a-la-estabilidad-ocupacional-reforzada\\\/\",\"name\":\"Corte Constitucional reitera que contrato de prestaci\u00f3n de servicios independientes tambi\u00e9n tiene derecho a la estabilidad ocupacional reforzada - Auren Colombia\",\"isPartOf\":{\"@id\":\"https:\\\/\\\/auren.com\\\/co\\\/#website\"},\"primaryImageOfPage\":{\"@id\":\"https:\\\/\\\/auren.com\\\/co\\\/blog\\\/corte-constitucional-reitera-que-contrato-de-prestacion-de-servicios-independientes-tambien-tiene-derecho-a-la-estabilidad-ocupacional-reforzada\\\/#primaryimage\"},\"image\":{\"@id\":\"https:\\\/\\\/auren.com\\\/co\\\/blog\\\/corte-constitucional-reitera-que-contrato-de-prestacion-de-servicios-independientes-tambien-tiene-derecho-a-la-estabilidad-ocupacional-reforzada\\\/#primaryimage\"},\"thumbnailUrl\":\"https:\\\/\\\/auren.com\\\/co\\\/wp-content\\\/uploads\\\/2018\\\/09\\\/shutterstock-215260810-3.jpg\",\"datePublished\":\"2018-09-19T12:19:06+00:00\",\"breadcrumb\":{\"@id\":\"https:\\\/\\\/auren.com\\\/co\\\/blog\\\/corte-constitucional-reitera-que-contrato-de-prestacion-de-servicios-independientes-tambien-tiene-derecho-a-la-estabilidad-ocupacional-reforzada\\\/#breadcrumb\"},\"inLanguage\":\"es\",\"potentialAction\":[{\"@type\":\"ReadAction\",\"target\":[\"https:\\\/\\\/auren.com\\\/co\\\/blog\\\/corte-constitucional-reitera-que-contrato-de-prestacion-de-servicios-independientes-tambien-tiene-derecho-a-la-estabilidad-ocupacional-reforzada\\\/\"]}]},{\"@type\":\"ImageObject\",\"inLanguage\":\"es\",\"@id\":\"https:\\\/\\\/auren.com\\\/co\\\/blog\\\/corte-constitucional-reitera-que-contrato-de-prestacion-de-servicios-independientes-tambien-tiene-derecho-a-la-estabilidad-ocupacional-reforzada\\\/#primaryimage\",\"url\":\"https:\\\/\\\/auren.com\\\/co\\\/wp-content\\\/uploads\\\/2018\\\/09\\\/shutterstock-215260810-3.jpg\",\"contentUrl\":\"https:\\\/\\\/auren.com\\\/co\\\/wp-content\\\/uploads\\\/2018\\\/09\\\/shutterstock-215260810-3.jpg\",\"width\":1000,\"height\":667},{\"@type\":\"BreadcrumbList\",\"@id\":\"https:\\\/\\\/auren.com\\\/co\\\/blog\\\/corte-constitucional-reitera-que-contrato-de-prestacion-de-servicios-independientes-tambien-tiene-derecho-a-la-estabilidad-ocupacional-reforzada\\\/#breadcrumb\",\"itemListElement\":[{\"@type\":\"ListItem\",\"position\":1,\"name\":\"Portada\",\"item\":\"https:\\\/\\\/auren.com\\\/co\\\/\"},{\"@type\":\"ListItem\",\"position\":2,\"name\":\"Corte Constitucional reitera que contrato de prestaci\u00f3n de servicios independientes tambi\u00e9n tiene derecho a la estabilidad ocupacional reforzada\"}]},{\"@type\":\"WebSite\",\"@id\":\"https:\\\/\\\/auren.com\\\/co\\\/#website\",\"url\":\"https:\\\/\\\/auren.com\\\/co\\\/\",\"name\":\"Auren Colombia\",\"description\":\"\",\"publisher\":{\"@id\":\"https:\\\/\\\/auren.com\\\/co\\\/#organization\"},\"potentialAction\":[{\"@type\":\"SearchAction\",\"target\":{\"@type\":\"EntryPoint\",\"urlTemplate\":\"https:\\\/\\\/auren.com\\\/co\\\/?s={search_term_string}\"},\"query-input\":{\"@type\":\"PropertyValueSpecification\",\"valueRequired\":true,\"valueName\":\"search_term_string\"}}],\"inLanguage\":\"es\"},{\"@type\":\"Organization\",\"@id\":\"https:\\\/\\\/auren.com\\\/co\\\/#organization\",\"name\":\"Auren Colombia\",\"url\":\"https:\\\/\\\/auren.com\\\/co\\\/\",\"logo\":{\"@type\":\"ImageObject\",\"inLanguage\":\"es\",\"@id\":\"https:\\\/\\\/auren.com\\\/co\\\/#\\\/schema\\\/logo\\\/image\\\/\",\"url\":\"https:\\\/\\\/auren.com\\\/co\\\/wp-content\\\/uploads\\\/2025\\\/01\\\/cropped-cropped-favicon-Auren.png\",\"contentUrl\":\"https:\\\/\\\/auren.com\\\/co\\\/wp-content\\\/uploads\\\/2025\\\/01\\\/cropped-cropped-favicon-Auren.png\",\"width\":512,\"height\":512,\"caption\":\"Auren Colombia\"},\"image\":{\"@id\":\"https:\\\/\\\/auren.com\\\/co\\\/#\\\/schema\\\/logo\\\/image\\\/\"},\"sameAs\":[\"https:\\\/\\\/x.com\\\/AurenColombia\",\"https:\\\/\\\/www.instagram.com\\\/aurencolombia\\\/\",\"https:\\\/\\\/www.youtube.com\\\/channel\\\/UCRYoGRMR_k4oVWesdErApmA\",\"https:\\\/\\\/www.linkedin.com\\\/company\\\/auren-colombia\"]}]}<\/script>\n<!-- \/ Yoast SEO plugin. -->","yoast_head_json":{"title":"Corte Constitucional reitera que contrato de prestaci\u00f3n de servicios independientes tambi\u00e9n tiene derecho a la estabilidad ocupacional reforzada - Auren Colombia","robots":{"index":"index","follow":"follow","max-snippet":"max-snippet:-1","max-image-preview":"max-image-preview:large","max-video-preview":"max-video-preview:-1"},"canonical":"https:\/\/auren.com\/co\/blog\/corte-constitucional-reitera-que-contrato-de-prestacion-de-servicios-independientes-tambien-tiene-derecho-a-la-estabilidad-ocupacional-reforzada\/","og_locale":"es_ES","og_type":"article","og_title":"Corte Constitucional reitera que contrato de prestaci\u00f3n de servicios independientes tambi\u00e9n tiene derecho a la estabilidad ocupacional reforzada - Auren Colombia","og_description":"La Corte Constitucional reiter\u00f3 la existencia de derechos de protecci\u00f3n especial de quienes se encuentran en circunstancia de debilidad manifiesta en las relaciones de servicios independientes, escenarios en los que consider\u00f3 preciso hablar del derecho fundamental a la estabilidad ocupacional reforzada, y no propiamente estabilidad laboral reforzada, pues esta \u00faltima se circunscribe a las relaciones de trabajo.&nbsp;","og_url":"https:\/\/auren.com\/co\/blog\/corte-constitucional-reitera-que-contrato-de-prestacion-de-servicios-independientes-tambien-tiene-derecho-a-la-estabilidad-ocupacional-reforzada\/","og_site_name":"Auren Colombia","og_image":[{"width":1000,"height":667,"url":"https:\/\/auren.com\/co\/wp-content\/uploads\/2018\/09\/shutterstock-215260810-3.jpg","type":"image\/jpeg"}],"twitter_card":"summary_large_image","twitter_site":"@AurenColombia","twitter_misc":{"Tiempo de lectura":"2 minutos"},"schema":{"@context":"https:\/\/schema.org","@graph":[{"@type":"WebPage","@id":"https:\/\/auren.com\/co\/blog\/corte-constitucional-reitera-que-contrato-de-prestacion-de-servicios-independientes-tambien-tiene-derecho-a-la-estabilidad-ocupacional-reforzada\/","url":"https:\/\/auren.com\/co\/blog\/corte-constitucional-reitera-que-contrato-de-prestacion-de-servicios-independientes-tambien-tiene-derecho-a-la-estabilidad-ocupacional-reforzada\/","name":"Corte Constitucional reitera que contrato de prestaci\u00f3n de servicios independientes tambi\u00e9n tiene derecho a la estabilidad ocupacional reforzada - Auren Colombia","isPartOf":{"@id":"https:\/\/auren.com\/co\/#website"},"primaryImageOfPage":{"@id":"https:\/\/auren.com\/co\/blog\/corte-constitucional-reitera-que-contrato-de-prestacion-de-servicios-independientes-tambien-tiene-derecho-a-la-estabilidad-ocupacional-reforzada\/#primaryimage"},"image":{"@id":"https:\/\/auren.com\/co\/blog\/corte-constitucional-reitera-que-contrato-de-prestacion-de-servicios-independientes-tambien-tiene-derecho-a-la-estabilidad-ocupacional-reforzada\/#primaryimage"},"thumbnailUrl":"https:\/\/auren.com\/co\/wp-content\/uploads\/2018\/09\/shutterstock-215260810-3.jpg","datePublished":"2018-09-19T12:19:06+00:00","breadcrumb":{"@id":"https:\/\/auren.com\/co\/blog\/corte-constitucional-reitera-que-contrato-de-prestacion-de-servicios-independientes-tambien-tiene-derecho-a-la-estabilidad-ocupacional-reforzada\/#breadcrumb"},"inLanguage":"es","potentialAction":[{"@type":"ReadAction","target":["https:\/\/auren.com\/co\/blog\/corte-constitucional-reitera-que-contrato-de-prestacion-de-servicios-independientes-tambien-tiene-derecho-a-la-estabilidad-ocupacional-reforzada\/"]}]},{"@type":"ImageObject","inLanguage":"es","@id":"https:\/\/auren.com\/co\/blog\/corte-constitucional-reitera-que-contrato-de-prestacion-de-servicios-independientes-tambien-tiene-derecho-a-la-estabilidad-ocupacional-reforzada\/#primaryimage","url":"https:\/\/auren.com\/co\/wp-content\/uploads\/2018\/09\/shutterstock-215260810-3.jpg","contentUrl":"https:\/\/auren.com\/co\/wp-content\/uploads\/2018\/09\/shutterstock-215260810-3.jpg","width":1000,"height":667},{"@type":"BreadcrumbList","@id":"https:\/\/auren.com\/co\/blog\/corte-constitucional-reitera-que-contrato-de-prestacion-de-servicios-independientes-tambien-tiene-derecho-a-la-estabilidad-ocupacional-reforzada\/#breadcrumb","itemListElement":[{"@type":"ListItem","position":1,"name":"Portada","item":"https:\/\/auren.com\/co\/"},{"@type":"ListItem","position":2,"name":"Corte Constitucional reitera que contrato de prestaci\u00f3n de servicios independientes tambi\u00e9n tiene derecho a la estabilidad ocupacional reforzada"}]},{"@type":"WebSite","@id":"https:\/\/auren.com\/co\/#website","url":"https:\/\/auren.com\/co\/","name":"Auren Colombia","description":"","publisher":{"@id":"https:\/\/auren.com\/co\/#organization"},"potentialAction":[{"@type":"SearchAction","target":{"@type":"EntryPoint","urlTemplate":"https:\/\/auren.com\/co\/?s={search_term_string}"},"query-input":{"@type":"PropertyValueSpecification","valueRequired":true,"valueName":"search_term_string"}}],"inLanguage":"es"},{"@type":"Organization","@id":"https:\/\/auren.com\/co\/#organization","name":"Auren Colombia","url":"https:\/\/auren.com\/co\/","logo":{"@type":"ImageObject","inLanguage":"es","@id":"https:\/\/auren.com\/co\/#\/schema\/logo\/image\/","url":"https:\/\/auren.com\/co\/wp-content\/uploads\/2025\/01\/cropped-cropped-favicon-Auren.png","contentUrl":"https:\/\/auren.com\/co\/wp-content\/uploads\/2025\/01\/cropped-cropped-favicon-Auren.png","width":512,"height":512,"caption":"Auren Colombia"},"image":{"@id":"https:\/\/auren.com\/co\/#\/schema\/logo\/image\/"},"sameAs":["https:\/\/x.com\/AurenColombia","https:\/\/www.instagram.com\/aurencolombia\/","https:\/\/www.youtube.com\/channel\/UCRYoGRMR_k4oVWesdErApmA","https:\/\/www.linkedin.com\/company\/auren-colombia"]}]}},"_links":{"self":[{"href":"https:\/\/auren.com\/co\/wp-json\/wp\/v2\/blog\/10851","targetHints":{"allow":["GET"]}}],"collection":[{"href":"https:\/\/auren.com\/co\/wp-json\/wp\/v2\/blog"}],"about":[{"href":"https:\/\/auren.com\/co\/wp-json\/wp\/v2\/types\/blog"}],"version-history":[{"count":0,"href":"https:\/\/auren.com\/co\/wp-json\/wp\/v2\/blog\/10851\/revisions"}],"wp:featuredmedia":[{"embeddable":true,"href":"https:\/\/auren.com\/co\/wp-json\/wp\/v2\/media\/10852"}],"wp:attachment":[{"href":"https:\/\/auren.com\/co\/wp-json\/wp\/v2\/media?parent=10851"}],"wp:term":[{"taxonomy":"blog-category","embeddable":true,"href":"https:\/\/auren.com\/co\/wp-json\/wp\/v2\/blog-category?post=10851"}],"curies":[{"name":"wp","href":"https:\/\/api.w.org\/{rel}","templated":true}]}}