{"id":10854,"date":"2018-09-19T13:49:36","date_gmt":"2018-09-19T11:49:36","guid":{"rendered":"https:\/\/auren.com\/co\/blog\/consejo-tecnico-de-la-contaduria-publica-se-pronuncia-sobre-reexpresion-de-estados-financieros-de-ejercicios-anteriores-para-incorporar-pasivos\/"},"modified":"2018-09-19T13:49:36","modified_gmt":"2018-09-19T11:49:36","slug":"consejo-tecnico-de-la-contaduria-publica-se-pronuncia-sobre-reexpresion-de-estados-financieros-de-ejercicios-anteriores-para-incorporar-pasivos","status":"publish","type":"blog","link":"https:\/\/auren.com\/co\/blog\/consejo-tecnico-de-la-contaduria-publica-se-pronuncia-sobre-reexpresion-de-estados-financieros-de-ejercicios-anteriores-para-incorporar-pasivos\/","title":{"rendered":"Consejo T\u00e9cnico de la Contadur\u00eda P\u00fablica se pronuncia sobre reexpresi\u00f3n de estados financieros de ejercicios anteriores para incorporar pasivos"},"content":{"rendered":"<\/p>\n<p class=\"text-justify\">Al ser consultado sobre la obligatoriedad de reexpresar los estados financieros de ejercicios anteriores para incorporar pasivos, el Consejo T\u00e9cnico de la Contadur\u00eda P\u00fablica se\u00f1al\u00f3 que lo primero que debe evaluar la organizaci\u00f3n es si antes de emitir los estados financieros y de que fueran aprobados, la informaci\u00f3n respecto de los pasivos exist\u00eda y estaba disponible, aunque no fuera conocida por la compa\u00f1\u00eda.&nbsp;<\/p>\n<p> En caso afirmativo, se estar\u00eda en presencia de un error, y trat\u00e1ndose de un error material, la entidad lo corregir\u00e1 en los primeros estados financieros formulados despu\u00e9s de haberse descubierto el error y reexpresar\u00e1 la informaci\u00f3n comparativa para el o los per\u00edodos anteriores.   <\/p>\n<p class=\"text-justify\">En caso negativo, no se estar\u00eda en presencia de un error y por tanto no habr\u00eda lugar a reexpresar los estados financieros, pues en palabras del Consejo T\u00e9cnico, la entidad estar\u00eda frente a informaci\u00f3n que no exist\u00eda ni estaba disponible antes de la fecha de emitirlos. Aduce el Consejo que el reconocimiento del pasivo se har\u00eda en la fecha en que es conocido, mientras que el reconocimiento de los pasivos estimados depender\u00e1 del cumplimiento de caracter\u00edsticas referidas a la probabilidad de ocurrencia, fiabilidad de la medici\u00f3n, bien como pasivo, pasivo estimado o solamente revelando informaci\u00f3n.&nbsp;   <\/p>\n<p class=\"text-justify\">Precis\u00f3 el Consejo T\u00e9cnico que de acuerdo a lo establecido en la NIC 10, si el evento fue conocido despu\u00e9s de la aprobaci\u00f3n para publicaci\u00f3n de los estados financieros, este no ser\u00eda un ajuste a los estados financieros del a\u00f1o 2017, sino que el ajuste se realizar\u00e1 en el a\u00f1o 2018, aduciendo que cuando se presente se requerir\u00e1 reexpresi\u00f3n en los estados financieros de 2018.&nbsp;   <\/p>\n<p>Por su parte, puntualiz\u00f3 el Consejo T\u00e9cnico que desde el punto de vista contable, se permite la reexpresi\u00f3n retroactiva por errores contables, as\u00ed como la aplicaci\u00f3n retroactiva por cambios de pol\u00edticas contables de los estados financieros.&nbsp;<\/p>\n<p>Finalmente, la entidad manifest\u00f3 que en Colombia no se permite la reemisi\u00f3n de estados financieros, salvo que la ley expresamente lo prevea; para el caso consultado, se\u00f1al\u00f3 la entidad que sobre los estados financieros de 2018 se debe realizar la modificaci\u00f3n de las cifras comparativas y no emitiendo nuevamente los estados financieros de 2017.<\/p>\n<\/p>\n<p>Fuente: <\/p>\n<p>Consejo T\u00e9cnico de la Contadur\u00eda P\u00fablica, Concepto 637 del 5 de septiembre de 2018<\/p>\n<\/p>\n<p><!-- AddThis Advanced Settings generic via filter on the_content --><!-- AddThis Share Buttons generic via filter on the_content --><\/p>\n","protected":false},"excerpt":{"rendered":"<p>Al ser consultado sobre la obligatoriedad de reexpresar los estados financieros de ejercicios anteriores para incorporar pasivos, el Consejo T\u00e9cnico de la Contadur\u00eda P\u00fablica se\u00f1al\u00f3 que lo primero que debe evaluar la organizaci\u00f3n es si antes de emitir los estados financieros y de que fueran aprobados, la informaci\u00f3n respecto de los pasivos exist\u00eda y estaba disponible, aunque no fuera conocida por la compa\u00f1\u00eda.<\/p>\n","protected":false},"featured_media":10855,"template":"","meta":{"_acf_changed":false,"footnotes":""},"blog-category":[],"class_list":["post-10854","blog","type-blog","status-publish","has-post-thumbnail","hentry"],"acf":[],"yoast_head":"<!-- This site is optimized with the Yoast SEO plugin v27.4 - https:\/\/yoast.com\/product\/yoast-seo-wordpress\/ -->\n<title>Consejo T\u00e9cnico de la Contadur\u00eda P\u00fablica se pronuncia sobre reexpresi\u00f3n de estados financieros de ejercicios anteriores para incorporar pasivos - Auren Colombia<\/title>\n<meta name=\"robots\" content=\"index, follow, max-snippet:-1, max-image-preview:large, max-video-preview:-1\" \/>\n<link rel=\"canonical\" href=\"https:\/\/auren.com\/co\/blog\/consejo-tecnico-de-la-contaduria-publica-se-pronuncia-sobre-reexpresion-de-estados-financieros-de-ejercicios-anteriores-para-incorporar-pasivos\/\" \/>\n<meta property=\"og:locale\" content=\"es_ES\" \/>\n<meta property=\"og:type\" content=\"article\" \/>\n<meta property=\"og:title\" content=\"Consejo T\u00e9cnico de la Contadur\u00eda P\u00fablica se pronuncia sobre reexpresi\u00f3n de estados financieros de ejercicios anteriores para incorporar pasivos - Auren Colombia\" \/>\n<meta property=\"og:description\" content=\"Al ser consultado sobre la obligatoriedad de reexpresar los estados financieros de ejercicios anteriores para incorporar pasivos, el Consejo T\u00e9cnico de la Contadur\u00eda P\u00fablica se\u00f1al\u00f3 que lo primero que debe evaluar la organizaci\u00f3n es si antes de emitir los estados financieros y de que fueran aprobados, la informaci\u00f3n respecto de los pasivos exist\u00eda y estaba disponible, aunque no fuera conocida por la compa\u00f1\u00eda.\" \/>\n<meta property=\"og:url\" content=\"https:\/\/auren.com\/co\/blog\/consejo-tecnico-de-la-contaduria-publica-se-pronuncia-sobre-reexpresion-de-estados-financieros-de-ejercicios-anteriores-para-incorporar-pasivos\/\" \/>\n<meta property=\"og:site_name\" content=\"Auren Colombia\" \/>\n<meta property=\"og:image\" content=\"https:\/\/auren.com\/co\/wp-content\/uploads\/2018\/09\/shutterstock-577019452213213.jpg\" \/>\n\t<meta property=\"og:image:width\" content=\"1000\" \/>\n\t<meta property=\"og:image:height\" content=\"666\" \/>\n\t<meta property=\"og:image:type\" content=\"image\/jpeg\" \/>\n<meta name=\"twitter:card\" content=\"summary_large_image\" \/>\n<meta name=\"twitter:site\" content=\"@AurenColombia\" \/>\n<meta name=\"twitter:label1\" content=\"Tiempo de lectura\" \/>\n\t<meta name=\"twitter:data1\" content=\"2 minutos\" \/>\n<script type=\"application\/ld+json\" class=\"yoast-schema-graph\">{\"@context\":\"https:\\\/\\\/schema.org\",\"@graph\":[{\"@type\":\"WebPage\",\"@id\":\"https:\\\/\\\/auren.com\\\/co\\\/blog\\\/consejo-tecnico-de-la-contaduria-publica-se-pronuncia-sobre-reexpresion-de-estados-financieros-de-ejercicios-anteriores-para-incorporar-pasivos\\\/\",\"url\":\"https:\\\/\\\/auren.com\\\/co\\\/blog\\\/consejo-tecnico-de-la-contaduria-publica-se-pronuncia-sobre-reexpresion-de-estados-financieros-de-ejercicios-anteriores-para-incorporar-pasivos\\\/\",\"name\":\"Consejo T\u00e9cnico de la Contadur\u00eda P\u00fablica se pronuncia sobre reexpresi\u00f3n de estados financieros de ejercicios anteriores para incorporar pasivos - Auren Colombia\",\"isPartOf\":{\"@id\":\"https:\\\/\\\/auren.com\\\/co\\\/#website\"},\"primaryImageOfPage\":{\"@id\":\"https:\\\/\\\/auren.com\\\/co\\\/blog\\\/consejo-tecnico-de-la-contaduria-publica-se-pronuncia-sobre-reexpresion-de-estados-financieros-de-ejercicios-anteriores-para-incorporar-pasivos\\\/#primaryimage\"},\"image\":{\"@id\":\"https:\\\/\\\/auren.com\\\/co\\\/blog\\\/consejo-tecnico-de-la-contaduria-publica-se-pronuncia-sobre-reexpresion-de-estados-financieros-de-ejercicios-anteriores-para-incorporar-pasivos\\\/#primaryimage\"},\"thumbnailUrl\":\"https:\\\/\\\/auren.com\\\/co\\\/wp-content\\\/uploads\\\/2018\\\/09\\\/shutterstock-577019452213213.jpg\",\"datePublished\":\"2018-09-19T11:49:36+00:00\",\"breadcrumb\":{\"@id\":\"https:\\\/\\\/auren.com\\\/co\\\/blog\\\/consejo-tecnico-de-la-contaduria-publica-se-pronuncia-sobre-reexpresion-de-estados-financieros-de-ejercicios-anteriores-para-incorporar-pasivos\\\/#breadcrumb\"},\"inLanguage\":\"es\",\"potentialAction\":[{\"@type\":\"ReadAction\",\"target\":[\"https:\\\/\\\/auren.com\\\/co\\\/blog\\\/consejo-tecnico-de-la-contaduria-publica-se-pronuncia-sobre-reexpresion-de-estados-financieros-de-ejercicios-anteriores-para-incorporar-pasivos\\\/\"]}]},{\"@type\":\"ImageObject\",\"inLanguage\":\"es\",\"@id\":\"https:\\\/\\\/auren.com\\\/co\\\/blog\\\/consejo-tecnico-de-la-contaduria-publica-se-pronuncia-sobre-reexpresion-de-estados-financieros-de-ejercicios-anteriores-para-incorporar-pasivos\\\/#primaryimage\",\"url\":\"https:\\\/\\\/auren.com\\\/co\\\/wp-content\\\/uploads\\\/2018\\\/09\\\/shutterstock-577019452213213.jpg\",\"contentUrl\":\"https:\\\/\\\/auren.com\\\/co\\\/wp-content\\\/uploads\\\/2018\\\/09\\\/shutterstock-577019452213213.jpg\",\"width\":1000,\"height\":666},{\"@type\":\"BreadcrumbList\",\"@id\":\"https:\\\/\\\/auren.com\\\/co\\\/blog\\\/consejo-tecnico-de-la-contaduria-publica-se-pronuncia-sobre-reexpresion-de-estados-financieros-de-ejercicios-anteriores-para-incorporar-pasivos\\\/#breadcrumb\",\"itemListElement\":[{\"@type\":\"ListItem\",\"position\":1,\"name\":\"Portada\",\"item\":\"https:\\\/\\\/auren.com\\\/co\\\/\"},{\"@type\":\"ListItem\",\"position\":2,\"name\":\"Consejo T\u00e9cnico de la Contadur\u00eda P\u00fablica se pronuncia sobre reexpresi\u00f3n de estados financieros de ejercicios anteriores para incorporar pasivos\"}]},{\"@type\":\"WebSite\",\"@id\":\"https:\\\/\\\/auren.com\\\/co\\\/#website\",\"url\":\"https:\\\/\\\/auren.com\\\/co\\\/\",\"name\":\"Auren Colombia\",\"description\":\"\",\"publisher\":{\"@id\":\"https:\\\/\\\/auren.com\\\/co\\\/#organization\"},\"potentialAction\":[{\"@type\":\"SearchAction\",\"target\":{\"@type\":\"EntryPoint\",\"urlTemplate\":\"https:\\\/\\\/auren.com\\\/co\\\/?s={search_term_string}\"},\"query-input\":{\"@type\":\"PropertyValueSpecification\",\"valueRequired\":true,\"valueName\":\"search_term_string\"}}],\"inLanguage\":\"es\"},{\"@type\":\"Organization\",\"@id\":\"https:\\\/\\\/auren.com\\\/co\\\/#organization\",\"name\":\"Auren Colombia\",\"url\":\"https:\\\/\\\/auren.com\\\/co\\\/\",\"logo\":{\"@type\":\"ImageObject\",\"inLanguage\":\"es\",\"@id\":\"https:\\\/\\\/auren.com\\\/co\\\/#\\\/schema\\\/logo\\\/image\\\/\",\"url\":\"https:\\\/\\\/auren.com\\\/co\\\/wp-content\\\/uploads\\\/2025\\\/01\\\/cropped-cropped-favicon-Auren.png\",\"contentUrl\":\"https:\\\/\\\/auren.com\\\/co\\\/wp-content\\\/uploads\\\/2025\\\/01\\\/cropped-cropped-favicon-Auren.png\",\"width\":512,\"height\":512,\"caption\":\"Auren Colombia\"},\"image\":{\"@id\":\"https:\\\/\\\/auren.com\\\/co\\\/#\\\/schema\\\/logo\\\/image\\\/\"},\"sameAs\":[\"https:\\\/\\\/x.com\\\/AurenColombia\",\"https:\\\/\\\/www.instagram.com\\\/aurencolombia\\\/\",\"https:\\\/\\\/www.youtube.com\\\/channel\\\/UCRYoGRMR_k4oVWesdErApmA\",\"https:\\\/\\\/www.linkedin.com\\\/company\\\/auren-colombia\"]}]}<\/script>\n<!-- \/ Yoast SEO plugin. -->","yoast_head_json":{"title":"Consejo T\u00e9cnico de la Contadur\u00eda P\u00fablica se pronuncia sobre reexpresi\u00f3n de estados financieros de ejercicios anteriores para incorporar pasivos - Auren Colombia","robots":{"index":"index","follow":"follow","max-snippet":"max-snippet:-1","max-image-preview":"max-image-preview:large","max-video-preview":"max-video-preview:-1"},"canonical":"https:\/\/auren.com\/co\/blog\/consejo-tecnico-de-la-contaduria-publica-se-pronuncia-sobre-reexpresion-de-estados-financieros-de-ejercicios-anteriores-para-incorporar-pasivos\/","og_locale":"es_ES","og_type":"article","og_title":"Consejo T\u00e9cnico de la Contadur\u00eda P\u00fablica se pronuncia sobre reexpresi\u00f3n de estados financieros de ejercicios anteriores para incorporar pasivos - Auren Colombia","og_description":"Al ser consultado sobre la obligatoriedad de reexpresar los estados financieros de ejercicios anteriores para incorporar pasivos, el Consejo T\u00e9cnico de la Contadur\u00eda P\u00fablica se\u00f1al\u00f3 que lo primero que debe evaluar la organizaci\u00f3n es si antes de emitir los estados financieros y de que fueran aprobados, la informaci\u00f3n respecto de los pasivos exist\u00eda y estaba disponible, aunque no fuera conocida por la compa\u00f1\u00eda.","og_url":"https:\/\/auren.com\/co\/blog\/consejo-tecnico-de-la-contaduria-publica-se-pronuncia-sobre-reexpresion-de-estados-financieros-de-ejercicios-anteriores-para-incorporar-pasivos\/","og_site_name":"Auren Colombia","og_image":[{"width":1000,"height":666,"url":"https:\/\/auren.com\/co\/wp-content\/uploads\/2018\/09\/shutterstock-577019452213213.jpg","type":"image\/jpeg"}],"twitter_card":"summary_large_image","twitter_site":"@AurenColombia","twitter_misc":{"Tiempo de lectura":"2 minutos"},"schema":{"@context":"https:\/\/schema.org","@graph":[{"@type":"WebPage","@id":"https:\/\/auren.com\/co\/blog\/consejo-tecnico-de-la-contaduria-publica-se-pronuncia-sobre-reexpresion-de-estados-financieros-de-ejercicios-anteriores-para-incorporar-pasivos\/","url":"https:\/\/auren.com\/co\/blog\/consejo-tecnico-de-la-contaduria-publica-se-pronuncia-sobre-reexpresion-de-estados-financieros-de-ejercicios-anteriores-para-incorporar-pasivos\/","name":"Consejo T\u00e9cnico de la Contadur\u00eda P\u00fablica se pronuncia sobre reexpresi\u00f3n de estados financieros de ejercicios anteriores para incorporar pasivos - Auren Colombia","isPartOf":{"@id":"https:\/\/auren.com\/co\/#website"},"primaryImageOfPage":{"@id":"https:\/\/auren.com\/co\/blog\/consejo-tecnico-de-la-contaduria-publica-se-pronuncia-sobre-reexpresion-de-estados-financieros-de-ejercicios-anteriores-para-incorporar-pasivos\/#primaryimage"},"image":{"@id":"https:\/\/auren.com\/co\/blog\/consejo-tecnico-de-la-contaduria-publica-se-pronuncia-sobre-reexpresion-de-estados-financieros-de-ejercicios-anteriores-para-incorporar-pasivos\/#primaryimage"},"thumbnailUrl":"https:\/\/auren.com\/co\/wp-content\/uploads\/2018\/09\/shutterstock-577019452213213.jpg","datePublished":"2018-09-19T11:49:36+00:00","breadcrumb":{"@id":"https:\/\/auren.com\/co\/blog\/consejo-tecnico-de-la-contaduria-publica-se-pronuncia-sobre-reexpresion-de-estados-financieros-de-ejercicios-anteriores-para-incorporar-pasivos\/#breadcrumb"},"inLanguage":"es","potentialAction":[{"@type":"ReadAction","target":["https:\/\/auren.com\/co\/blog\/consejo-tecnico-de-la-contaduria-publica-se-pronuncia-sobre-reexpresion-de-estados-financieros-de-ejercicios-anteriores-para-incorporar-pasivos\/"]}]},{"@type":"ImageObject","inLanguage":"es","@id":"https:\/\/auren.com\/co\/blog\/consejo-tecnico-de-la-contaduria-publica-se-pronuncia-sobre-reexpresion-de-estados-financieros-de-ejercicios-anteriores-para-incorporar-pasivos\/#primaryimage","url":"https:\/\/auren.com\/co\/wp-content\/uploads\/2018\/09\/shutterstock-577019452213213.jpg","contentUrl":"https:\/\/auren.com\/co\/wp-content\/uploads\/2018\/09\/shutterstock-577019452213213.jpg","width":1000,"height":666},{"@type":"BreadcrumbList","@id":"https:\/\/auren.com\/co\/blog\/consejo-tecnico-de-la-contaduria-publica-se-pronuncia-sobre-reexpresion-de-estados-financieros-de-ejercicios-anteriores-para-incorporar-pasivos\/#breadcrumb","itemListElement":[{"@type":"ListItem","position":1,"name":"Portada","item":"https:\/\/auren.com\/co\/"},{"@type":"ListItem","position":2,"name":"Consejo T\u00e9cnico de la Contadur\u00eda P\u00fablica se pronuncia sobre reexpresi\u00f3n de estados financieros de ejercicios anteriores para incorporar pasivos"}]},{"@type":"WebSite","@id":"https:\/\/auren.com\/co\/#website","url":"https:\/\/auren.com\/co\/","name":"Auren Colombia","description":"","publisher":{"@id":"https:\/\/auren.com\/co\/#organization"},"potentialAction":[{"@type":"SearchAction","target":{"@type":"EntryPoint","urlTemplate":"https:\/\/auren.com\/co\/?s={search_term_string}"},"query-input":{"@type":"PropertyValueSpecification","valueRequired":true,"valueName":"search_term_string"}}],"inLanguage":"es"},{"@type":"Organization","@id":"https:\/\/auren.com\/co\/#organization","name":"Auren Colombia","url":"https:\/\/auren.com\/co\/","logo":{"@type":"ImageObject","inLanguage":"es","@id":"https:\/\/auren.com\/co\/#\/schema\/logo\/image\/","url":"https:\/\/auren.com\/co\/wp-content\/uploads\/2025\/01\/cropped-cropped-favicon-Auren.png","contentUrl":"https:\/\/auren.com\/co\/wp-content\/uploads\/2025\/01\/cropped-cropped-favicon-Auren.png","width":512,"height":512,"caption":"Auren Colombia"},"image":{"@id":"https:\/\/auren.com\/co\/#\/schema\/logo\/image\/"},"sameAs":["https:\/\/x.com\/AurenColombia","https:\/\/www.instagram.com\/aurencolombia\/","https:\/\/www.youtube.com\/channel\/UCRYoGRMR_k4oVWesdErApmA","https:\/\/www.linkedin.com\/company\/auren-colombia"]}]}},"_links":{"self":[{"href":"https:\/\/auren.com\/co\/wp-json\/wp\/v2\/blog\/10854","targetHints":{"allow":["GET"]}}],"collection":[{"href":"https:\/\/auren.com\/co\/wp-json\/wp\/v2\/blog"}],"about":[{"href":"https:\/\/auren.com\/co\/wp-json\/wp\/v2\/types\/blog"}],"version-history":[{"count":0,"href":"https:\/\/auren.com\/co\/wp-json\/wp\/v2\/blog\/10854\/revisions"}],"wp:featuredmedia":[{"embeddable":true,"href":"https:\/\/auren.com\/co\/wp-json\/wp\/v2\/media\/10855"}],"wp:attachment":[{"href":"https:\/\/auren.com\/co\/wp-json\/wp\/v2\/media?parent=10854"}],"wp:term":[{"taxonomy":"blog-category","embeddable":true,"href":"https:\/\/auren.com\/co\/wp-json\/wp\/v2\/blog-category?post=10854"}],"curies":[{"name":"wp","href":"https:\/\/api.w.org\/{rel}","templated":true}]}}