{"id":10857,"date":"2018-08-22T04:57:55","date_gmt":"2018-08-22T02:57:55","guid":{"rendered":"https:\/\/auren.com\/co\/blog\/reglamentado-el-tratamiento-sobre-bienes-abandonados-por-el-consumidor\/"},"modified":"2018-08-22T04:57:55","modified_gmt":"2018-08-22T02:57:55","slug":"reglamentado-el-tratamiento-sobre-bienes-abandonados-por-el-consumidor","status":"publish","type":"blog","link":"https:\/\/auren.com\/co\/blog\/reglamentado-el-tratamiento-sobre-bienes-abandonados-por-el-consumidor\/","title":{"rendered":"Reglamentado el tratamiento sobre bienes abandonados por el consumidor"},"content":{"rendered":"<\/p>\n<p>A trav\u00e9s del Decreto 1413 del 3 de agosto de 2018, el cual regir\u00e1 a partir de los seis meses siguientes a su publicaci\u00f3n en el Diario Oficial, se reglament\u00f3 la forma en que el prestador de un servicio que supone la entrega de bienes muebles, debe disponer de aquellos que han sido dejados en abandono por parte de los consumidores, y cuya trasferencia del derecho de dominio no est\u00e1 sujeta a registro.&nbsp;   <\/p>\n<p>Para estos efectos, dispone el reglamento que quien preste el servicio realizar\u00e1 el siguiente procedimiento para requerir al consumidor:   <\/p>\n<p>&nbsp;   <\/p>\n<ul>\n<li>Transcurrido un mes a partir de la fecha prevista para la devoluci\u00f3n o aquella en que el consumidor deb\u00eda aceptar o rechazar el servicio, sin que \u00e9ste acuda a retirar el bien, el prestador lo requerir\u00e1 para que lo retire.   <\/li>\n<li>El retiro del bien deber\u00e1 hacerse dentro de los dos meses siguientes a la fecha de remisi\u00f3n de la comunicaci\u00f3n que deber\u00e1 tener en cuenta los siguientes requisitos: (1) Informar por escrito al consumidor que debe retirar el bien dentro de los dos meses siguientes a la remisi\u00f3n de dicha comunicaci\u00f3n, indicando que si no se retira dentro de tal per\u00edodo, se entender\u00e1 por ley que lo abandona, y (2) deber\u00e1 enviarse por correo certificado a la direcci\u00f3n que el consumidor haya indicado en el recibo expedido con ocasi\u00f3n de la prestaci\u00f3n del servicio y a cualquier otra de la que se tenga conocimiento, as\u00ed como al correo electr\u00f3nico en caso de conocerse.   <\/li>\n<\/ul>\n<p>&nbsp;   &nbsp;   <\/p>\n<p>Si el consumidor no retira el bien dentro del plazo antes se\u00f1alado, se entender\u00e1 que el bien ha sido abandonado, circunstancia bajo la cual el bien se reputar\u00e1 provisoriamente mostrenco. La naturaleza de mostrenco, seg\u00fan el C\u00f3digo Civil, se le otorga a los bienes muebles que no tengan due\u00f1o ante lo cual su propiedad pasar\u00e1 al Instituto Colombiano de Bienestar Familiar (ICBF).&nbsp;   <\/p>\n<p>En tal sentido, el prestador del servicio deber\u00e1 informar por escrito al ICBF, la existencia del bien para que esta entidad realice la estimaci\u00f3n del valor comercial del bien denunciado y adelante los tr\u00e1mites pertinentes para que se le adjudique. Conforme con las normas del C\u00f3digo Civil, si antes de que el bien mostrenco sea enajenado, aparece el due\u00f1o, proceder\u00e1 su restituci\u00f3n, previo el pago de las expensas de aprehensi\u00f3n y conservaci\u00f3n.&nbsp;<\/p>\n<p>Por \u00faltimo, previene el Decreto que el prestador del servicio que agote cualquiera de los procedimientos antes descritos, deber\u00e1 conservar a disposici\u00f3n de la autoridad competente copia \u00edntegra de todos los documentos, requerimientos y notificaciones, por un t\u00e9rmino no inferior a tres a\u00f1os, contados a partir de la fecha que en que recibe el bien para la prestaci\u00f3n del servicio.<\/p>\n<\/p>\n<p>Fuente:<\/p>\n<\/p>\n<p>Decreto 1413 del 3 de agosto de 2018<\/p>\n<\/p>\n<p><!-- AddThis Advanced Settings generic via filter on the_content --><!-- AddThis Share Buttons generic via filter on the_content --><\/p>\n","protected":false},"excerpt":{"rendered":"<p>A trav\u00e9s del Decreto 1413 del 3 de agosto de 2018, el cual regir\u00e1 a partir de los seis meses siguientes a su publicaci\u00f3n en el Diario Oficial&#8230;<\/p>\n","protected":false},"featured_media":10858,"template":"","meta":{"_acf_changed":false,"footnotes":""},"blog-category":[],"class_list":["post-10857","blog","type-blog","status-publish","has-post-thumbnail","hentry"],"acf":[],"yoast_head":"<!-- This site is optimized with the Yoast SEO plugin v27.4 - https:\/\/yoast.com\/product\/yoast-seo-wordpress\/ -->\n<title>Reglamentado el tratamiento sobre bienes abandonados por el consumidor - Auren Colombia<\/title>\n<meta name=\"robots\" content=\"index, follow, max-snippet:-1, max-image-preview:large, max-video-preview:-1\" \/>\n<link rel=\"canonical\" href=\"https:\/\/auren.com\/co\/blog\/reglamentado-el-tratamiento-sobre-bienes-abandonados-por-el-consumidor\/\" \/>\n<meta property=\"og:locale\" content=\"es_ES\" \/>\n<meta property=\"og:type\" content=\"article\" \/>\n<meta property=\"og:title\" content=\"Reglamentado el tratamiento sobre bienes abandonados por el consumidor - Auren Colombia\" \/>\n<meta property=\"og:description\" content=\"A trav\u00e9s del Decreto 1413 del 3 de agosto de 2018, el cual regir\u00e1 a partir de los seis meses siguientes a su publicaci\u00f3n en el Diario Oficial&#8230;\" \/>\n<meta property=\"og:url\" content=\"https:\/\/auren.com\/co\/blog\/reglamentado-el-tratamiento-sobre-bienes-abandonados-por-el-consumidor\/\" \/>\n<meta property=\"og:site_name\" content=\"Auren Colombia\" \/>\n<meta property=\"og:image\" content=\"https:\/\/auren.com\/co\/wp-content\/uploads\/2018\/08\/aprender-la-mano-de-la-mano-del-grupo-de-la-cooperacion-de-la-cooperacion-1418-43-3.jpg\" \/>\n\t<meta property=\"og:image:width\" content=\"626\" \/>\n\t<meta property=\"og:image:height\" content=\"417\" \/>\n\t<meta property=\"og:image:type\" content=\"image\/jpeg\" \/>\n<meta name=\"twitter:card\" content=\"summary_large_image\" \/>\n<meta name=\"twitter:site\" content=\"@AurenColombia\" \/>\n<meta name=\"twitter:label1\" content=\"Tiempo de lectura\" \/>\n\t<meta name=\"twitter:data1\" content=\"2 minutos\" \/>\n<script type=\"application\/ld+json\" class=\"yoast-schema-graph\">{\"@context\":\"https:\\\/\\\/schema.org\",\"@graph\":[{\"@type\":\"WebPage\",\"@id\":\"https:\\\/\\\/auren.com\\\/co\\\/blog\\\/reglamentado-el-tratamiento-sobre-bienes-abandonados-por-el-consumidor\\\/\",\"url\":\"https:\\\/\\\/auren.com\\\/co\\\/blog\\\/reglamentado-el-tratamiento-sobre-bienes-abandonados-por-el-consumidor\\\/\",\"name\":\"Reglamentado el tratamiento sobre bienes abandonados por el consumidor - Auren Colombia\",\"isPartOf\":{\"@id\":\"https:\\\/\\\/auren.com\\\/co\\\/#website\"},\"primaryImageOfPage\":{\"@id\":\"https:\\\/\\\/auren.com\\\/co\\\/blog\\\/reglamentado-el-tratamiento-sobre-bienes-abandonados-por-el-consumidor\\\/#primaryimage\"},\"image\":{\"@id\":\"https:\\\/\\\/auren.com\\\/co\\\/blog\\\/reglamentado-el-tratamiento-sobre-bienes-abandonados-por-el-consumidor\\\/#primaryimage\"},\"thumbnailUrl\":\"https:\\\/\\\/auren.com\\\/co\\\/wp-content\\\/uploads\\\/2018\\\/08\\\/aprender-la-mano-de-la-mano-del-grupo-de-la-cooperacion-de-la-cooperacion-1418-43-3.jpg\",\"datePublished\":\"2018-08-22T02:57:55+00:00\",\"breadcrumb\":{\"@id\":\"https:\\\/\\\/auren.com\\\/co\\\/blog\\\/reglamentado-el-tratamiento-sobre-bienes-abandonados-por-el-consumidor\\\/#breadcrumb\"},\"inLanguage\":\"es\",\"potentialAction\":[{\"@type\":\"ReadAction\",\"target\":[\"https:\\\/\\\/auren.com\\\/co\\\/blog\\\/reglamentado-el-tratamiento-sobre-bienes-abandonados-por-el-consumidor\\\/\"]}]},{\"@type\":\"ImageObject\",\"inLanguage\":\"es\",\"@id\":\"https:\\\/\\\/auren.com\\\/co\\\/blog\\\/reglamentado-el-tratamiento-sobre-bienes-abandonados-por-el-consumidor\\\/#primaryimage\",\"url\":\"https:\\\/\\\/auren.com\\\/co\\\/wp-content\\\/uploads\\\/2018\\\/08\\\/aprender-la-mano-de-la-mano-del-grupo-de-la-cooperacion-de-la-cooperacion-1418-43-3.jpg\",\"contentUrl\":\"https:\\\/\\\/auren.com\\\/co\\\/wp-content\\\/uploads\\\/2018\\\/08\\\/aprender-la-mano-de-la-mano-del-grupo-de-la-cooperacion-de-la-cooperacion-1418-43-3.jpg\",\"width\":626,\"height\":417},{\"@type\":\"BreadcrumbList\",\"@id\":\"https:\\\/\\\/auren.com\\\/co\\\/blog\\\/reglamentado-el-tratamiento-sobre-bienes-abandonados-por-el-consumidor\\\/#breadcrumb\",\"itemListElement\":[{\"@type\":\"ListItem\",\"position\":1,\"name\":\"Portada\",\"item\":\"https:\\\/\\\/auren.com\\\/co\\\/\"},{\"@type\":\"ListItem\",\"position\":2,\"name\":\"Reglamentado el tratamiento sobre bienes abandonados por el consumidor\"}]},{\"@type\":\"WebSite\",\"@id\":\"https:\\\/\\\/auren.com\\\/co\\\/#website\",\"url\":\"https:\\\/\\\/auren.com\\\/co\\\/\",\"name\":\"Auren Colombia\",\"description\":\"\",\"publisher\":{\"@id\":\"https:\\\/\\\/auren.com\\\/co\\\/#organization\"},\"potentialAction\":[{\"@type\":\"SearchAction\",\"target\":{\"@type\":\"EntryPoint\",\"urlTemplate\":\"https:\\\/\\\/auren.com\\\/co\\\/?s={search_term_string}\"},\"query-input\":{\"@type\":\"PropertyValueSpecification\",\"valueRequired\":true,\"valueName\":\"search_term_string\"}}],\"inLanguage\":\"es\"},{\"@type\":\"Organization\",\"@id\":\"https:\\\/\\\/auren.com\\\/co\\\/#organization\",\"name\":\"Auren Colombia\",\"url\":\"https:\\\/\\\/auren.com\\\/co\\\/\",\"logo\":{\"@type\":\"ImageObject\",\"inLanguage\":\"es\",\"@id\":\"https:\\\/\\\/auren.com\\\/co\\\/#\\\/schema\\\/logo\\\/image\\\/\",\"url\":\"https:\\\/\\\/auren.com\\\/co\\\/wp-content\\\/uploads\\\/2025\\\/01\\\/cropped-cropped-favicon-Auren.png\",\"contentUrl\":\"https:\\\/\\\/auren.com\\\/co\\\/wp-content\\\/uploads\\\/2025\\\/01\\\/cropped-cropped-favicon-Auren.png\",\"width\":512,\"height\":512,\"caption\":\"Auren Colombia\"},\"image\":{\"@id\":\"https:\\\/\\\/auren.com\\\/co\\\/#\\\/schema\\\/logo\\\/image\\\/\"},\"sameAs\":[\"https:\\\/\\\/x.com\\\/AurenColombia\",\"https:\\\/\\\/www.instagram.com\\\/aurencolombia\\\/\",\"https:\\\/\\\/www.youtube.com\\\/channel\\\/UCRYoGRMR_k4oVWesdErApmA\",\"https:\\\/\\\/www.linkedin.com\\\/company\\\/auren-colombia\"]}]}<\/script>\n<!-- \/ Yoast SEO plugin. -->","yoast_head_json":{"title":"Reglamentado el tratamiento sobre bienes abandonados por el consumidor - Auren Colombia","robots":{"index":"index","follow":"follow","max-snippet":"max-snippet:-1","max-image-preview":"max-image-preview:large","max-video-preview":"max-video-preview:-1"},"canonical":"https:\/\/auren.com\/co\/blog\/reglamentado-el-tratamiento-sobre-bienes-abandonados-por-el-consumidor\/","og_locale":"es_ES","og_type":"article","og_title":"Reglamentado el tratamiento sobre bienes abandonados por el consumidor - Auren Colombia","og_description":"A trav\u00e9s del Decreto 1413 del 3 de agosto de 2018, el cual regir\u00e1 a partir de los seis meses siguientes a su publicaci\u00f3n en el Diario Oficial&#8230;","og_url":"https:\/\/auren.com\/co\/blog\/reglamentado-el-tratamiento-sobre-bienes-abandonados-por-el-consumidor\/","og_site_name":"Auren Colombia","og_image":[{"width":626,"height":417,"url":"https:\/\/auren.com\/co\/wp-content\/uploads\/2018\/08\/aprender-la-mano-de-la-mano-del-grupo-de-la-cooperacion-de-la-cooperacion-1418-43-3.jpg","type":"image\/jpeg"}],"twitter_card":"summary_large_image","twitter_site":"@AurenColombia","twitter_misc":{"Tiempo de lectura":"2 minutos"},"schema":{"@context":"https:\/\/schema.org","@graph":[{"@type":"WebPage","@id":"https:\/\/auren.com\/co\/blog\/reglamentado-el-tratamiento-sobre-bienes-abandonados-por-el-consumidor\/","url":"https:\/\/auren.com\/co\/blog\/reglamentado-el-tratamiento-sobre-bienes-abandonados-por-el-consumidor\/","name":"Reglamentado el tratamiento sobre bienes abandonados por el consumidor - Auren Colombia","isPartOf":{"@id":"https:\/\/auren.com\/co\/#website"},"primaryImageOfPage":{"@id":"https:\/\/auren.com\/co\/blog\/reglamentado-el-tratamiento-sobre-bienes-abandonados-por-el-consumidor\/#primaryimage"},"image":{"@id":"https:\/\/auren.com\/co\/blog\/reglamentado-el-tratamiento-sobre-bienes-abandonados-por-el-consumidor\/#primaryimage"},"thumbnailUrl":"https:\/\/auren.com\/co\/wp-content\/uploads\/2018\/08\/aprender-la-mano-de-la-mano-del-grupo-de-la-cooperacion-de-la-cooperacion-1418-43-3.jpg","datePublished":"2018-08-22T02:57:55+00:00","breadcrumb":{"@id":"https:\/\/auren.com\/co\/blog\/reglamentado-el-tratamiento-sobre-bienes-abandonados-por-el-consumidor\/#breadcrumb"},"inLanguage":"es","potentialAction":[{"@type":"ReadAction","target":["https:\/\/auren.com\/co\/blog\/reglamentado-el-tratamiento-sobre-bienes-abandonados-por-el-consumidor\/"]}]},{"@type":"ImageObject","inLanguage":"es","@id":"https:\/\/auren.com\/co\/blog\/reglamentado-el-tratamiento-sobre-bienes-abandonados-por-el-consumidor\/#primaryimage","url":"https:\/\/auren.com\/co\/wp-content\/uploads\/2018\/08\/aprender-la-mano-de-la-mano-del-grupo-de-la-cooperacion-de-la-cooperacion-1418-43-3.jpg","contentUrl":"https:\/\/auren.com\/co\/wp-content\/uploads\/2018\/08\/aprender-la-mano-de-la-mano-del-grupo-de-la-cooperacion-de-la-cooperacion-1418-43-3.jpg","width":626,"height":417},{"@type":"BreadcrumbList","@id":"https:\/\/auren.com\/co\/blog\/reglamentado-el-tratamiento-sobre-bienes-abandonados-por-el-consumidor\/#breadcrumb","itemListElement":[{"@type":"ListItem","position":1,"name":"Portada","item":"https:\/\/auren.com\/co\/"},{"@type":"ListItem","position":2,"name":"Reglamentado el tratamiento sobre bienes abandonados por el consumidor"}]},{"@type":"WebSite","@id":"https:\/\/auren.com\/co\/#website","url":"https:\/\/auren.com\/co\/","name":"Auren Colombia","description":"","publisher":{"@id":"https:\/\/auren.com\/co\/#organization"},"potentialAction":[{"@type":"SearchAction","target":{"@type":"EntryPoint","urlTemplate":"https:\/\/auren.com\/co\/?s={search_term_string}"},"query-input":{"@type":"PropertyValueSpecification","valueRequired":true,"valueName":"search_term_string"}}],"inLanguage":"es"},{"@type":"Organization","@id":"https:\/\/auren.com\/co\/#organization","name":"Auren Colombia","url":"https:\/\/auren.com\/co\/","logo":{"@type":"ImageObject","inLanguage":"es","@id":"https:\/\/auren.com\/co\/#\/schema\/logo\/image\/","url":"https:\/\/auren.com\/co\/wp-content\/uploads\/2025\/01\/cropped-cropped-favicon-Auren.png","contentUrl":"https:\/\/auren.com\/co\/wp-content\/uploads\/2025\/01\/cropped-cropped-favicon-Auren.png","width":512,"height":512,"caption":"Auren Colombia"},"image":{"@id":"https:\/\/auren.com\/co\/#\/schema\/logo\/image\/"},"sameAs":["https:\/\/x.com\/AurenColombia","https:\/\/www.instagram.com\/aurencolombia\/","https:\/\/www.youtube.com\/channel\/UCRYoGRMR_k4oVWesdErApmA","https:\/\/www.linkedin.com\/company\/auren-colombia"]}]}},"_links":{"self":[{"href":"https:\/\/auren.com\/co\/wp-json\/wp\/v2\/blog\/10857","targetHints":{"allow":["GET"]}}],"collection":[{"href":"https:\/\/auren.com\/co\/wp-json\/wp\/v2\/blog"}],"about":[{"href":"https:\/\/auren.com\/co\/wp-json\/wp\/v2\/types\/blog"}],"version-history":[{"count":0,"href":"https:\/\/auren.com\/co\/wp-json\/wp\/v2\/blog\/10857\/revisions"}],"wp:featuredmedia":[{"embeddable":true,"href":"https:\/\/auren.com\/co\/wp-json\/wp\/v2\/media\/10858"}],"wp:attachment":[{"href":"https:\/\/auren.com\/co\/wp-json\/wp\/v2\/media?parent=10857"}],"wp:term":[{"taxonomy":"blog-category","embeddable":true,"href":"https:\/\/auren.com\/co\/wp-json\/wp\/v2\/blog-category?post=10857"}],"curies":[{"name":"wp","href":"https:\/\/api.w.org\/{rel}","templated":true}]}}