{"id":10866,"date":"2018-08-22T04:35:31","date_gmt":"2018-08-22T02:35:31","guid":{"rendered":"https:\/\/auren.com\/co\/blog\/corte-suprema-de-justicia-reitera-las-condiciones-para-pactar-los-pagos-no-salariales\/"},"modified":"2018-08-22T04:35:31","modified_gmt":"2018-08-22T02:35:31","slug":"corte-suprema-de-justicia-reitera-las-condiciones-para-pactar-los-pagos-no-salariales","status":"publish","type":"blog","link":"https:\/\/auren.com\/co\/blog\/corte-suprema-de-justicia-reitera-las-condiciones-para-pactar-los-pagos-no-salariales\/","title":{"rendered":"Corte Suprema de Justicia reitera las condiciones para pactar los pagos no salariales"},"content":{"rendered":"<\/p>\n<p class=\"text-justify\">La Corte Suprema de Justicia en reciente Sentencia record\u00f3 que por regla general, los pagos realizados al trabajador por su actividad subordinada corresponden a pagos salariales, a menos que correspondan a: (1) prestaciones sociales, (2) las sumas pagadas al trabajador para desempe\u00f1ar a cabalidad sus funciones, (3) sumas ocasionales y entregadas por mera liberalidad del empleador, (4) pagos que por disposici\u00f3n legal no son salario o que no poseen un prop\u00f3sito remunerativo, tales como subsidio familiar, indemnizaciones, vi\u00e1ticos accidentales y permanentes, estos \u00faltimos en la parte destinada al transporte y representaci\u00f3n, (5) beneficios o auxilios habituales u ocasionales acordados convencional o contractualmente u otorgados en forma extralegal por el empleador, cuando las partes hayan dispuesto expresamente que no constituyen salario, tales como alimentaci\u00f3n o vestuario, las primas extralegales de vacaciones, los de servicios o de navidad, presupuestos establecidos en el art\u00edculo 128 del C\u00f3digo Sustantivo del Trabajo (CST).&nbsp;<\/p>\n<p class=\"text-justify\"> Para que sea v\u00e1lido el pacto encaminado a determinar que ciertos beneficios o auxilios extralegales no tendr\u00e1n incidencia salarial, explic\u00f3 la Corte, el pacto debe ser expreso, claro, preciso y deben detallarse los rubros cobijados en \u00e9l, no siendo posible el establecimiento de cl\u00e1usulas globales o gen\u00e9ricas. Indic\u00f3 a su vez la Corte que el pacto debe ser tan expreso y detallado, que la duda en torno a la naturaleza de los pagos as\u00ed realizados, debe resolverse a favor de la regla general, esto es, que para todos los efectos el pago es de naturaleza salarial.&nbsp;   <\/p>\n<p class=\"text-justify\">Puntualiz\u00f3 la Corte que la facultad consagrada en el art\u00edculo 128 del CST, no permite despojar de su naturaleza salarial, un pago claramente remunerativo, cuya causa directa es el servicio prestado, reiterando que \u201c<i>la ley no autoriza a las partes para que dispongan que aquello que por esencia es salario, deje de serlo\u201d.<\/i>&nbsp;   <\/p>\n<p class=\"text-justify\">En el caso espec\u00edfico tratado en la Sentencia, la Corte estableci\u00f3 que lo denominado por el empleador de manera gen\u00e9rica como bonificaciones, correspond\u00edan en realidad a comisiones, en tanto se trataban de pagos relacionados con el cumplimiento de determinadas metas a cargo del trabajador, por lo cual concluy\u00f3 que su naturaleza era salarial, al ser remuneraciones ligadas al desempe\u00f1o de la actividad del trabajador.   &nbsp; <\/p>\n<p class=\"text-justify\">Resaltamos a nuestros lectores la importancia de aplicar correctamente las normas laborales para estructurar con rigurosidad los planes de desalarizaci\u00f3n al interior de cada organizaci\u00f3n, los cuales adem\u00e1s de flexibilidad en el aspecto laboral, permiten optimizar la carga parafiscal. <\/p>\n<\/p>\n<p>Fuente:<\/p>\n<\/p>\n<p>Corte Suprema de Justicia, Sala de Casaci\u00f3n Laboral, Sentencia 63988 del 16 de mayo de 2018<\/p>\n<\/p>\n<p><!-- AddThis Advanced Settings generic via filter on the_content --><!-- AddThis Share Buttons generic via filter on the_content --><\/p>\n","protected":false},"excerpt":{"rendered":"<p>La Corte Suprema de Justicia en reciente Sentencia record\u00f3 que por regla general, los pagos realizados al trabajador por su actividad subordinada corresponden a pagos salariales, a menos que correspondan a &#8230;<\/p>\n","protected":false},"featured_media":10867,"template":"","meta":{"_acf_changed":false,"footnotes":""},"blog-category":[],"class_list":["post-10866","blog","type-blog","status-publish","has-post-thumbnail","hentry"],"acf":[],"yoast_head":"<!-- This site is optimized with the Yoast SEO plugin v27.4 - https:\/\/yoast.com\/product\/yoast-seo-wordpress\/ -->\n<title>Corte Suprema de Justicia reitera las condiciones para pactar los pagos no salariales - Auren Colombia<\/title>\n<meta name=\"robots\" content=\"index, follow, max-snippet:-1, max-image-preview:large, max-video-preview:-1\" \/>\n<link rel=\"canonical\" href=\"https:\/\/auren.com\/co\/blog\/corte-suprema-de-justicia-reitera-las-condiciones-para-pactar-los-pagos-no-salariales\/\" \/>\n<meta property=\"og:locale\" content=\"es_ES\" \/>\n<meta property=\"og:type\" content=\"article\" \/>\n<meta property=\"og:title\" content=\"Corte Suprema de Justicia reitera las condiciones para pactar los pagos no salariales - Auren Colombia\" \/>\n<meta property=\"og:description\" content=\"La Corte Suprema de Justicia en reciente Sentencia record\u00f3 que por regla general, los pagos realizados al trabajador por su actividad subordinada corresponden a pagos salariales, a menos que correspondan a &#8230;\" \/>\n<meta property=\"og:url\" content=\"https:\/\/auren.com\/co\/blog\/corte-suprema-de-justicia-reitera-las-condiciones-para-pactar-los-pagos-no-salariales\/\" \/>\n<meta property=\"og:site_name\" content=\"Auren Colombia\" \/>\n<meta property=\"og:image\" content=\"https:\/\/auren.com\/co\/wp-content\/uploads\/2018\/08\/pagos-efectivo-1.jpg\" \/>\n\t<meta property=\"og:image:width\" content=\"1000\" \/>\n\t<meta property=\"og:image:height\" content=\"625\" \/>\n\t<meta property=\"og:image:type\" content=\"image\/jpeg\" \/>\n<meta name=\"twitter:card\" content=\"summary_large_image\" \/>\n<meta name=\"twitter:site\" content=\"@AurenColombia\" \/>\n<meta name=\"twitter:label1\" content=\"Tiempo de lectura\" \/>\n\t<meta name=\"twitter:data1\" content=\"2 minutos\" \/>\n<script type=\"application\/ld+json\" class=\"yoast-schema-graph\">{\"@context\":\"https:\\\/\\\/schema.org\",\"@graph\":[{\"@type\":\"WebPage\",\"@id\":\"https:\\\/\\\/auren.com\\\/co\\\/blog\\\/corte-suprema-de-justicia-reitera-las-condiciones-para-pactar-los-pagos-no-salariales\\\/\",\"url\":\"https:\\\/\\\/auren.com\\\/co\\\/blog\\\/corte-suprema-de-justicia-reitera-las-condiciones-para-pactar-los-pagos-no-salariales\\\/\",\"name\":\"Corte Suprema de Justicia reitera las condiciones para pactar los pagos no salariales - Auren Colombia\",\"isPartOf\":{\"@id\":\"https:\\\/\\\/auren.com\\\/co\\\/#website\"},\"primaryImageOfPage\":{\"@id\":\"https:\\\/\\\/auren.com\\\/co\\\/blog\\\/corte-suprema-de-justicia-reitera-las-condiciones-para-pactar-los-pagos-no-salariales\\\/#primaryimage\"},\"image\":{\"@id\":\"https:\\\/\\\/auren.com\\\/co\\\/blog\\\/corte-suprema-de-justicia-reitera-las-condiciones-para-pactar-los-pagos-no-salariales\\\/#primaryimage\"},\"thumbnailUrl\":\"https:\\\/\\\/auren.com\\\/co\\\/wp-content\\\/uploads\\\/2018\\\/08\\\/pagos-efectivo-1.jpg\",\"datePublished\":\"2018-08-22T02:35:31+00:00\",\"breadcrumb\":{\"@id\":\"https:\\\/\\\/auren.com\\\/co\\\/blog\\\/corte-suprema-de-justicia-reitera-las-condiciones-para-pactar-los-pagos-no-salariales\\\/#breadcrumb\"},\"inLanguage\":\"es\",\"potentialAction\":[{\"@type\":\"ReadAction\",\"target\":[\"https:\\\/\\\/auren.com\\\/co\\\/blog\\\/corte-suprema-de-justicia-reitera-las-condiciones-para-pactar-los-pagos-no-salariales\\\/\"]}]},{\"@type\":\"ImageObject\",\"inLanguage\":\"es\",\"@id\":\"https:\\\/\\\/auren.com\\\/co\\\/blog\\\/corte-suprema-de-justicia-reitera-las-condiciones-para-pactar-los-pagos-no-salariales\\\/#primaryimage\",\"url\":\"https:\\\/\\\/auren.com\\\/co\\\/wp-content\\\/uploads\\\/2018\\\/08\\\/pagos-efectivo-1.jpg\",\"contentUrl\":\"https:\\\/\\\/auren.com\\\/co\\\/wp-content\\\/uploads\\\/2018\\\/08\\\/pagos-efectivo-1.jpg\",\"width\":1000,\"height\":625},{\"@type\":\"BreadcrumbList\",\"@id\":\"https:\\\/\\\/auren.com\\\/co\\\/blog\\\/corte-suprema-de-justicia-reitera-las-condiciones-para-pactar-los-pagos-no-salariales\\\/#breadcrumb\",\"itemListElement\":[{\"@type\":\"ListItem\",\"position\":1,\"name\":\"Portada\",\"item\":\"https:\\\/\\\/auren.com\\\/co\\\/\"},{\"@type\":\"ListItem\",\"position\":2,\"name\":\"Corte Suprema de Justicia reitera las condiciones para pactar los pagos no salariales\"}]},{\"@type\":\"WebSite\",\"@id\":\"https:\\\/\\\/auren.com\\\/co\\\/#website\",\"url\":\"https:\\\/\\\/auren.com\\\/co\\\/\",\"name\":\"Auren Colombia\",\"description\":\"\",\"publisher\":{\"@id\":\"https:\\\/\\\/auren.com\\\/co\\\/#organization\"},\"potentialAction\":[{\"@type\":\"SearchAction\",\"target\":{\"@type\":\"EntryPoint\",\"urlTemplate\":\"https:\\\/\\\/auren.com\\\/co\\\/?s={search_term_string}\"},\"query-input\":{\"@type\":\"PropertyValueSpecification\",\"valueRequired\":true,\"valueName\":\"search_term_string\"}}],\"inLanguage\":\"es\"},{\"@type\":\"Organization\",\"@id\":\"https:\\\/\\\/auren.com\\\/co\\\/#organization\",\"name\":\"Auren Colombia\",\"url\":\"https:\\\/\\\/auren.com\\\/co\\\/\",\"logo\":{\"@type\":\"ImageObject\",\"inLanguage\":\"es\",\"@id\":\"https:\\\/\\\/auren.com\\\/co\\\/#\\\/schema\\\/logo\\\/image\\\/\",\"url\":\"https:\\\/\\\/auren.com\\\/co\\\/wp-content\\\/uploads\\\/2025\\\/01\\\/cropped-cropped-favicon-Auren.png\",\"contentUrl\":\"https:\\\/\\\/auren.com\\\/co\\\/wp-content\\\/uploads\\\/2025\\\/01\\\/cropped-cropped-favicon-Auren.png\",\"width\":512,\"height\":512,\"caption\":\"Auren Colombia\"},\"image\":{\"@id\":\"https:\\\/\\\/auren.com\\\/co\\\/#\\\/schema\\\/logo\\\/image\\\/\"},\"sameAs\":[\"https:\\\/\\\/x.com\\\/AurenColombia\",\"https:\\\/\\\/www.instagram.com\\\/aurencolombia\\\/\",\"https:\\\/\\\/www.youtube.com\\\/channel\\\/UCRYoGRMR_k4oVWesdErApmA\",\"https:\\\/\\\/www.linkedin.com\\\/company\\\/auren-colombia\"]}]}<\/script>\n<!-- \/ Yoast SEO plugin. -->","yoast_head_json":{"title":"Corte Suprema de Justicia reitera las condiciones para pactar los pagos no salariales - Auren Colombia","robots":{"index":"index","follow":"follow","max-snippet":"max-snippet:-1","max-image-preview":"max-image-preview:large","max-video-preview":"max-video-preview:-1"},"canonical":"https:\/\/auren.com\/co\/blog\/corte-suprema-de-justicia-reitera-las-condiciones-para-pactar-los-pagos-no-salariales\/","og_locale":"es_ES","og_type":"article","og_title":"Corte Suprema de Justicia reitera las condiciones para pactar los pagos no salariales - Auren Colombia","og_description":"La Corte Suprema de Justicia en reciente Sentencia record\u00f3 que por regla general, los pagos realizados al trabajador por su actividad subordinada corresponden a pagos salariales, a menos que correspondan a &#8230;","og_url":"https:\/\/auren.com\/co\/blog\/corte-suprema-de-justicia-reitera-las-condiciones-para-pactar-los-pagos-no-salariales\/","og_site_name":"Auren Colombia","og_image":[{"width":1000,"height":625,"url":"https:\/\/auren.com\/co\/wp-content\/uploads\/2018\/08\/pagos-efectivo-1.jpg","type":"image\/jpeg"}],"twitter_card":"summary_large_image","twitter_site":"@AurenColombia","twitter_misc":{"Tiempo de lectura":"2 minutos"},"schema":{"@context":"https:\/\/schema.org","@graph":[{"@type":"WebPage","@id":"https:\/\/auren.com\/co\/blog\/corte-suprema-de-justicia-reitera-las-condiciones-para-pactar-los-pagos-no-salariales\/","url":"https:\/\/auren.com\/co\/blog\/corte-suprema-de-justicia-reitera-las-condiciones-para-pactar-los-pagos-no-salariales\/","name":"Corte Suprema de Justicia reitera las condiciones para pactar los pagos no salariales - Auren Colombia","isPartOf":{"@id":"https:\/\/auren.com\/co\/#website"},"primaryImageOfPage":{"@id":"https:\/\/auren.com\/co\/blog\/corte-suprema-de-justicia-reitera-las-condiciones-para-pactar-los-pagos-no-salariales\/#primaryimage"},"image":{"@id":"https:\/\/auren.com\/co\/blog\/corte-suprema-de-justicia-reitera-las-condiciones-para-pactar-los-pagos-no-salariales\/#primaryimage"},"thumbnailUrl":"https:\/\/auren.com\/co\/wp-content\/uploads\/2018\/08\/pagos-efectivo-1.jpg","datePublished":"2018-08-22T02:35:31+00:00","breadcrumb":{"@id":"https:\/\/auren.com\/co\/blog\/corte-suprema-de-justicia-reitera-las-condiciones-para-pactar-los-pagos-no-salariales\/#breadcrumb"},"inLanguage":"es","potentialAction":[{"@type":"ReadAction","target":["https:\/\/auren.com\/co\/blog\/corte-suprema-de-justicia-reitera-las-condiciones-para-pactar-los-pagos-no-salariales\/"]}]},{"@type":"ImageObject","inLanguage":"es","@id":"https:\/\/auren.com\/co\/blog\/corte-suprema-de-justicia-reitera-las-condiciones-para-pactar-los-pagos-no-salariales\/#primaryimage","url":"https:\/\/auren.com\/co\/wp-content\/uploads\/2018\/08\/pagos-efectivo-1.jpg","contentUrl":"https:\/\/auren.com\/co\/wp-content\/uploads\/2018\/08\/pagos-efectivo-1.jpg","width":1000,"height":625},{"@type":"BreadcrumbList","@id":"https:\/\/auren.com\/co\/blog\/corte-suprema-de-justicia-reitera-las-condiciones-para-pactar-los-pagos-no-salariales\/#breadcrumb","itemListElement":[{"@type":"ListItem","position":1,"name":"Portada","item":"https:\/\/auren.com\/co\/"},{"@type":"ListItem","position":2,"name":"Corte Suprema de Justicia reitera las condiciones para pactar los pagos no salariales"}]},{"@type":"WebSite","@id":"https:\/\/auren.com\/co\/#website","url":"https:\/\/auren.com\/co\/","name":"Auren Colombia","description":"","publisher":{"@id":"https:\/\/auren.com\/co\/#organization"},"potentialAction":[{"@type":"SearchAction","target":{"@type":"EntryPoint","urlTemplate":"https:\/\/auren.com\/co\/?s={search_term_string}"},"query-input":{"@type":"PropertyValueSpecification","valueRequired":true,"valueName":"search_term_string"}}],"inLanguage":"es"},{"@type":"Organization","@id":"https:\/\/auren.com\/co\/#organization","name":"Auren Colombia","url":"https:\/\/auren.com\/co\/","logo":{"@type":"ImageObject","inLanguage":"es","@id":"https:\/\/auren.com\/co\/#\/schema\/logo\/image\/","url":"https:\/\/auren.com\/co\/wp-content\/uploads\/2025\/01\/cropped-cropped-favicon-Auren.png","contentUrl":"https:\/\/auren.com\/co\/wp-content\/uploads\/2025\/01\/cropped-cropped-favicon-Auren.png","width":512,"height":512,"caption":"Auren Colombia"},"image":{"@id":"https:\/\/auren.com\/co\/#\/schema\/logo\/image\/"},"sameAs":["https:\/\/x.com\/AurenColombia","https:\/\/www.instagram.com\/aurencolombia\/","https:\/\/www.youtube.com\/channel\/UCRYoGRMR_k4oVWesdErApmA","https:\/\/www.linkedin.com\/company\/auren-colombia"]}]}},"_links":{"self":[{"href":"https:\/\/auren.com\/co\/wp-json\/wp\/v2\/blog\/10866","targetHints":{"allow":["GET"]}}],"collection":[{"href":"https:\/\/auren.com\/co\/wp-json\/wp\/v2\/blog"}],"about":[{"href":"https:\/\/auren.com\/co\/wp-json\/wp\/v2\/types\/blog"}],"version-history":[{"count":0,"href":"https:\/\/auren.com\/co\/wp-json\/wp\/v2\/blog\/10866\/revisions"}],"wp:featuredmedia":[{"embeddable":true,"href":"https:\/\/auren.com\/co\/wp-json\/wp\/v2\/media\/10867"}],"wp:attachment":[{"href":"https:\/\/auren.com\/co\/wp-json\/wp\/v2\/media?parent=10866"}],"wp:term":[{"taxonomy":"blog-category","embeddable":true,"href":"https:\/\/auren.com\/co\/wp-json\/wp\/v2\/blog-category?post=10866"}],"curies":[{"name":"wp","href":"https:\/\/api.w.org\/{rel}","templated":true}]}}