{"id":10869,"date":"2018-08-22T04:26:16","date_gmt":"2018-08-22T02:26:16","guid":{"rendered":"https:\/\/auren.com\/co\/blog\/nuevos-lineamientos-en-tratamiento-de-datos-personales\/"},"modified":"2018-08-22T04:26:16","modified_gmt":"2018-08-22T02:26:16","slug":"nuevos-lineamientos-en-tratamiento-de-datos-personales","status":"publish","type":"blog","link":"https:\/\/auren.com\/co\/blog\/nuevos-lineamientos-en-tratamiento-de-datos-personales\/","title":{"rendered":"Nuevos lineamientos en tratamiento de datos personales"},"content":{"rendered":"<\/p>\n<p class=\"text-justify\">Mediante Circular Externa No. 3 del primero de agosto de 2018, la Superintendencia de Industria y Comercio (SIC) indic\u00f3 que las personas no obligadas a realizar el registro de sus bases de datos en el registro nacional de bases de datos (RNBD), conforme los par\u00e1metros del Decreto 90 de 2018, siguen estando obligadas a dar cumplimiento a las dem\u00e1s obligaciones establecidas en la Ley 1581 de 2012 sobre protecci\u00f3n de datos personales, dentro de las que se encuentran las de obtener autorizaci\u00f3n por parte del titular para el tratamiento de sus datos, establecer pol\u00edticas y procedimientos para su tratamiento, as\u00ed como dar oportuna respuesta a las consultas, reclamos y peticiones presentadas por los titulares de los datos personales.&nbsp;<\/p>\n<p class=\"text-justify\"> Adicionalmente, estableci\u00f3 una nueva obligaci\u00f3n para las personas no obligadas a realizar el registro de las bases de datos, bien sea que tengan la calidad de responsables o encargados de conformidad con la Ley 1581. Dispone la Circular comentada que los no obligados deber\u00e1n realizar el reporte de los incidentes de seguridad que afecten la informaci\u00f3n contenida en las bases de datos, mediante el aplicativo dispuesto para tal fin en la p\u00e1gina de la SIC o mediante los canales habilitados por la entidad para recibir comunicaciones, dentro de los 15 d\u00edas h\u00e1biles siguientes al momento en que se detecten o conozcan los incidentes.   <\/p>\n<p class=\"text-justify\">&nbsp;   <\/p>\n<p class=\"text-justify\">Por su parte, la Circular fij\u00f3 las fechas en las cuales se deber\u00e1 realizar la actualizaci\u00f3n de la informaci\u00f3n registrada en el RNBD, as\u00ed:   <\/p>\n<p class=\"text-justify\">&nbsp;   <\/p>\n<ul class=\"text-justify\">\n<li class=\"text-justify\">Dentro de los 10 d\u00edas h\u00e1biles de cada mes, a partir de la inscripci\u00f3n, cuando se realicen cambios sustanciales en la informaci\u00f3n reportada, definiendo por cambio sustancial los relacionados con la finalidad de las bases de datos, el encargado, los canales de atenci\u00f3n del titular, la clasificaci\u00f3n de los datos personales, las medidas de seguridad, la pol\u00edtica y la transferencia y transmisi\u00f3n internacional de datos personales.   <\/li>\n<li class=\"text-justify\">Anualmente, entre el 2 de enero y el 31 de marzo, a partir del 2020.   <\/li>\n<li class=\"text-justify\">Dentro de los 15 primeros d\u00edas h\u00e1biles de los meses de febrero y agosto de cada a\u00f1o, los responsables obligados a realizar el registro deben actualizar la informaci\u00f3n de los reclamos presentados por los titulares.   <\/li>\n<\/ul>\n<p class=\"text-justify\">&nbsp; &nbsp;   <\/p>\n<p class=\"text-justify\">Finalmente la entidad enfatiz\u00f3 el vencimiento de los plazos para realizar el respectivo registro:   <\/p>\n<p class=\"text-justify\">&nbsp;   <\/p>\n<ul class=\"text-justify\">\n<li class=\"text-justify\">30 de septiembre de 2018 para los responsables, sociedades y entidades sin \u00e1nimo de lucro, que tengan activos totales superiores a 610.000 UVT.   <\/li>\n<li class=\"text-justify\">30 de noviembre de 2018, para los responsables, sociedades y entidades sin \u00e1nimo de lucro que tengan activos totales superiores a 100.000 y hasta 610.000 UVT.<\/li>\n<li class=\"text-justify\">31 de enero de 2019 para las personas jur\u00eddicas de naturaleza p\u00fablica<\/li>\n<\/ul>\n<\/p>\n<p>Fuente:<\/p>\n<\/p>\n<p>Superintendencia de Industria y Comercio, Circular Externa No. 3 del primero de agosto de 2018<\/p>\n<\/p>\n<p><!-- AddThis Advanced Settings generic via filter on the_content --><!-- AddThis Share Buttons generic via filter on the_content --><\/p>\n","protected":false},"excerpt":{"rendered":"<p>Mediante Circular Externa No. 3 del primero de agosto de 2018, la Superintendencia de Industria y Comercio (SIC) indic\u00f3 que las personas no obligadas a realizar el registro de sus bases de datos en el registro nacional de bases de datos (RNBD).<\/p>\n","protected":false},"featured_media":10870,"template":"","meta":{"_acf_changed":false,"footnotes":""},"blog-category":[],"class_list":["post-10869","blog","type-blog","status-publish","has-post-thumbnail","hentry"],"acf":[],"yoast_head":"<!-- This site is optimized with the Yoast SEO plugin v27.4 - https:\/\/yoast.com\/product\/yoast-seo-wordpress\/ -->\n<title>Nuevos lineamientos en tratamiento de datos personales - Auren Colombia<\/title>\n<meta name=\"robots\" content=\"index, follow, max-snippet:-1, max-image-preview:large, max-video-preview:-1\" \/>\n<link rel=\"canonical\" href=\"https:\/\/auren.com\/co\/blog\/nuevos-lineamientos-en-tratamiento-de-datos-personales\/\" \/>\n<meta property=\"og:locale\" content=\"es_ES\" \/>\n<meta property=\"og:type\" content=\"article\" \/>\n<meta property=\"og:title\" content=\"Nuevos lineamientos en tratamiento de datos personales - Auren Colombia\" \/>\n<meta property=\"og:description\" content=\"Mediante Circular Externa No. 3 del primero de agosto de 2018, la Superintendencia de Industria y Comercio (SIC) indic\u00f3 que las personas no obligadas a realizar el registro de sus bases de datos en el registro nacional de bases de datos (RNBD).\" \/>\n<meta property=\"og:url\" content=\"https:\/\/auren.com\/co\/blog\/nuevos-lineamientos-en-tratamiento-de-datos-personales\/\" \/>\n<meta property=\"og:site_name\" content=\"Auren Colombia\" \/>\n<meta property=\"og:image\" content=\"https:\/\/auren.com\/co\/wp-content\/uploads\/2018\/08\/preview-3-3.jpg\" \/>\n\t<meta property=\"og:image:width\" content=\"830\" \/>\n\t<meta property=\"og:image:height\" content=\"623\" \/>\n\t<meta property=\"og:image:type\" content=\"image\/jpeg\" \/>\n<meta name=\"twitter:card\" content=\"summary_large_image\" \/>\n<meta name=\"twitter:site\" content=\"@AurenColombia\" \/>\n<meta name=\"twitter:label1\" content=\"Tiempo de lectura\" \/>\n\t<meta name=\"twitter:data1\" content=\"2 minutos\" \/>\n<script type=\"application\/ld+json\" class=\"yoast-schema-graph\">{\"@context\":\"https:\\\/\\\/schema.org\",\"@graph\":[{\"@type\":\"WebPage\",\"@id\":\"https:\\\/\\\/auren.com\\\/co\\\/blog\\\/nuevos-lineamientos-en-tratamiento-de-datos-personales\\\/\",\"url\":\"https:\\\/\\\/auren.com\\\/co\\\/blog\\\/nuevos-lineamientos-en-tratamiento-de-datos-personales\\\/\",\"name\":\"Nuevos lineamientos en tratamiento de datos personales - Auren Colombia\",\"isPartOf\":{\"@id\":\"https:\\\/\\\/auren.com\\\/co\\\/#website\"},\"primaryImageOfPage\":{\"@id\":\"https:\\\/\\\/auren.com\\\/co\\\/blog\\\/nuevos-lineamientos-en-tratamiento-de-datos-personales\\\/#primaryimage\"},\"image\":{\"@id\":\"https:\\\/\\\/auren.com\\\/co\\\/blog\\\/nuevos-lineamientos-en-tratamiento-de-datos-personales\\\/#primaryimage\"},\"thumbnailUrl\":\"https:\\\/\\\/auren.com\\\/co\\\/wp-content\\\/uploads\\\/2018\\\/08\\\/preview-3-3.jpg\",\"datePublished\":\"2018-08-22T02:26:16+00:00\",\"breadcrumb\":{\"@id\":\"https:\\\/\\\/auren.com\\\/co\\\/blog\\\/nuevos-lineamientos-en-tratamiento-de-datos-personales\\\/#breadcrumb\"},\"inLanguage\":\"es\",\"potentialAction\":[{\"@type\":\"ReadAction\",\"target\":[\"https:\\\/\\\/auren.com\\\/co\\\/blog\\\/nuevos-lineamientos-en-tratamiento-de-datos-personales\\\/\"]}]},{\"@type\":\"ImageObject\",\"inLanguage\":\"es\",\"@id\":\"https:\\\/\\\/auren.com\\\/co\\\/blog\\\/nuevos-lineamientos-en-tratamiento-de-datos-personales\\\/#primaryimage\",\"url\":\"https:\\\/\\\/auren.com\\\/co\\\/wp-content\\\/uploads\\\/2018\\\/08\\\/preview-3-3.jpg\",\"contentUrl\":\"https:\\\/\\\/auren.com\\\/co\\\/wp-content\\\/uploads\\\/2018\\\/08\\\/preview-3-3.jpg\",\"width\":830,\"height\":623},{\"@type\":\"BreadcrumbList\",\"@id\":\"https:\\\/\\\/auren.com\\\/co\\\/blog\\\/nuevos-lineamientos-en-tratamiento-de-datos-personales\\\/#breadcrumb\",\"itemListElement\":[{\"@type\":\"ListItem\",\"position\":1,\"name\":\"Portada\",\"item\":\"https:\\\/\\\/auren.com\\\/co\\\/\"},{\"@type\":\"ListItem\",\"position\":2,\"name\":\"Nuevos lineamientos en tratamiento de datos personales\"}]},{\"@type\":\"WebSite\",\"@id\":\"https:\\\/\\\/auren.com\\\/co\\\/#website\",\"url\":\"https:\\\/\\\/auren.com\\\/co\\\/\",\"name\":\"Auren Colombia\",\"description\":\"\",\"publisher\":{\"@id\":\"https:\\\/\\\/auren.com\\\/co\\\/#organization\"},\"potentialAction\":[{\"@type\":\"SearchAction\",\"target\":{\"@type\":\"EntryPoint\",\"urlTemplate\":\"https:\\\/\\\/auren.com\\\/co\\\/?s={search_term_string}\"},\"query-input\":{\"@type\":\"PropertyValueSpecification\",\"valueRequired\":true,\"valueName\":\"search_term_string\"}}],\"inLanguage\":\"es\"},{\"@type\":\"Organization\",\"@id\":\"https:\\\/\\\/auren.com\\\/co\\\/#organization\",\"name\":\"Auren Colombia\",\"url\":\"https:\\\/\\\/auren.com\\\/co\\\/\",\"logo\":{\"@type\":\"ImageObject\",\"inLanguage\":\"es\",\"@id\":\"https:\\\/\\\/auren.com\\\/co\\\/#\\\/schema\\\/logo\\\/image\\\/\",\"url\":\"https:\\\/\\\/auren.com\\\/co\\\/wp-content\\\/uploads\\\/2025\\\/01\\\/cropped-cropped-favicon-Auren.png\",\"contentUrl\":\"https:\\\/\\\/auren.com\\\/co\\\/wp-content\\\/uploads\\\/2025\\\/01\\\/cropped-cropped-favicon-Auren.png\",\"width\":512,\"height\":512,\"caption\":\"Auren Colombia\"},\"image\":{\"@id\":\"https:\\\/\\\/auren.com\\\/co\\\/#\\\/schema\\\/logo\\\/image\\\/\"},\"sameAs\":[\"https:\\\/\\\/x.com\\\/AurenColombia\",\"https:\\\/\\\/www.instagram.com\\\/aurencolombia\\\/\",\"https:\\\/\\\/www.youtube.com\\\/channel\\\/UCRYoGRMR_k4oVWesdErApmA\",\"https:\\\/\\\/www.linkedin.com\\\/company\\\/auren-colombia\"]}]}<\/script>\n<!-- \/ Yoast SEO plugin. -->","yoast_head_json":{"title":"Nuevos lineamientos en tratamiento de datos personales - Auren Colombia","robots":{"index":"index","follow":"follow","max-snippet":"max-snippet:-1","max-image-preview":"max-image-preview:large","max-video-preview":"max-video-preview:-1"},"canonical":"https:\/\/auren.com\/co\/blog\/nuevos-lineamientos-en-tratamiento-de-datos-personales\/","og_locale":"es_ES","og_type":"article","og_title":"Nuevos lineamientos en tratamiento de datos personales - Auren Colombia","og_description":"Mediante Circular Externa No. 3 del primero de agosto de 2018, la Superintendencia de Industria y Comercio (SIC) indic\u00f3 que las personas no obligadas a realizar el registro de sus bases de datos en el registro nacional de bases de datos (RNBD).","og_url":"https:\/\/auren.com\/co\/blog\/nuevos-lineamientos-en-tratamiento-de-datos-personales\/","og_site_name":"Auren Colombia","og_image":[{"width":830,"height":623,"url":"https:\/\/auren.com\/co\/wp-content\/uploads\/2018\/08\/preview-3-3.jpg","type":"image\/jpeg"}],"twitter_card":"summary_large_image","twitter_site":"@AurenColombia","twitter_misc":{"Tiempo de lectura":"2 minutos"},"schema":{"@context":"https:\/\/schema.org","@graph":[{"@type":"WebPage","@id":"https:\/\/auren.com\/co\/blog\/nuevos-lineamientos-en-tratamiento-de-datos-personales\/","url":"https:\/\/auren.com\/co\/blog\/nuevos-lineamientos-en-tratamiento-de-datos-personales\/","name":"Nuevos lineamientos en tratamiento de datos personales - Auren Colombia","isPartOf":{"@id":"https:\/\/auren.com\/co\/#website"},"primaryImageOfPage":{"@id":"https:\/\/auren.com\/co\/blog\/nuevos-lineamientos-en-tratamiento-de-datos-personales\/#primaryimage"},"image":{"@id":"https:\/\/auren.com\/co\/blog\/nuevos-lineamientos-en-tratamiento-de-datos-personales\/#primaryimage"},"thumbnailUrl":"https:\/\/auren.com\/co\/wp-content\/uploads\/2018\/08\/preview-3-3.jpg","datePublished":"2018-08-22T02:26:16+00:00","breadcrumb":{"@id":"https:\/\/auren.com\/co\/blog\/nuevos-lineamientos-en-tratamiento-de-datos-personales\/#breadcrumb"},"inLanguage":"es","potentialAction":[{"@type":"ReadAction","target":["https:\/\/auren.com\/co\/blog\/nuevos-lineamientos-en-tratamiento-de-datos-personales\/"]}]},{"@type":"ImageObject","inLanguage":"es","@id":"https:\/\/auren.com\/co\/blog\/nuevos-lineamientos-en-tratamiento-de-datos-personales\/#primaryimage","url":"https:\/\/auren.com\/co\/wp-content\/uploads\/2018\/08\/preview-3-3.jpg","contentUrl":"https:\/\/auren.com\/co\/wp-content\/uploads\/2018\/08\/preview-3-3.jpg","width":830,"height":623},{"@type":"BreadcrumbList","@id":"https:\/\/auren.com\/co\/blog\/nuevos-lineamientos-en-tratamiento-de-datos-personales\/#breadcrumb","itemListElement":[{"@type":"ListItem","position":1,"name":"Portada","item":"https:\/\/auren.com\/co\/"},{"@type":"ListItem","position":2,"name":"Nuevos lineamientos en tratamiento de datos personales"}]},{"@type":"WebSite","@id":"https:\/\/auren.com\/co\/#website","url":"https:\/\/auren.com\/co\/","name":"Auren Colombia","description":"","publisher":{"@id":"https:\/\/auren.com\/co\/#organization"},"potentialAction":[{"@type":"SearchAction","target":{"@type":"EntryPoint","urlTemplate":"https:\/\/auren.com\/co\/?s={search_term_string}"},"query-input":{"@type":"PropertyValueSpecification","valueRequired":true,"valueName":"search_term_string"}}],"inLanguage":"es"},{"@type":"Organization","@id":"https:\/\/auren.com\/co\/#organization","name":"Auren Colombia","url":"https:\/\/auren.com\/co\/","logo":{"@type":"ImageObject","inLanguage":"es","@id":"https:\/\/auren.com\/co\/#\/schema\/logo\/image\/","url":"https:\/\/auren.com\/co\/wp-content\/uploads\/2025\/01\/cropped-cropped-favicon-Auren.png","contentUrl":"https:\/\/auren.com\/co\/wp-content\/uploads\/2025\/01\/cropped-cropped-favicon-Auren.png","width":512,"height":512,"caption":"Auren Colombia"},"image":{"@id":"https:\/\/auren.com\/co\/#\/schema\/logo\/image\/"},"sameAs":["https:\/\/x.com\/AurenColombia","https:\/\/www.instagram.com\/aurencolombia\/","https:\/\/www.youtube.com\/channel\/UCRYoGRMR_k4oVWesdErApmA","https:\/\/www.linkedin.com\/company\/auren-colombia"]}]}},"_links":{"self":[{"href":"https:\/\/auren.com\/co\/wp-json\/wp\/v2\/blog\/10869","targetHints":{"allow":["GET"]}}],"collection":[{"href":"https:\/\/auren.com\/co\/wp-json\/wp\/v2\/blog"}],"about":[{"href":"https:\/\/auren.com\/co\/wp-json\/wp\/v2\/types\/blog"}],"version-history":[{"count":0,"href":"https:\/\/auren.com\/co\/wp-json\/wp\/v2\/blog\/10869\/revisions"}],"wp:featuredmedia":[{"embeddable":true,"href":"https:\/\/auren.com\/co\/wp-json\/wp\/v2\/media\/10870"}],"wp:attachment":[{"href":"https:\/\/auren.com\/co\/wp-json\/wp\/v2\/media?parent=10869"}],"wp:term":[{"taxonomy":"blog-category","embeddable":true,"href":"https:\/\/auren.com\/co\/wp-json\/wp\/v2\/blog-category?post=10869"}],"curies":[{"name":"wp","href":"https:\/\/api.w.org\/{rel}","templated":true}]}}