{"id":10881,"date":"2018-08-08T17:19:33","date_gmt":"2018-08-08T15:19:33","guid":{"rendered":"https:\/\/auren.com\/co\/blog\/consejo-tecnico-de-la-contaduria-publica-senala-que-la-responsabilidad-del-revisor-fiscal-cesa-con-la-inscripcion-en-el-registro-mercantil\/"},"modified":"2018-08-08T17:19:33","modified_gmt":"2018-08-08T15:19:33","slug":"consejo-tecnico-de-la-contaduria-publica-senala-que-la-responsabilidad-del-revisor-fiscal-cesa-con-la-inscripcion-en-el-registro-mercantil","status":"publish","type":"blog","link":"https:\/\/auren.com\/co\/blog\/consejo-tecnico-de-la-contaduria-publica-senala-que-la-responsabilidad-del-revisor-fiscal-cesa-con-la-inscripcion-en-el-registro-mercantil\/","title":{"rendered":"Consejo T\u00e9cnico de la Contadur\u00eda P\u00fablica se\u00f1ala que la responsabilidad del revisor fiscal cesa con la inscripci\u00f3n en el registro mercantil"},"content":{"rendered":"<\/p>\n<p class=\"text-justify\">Para el Consejo T\u00e9cnico de la Contadur\u00eda P\u00fablica, el revisor fiscal queda separado de su cargo y liberado de responsabilidad con la inscripci\u00f3n en el registro mercantil de copia del acta del respectivo \u00f3rgano en la cual se acepte la renuncia. Seg\u00fan la entidad, en estos casos el registro mercantil tendr\u00eda car\u00e1cter constitutivo, aduciendo que la sola renuncia del revisor, por s\u00ed sola, no es suficiente para cesar sus responsabilidades.&nbsp;   <\/p>\n<p class=\"text-justify\">El Consejo fundamenta su criterio en el art\u00edculo 164 del C\u00f3digo de Comercio, el cual establece que las personas inscritas en la C\u00e1mara de Comercio como revisores fiscales, conservar\u00e1n tal car\u00e1cter para todos los efectos legales, mientras no se cancele dicha inscripci\u00f3n mediante el registro de un nuevo nombramiento o elecci\u00f3n. Sin embargo, observamos que la entidad no tuvo en cuenta el condicionamiento que de tal norma realiz\u00f3 la Corte Constitucional mediante la Sentencia C-621 de 2003, a trav\u00e9s de la cual concluy\u00f3 que la responsabilidad que endilgan a los representantes legales y revisores fiscales salientes de sus cargos, mientras se registra un nuevo nombramiento, no puede carecer de l\u00edmites temporales y materiales, pues el registro depende de \u00f3rganos de la sociedad ajenos al revisor.&nbsp;<\/p>\n<p class=\"text-justify\"> En la referida Sentencia, la Corte adujo que a diferencia de otros registros que son de naturaleza real, como el registro inmobiliario, el registro mercantil es de naturaleza personal porque lo inscrito es la persona misma y los hechos y actos que a \u00e9l lo afectan frente a terceros, ante lo cual usualmente se le reconoce un car\u00e1cter meramente declarativo, por ser un mecanismo de publicidad, sin que la inscripci\u00f3n en el registro sea un requisito de aquellos que son necesarios para la existencia o para la validez de los actos jur\u00eddicos inscritos. En algunas circunstancias, la inscripci\u00f3n tiene efectos constitutivos, sin que dentro de ellas se encuentre el caso de la remoci\u00f3n del revisor fiscal.<\/p>\n<p class=\"text-justify\"> Recomendamos, siguiendo los lineamientos de la Corte, que en aquellos casos en los cuales el revisor haya renunciado a su cargo, sin que los \u00f3rganos de la sociedad registren oportunamente el acta respectiva, se d\u00e9 aviso ante la C\u00e1mara de Comercio con el fin de que tal informaci\u00f3n se incorpore en el certificado de existencia y representaci\u00f3n legal correspondiente a la sociedad.<\/p>\n<\/p>\n<p>Fuente:<\/p>\n<p>Consejo T\u00e9cnico de la Contadur\u00eda P\u00fablica, Concepto 596 del 17 de julio de 2018   <\/p>\n<\/p>\n<p><!-- AddThis Advanced Settings generic via filter on the_content --><!-- AddThis Share Buttons generic via filter on the_content --><\/p>\n","protected":false},"excerpt":{"rendered":"<p>Para el Consejo T\u00e9cnico de la Contadur\u00eda P\u00fablica, el revisor fiscal queda separado de su cargo y liberado de responsabilidad con la inscripci\u00f3n en el registro mercantil de copia del acta del respectivo \u00f3rgano en la cual se acepte la renuncia.<\/p>\n","protected":false},"featured_media":10882,"template":"","meta":{"_acf_changed":false,"footnotes":""},"blog-category":[],"class_list":["post-10881","blog","type-blog","status-publish","has-post-thumbnail","hentry"],"acf":[],"yoast_head":"<!-- This site is optimized with the Yoast SEO plugin v27.4 - https:\/\/yoast.com\/product\/yoast-seo-wordpress\/ -->\n<title>Consejo T\u00e9cnico de la Contadur\u00eda P\u00fablica se\u00f1ala que la responsabilidad del revisor fiscal cesa con la inscripci\u00f3n en el registro mercantil - Auren Colombia<\/title>\n<meta name=\"robots\" content=\"index, follow, max-snippet:-1, max-image-preview:large, max-video-preview:-1\" \/>\n<link rel=\"canonical\" href=\"https:\/\/auren.com\/co\/blog\/consejo-tecnico-de-la-contaduria-publica-senala-que-la-responsabilidad-del-revisor-fiscal-cesa-con-la-inscripcion-en-el-registro-mercantil\/\" \/>\n<meta property=\"og:locale\" content=\"es_ES\" \/>\n<meta property=\"og:type\" content=\"article\" \/>\n<meta property=\"og:title\" content=\"Consejo T\u00e9cnico de la Contadur\u00eda P\u00fablica se\u00f1ala que la responsabilidad del revisor fiscal cesa con la inscripci\u00f3n en el registro mercantil - Auren Colombia\" \/>\n<meta property=\"og:description\" content=\"Para el Consejo T\u00e9cnico de la Contadur\u00eda P\u00fablica, el revisor fiscal queda separado de su cargo y liberado de responsabilidad con la inscripci\u00f3n en el registro mercantil de copia del acta del respectivo \u00f3rgano en la cual se acepte la renuncia.\" \/>\n<meta property=\"og:url\" content=\"https:\/\/auren.com\/co\/blog\/consejo-tecnico-de-la-contaduria-publica-senala-que-la-responsabilidad-del-revisor-fiscal-cesa-con-la-inscripcion-en-el-registro-mercantil\/\" \/>\n<meta property=\"og:site_name\" content=\"Auren Colombia\" \/>\n<meta property=\"og:image\" content=\"https:\/\/auren.com\/co\/wp-content\/uploads\/2018\/08\/tributacion-fiscalizacion-auditoria-contabilidad-lupa-indagacion-investigacion-elfima20140925-0005-1-1.jpg\" \/>\n\t<meta property=\"og:image:width\" content=\"1000\" \/>\n\t<meta property=\"og:image:height\" content=\"667\" \/>\n\t<meta property=\"og:image:type\" content=\"image\/jpeg\" \/>\n<meta name=\"twitter:card\" content=\"summary_large_image\" \/>\n<meta name=\"twitter:site\" content=\"@AurenColombia\" \/>\n<meta name=\"twitter:label1\" content=\"Tiempo de lectura\" \/>\n\t<meta name=\"twitter:data1\" content=\"2 minutos\" \/>\n<script type=\"application\/ld+json\" class=\"yoast-schema-graph\">{\"@context\":\"https:\\\/\\\/schema.org\",\"@graph\":[{\"@type\":\"WebPage\",\"@id\":\"https:\\\/\\\/auren.com\\\/co\\\/blog\\\/consejo-tecnico-de-la-contaduria-publica-senala-que-la-responsabilidad-del-revisor-fiscal-cesa-con-la-inscripcion-en-el-registro-mercantil\\\/\",\"url\":\"https:\\\/\\\/auren.com\\\/co\\\/blog\\\/consejo-tecnico-de-la-contaduria-publica-senala-que-la-responsabilidad-del-revisor-fiscal-cesa-con-la-inscripcion-en-el-registro-mercantil\\\/\",\"name\":\"Consejo T\u00e9cnico de la Contadur\u00eda P\u00fablica se\u00f1ala que la responsabilidad del revisor fiscal cesa con la inscripci\u00f3n en el registro mercantil - Auren Colombia\",\"isPartOf\":{\"@id\":\"https:\\\/\\\/auren.com\\\/co\\\/#website\"},\"primaryImageOfPage\":{\"@id\":\"https:\\\/\\\/auren.com\\\/co\\\/blog\\\/consejo-tecnico-de-la-contaduria-publica-senala-que-la-responsabilidad-del-revisor-fiscal-cesa-con-la-inscripcion-en-el-registro-mercantil\\\/#primaryimage\"},\"image\":{\"@id\":\"https:\\\/\\\/auren.com\\\/co\\\/blog\\\/consejo-tecnico-de-la-contaduria-publica-senala-que-la-responsabilidad-del-revisor-fiscal-cesa-con-la-inscripcion-en-el-registro-mercantil\\\/#primaryimage\"},\"thumbnailUrl\":\"https:\\\/\\\/auren.com\\\/co\\\/wp-content\\\/uploads\\\/2018\\\/08\\\/tributacion-fiscalizacion-auditoria-contabilidad-lupa-indagacion-investigacion-elfima20140925-0005-1-1.jpg\",\"datePublished\":\"2018-08-08T15:19:33+00:00\",\"breadcrumb\":{\"@id\":\"https:\\\/\\\/auren.com\\\/co\\\/blog\\\/consejo-tecnico-de-la-contaduria-publica-senala-que-la-responsabilidad-del-revisor-fiscal-cesa-con-la-inscripcion-en-el-registro-mercantil\\\/#breadcrumb\"},\"inLanguage\":\"es\",\"potentialAction\":[{\"@type\":\"ReadAction\",\"target\":[\"https:\\\/\\\/auren.com\\\/co\\\/blog\\\/consejo-tecnico-de-la-contaduria-publica-senala-que-la-responsabilidad-del-revisor-fiscal-cesa-con-la-inscripcion-en-el-registro-mercantil\\\/\"]}]},{\"@type\":\"ImageObject\",\"inLanguage\":\"es\",\"@id\":\"https:\\\/\\\/auren.com\\\/co\\\/blog\\\/consejo-tecnico-de-la-contaduria-publica-senala-que-la-responsabilidad-del-revisor-fiscal-cesa-con-la-inscripcion-en-el-registro-mercantil\\\/#primaryimage\",\"url\":\"https:\\\/\\\/auren.com\\\/co\\\/wp-content\\\/uploads\\\/2018\\\/08\\\/tributacion-fiscalizacion-auditoria-contabilidad-lupa-indagacion-investigacion-elfima20140925-0005-1-1.jpg\",\"contentUrl\":\"https:\\\/\\\/auren.com\\\/co\\\/wp-content\\\/uploads\\\/2018\\\/08\\\/tributacion-fiscalizacion-auditoria-contabilidad-lupa-indagacion-investigacion-elfima20140925-0005-1-1.jpg\",\"width\":1000,\"height\":667},{\"@type\":\"BreadcrumbList\",\"@id\":\"https:\\\/\\\/auren.com\\\/co\\\/blog\\\/consejo-tecnico-de-la-contaduria-publica-senala-que-la-responsabilidad-del-revisor-fiscal-cesa-con-la-inscripcion-en-el-registro-mercantil\\\/#breadcrumb\",\"itemListElement\":[{\"@type\":\"ListItem\",\"position\":1,\"name\":\"Portada\",\"item\":\"https:\\\/\\\/auren.com\\\/co\\\/\"},{\"@type\":\"ListItem\",\"position\":2,\"name\":\"Consejo T\u00e9cnico de la Contadur\u00eda P\u00fablica se\u00f1ala que la responsabilidad del revisor fiscal cesa con la inscripci\u00f3n en el registro mercantil\"}]},{\"@type\":\"WebSite\",\"@id\":\"https:\\\/\\\/auren.com\\\/co\\\/#website\",\"url\":\"https:\\\/\\\/auren.com\\\/co\\\/\",\"name\":\"Auren Colombia\",\"description\":\"\",\"publisher\":{\"@id\":\"https:\\\/\\\/auren.com\\\/co\\\/#organization\"},\"potentialAction\":[{\"@type\":\"SearchAction\",\"target\":{\"@type\":\"EntryPoint\",\"urlTemplate\":\"https:\\\/\\\/auren.com\\\/co\\\/?s={search_term_string}\"},\"query-input\":{\"@type\":\"PropertyValueSpecification\",\"valueRequired\":true,\"valueName\":\"search_term_string\"}}],\"inLanguage\":\"es\"},{\"@type\":\"Organization\",\"@id\":\"https:\\\/\\\/auren.com\\\/co\\\/#organization\",\"name\":\"Auren Colombia\",\"url\":\"https:\\\/\\\/auren.com\\\/co\\\/\",\"logo\":{\"@type\":\"ImageObject\",\"inLanguage\":\"es\",\"@id\":\"https:\\\/\\\/auren.com\\\/co\\\/#\\\/schema\\\/logo\\\/image\\\/\",\"url\":\"https:\\\/\\\/auren.com\\\/co\\\/wp-content\\\/uploads\\\/2025\\\/01\\\/cropped-cropped-favicon-Auren.png\",\"contentUrl\":\"https:\\\/\\\/auren.com\\\/co\\\/wp-content\\\/uploads\\\/2025\\\/01\\\/cropped-cropped-favicon-Auren.png\",\"width\":512,\"height\":512,\"caption\":\"Auren Colombia\"},\"image\":{\"@id\":\"https:\\\/\\\/auren.com\\\/co\\\/#\\\/schema\\\/logo\\\/image\\\/\"},\"sameAs\":[\"https:\\\/\\\/x.com\\\/AurenColombia\",\"https:\\\/\\\/www.instagram.com\\\/aurencolombia\\\/\",\"https:\\\/\\\/www.youtube.com\\\/channel\\\/UCRYoGRMR_k4oVWesdErApmA\",\"https:\\\/\\\/www.linkedin.com\\\/company\\\/auren-colombia\"]}]}<\/script>\n<!-- \/ Yoast SEO plugin. -->","yoast_head_json":{"title":"Consejo T\u00e9cnico de la Contadur\u00eda P\u00fablica se\u00f1ala que la responsabilidad del revisor fiscal cesa con la inscripci\u00f3n en el registro mercantil - Auren Colombia","robots":{"index":"index","follow":"follow","max-snippet":"max-snippet:-1","max-image-preview":"max-image-preview:large","max-video-preview":"max-video-preview:-1"},"canonical":"https:\/\/auren.com\/co\/blog\/consejo-tecnico-de-la-contaduria-publica-senala-que-la-responsabilidad-del-revisor-fiscal-cesa-con-la-inscripcion-en-el-registro-mercantil\/","og_locale":"es_ES","og_type":"article","og_title":"Consejo T\u00e9cnico de la Contadur\u00eda P\u00fablica se\u00f1ala que la responsabilidad del revisor fiscal cesa con la inscripci\u00f3n en el registro mercantil - Auren Colombia","og_description":"Para el Consejo T\u00e9cnico de la Contadur\u00eda P\u00fablica, el revisor fiscal queda separado de su cargo y liberado de responsabilidad con la inscripci\u00f3n en el registro mercantil de copia del acta del respectivo \u00f3rgano en la cual se acepte la renuncia.","og_url":"https:\/\/auren.com\/co\/blog\/consejo-tecnico-de-la-contaduria-publica-senala-que-la-responsabilidad-del-revisor-fiscal-cesa-con-la-inscripcion-en-el-registro-mercantil\/","og_site_name":"Auren Colombia","og_image":[{"width":1000,"height":667,"url":"https:\/\/auren.com\/co\/wp-content\/uploads\/2018\/08\/tributacion-fiscalizacion-auditoria-contabilidad-lupa-indagacion-investigacion-elfima20140925-0005-1-1.jpg","type":"image\/jpeg"}],"twitter_card":"summary_large_image","twitter_site":"@AurenColombia","twitter_misc":{"Tiempo de lectura":"2 minutos"},"schema":{"@context":"https:\/\/schema.org","@graph":[{"@type":"WebPage","@id":"https:\/\/auren.com\/co\/blog\/consejo-tecnico-de-la-contaduria-publica-senala-que-la-responsabilidad-del-revisor-fiscal-cesa-con-la-inscripcion-en-el-registro-mercantil\/","url":"https:\/\/auren.com\/co\/blog\/consejo-tecnico-de-la-contaduria-publica-senala-que-la-responsabilidad-del-revisor-fiscal-cesa-con-la-inscripcion-en-el-registro-mercantil\/","name":"Consejo T\u00e9cnico de la Contadur\u00eda P\u00fablica se\u00f1ala que la responsabilidad del revisor fiscal cesa con la inscripci\u00f3n en el registro mercantil - Auren Colombia","isPartOf":{"@id":"https:\/\/auren.com\/co\/#website"},"primaryImageOfPage":{"@id":"https:\/\/auren.com\/co\/blog\/consejo-tecnico-de-la-contaduria-publica-senala-que-la-responsabilidad-del-revisor-fiscal-cesa-con-la-inscripcion-en-el-registro-mercantil\/#primaryimage"},"image":{"@id":"https:\/\/auren.com\/co\/blog\/consejo-tecnico-de-la-contaduria-publica-senala-que-la-responsabilidad-del-revisor-fiscal-cesa-con-la-inscripcion-en-el-registro-mercantil\/#primaryimage"},"thumbnailUrl":"https:\/\/auren.com\/co\/wp-content\/uploads\/2018\/08\/tributacion-fiscalizacion-auditoria-contabilidad-lupa-indagacion-investigacion-elfima20140925-0005-1-1.jpg","datePublished":"2018-08-08T15:19:33+00:00","breadcrumb":{"@id":"https:\/\/auren.com\/co\/blog\/consejo-tecnico-de-la-contaduria-publica-senala-que-la-responsabilidad-del-revisor-fiscal-cesa-con-la-inscripcion-en-el-registro-mercantil\/#breadcrumb"},"inLanguage":"es","potentialAction":[{"@type":"ReadAction","target":["https:\/\/auren.com\/co\/blog\/consejo-tecnico-de-la-contaduria-publica-senala-que-la-responsabilidad-del-revisor-fiscal-cesa-con-la-inscripcion-en-el-registro-mercantil\/"]}]},{"@type":"ImageObject","inLanguage":"es","@id":"https:\/\/auren.com\/co\/blog\/consejo-tecnico-de-la-contaduria-publica-senala-que-la-responsabilidad-del-revisor-fiscal-cesa-con-la-inscripcion-en-el-registro-mercantil\/#primaryimage","url":"https:\/\/auren.com\/co\/wp-content\/uploads\/2018\/08\/tributacion-fiscalizacion-auditoria-contabilidad-lupa-indagacion-investigacion-elfima20140925-0005-1-1.jpg","contentUrl":"https:\/\/auren.com\/co\/wp-content\/uploads\/2018\/08\/tributacion-fiscalizacion-auditoria-contabilidad-lupa-indagacion-investigacion-elfima20140925-0005-1-1.jpg","width":1000,"height":667},{"@type":"BreadcrumbList","@id":"https:\/\/auren.com\/co\/blog\/consejo-tecnico-de-la-contaduria-publica-senala-que-la-responsabilidad-del-revisor-fiscal-cesa-con-la-inscripcion-en-el-registro-mercantil\/#breadcrumb","itemListElement":[{"@type":"ListItem","position":1,"name":"Portada","item":"https:\/\/auren.com\/co\/"},{"@type":"ListItem","position":2,"name":"Consejo T\u00e9cnico de la Contadur\u00eda P\u00fablica se\u00f1ala que la responsabilidad del revisor fiscal cesa con la inscripci\u00f3n en el registro mercantil"}]},{"@type":"WebSite","@id":"https:\/\/auren.com\/co\/#website","url":"https:\/\/auren.com\/co\/","name":"Auren Colombia","description":"","publisher":{"@id":"https:\/\/auren.com\/co\/#organization"},"potentialAction":[{"@type":"SearchAction","target":{"@type":"EntryPoint","urlTemplate":"https:\/\/auren.com\/co\/?s={search_term_string}"},"query-input":{"@type":"PropertyValueSpecification","valueRequired":true,"valueName":"search_term_string"}}],"inLanguage":"es"},{"@type":"Organization","@id":"https:\/\/auren.com\/co\/#organization","name":"Auren Colombia","url":"https:\/\/auren.com\/co\/","logo":{"@type":"ImageObject","inLanguage":"es","@id":"https:\/\/auren.com\/co\/#\/schema\/logo\/image\/","url":"https:\/\/auren.com\/co\/wp-content\/uploads\/2025\/01\/cropped-cropped-favicon-Auren.png","contentUrl":"https:\/\/auren.com\/co\/wp-content\/uploads\/2025\/01\/cropped-cropped-favicon-Auren.png","width":512,"height":512,"caption":"Auren Colombia"},"image":{"@id":"https:\/\/auren.com\/co\/#\/schema\/logo\/image\/"},"sameAs":["https:\/\/x.com\/AurenColombia","https:\/\/www.instagram.com\/aurencolombia\/","https:\/\/www.youtube.com\/channel\/UCRYoGRMR_k4oVWesdErApmA","https:\/\/www.linkedin.com\/company\/auren-colombia"]}]}},"_links":{"self":[{"href":"https:\/\/auren.com\/co\/wp-json\/wp\/v2\/blog\/10881","targetHints":{"allow":["GET"]}}],"collection":[{"href":"https:\/\/auren.com\/co\/wp-json\/wp\/v2\/blog"}],"about":[{"href":"https:\/\/auren.com\/co\/wp-json\/wp\/v2\/types\/blog"}],"version-history":[{"count":0,"href":"https:\/\/auren.com\/co\/wp-json\/wp\/v2\/blog\/10881\/revisions"}],"wp:featuredmedia":[{"embeddable":true,"href":"https:\/\/auren.com\/co\/wp-json\/wp\/v2\/media\/10882"}],"wp:attachment":[{"href":"https:\/\/auren.com\/co\/wp-json\/wp\/v2\/media?parent=10881"}],"wp:term":[{"taxonomy":"blog-category","embeddable":true,"href":"https:\/\/auren.com\/co\/wp-json\/wp\/v2\/blog-category?post=10881"}],"curies":[{"name":"wp","href":"https:\/\/api.w.org\/{rel}","templated":true}]}}