{"id":10887,"date":"2018-08-08T16:57:12","date_gmt":"2018-08-08T14:57:12","guid":{"rendered":"https:\/\/auren.com\/co\/blog\/dian-expide-concepto-general-unificado-relacionado-con-el-impuesto-sobre-la-renta-para-personas-naturales\/"},"modified":"2018-08-08T16:57:12","modified_gmt":"2018-08-08T14:57:12","slug":"dian-expide-concepto-general-unificado-relacionado-con-el-impuesto-sobre-la-renta-para-personas-naturales","status":"publish","type":"blog","link":"https:\/\/auren.com\/co\/blog\/dian-expide-concepto-general-unificado-relacionado-con-el-impuesto-sobre-la-renta-para-personas-naturales\/","title":{"rendered":"DIAN expide Concepto General Unificado relacionado con el impuesto sobre la renta para personas naturales"},"content":{"rendered":"<\/p>\n<p>DIAN expidi\u00f3 el Concepto General Unificado 912 del 19 de julio de 2018, relacionado con el impuesto sobre la renta para personas naturales, considerando las modificaciones que al respecto se introdujeron en el Estatuto Tributario (ET) por la ley 1819 del 2016. Entre otros aspectos, se destaca:   <\/p>\n<p>&nbsp;   <\/p>\n<ul>\n<li>Se precisan los par\u00e1metros para clasificar una renta como no laboral y aquellas cuya naturaleza corresponde a la compensaci\u00f3n de servicios personales como rentas de trabajo.   <\/li>\n<li>Precisa que los intereses sobre las cesant\u00edas y los rendimientos provenientes de los aportes de fondos de pensi\u00f3n voluntaria se clasifica dentro de la c\u00e9dula de rentas de capital. Frente a estos \u00faltimos, se\u00f1ala que en el a\u00f1o en que sean retirados se analizar\u00e1 si cumplen las condiciones para ser renta exenta, caso en el cual aplicar\u00eda la limitaci\u00f3n porcentual establecida en el art\u00edculo 339 del ET; si no se cumplen requisitos, ser\u00eda un ingreso gravado en las rentas de capital.   <\/li>\n<li>Interpreta la DIAN que la naturaleza de ingresos no constitutivos de renta ni ganancia ocasional por aportes voluntarios al sistema general de seguridad social en pensiones que establece el art\u00edculo 55 del ET, \u00fanicamente es aplicable para el r\u00e9gimen de ahorro individual con solidaridad, no siendo aplicable para el r\u00e9gimen de prima media con prestaci\u00f3n definida.   <\/li>\n<li>Aduciendo que no hay menci\u00f3n expresa en la ley respecto de la naturaleza de los aportes al sistema de riesgos laborales, la DIAN los considera como no constitutivos de renta, d\u00e1ndoles un trato igualitario frente a los aportes a salud y pensi\u00f3n, considerando que los tres conforman el sistema de seguridad social integral.   <\/li>\n<li>Considera la DIAN que las indemnizaciones por despido injusto y las bonificaciones por retiro tienen naturaleza salarial y en tal sentido deben incluirse dentro de la c\u00e9dula de rentas de trabajo.   <\/li>\n<li>Las indemnizaciones por concepto de seguro de vida son renta exenta seg\u00fan el art\u00edculo 223 del ET. La DIAN las considera como rentas no laborales y en tal sentido la exenci\u00f3n no podr\u00eda superar el 10% del ingreso neto.<\/li>\n<li>Frente a la deducci\u00f3n del gravamen a los movimientos financieros (cuatro por mil) respecto de cuentas en la que se perciben ingresos de diferentes c\u00e9dulas, la DIAN considera que el contribuyente podr\u00eda imputarla a una sola c\u00e9dula o de forma proporcional a las c\u00e9dulas a las que corresponda el ingreso.<\/li>\n<\/ul>\n<p>Fuente:<\/p>\n<p>DIAN, Concepto General Unificado 912 del 19 de julio de 2018   <\/p>\n<\/p>\n<p><!-- AddThis Advanced Settings generic via filter on the_content --><!-- AddThis Share Buttons generic via filter on the_content --><\/p>\n","protected":false},"excerpt":{"rendered":"<p>DIAN expidi\u00f3 el Concepto General Unificado 912 del 19 de julio de 2018, relacionado con el impuesto sobre la renta para personas naturales, considerando las modificaciones que al respecto se introdujeron en el Estatuto Tributario (ET) por la ley 1819 del 2016.<\/p>\n","protected":false},"featured_media":10888,"template":"","meta":{"_acf_changed":false,"footnotes":""},"blog-category":[],"class_list":["post-10887","blog","type-blog","status-publish","has-post-thumbnail","hentry"],"acf":[],"yoast_head":"<!-- This site is optimized with the Yoast SEO plugin v27.4 - https:\/\/yoast.com\/product\/yoast-seo-wordpress\/ -->\n<title>DIAN expide Concepto General Unificado relacionado con el impuesto sobre la renta para personas naturales - Auren Colombia<\/title>\n<meta name=\"robots\" content=\"index, follow, max-snippet:-1, max-image-preview:large, max-video-preview:-1\" \/>\n<link rel=\"canonical\" href=\"https:\/\/auren.com\/co\/blog\/dian-expide-concepto-general-unificado-relacionado-con-el-impuesto-sobre-la-renta-para-personas-naturales\/\" \/>\n<meta property=\"og:locale\" content=\"es_ES\" \/>\n<meta property=\"og:type\" content=\"article\" \/>\n<meta property=\"og:title\" content=\"DIAN expide Concepto General Unificado relacionado con el impuesto sobre la renta para personas naturales - Auren Colombia\" \/>\n<meta property=\"og:description\" content=\"DIAN expidi\u00f3 el Concepto General Unificado 912 del 19 de julio de 2018, relacionado con el impuesto sobre la renta para personas naturales, considerando las modificaciones que al respecto se introdujeron en el Estatuto Tributario (ET) por la ley 1819 del 2016.\" \/>\n<meta property=\"og:url\" content=\"https:\/\/auren.com\/co\/blog\/dian-expide-concepto-general-unificado-relacionado-con-el-impuesto-sobre-la-renta-para-personas-naturales\/\" \/>\n<meta property=\"og:site_name\" content=\"Auren Colombia\" \/>\n<meta property=\"og:image\" content=\"https:\/\/auren.com\/co\/wp-content\/uploads\/2018\/08\/documentos-estadisticos-sobre-un-escritorio-con-hombre-de-negocios-1098-292-3.jpg\" \/>\n\t<meta property=\"og:image:width\" content=\"626\" \/>\n\t<meta property=\"og:image:height\" content=\"417\" \/>\n\t<meta property=\"og:image:type\" content=\"image\/jpeg\" \/>\n<meta name=\"twitter:card\" content=\"summary_large_image\" \/>\n<meta name=\"twitter:site\" content=\"@AurenColombia\" \/>\n<meta name=\"twitter:label1\" content=\"Tiempo de lectura\" \/>\n\t<meta name=\"twitter:data1\" content=\"2 minutos\" \/>\n<script type=\"application\/ld+json\" class=\"yoast-schema-graph\">{\"@context\":\"https:\\\/\\\/schema.org\",\"@graph\":[{\"@type\":\"WebPage\",\"@id\":\"https:\\\/\\\/auren.com\\\/co\\\/blog\\\/dian-expide-concepto-general-unificado-relacionado-con-el-impuesto-sobre-la-renta-para-personas-naturales\\\/\",\"url\":\"https:\\\/\\\/auren.com\\\/co\\\/blog\\\/dian-expide-concepto-general-unificado-relacionado-con-el-impuesto-sobre-la-renta-para-personas-naturales\\\/\",\"name\":\"DIAN expide Concepto General Unificado relacionado con el impuesto sobre la renta para personas naturales - Auren Colombia\",\"isPartOf\":{\"@id\":\"https:\\\/\\\/auren.com\\\/co\\\/#website\"},\"primaryImageOfPage\":{\"@id\":\"https:\\\/\\\/auren.com\\\/co\\\/blog\\\/dian-expide-concepto-general-unificado-relacionado-con-el-impuesto-sobre-la-renta-para-personas-naturales\\\/#primaryimage\"},\"image\":{\"@id\":\"https:\\\/\\\/auren.com\\\/co\\\/blog\\\/dian-expide-concepto-general-unificado-relacionado-con-el-impuesto-sobre-la-renta-para-personas-naturales\\\/#primaryimage\"},\"thumbnailUrl\":\"https:\\\/\\\/auren.com\\\/co\\\/wp-content\\\/uploads\\\/2018\\\/08\\\/documentos-estadisticos-sobre-un-escritorio-con-hombre-de-negocios-1098-292-3.jpg\",\"datePublished\":\"2018-08-08T14:57:12+00:00\",\"breadcrumb\":{\"@id\":\"https:\\\/\\\/auren.com\\\/co\\\/blog\\\/dian-expide-concepto-general-unificado-relacionado-con-el-impuesto-sobre-la-renta-para-personas-naturales\\\/#breadcrumb\"},\"inLanguage\":\"es\",\"potentialAction\":[{\"@type\":\"ReadAction\",\"target\":[\"https:\\\/\\\/auren.com\\\/co\\\/blog\\\/dian-expide-concepto-general-unificado-relacionado-con-el-impuesto-sobre-la-renta-para-personas-naturales\\\/\"]}]},{\"@type\":\"ImageObject\",\"inLanguage\":\"es\",\"@id\":\"https:\\\/\\\/auren.com\\\/co\\\/blog\\\/dian-expide-concepto-general-unificado-relacionado-con-el-impuesto-sobre-la-renta-para-personas-naturales\\\/#primaryimage\",\"url\":\"https:\\\/\\\/auren.com\\\/co\\\/wp-content\\\/uploads\\\/2018\\\/08\\\/documentos-estadisticos-sobre-un-escritorio-con-hombre-de-negocios-1098-292-3.jpg\",\"contentUrl\":\"https:\\\/\\\/auren.com\\\/co\\\/wp-content\\\/uploads\\\/2018\\\/08\\\/documentos-estadisticos-sobre-un-escritorio-con-hombre-de-negocios-1098-292-3.jpg\",\"width\":626,\"height\":417},{\"@type\":\"BreadcrumbList\",\"@id\":\"https:\\\/\\\/auren.com\\\/co\\\/blog\\\/dian-expide-concepto-general-unificado-relacionado-con-el-impuesto-sobre-la-renta-para-personas-naturales\\\/#breadcrumb\",\"itemListElement\":[{\"@type\":\"ListItem\",\"position\":1,\"name\":\"Portada\",\"item\":\"https:\\\/\\\/auren.com\\\/co\\\/\"},{\"@type\":\"ListItem\",\"position\":2,\"name\":\"DIAN expide Concepto General Unificado relacionado con el impuesto sobre la renta para personas naturales\"}]},{\"@type\":\"WebSite\",\"@id\":\"https:\\\/\\\/auren.com\\\/co\\\/#website\",\"url\":\"https:\\\/\\\/auren.com\\\/co\\\/\",\"name\":\"Auren Colombia\",\"description\":\"\",\"publisher\":{\"@id\":\"https:\\\/\\\/auren.com\\\/co\\\/#organization\"},\"potentialAction\":[{\"@type\":\"SearchAction\",\"target\":{\"@type\":\"EntryPoint\",\"urlTemplate\":\"https:\\\/\\\/auren.com\\\/co\\\/?s={search_term_string}\"},\"query-input\":{\"@type\":\"PropertyValueSpecification\",\"valueRequired\":true,\"valueName\":\"search_term_string\"}}],\"inLanguage\":\"es\"},{\"@type\":\"Organization\",\"@id\":\"https:\\\/\\\/auren.com\\\/co\\\/#organization\",\"name\":\"Auren Colombia\",\"url\":\"https:\\\/\\\/auren.com\\\/co\\\/\",\"logo\":{\"@type\":\"ImageObject\",\"inLanguage\":\"es\",\"@id\":\"https:\\\/\\\/auren.com\\\/co\\\/#\\\/schema\\\/logo\\\/image\\\/\",\"url\":\"https:\\\/\\\/auren.com\\\/co\\\/wp-content\\\/uploads\\\/2025\\\/01\\\/cropped-cropped-favicon-Auren.png\",\"contentUrl\":\"https:\\\/\\\/auren.com\\\/co\\\/wp-content\\\/uploads\\\/2025\\\/01\\\/cropped-cropped-favicon-Auren.png\",\"width\":512,\"height\":512,\"caption\":\"Auren Colombia\"},\"image\":{\"@id\":\"https:\\\/\\\/auren.com\\\/co\\\/#\\\/schema\\\/logo\\\/image\\\/\"},\"sameAs\":[\"https:\\\/\\\/x.com\\\/AurenColombia\",\"https:\\\/\\\/www.instagram.com\\\/aurencolombia\\\/\",\"https:\\\/\\\/www.youtube.com\\\/channel\\\/UCRYoGRMR_k4oVWesdErApmA\",\"https:\\\/\\\/www.linkedin.com\\\/company\\\/auren-colombia\"]}]}<\/script>\n<!-- \/ Yoast SEO plugin. -->","yoast_head_json":{"title":"DIAN expide Concepto General Unificado relacionado con el impuesto sobre la renta para personas naturales - Auren Colombia","robots":{"index":"index","follow":"follow","max-snippet":"max-snippet:-1","max-image-preview":"max-image-preview:large","max-video-preview":"max-video-preview:-1"},"canonical":"https:\/\/auren.com\/co\/blog\/dian-expide-concepto-general-unificado-relacionado-con-el-impuesto-sobre-la-renta-para-personas-naturales\/","og_locale":"es_ES","og_type":"article","og_title":"DIAN expide Concepto General Unificado relacionado con el impuesto sobre la renta para personas naturales - Auren Colombia","og_description":"DIAN expidi\u00f3 el Concepto General Unificado 912 del 19 de julio de 2018, relacionado con el impuesto sobre la renta para personas naturales, considerando las modificaciones que al respecto se introdujeron en el Estatuto Tributario (ET) por la ley 1819 del 2016.","og_url":"https:\/\/auren.com\/co\/blog\/dian-expide-concepto-general-unificado-relacionado-con-el-impuesto-sobre-la-renta-para-personas-naturales\/","og_site_name":"Auren Colombia","og_image":[{"width":626,"height":417,"url":"https:\/\/auren.com\/co\/wp-content\/uploads\/2018\/08\/documentos-estadisticos-sobre-un-escritorio-con-hombre-de-negocios-1098-292-3.jpg","type":"image\/jpeg"}],"twitter_card":"summary_large_image","twitter_site":"@AurenColombia","twitter_misc":{"Tiempo de lectura":"2 minutos"},"schema":{"@context":"https:\/\/schema.org","@graph":[{"@type":"WebPage","@id":"https:\/\/auren.com\/co\/blog\/dian-expide-concepto-general-unificado-relacionado-con-el-impuesto-sobre-la-renta-para-personas-naturales\/","url":"https:\/\/auren.com\/co\/blog\/dian-expide-concepto-general-unificado-relacionado-con-el-impuesto-sobre-la-renta-para-personas-naturales\/","name":"DIAN expide Concepto General Unificado relacionado con el impuesto sobre la renta para personas naturales - Auren Colombia","isPartOf":{"@id":"https:\/\/auren.com\/co\/#website"},"primaryImageOfPage":{"@id":"https:\/\/auren.com\/co\/blog\/dian-expide-concepto-general-unificado-relacionado-con-el-impuesto-sobre-la-renta-para-personas-naturales\/#primaryimage"},"image":{"@id":"https:\/\/auren.com\/co\/blog\/dian-expide-concepto-general-unificado-relacionado-con-el-impuesto-sobre-la-renta-para-personas-naturales\/#primaryimage"},"thumbnailUrl":"https:\/\/auren.com\/co\/wp-content\/uploads\/2018\/08\/documentos-estadisticos-sobre-un-escritorio-con-hombre-de-negocios-1098-292-3.jpg","datePublished":"2018-08-08T14:57:12+00:00","breadcrumb":{"@id":"https:\/\/auren.com\/co\/blog\/dian-expide-concepto-general-unificado-relacionado-con-el-impuesto-sobre-la-renta-para-personas-naturales\/#breadcrumb"},"inLanguage":"es","potentialAction":[{"@type":"ReadAction","target":["https:\/\/auren.com\/co\/blog\/dian-expide-concepto-general-unificado-relacionado-con-el-impuesto-sobre-la-renta-para-personas-naturales\/"]}]},{"@type":"ImageObject","inLanguage":"es","@id":"https:\/\/auren.com\/co\/blog\/dian-expide-concepto-general-unificado-relacionado-con-el-impuesto-sobre-la-renta-para-personas-naturales\/#primaryimage","url":"https:\/\/auren.com\/co\/wp-content\/uploads\/2018\/08\/documentos-estadisticos-sobre-un-escritorio-con-hombre-de-negocios-1098-292-3.jpg","contentUrl":"https:\/\/auren.com\/co\/wp-content\/uploads\/2018\/08\/documentos-estadisticos-sobre-un-escritorio-con-hombre-de-negocios-1098-292-3.jpg","width":626,"height":417},{"@type":"BreadcrumbList","@id":"https:\/\/auren.com\/co\/blog\/dian-expide-concepto-general-unificado-relacionado-con-el-impuesto-sobre-la-renta-para-personas-naturales\/#breadcrumb","itemListElement":[{"@type":"ListItem","position":1,"name":"Portada","item":"https:\/\/auren.com\/co\/"},{"@type":"ListItem","position":2,"name":"DIAN expide Concepto General Unificado relacionado con el impuesto sobre la renta para personas naturales"}]},{"@type":"WebSite","@id":"https:\/\/auren.com\/co\/#website","url":"https:\/\/auren.com\/co\/","name":"Auren Colombia","description":"","publisher":{"@id":"https:\/\/auren.com\/co\/#organization"},"potentialAction":[{"@type":"SearchAction","target":{"@type":"EntryPoint","urlTemplate":"https:\/\/auren.com\/co\/?s={search_term_string}"},"query-input":{"@type":"PropertyValueSpecification","valueRequired":true,"valueName":"search_term_string"}}],"inLanguage":"es"},{"@type":"Organization","@id":"https:\/\/auren.com\/co\/#organization","name":"Auren Colombia","url":"https:\/\/auren.com\/co\/","logo":{"@type":"ImageObject","inLanguage":"es","@id":"https:\/\/auren.com\/co\/#\/schema\/logo\/image\/","url":"https:\/\/auren.com\/co\/wp-content\/uploads\/2025\/01\/cropped-cropped-favicon-Auren.png","contentUrl":"https:\/\/auren.com\/co\/wp-content\/uploads\/2025\/01\/cropped-cropped-favicon-Auren.png","width":512,"height":512,"caption":"Auren Colombia"},"image":{"@id":"https:\/\/auren.com\/co\/#\/schema\/logo\/image\/"},"sameAs":["https:\/\/x.com\/AurenColombia","https:\/\/www.instagram.com\/aurencolombia\/","https:\/\/www.youtube.com\/channel\/UCRYoGRMR_k4oVWesdErApmA","https:\/\/www.linkedin.com\/company\/auren-colombia"]}]}},"_links":{"self":[{"href":"https:\/\/auren.com\/co\/wp-json\/wp\/v2\/blog\/10887","targetHints":{"allow":["GET"]}}],"collection":[{"href":"https:\/\/auren.com\/co\/wp-json\/wp\/v2\/blog"}],"about":[{"href":"https:\/\/auren.com\/co\/wp-json\/wp\/v2\/types\/blog"}],"version-history":[{"count":0,"href":"https:\/\/auren.com\/co\/wp-json\/wp\/v2\/blog\/10887\/revisions"}],"wp:featuredmedia":[{"embeddable":true,"href":"https:\/\/auren.com\/co\/wp-json\/wp\/v2\/media\/10888"}],"wp:attachment":[{"href":"https:\/\/auren.com\/co\/wp-json\/wp\/v2\/media?parent=10887"}],"wp:term":[{"taxonomy":"blog-category","embeddable":true,"href":"https:\/\/auren.com\/co\/wp-json\/wp\/v2\/blog-category?post=10887"}],"curies":[{"name":"wp","href":"https:\/\/api.w.org\/{rel}","templated":true}]}}