{"id":10890,"date":"2018-07-30T21:35:49","date_gmt":"2018-07-30T19:35:49","guid":{"rendered":"https:\/\/auren.com\/co\/blog\/gobierno-reglamenta-retencion-de-los-aportes-a-la-seguridad-social-a-cargo-de-los-contratantes\/"},"modified":"2018-07-30T21:35:49","modified_gmt":"2018-07-30T19:35:49","slug":"gobierno-reglamenta-retencion-de-los-aportes-a-la-seguridad-social-a-cargo-de-los-contratantes","status":"publish","type":"blog","link":"https:\/\/auren.com\/co\/blog\/gobierno-reglamenta-retencion-de-los-aportes-a-la-seguridad-social-a-cargo-de-los-contratantes\/","title":{"rendered":"Gobierno reglamenta retenci\u00f3n de los aportes a la seguridad social a cargo de los contratantes"},"content":{"rendered":"<\/p>\n<p class=\"text-justify\">En atenci\u00f3n a lo establecido en el art\u00edculo 135 de la Ley 1753 de 2015 y en cumplimiento de la sentencia proferida por el Tribunal Administrativo de Cundinamarca en marzo de 2018, el Gobierno expidi\u00f3 el Decreto 1273 del 23 de julio de 2018 por medio del cual dispuso que:   <\/p>\n<p class=\"text-justify\">&nbsp;   <\/p>\n<ul class=\"text-justify\">\n<li class=\"text-justify\">El pago de las cotizaciones al Sistema de Seguridad Social Integral (SSSI) de los trabajadores independientes se efectuar\u00e1 mes vencido, por periodos mensuales, a trav\u00e9s de la Planilla Integrada de Liquidaci\u00f3n de Aportes (PILA) y teniendo en cuenta los ingresos percibidos en el periodo de cotizaci\u00f3n, esto es, el mes anterior.   <\/li>\n<li class=\"text-justify\">El pago del mes vencido de las cotizaciones se efectuar\u00e1 a partir del primero de octubre de 2018, correspondiendo al per\u00edodo de cotizaci\u00f3n del mes de septiembre.   <\/li>\n<li class=\"text-justify\">Los contratantes p\u00fablicos, privados o mixtos que sean personas jur\u00eddicas, los patrimonios aut\u00f3nomos y consorcios o uniones temporales conformados por al menos una persona jur\u00eddica deber\u00e1n efectuar la retenci\u00f3n y giro de los aportes al SSSI a trav\u00e9s de la PILA de los trabajadores independientes con contrato de prestaci\u00f3n de servicios personales relacionados con las funciones de la entidad contratante, en los plazos que se establezcan.   <\/li>\n<li class=\"text-justify\">El contratante que realice la retenci\u00f3n y giro de los aportes deber\u00e1 reportar a trav\u00e9s de la PILA las novedades de inicio, suspensi\u00f3n y terminaci\u00f3n del contrato.   <\/li>\n<li class=\"text-justify\">La retenci\u00f3n y giro de los aportes al SSSI se efectuar\u00e1 a partir del mes junio de 2019 mediante la modalidad electr\u00f3nica de la PILA.&nbsp;   &nbsp;   &nbsp;   &nbsp; <\/li>\n<li class=\"text-justify\">Cuando por inicio o terminaci\u00f3n del contrato de prestaci\u00f3n de servicios personales relacionados con las funciones de la entidad contratante, resulte un periodo inferior a un mes, el pago de la cotizaci\u00f3n al SSSI se realizar\u00e1 por el n\u00famero de d\u00edas que corresponda. En estos casos, el Ingreso Base de Cotizaci\u00f3n (IBC) no podr\u00e1 ser inferior a la proporci\u00f3n del salario m\u00ednimo mensual legal vigente. En los contratos de duraci\u00f3n y\/o valor total indeterminado no habr\u00e1 lugar a la mensualizaci\u00f3n del contrato.<\/li>\n<\/ul>\n<p>Fuente:<\/p>\n<p>Decreto 1273 del 23 de julio de 2018   <\/p>\n<\/p>\n<p><!-- AddThis Advanced Settings generic via filter on the_content --><!-- AddThis Share Buttons generic via filter on the_content --><\/p>\n","protected":false},"excerpt":{"rendered":"<p>El pago de las cotizaciones al Sistema de Seguridad Social Integral (SSSI) de los trabajadores independientes se efectuar\u00e1 mes vencido, por periodos mensuales, a trav\u00e9s de la Planilla Integrada de Liquidaci\u00f3n de Aportes (PILA) y teniendo en cuenta los&#8230;<\/p>\n","protected":false},"featured_media":10891,"template":"","meta":{"_acf_changed":false,"footnotes":""},"blog-category":[],"class_list":["post-10890","blog","type-blog","status-publish","has-post-thumbnail","hentry"],"acf":[],"yoast_head":"<!-- This site is optimized with the Yoast SEO plugin v27.4 - https:\/\/yoast.com\/product\/yoast-seo-wordpress\/ -->\n<title>Gobierno reglamenta retenci\u00f3n de los aportes a la seguridad social a cargo de los contratantes - Auren Colombia<\/title>\n<meta name=\"robots\" content=\"index, follow, max-snippet:-1, max-image-preview:large, max-video-preview:-1\" \/>\n<link rel=\"canonical\" href=\"https:\/\/auren.com\/co\/blog\/gobierno-reglamenta-retencion-de-los-aportes-a-la-seguridad-social-a-cargo-de-los-contratantes\/\" \/>\n<meta property=\"og:locale\" content=\"es_ES\" \/>\n<meta property=\"og:type\" content=\"article\" \/>\n<meta property=\"og:title\" content=\"Gobierno reglamenta retenci\u00f3n de los aportes a la seguridad social a cargo de los contratantes - Auren Colombia\" \/>\n<meta property=\"og:description\" content=\"El pago de las cotizaciones al Sistema de Seguridad Social Integral (SSSI) de los trabajadores independientes se efectuar\u00e1 mes vencido, por periodos mensuales, a trav\u00e9s de la Planilla Integrada de Liquidaci\u00f3n de Aportes (PILA) y teniendo en cuenta los&#8230;\" \/>\n<meta property=\"og:url\" content=\"https:\/\/auren.com\/co\/blog\/gobierno-reglamenta-retencion-de-los-aportes-a-la-seguridad-social-a-cargo-de-los-contratantes\/\" \/>\n<meta property=\"og:site_name\" content=\"Auren Colombia\" \/>\n<meta property=\"og:image\" content=\"https:\/\/auren.com\/co\/wp-content\/uploads\/2018\/07\/shutterstock-394279225-3.jpg\" \/>\n\t<meta property=\"og:image:width\" content=\"1000\" \/>\n\t<meta property=\"og:image:height\" content=\"667\" \/>\n\t<meta property=\"og:image:type\" content=\"image\/jpeg\" \/>\n<meta name=\"twitter:card\" content=\"summary_large_image\" \/>\n<meta name=\"twitter:site\" content=\"@AurenColombia\" \/>\n<meta name=\"twitter:label1\" content=\"Tiempo de lectura\" \/>\n\t<meta name=\"twitter:data1\" content=\"2 minutos\" \/>\n<script type=\"application\/ld+json\" class=\"yoast-schema-graph\">{\"@context\":\"https:\\\/\\\/schema.org\",\"@graph\":[{\"@type\":\"WebPage\",\"@id\":\"https:\\\/\\\/auren.com\\\/co\\\/blog\\\/gobierno-reglamenta-retencion-de-los-aportes-a-la-seguridad-social-a-cargo-de-los-contratantes\\\/\",\"url\":\"https:\\\/\\\/auren.com\\\/co\\\/blog\\\/gobierno-reglamenta-retencion-de-los-aportes-a-la-seguridad-social-a-cargo-de-los-contratantes\\\/\",\"name\":\"Gobierno reglamenta retenci\u00f3n de los aportes a la seguridad social a cargo de los contratantes - Auren Colombia\",\"isPartOf\":{\"@id\":\"https:\\\/\\\/auren.com\\\/co\\\/#website\"},\"primaryImageOfPage\":{\"@id\":\"https:\\\/\\\/auren.com\\\/co\\\/blog\\\/gobierno-reglamenta-retencion-de-los-aportes-a-la-seguridad-social-a-cargo-de-los-contratantes\\\/#primaryimage\"},\"image\":{\"@id\":\"https:\\\/\\\/auren.com\\\/co\\\/blog\\\/gobierno-reglamenta-retencion-de-los-aportes-a-la-seguridad-social-a-cargo-de-los-contratantes\\\/#primaryimage\"},\"thumbnailUrl\":\"https:\\\/\\\/auren.com\\\/co\\\/wp-content\\\/uploads\\\/2018\\\/07\\\/shutterstock-394279225-3.jpg\",\"datePublished\":\"2018-07-30T19:35:49+00:00\",\"breadcrumb\":{\"@id\":\"https:\\\/\\\/auren.com\\\/co\\\/blog\\\/gobierno-reglamenta-retencion-de-los-aportes-a-la-seguridad-social-a-cargo-de-los-contratantes\\\/#breadcrumb\"},\"inLanguage\":\"es\",\"potentialAction\":[{\"@type\":\"ReadAction\",\"target\":[\"https:\\\/\\\/auren.com\\\/co\\\/blog\\\/gobierno-reglamenta-retencion-de-los-aportes-a-la-seguridad-social-a-cargo-de-los-contratantes\\\/\"]}]},{\"@type\":\"ImageObject\",\"inLanguage\":\"es\",\"@id\":\"https:\\\/\\\/auren.com\\\/co\\\/blog\\\/gobierno-reglamenta-retencion-de-los-aportes-a-la-seguridad-social-a-cargo-de-los-contratantes\\\/#primaryimage\",\"url\":\"https:\\\/\\\/auren.com\\\/co\\\/wp-content\\\/uploads\\\/2018\\\/07\\\/shutterstock-394279225-3.jpg\",\"contentUrl\":\"https:\\\/\\\/auren.com\\\/co\\\/wp-content\\\/uploads\\\/2018\\\/07\\\/shutterstock-394279225-3.jpg\",\"width\":1000,\"height\":667},{\"@type\":\"BreadcrumbList\",\"@id\":\"https:\\\/\\\/auren.com\\\/co\\\/blog\\\/gobierno-reglamenta-retencion-de-los-aportes-a-la-seguridad-social-a-cargo-de-los-contratantes\\\/#breadcrumb\",\"itemListElement\":[{\"@type\":\"ListItem\",\"position\":1,\"name\":\"Portada\",\"item\":\"https:\\\/\\\/auren.com\\\/co\\\/\"},{\"@type\":\"ListItem\",\"position\":2,\"name\":\"Gobierno reglamenta retenci\u00f3n de los aportes a la seguridad social a cargo de los contratantes\"}]},{\"@type\":\"WebSite\",\"@id\":\"https:\\\/\\\/auren.com\\\/co\\\/#website\",\"url\":\"https:\\\/\\\/auren.com\\\/co\\\/\",\"name\":\"Auren Colombia\",\"description\":\"\",\"publisher\":{\"@id\":\"https:\\\/\\\/auren.com\\\/co\\\/#organization\"},\"potentialAction\":[{\"@type\":\"SearchAction\",\"target\":{\"@type\":\"EntryPoint\",\"urlTemplate\":\"https:\\\/\\\/auren.com\\\/co\\\/?s={search_term_string}\"},\"query-input\":{\"@type\":\"PropertyValueSpecification\",\"valueRequired\":true,\"valueName\":\"search_term_string\"}}],\"inLanguage\":\"es\"},{\"@type\":\"Organization\",\"@id\":\"https:\\\/\\\/auren.com\\\/co\\\/#organization\",\"name\":\"Auren Colombia\",\"url\":\"https:\\\/\\\/auren.com\\\/co\\\/\",\"logo\":{\"@type\":\"ImageObject\",\"inLanguage\":\"es\",\"@id\":\"https:\\\/\\\/auren.com\\\/co\\\/#\\\/schema\\\/logo\\\/image\\\/\",\"url\":\"https:\\\/\\\/auren.com\\\/co\\\/wp-content\\\/uploads\\\/2025\\\/01\\\/cropped-cropped-favicon-Auren.png\",\"contentUrl\":\"https:\\\/\\\/auren.com\\\/co\\\/wp-content\\\/uploads\\\/2025\\\/01\\\/cropped-cropped-favicon-Auren.png\",\"width\":512,\"height\":512,\"caption\":\"Auren Colombia\"},\"image\":{\"@id\":\"https:\\\/\\\/auren.com\\\/co\\\/#\\\/schema\\\/logo\\\/image\\\/\"},\"sameAs\":[\"https:\\\/\\\/x.com\\\/AurenColombia\",\"https:\\\/\\\/www.instagram.com\\\/aurencolombia\\\/\",\"https:\\\/\\\/www.youtube.com\\\/channel\\\/UCRYoGRMR_k4oVWesdErApmA\",\"https:\\\/\\\/www.linkedin.com\\\/company\\\/auren-colombia\"]}]}<\/script>\n<!-- \/ Yoast SEO plugin. -->","yoast_head_json":{"title":"Gobierno reglamenta retenci\u00f3n de los aportes a la seguridad social a cargo de los contratantes - Auren Colombia","robots":{"index":"index","follow":"follow","max-snippet":"max-snippet:-1","max-image-preview":"max-image-preview:large","max-video-preview":"max-video-preview:-1"},"canonical":"https:\/\/auren.com\/co\/blog\/gobierno-reglamenta-retencion-de-los-aportes-a-la-seguridad-social-a-cargo-de-los-contratantes\/","og_locale":"es_ES","og_type":"article","og_title":"Gobierno reglamenta retenci\u00f3n de los aportes a la seguridad social a cargo de los contratantes - Auren Colombia","og_description":"El pago de las cotizaciones al Sistema de Seguridad Social Integral (SSSI) de los trabajadores independientes se efectuar\u00e1 mes vencido, por periodos mensuales, a trav\u00e9s de la Planilla Integrada de Liquidaci\u00f3n de Aportes (PILA) y teniendo en cuenta los&#8230;","og_url":"https:\/\/auren.com\/co\/blog\/gobierno-reglamenta-retencion-de-los-aportes-a-la-seguridad-social-a-cargo-de-los-contratantes\/","og_site_name":"Auren Colombia","og_image":[{"width":1000,"height":667,"url":"https:\/\/auren.com\/co\/wp-content\/uploads\/2018\/07\/shutterstock-394279225-3.jpg","type":"image\/jpeg"}],"twitter_card":"summary_large_image","twitter_site":"@AurenColombia","twitter_misc":{"Tiempo de lectura":"2 minutos"},"schema":{"@context":"https:\/\/schema.org","@graph":[{"@type":"WebPage","@id":"https:\/\/auren.com\/co\/blog\/gobierno-reglamenta-retencion-de-los-aportes-a-la-seguridad-social-a-cargo-de-los-contratantes\/","url":"https:\/\/auren.com\/co\/blog\/gobierno-reglamenta-retencion-de-los-aportes-a-la-seguridad-social-a-cargo-de-los-contratantes\/","name":"Gobierno reglamenta retenci\u00f3n de los aportes a la seguridad social a cargo de los contratantes - Auren Colombia","isPartOf":{"@id":"https:\/\/auren.com\/co\/#website"},"primaryImageOfPage":{"@id":"https:\/\/auren.com\/co\/blog\/gobierno-reglamenta-retencion-de-los-aportes-a-la-seguridad-social-a-cargo-de-los-contratantes\/#primaryimage"},"image":{"@id":"https:\/\/auren.com\/co\/blog\/gobierno-reglamenta-retencion-de-los-aportes-a-la-seguridad-social-a-cargo-de-los-contratantes\/#primaryimage"},"thumbnailUrl":"https:\/\/auren.com\/co\/wp-content\/uploads\/2018\/07\/shutterstock-394279225-3.jpg","datePublished":"2018-07-30T19:35:49+00:00","breadcrumb":{"@id":"https:\/\/auren.com\/co\/blog\/gobierno-reglamenta-retencion-de-los-aportes-a-la-seguridad-social-a-cargo-de-los-contratantes\/#breadcrumb"},"inLanguage":"es","potentialAction":[{"@type":"ReadAction","target":["https:\/\/auren.com\/co\/blog\/gobierno-reglamenta-retencion-de-los-aportes-a-la-seguridad-social-a-cargo-de-los-contratantes\/"]}]},{"@type":"ImageObject","inLanguage":"es","@id":"https:\/\/auren.com\/co\/blog\/gobierno-reglamenta-retencion-de-los-aportes-a-la-seguridad-social-a-cargo-de-los-contratantes\/#primaryimage","url":"https:\/\/auren.com\/co\/wp-content\/uploads\/2018\/07\/shutterstock-394279225-3.jpg","contentUrl":"https:\/\/auren.com\/co\/wp-content\/uploads\/2018\/07\/shutterstock-394279225-3.jpg","width":1000,"height":667},{"@type":"BreadcrumbList","@id":"https:\/\/auren.com\/co\/blog\/gobierno-reglamenta-retencion-de-los-aportes-a-la-seguridad-social-a-cargo-de-los-contratantes\/#breadcrumb","itemListElement":[{"@type":"ListItem","position":1,"name":"Portada","item":"https:\/\/auren.com\/co\/"},{"@type":"ListItem","position":2,"name":"Gobierno reglamenta retenci\u00f3n de los aportes a la seguridad social a cargo de los contratantes"}]},{"@type":"WebSite","@id":"https:\/\/auren.com\/co\/#website","url":"https:\/\/auren.com\/co\/","name":"Auren Colombia","description":"","publisher":{"@id":"https:\/\/auren.com\/co\/#organization"},"potentialAction":[{"@type":"SearchAction","target":{"@type":"EntryPoint","urlTemplate":"https:\/\/auren.com\/co\/?s={search_term_string}"},"query-input":{"@type":"PropertyValueSpecification","valueRequired":true,"valueName":"search_term_string"}}],"inLanguage":"es"},{"@type":"Organization","@id":"https:\/\/auren.com\/co\/#organization","name":"Auren Colombia","url":"https:\/\/auren.com\/co\/","logo":{"@type":"ImageObject","inLanguage":"es","@id":"https:\/\/auren.com\/co\/#\/schema\/logo\/image\/","url":"https:\/\/auren.com\/co\/wp-content\/uploads\/2025\/01\/cropped-cropped-favicon-Auren.png","contentUrl":"https:\/\/auren.com\/co\/wp-content\/uploads\/2025\/01\/cropped-cropped-favicon-Auren.png","width":512,"height":512,"caption":"Auren Colombia"},"image":{"@id":"https:\/\/auren.com\/co\/#\/schema\/logo\/image\/"},"sameAs":["https:\/\/x.com\/AurenColombia","https:\/\/www.instagram.com\/aurencolombia\/","https:\/\/www.youtube.com\/channel\/UCRYoGRMR_k4oVWesdErApmA","https:\/\/www.linkedin.com\/company\/auren-colombia"]}]}},"_links":{"self":[{"href":"https:\/\/auren.com\/co\/wp-json\/wp\/v2\/blog\/10890","targetHints":{"allow":["GET"]}}],"collection":[{"href":"https:\/\/auren.com\/co\/wp-json\/wp\/v2\/blog"}],"about":[{"href":"https:\/\/auren.com\/co\/wp-json\/wp\/v2\/types\/blog"}],"version-history":[{"count":0,"href":"https:\/\/auren.com\/co\/wp-json\/wp\/v2\/blog\/10890\/revisions"}],"wp:featuredmedia":[{"embeddable":true,"href":"https:\/\/auren.com\/co\/wp-json\/wp\/v2\/media\/10891"}],"wp:attachment":[{"href":"https:\/\/auren.com\/co\/wp-json\/wp\/v2\/media?parent=10890"}],"wp:term":[{"taxonomy":"blog-category","embeddable":true,"href":"https:\/\/auren.com\/co\/wp-json\/wp\/v2\/blog-category?post=10890"}],"curies":[{"name":"wp","href":"https:\/\/api.w.org\/{rel}","templated":true}]}}