{"id":10896,"date":"2018-07-25T18:26:36","date_gmt":"2018-07-25T16:26:36","guid":{"rendered":"https:\/\/auren.com\/co\/blog\/en-el-proceso-de-fiscalizacion-tributaria-la-carga-probatoria-asignada-a-la-dian-no-es-absoluta\/"},"modified":"2018-07-25T18:26:36","modified_gmt":"2018-07-25T16:26:36","slug":"en-el-proceso-de-fiscalizacion-tributaria-la-carga-probatoria-asignada-a-la-dian-no-es-absoluta","status":"publish","type":"blog","link":"https:\/\/auren.com\/co\/blog\/en-el-proceso-de-fiscalizacion-tributaria-la-carga-probatoria-asignada-a-la-dian-no-es-absoluta\/","title":{"rendered":"En el proceso de fiscalizaci\u00f3n tributaria, la carga probatoria asignada a la DIAN no es absoluta"},"content":{"rendered":"<\/p>\n<p>Si bien las declaraciones tributarias presentadas por los contribuyentes tienen presunci\u00f3n de veracidad, los contribuyentes deben desplegar una actividad probatoria cuando la DIAN cuestiona su contenido.   <\/p>\n<p>Bajo tales presupuestos, el Consejo de Estado reiter\u00f3 que dentro del proceso de fiscalizaci\u00f3n, la carga probatoria asignada a la DIAN no es absoluta, pues en aplicaci\u00f3n de las normas del C\u00f3digo General del Proceso, incumbe a las partes probar el supuesto de hecho de las normas que consagran el efecto jur\u00eddico que ellas persiguen.<\/p>\n<p>Por tanto, la Corporaci\u00f3n resolvi\u00f3 a favor de la DIAN un litigio en el que la administraci\u00f3n tributaria cuestion\u00f3 la realidad de unas operaciones de compra por las cuales el contribuyente tom\u00f3 unos impuestos descontable en la liquidaci\u00f3n del IVA, aduciendo que si bien el ordenamiento tributario otorga validez a la factura, a la contabilidad y sus soportes, resultan insuficientes para comprobar que s\u00ed existieron las operaciones que el fisco cuestiona, por solo corresponder a una demostraci\u00f3n formal de las operaciones. Para el Consejo de Estado, tales medios de prueba pueden ser desvirtuados a trav\u00e9s de otros medios id\u00f3neos como diligencias de inspecci\u00f3n al domicilio de los contribuyentes y testimonios.<\/p>\n<p>Puntualiz\u00f3 la Corporaci\u00f3n que en lo que respecta a la prueba de los aspectos negativos de la base imponible (costos, gastos, impuestos descontables, compras), la carga de prueba recae en cabeza del contribuyente, por ser quien los invoca. Por su parte, cuando se pretende alterar el aspecto positivo de la base gravable (como la adici\u00f3n de ingresos u operaciones sometidos a tributaci\u00f3n), la carga de la prueba se asigna a la administraci\u00f3n tributaria por ser quien invoca a su favor tal modificaci\u00f3n.<\/p>\n<p>Finalmente, la Corporaci\u00f3n reiter\u00f3 que el desconocimiento de compras e impuestos descontables, procede sin perjuicio que el proveedor sea o no declarado proveedor inexistente.<\/p>\n<\/p>\n<p>Fuente:<\/p>\n<\/p>\n<p>Consejo de Estado, Secci\u00f3n Cuarta, Sentencia del 31 de mayo de 2018, expediente 20813<\/p>\n<\/p>\n<p><!-- AddThis Advanced Settings generic via filter on the_content --><!-- AddThis Share Buttons generic via filter on the_content --><\/p>\n","protected":false},"excerpt":{"rendered":"<p>Si bien las declaraciones tributarias presentadas por los contribuyentes tienen presunci\u00f3n de veracidad, los contribuyentes deben desplegar una actividad probatoria cuando la DIAN cuestiona su contenido.<\/p>\n","protected":false},"featured_media":10897,"template":"","meta":{"_acf_changed":false,"footnotes":""},"blog-category":[],"class_list":["post-10896","blog","type-blog","status-publish","has-post-thumbnail","hentry"],"acf":[],"yoast_head":"<!-- This site is optimized with the Yoast SEO plugin v27.4 - https:\/\/yoast.com\/product\/yoast-seo-wordpress\/ -->\n<title>En el proceso de fiscalizaci\u00f3n tributaria, la carga probatoria asignada a la DIAN no es absoluta - Auren Colombia<\/title>\n<meta name=\"robots\" content=\"index, follow, max-snippet:-1, max-image-preview:large, max-video-preview:-1\" \/>\n<link rel=\"canonical\" href=\"https:\/\/auren.com\/co\/blog\/en-el-proceso-de-fiscalizacion-tributaria-la-carga-probatoria-asignada-a-la-dian-no-es-absoluta\/\" \/>\n<meta property=\"og:locale\" content=\"es_ES\" \/>\n<meta property=\"og:type\" content=\"article\" \/>\n<meta property=\"og:title\" content=\"En el proceso de fiscalizaci\u00f3n tributaria, la carga probatoria asignada a la DIAN no es absoluta - Auren Colombia\" \/>\n<meta property=\"og:description\" content=\"Si bien las declaraciones tributarias presentadas por los contribuyentes tienen presunci\u00f3n de veracidad, los contribuyentes deben desplegar una actividad probatoria cuando la DIAN cuestiona su contenido.\" \/>\n<meta property=\"og:url\" content=\"https:\/\/auren.com\/co\/blog\/en-el-proceso-de-fiscalizacion-tributaria-la-carga-probatoria-asignada-a-la-dian-no-es-absoluta\/\" \/>\n<meta property=\"og:site_name\" content=\"Auren Colombia\" \/>\n<meta property=\"og:image\" content=\"https:\/\/auren.com\/co\/wp-content\/uploads\/2018\/07\/hnck4011.jpg\" \/>\n\t<meta property=\"og:image:width\" content=\"1000\" \/>\n\t<meta property=\"og:image:height\" content=\"667\" \/>\n\t<meta property=\"og:image:type\" content=\"image\/jpeg\" \/>\n<meta name=\"twitter:card\" content=\"summary_large_image\" \/>\n<meta name=\"twitter:site\" content=\"@AurenColombia\" \/>\n<meta name=\"twitter:label1\" content=\"Tiempo de lectura\" \/>\n\t<meta name=\"twitter:data1\" content=\"2 minutos\" \/>\n<script type=\"application\/ld+json\" class=\"yoast-schema-graph\">{\"@context\":\"https:\\\/\\\/schema.org\",\"@graph\":[{\"@type\":\"WebPage\",\"@id\":\"https:\\\/\\\/auren.com\\\/co\\\/blog\\\/en-el-proceso-de-fiscalizacion-tributaria-la-carga-probatoria-asignada-a-la-dian-no-es-absoluta\\\/\",\"url\":\"https:\\\/\\\/auren.com\\\/co\\\/blog\\\/en-el-proceso-de-fiscalizacion-tributaria-la-carga-probatoria-asignada-a-la-dian-no-es-absoluta\\\/\",\"name\":\"En el proceso de fiscalizaci\u00f3n tributaria, la carga probatoria asignada a la DIAN no es absoluta - Auren Colombia\",\"isPartOf\":{\"@id\":\"https:\\\/\\\/auren.com\\\/co\\\/#website\"},\"primaryImageOfPage\":{\"@id\":\"https:\\\/\\\/auren.com\\\/co\\\/blog\\\/en-el-proceso-de-fiscalizacion-tributaria-la-carga-probatoria-asignada-a-la-dian-no-es-absoluta\\\/#primaryimage\"},\"image\":{\"@id\":\"https:\\\/\\\/auren.com\\\/co\\\/blog\\\/en-el-proceso-de-fiscalizacion-tributaria-la-carga-probatoria-asignada-a-la-dian-no-es-absoluta\\\/#primaryimage\"},\"thumbnailUrl\":\"https:\\\/\\\/auren.com\\\/co\\\/wp-content\\\/uploads\\\/2018\\\/07\\\/hnck4011.jpg\",\"datePublished\":\"2018-07-25T16:26:36+00:00\",\"breadcrumb\":{\"@id\":\"https:\\\/\\\/auren.com\\\/co\\\/blog\\\/en-el-proceso-de-fiscalizacion-tributaria-la-carga-probatoria-asignada-a-la-dian-no-es-absoluta\\\/#breadcrumb\"},\"inLanguage\":\"es\",\"potentialAction\":[{\"@type\":\"ReadAction\",\"target\":[\"https:\\\/\\\/auren.com\\\/co\\\/blog\\\/en-el-proceso-de-fiscalizacion-tributaria-la-carga-probatoria-asignada-a-la-dian-no-es-absoluta\\\/\"]}]},{\"@type\":\"ImageObject\",\"inLanguage\":\"es\",\"@id\":\"https:\\\/\\\/auren.com\\\/co\\\/blog\\\/en-el-proceso-de-fiscalizacion-tributaria-la-carga-probatoria-asignada-a-la-dian-no-es-absoluta\\\/#primaryimage\",\"url\":\"https:\\\/\\\/auren.com\\\/co\\\/wp-content\\\/uploads\\\/2018\\\/07\\\/hnck4011.jpg\",\"contentUrl\":\"https:\\\/\\\/auren.com\\\/co\\\/wp-content\\\/uploads\\\/2018\\\/07\\\/hnck4011.jpg\",\"width\":1000,\"height\":667},{\"@type\":\"BreadcrumbList\",\"@id\":\"https:\\\/\\\/auren.com\\\/co\\\/blog\\\/en-el-proceso-de-fiscalizacion-tributaria-la-carga-probatoria-asignada-a-la-dian-no-es-absoluta\\\/#breadcrumb\",\"itemListElement\":[{\"@type\":\"ListItem\",\"position\":1,\"name\":\"Portada\",\"item\":\"https:\\\/\\\/auren.com\\\/co\\\/\"},{\"@type\":\"ListItem\",\"position\":2,\"name\":\"En el proceso de fiscalizaci\u00f3n tributaria, la carga probatoria asignada a la DIAN no es absoluta\"}]},{\"@type\":\"WebSite\",\"@id\":\"https:\\\/\\\/auren.com\\\/co\\\/#website\",\"url\":\"https:\\\/\\\/auren.com\\\/co\\\/\",\"name\":\"Auren Colombia\",\"description\":\"\",\"publisher\":{\"@id\":\"https:\\\/\\\/auren.com\\\/co\\\/#organization\"},\"potentialAction\":[{\"@type\":\"SearchAction\",\"target\":{\"@type\":\"EntryPoint\",\"urlTemplate\":\"https:\\\/\\\/auren.com\\\/co\\\/?s={search_term_string}\"},\"query-input\":{\"@type\":\"PropertyValueSpecification\",\"valueRequired\":true,\"valueName\":\"search_term_string\"}}],\"inLanguage\":\"es\"},{\"@type\":\"Organization\",\"@id\":\"https:\\\/\\\/auren.com\\\/co\\\/#organization\",\"name\":\"Auren Colombia\",\"url\":\"https:\\\/\\\/auren.com\\\/co\\\/\",\"logo\":{\"@type\":\"ImageObject\",\"inLanguage\":\"es\",\"@id\":\"https:\\\/\\\/auren.com\\\/co\\\/#\\\/schema\\\/logo\\\/image\\\/\",\"url\":\"https:\\\/\\\/auren.com\\\/co\\\/wp-content\\\/uploads\\\/2025\\\/01\\\/cropped-cropped-favicon-Auren.png\",\"contentUrl\":\"https:\\\/\\\/auren.com\\\/co\\\/wp-content\\\/uploads\\\/2025\\\/01\\\/cropped-cropped-favicon-Auren.png\",\"width\":512,\"height\":512,\"caption\":\"Auren Colombia\"},\"image\":{\"@id\":\"https:\\\/\\\/auren.com\\\/co\\\/#\\\/schema\\\/logo\\\/image\\\/\"},\"sameAs\":[\"https:\\\/\\\/x.com\\\/AurenColombia\",\"https:\\\/\\\/www.instagram.com\\\/aurencolombia\\\/\",\"https:\\\/\\\/www.youtube.com\\\/channel\\\/UCRYoGRMR_k4oVWesdErApmA\",\"https:\\\/\\\/www.linkedin.com\\\/company\\\/auren-colombia\"]}]}<\/script>\n<!-- \/ Yoast SEO plugin. -->","yoast_head_json":{"title":"En el proceso de fiscalizaci\u00f3n tributaria, la carga probatoria asignada a la DIAN no es absoluta - Auren Colombia","robots":{"index":"index","follow":"follow","max-snippet":"max-snippet:-1","max-image-preview":"max-image-preview:large","max-video-preview":"max-video-preview:-1"},"canonical":"https:\/\/auren.com\/co\/blog\/en-el-proceso-de-fiscalizacion-tributaria-la-carga-probatoria-asignada-a-la-dian-no-es-absoluta\/","og_locale":"es_ES","og_type":"article","og_title":"En el proceso de fiscalizaci\u00f3n tributaria, la carga probatoria asignada a la DIAN no es absoluta - Auren Colombia","og_description":"Si bien las declaraciones tributarias presentadas por los contribuyentes tienen presunci\u00f3n de veracidad, los contribuyentes deben desplegar una actividad probatoria cuando la DIAN cuestiona su contenido.","og_url":"https:\/\/auren.com\/co\/blog\/en-el-proceso-de-fiscalizacion-tributaria-la-carga-probatoria-asignada-a-la-dian-no-es-absoluta\/","og_site_name":"Auren Colombia","og_image":[{"width":1000,"height":667,"url":"https:\/\/auren.com\/co\/wp-content\/uploads\/2018\/07\/hnck4011.jpg","type":"image\/jpeg"}],"twitter_card":"summary_large_image","twitter_site":"@AurenColombia","twitter_misc":{"Tiempo de lectura":"2 minutos"},"schema":{"@context":"https:\/\/schema.org","@graph":[{"@type":"WebPage","@id":"https:\/\/auren.com\/co\/blog\/en-el-proceso-de-fiscalizacion-tributaria-la-carga-probatoria-asignada-a-la-dian-no-es-absoluta\/","url":"https:\/\/auren.com\/co\/blog\/en-el-proceso-de-fiscalizacion-tributaria-la-carga-probatoria-asignada-a-la-dian-no-es-absoluta\/","name":"En el proceso de fiscalizaci\u00f3n tributaria, la carga probatoria asignada a la DIAN no es absoluta - Auren Colombia","isPartOf":{"@id":"https:\/\/auren.com\/co\/#website"},"primaryImageOfPage":{"@id":"https:\/\/auren.com\/co\/blog\/en-el-proceso-de-fiscalizacion-tributaria-la-carga-probatoria-asignada-a-la-dian-no-es-absoluta\/#primaryimage"},"image":{"@id":"https:\/\/auren.com\/co\/blog\/en-el-proceso-de-fiscalizacion-tributaria-la-carga-probatoria-asignada-a-la-dian-no-es-absoluta\/#primaryimage"},"thumbnailUrl":"https:\/\/auren.com\/co\/wp-content\/uploads\/2018\/07\/hnck4011.jpg","datePublished":"2018-07-25T16:26:36+00:00","breadcrumb":{"@id":"https:\/\/auren.com\/co\/blog\/en-el-proceso-de-fiscalizacion-tributaria-la-carga-probatoria-asignada-a-la-dian-no-es-absoluta\/#breadcrumb"},"inLanguage":"es","potentialAction":[{"@type":"ReadAction","target":["https:\/\/auren.com\/co\/blog\/en-el-proceso-de-fiscalizacion-tributaria-la-carga-probatoria-asignada-a-la-dian-no-es-absoluta\/"]}]},{"@type":"ImageObject","inLanguage":"es","@id":"https:\/\/auren.com\/co\/blog\/en-el-proceso-de-fiscalizacion-tributaria-la-carga-probatoria-asignada-a-la-dian-no-es-absoluta\/#primaryimage","url":"https:\/\/auren.com\/co\/wp-content\/uploads\/2018\/07\/hnck4011.jpg","contentUrl":"https:\/\/auren.com\/co\/wp-content\/uploads\/2018\/07\/hnck4011.jpg","width":1000,"height":667},{"@type":"BreadcrumbList","@id":"https:\/\/auren.com\/co\/blog\/en-el-proceso-de-fiscalizacion-tributaria-la-carga-probatoria-asignada-a-la-dian-no-es-absoluta\/#breadcrumb","itemListElement":[{"@type":"ListItem","position":1,"name":"Portada","item":"https:\/\/auren.com\/co\/"},{"@type":"ListItem","position":2,"name":"En el proceso de fiscalizaci\u00f3n tributaria, la carga probatoria asignada a la DIAN no es absoluta"}]},{"@type":"WebSite","@id":"https:\/\/auren.com\/co\/#website","url":"https:\/\/auren.com\/co\/","name":"Auren Colombia","description":"","publisher":{"@id":"https:\/\/auren.com\/co\/#organization"},"potentialAction":[{"@type":"SearchAction","target":{"@type":"EntryPoint","urlTemplate":"https:\/\/auren.com\/co\/?s={search_term_string}"},"query-input":{"@type":"PropertyValueSpecification","valueRequired":true,"valueName":"search_term_string"}}],"inLanguage":"es"},{"@type":"Organization","@id":"https:\/\/auren.com\/co\/#organization","name":"Auren Colombia","url":"https:\/\/auren.com\/co\/","logo":{"@type":"ImageObject","inLanguage":"es","@id":"https:\/\/auren.com\/co\/#\/schema\/logo\/image\/","url":"https:\/\/auren.com\/co\/wp-content\/uploads\/2025\/01\/cropped-cropped-favicon-Auren.png","contentUrl":"https:\/\/auren.com\/co\/wp-content\/uploads\/2025\/01\/cropped-cropped-favicon-Auren.png","width":512,"height":512,"caption":"Auren Colombia"},"image":{"@id":"https:\/\/auren.com\/co\/#\/schema\/logo\/image\/"},"sameAs":["https:\/\/x.com\/AurenColombia","https:\/\/www.instagram.com\/aurencolombia\/","https:\/\/www.youtube.com\/channel\/UCRYoGRMR_k4oVWesdErApmA","https:\/\/www.linkedin.com\/company\/auren-colombia"]}]}},"_links":{"self":[{"href":"https:\/\/auren.com\/co\/wp-json\/wp\/v2\/blog\/10896","targetHints":{"allow":["GET"]}}],"collection":[{"href":"https:\/\/auren.com\/co\/wp-json\/wp\/v2\/blog"}],"about":[{"href":"https:\/\/auren.com\/co\/wp-json\/wp\/v2\/types\/blog"}],"version-history":[{"count":0,"href":"https:\/\/auren.com\/co\/wp-json\/wp\/v2\/blog\/10896\/revisions"}],"wp:featuredmedia":[{"embeddable":true,"href":"https:\/\/auren.com\/co\/wp-json\/wp\/v2\/media\/10897"}],"wp:attachment":[{"href":"https:\/\/auren.com\/co\/wp-json\/wp\/v2\/media?parent=10896"}],"wp:term":[{"taxonomy":"blog-category","embeddable":true,"href":"https:\/\/auren.com\/co\/wp-json\/wp\/v2\/blog-category?post=10896"}],"curies":[{"name":"wp","href":"https:\/\/api.w.org\/{rel}","templated":true}]}}