{"id":10899,"date":"2018-07-25T18:20:05","date_gmt":"2018-07-25T16:20:05","guid":{"rendered":"https:\/\/auren.com\/co\/blog\/exencion-de-la-sobretasa-ambiental-a-favor-de-un-credo-religioso-especifico-vulnera-la-igualdad-y-libertad-religiosa\/"},"modified":"2018-07-25T18:20:05","modified_gmt":"2018-07-25T16:20:05","slug":"exencion-de-la-sobretasa-ambiental-a-favor-de-un-credo-religioso-especifico-vulnera-la-igualdad-y-libertad-religiosa","status":"publish","type":"blog","link":"https:\/\/auren.com\/co\/blog\/exencion-de-la-sobretasa-ambiental-a-favor-de-un-credo-religioso-especifico-vulnera-la-igualdad-y-libertad-religiosa\/","title":{"rendered":"Exenci\u00f3n de la sobretasa ambiental a favor de un credo religioso espec\u00edfico vulnera la igualdad y libertad religiosa"},"content":{"rendered":"<\/p>\n<p>El art\u00edculo 44 de la ley 99 de 1993 establece una sobretasa ambiental determinada sobre el aval\u00fao de los bienes que sirven de base para liquidar el impuesto predial, la cual es recaudada por los municipios y transferida a las Corporaciones Aut\u00f3nomas Regionales.   <\/p>\n<p>Por corresponder a un gravamen sobre la propiedad inmueble, la Iglesia Cat\u00f3lica se encuentra exonerada de su pago, en relaci\u00f3n con edificios destinados al culto, las curias diocesanas, las casas episcopales y curales y los seminarios, de acuerdo con la ley 20 de 1974, aprobatoria del Concordato entre Colombia y la Santa Sede.<\/p>\n<p>Invocando la igualdad de trato entre las distintas confesiones religiosas, una iglesia cristiana solicit\u00f3 la exenci\u00f3n de la sobretasa ambiental a la Corporaci\u00f3n Aut\u00f3noma Regional del Quind\u00edo, entidad que neg\u00f3 tal petici\u00f3n. Al presentar una acci\u00f3n de tutela en contra de esta Corporaci\u00f3n Aut\u00f3noma, la Corte Constitucional resolvi\u00f3 amparar los derechos de dicha iglesia cristiana y en consecuencia reconocer la exenci\u00f3n, aduciendo que:<\/p>\n<p>&nbsp;   <\/p>\n<ul>\n<li>Los principios de laicidad, pluralismo religioso y deber de neutralidad proh\u00edben la discriminaci\u00f3n basada en la religi\u00f3n.   <\/li>\n<li>La adopci\u00f3n de exenciones en el pago de la sobretasa ambiental a favor de un credo religioso espec\u00edfico al tiempo que se niega tal beneficio a otros implica un desconocimiento del mandato de igualdad de trato entre todas las confesiones y creencias religiosas, siendo un trato injustificado contrario al principio de igualdad en el ejercicio de la libertad religiosa.   <\/li>\n<li>Con el prop\u00f3sito de garantizar el derecho a la igualdad, los beneficios tributarios a la iglesia cat\u00f3lica han sido extendidos a otras congregaciones religiosas distintas, como en el caso de grav\u00e1menes a la propiedad, el impuesto predial y la obligaci\u00f3n de declarar rentas y patrimonio.   <\/li>\n<li>No otorgar ese beneficio de exenci\u00f3n en el pago de la sobretasa ambiental a iglesias distintas a la cat\u00f3lica constituye una discriminaci\u00f3n basada en la religi\u00f3n, por lo cual la Corte ha ordenado que la Corporaci\u00f3n Aut\u00f3noma Regional exima a las dem\u00e1s iglesias del cobro de la sobretasa ambiental.   <\/li>\n<li>Con el prop\u00f3sito de garantizar el principio de igualdad en materia religiosa y la supremac\u00eda constitucional, el art\u00edculo 44 de la Ley 99 de 1993, que consagra la sobretasa ambiental debe inaplicarse respecto de la iglesia cristiana que present\u00f3 la tutela. En consecuencia, la Corporaci\u00f3n Aut\u00f3noma Regional deber\u00e1 eximirla de su pago de esta, hasta tanto se expida una ley que desarrolle la igualdad de trato de las iglesias con relaci\u00f3n a este gravamen.   <\/li>\n<li>El porcentaje ambiental de los grav\u00e1menes a la propiedad inmueble es una renta que le pertenece a las Corporaciones Aut\u00f3nomas Regionales, no a las entidades territoriales, por lo cual estas \u00faltimas carecen de competencias para declarar su exenci\u00f3n.<\/li>\n<li>La acci\u00f3n de tutela es un medio id\u00f3neo para conceder la exenci\u00f3n, pues el medio de control de nulidad y restablecimiento del derecho centra su an\u00e1lisis en la legalidad del acto administrativo, y no abordar\u00eda la discusi\u00f3n constitucional sobre si las normas que establecen la sobretasa ambiental y la exenci\u00f3n del pago \u00fanicamente para la iglesia cat\u00f3lica involucran una discriminaci\u00f3n por motivos religiosos y una violaci\u00f3n de la libertad religiosa y de cultos.&nbsp;<\/li>\n<\/ul>\n<p>Fuente:<\/p>\n<\/p>\n<p>Corte Constitucional, Sentencia T197 del 22 de mayo de 2018, Expediente T-6.534.276<\/p>\n<\/p>\n<p><!-- AddThis Advanced Settings generic via filter on the_content --><!-- AddThis Share Buttons generic via filter on the_content --><\/p>\n","protected":false},"excerpt":{"rendered":"<p>El art\u00edculo 44 de la ley 99 de 1993 establece una sobretasa ambiental determinada sobre el aval\u00fao de los bienes que sirven de base para liquidar el impuesto predial, la cual es recaudada por los municipios y transferida a las Corporaciones Aut\u00f3nomas Regionales. <\/p>\n","protected":false},"featured_media":10900,"template":"","meta":{"_acf_changed":false,"footnotes":""},"blog-category":[],"class_list":["post-10899","blog","type-blog","status-publish","has-post-thumbnail","hentry"],"acf":[],"yoast_head":"<!-- This site is optimized with the Yoast SEO plugin v27.4 - https:\/\/yoast.com\/product\/yoast-seo-wordpress\/ -->\n<title>Exenci\u00f3n de la sobretasa ambiental a favor de un credo religioso espec\u00edfico vulnera la igualdad y libertad religiosa - Auren Colombia<\/title>\n<meta name=\"robots\" content=\"index, follow, max-snippet:-1, max-image-preview:large, max-video-preview:-1\" \/>\n<link rel=\"canonical\" href=\"https:\/\/auren.com\/co\/blog\/exencion-de-la-sobretasa-ambiental-a-favor-de-un-credo-religioso-especifico-vulnera-la-igualdad-y-libertad-religiosa\/\" \/>\n<meta property=\"og:locale\" content=\"es_ES\" \/>\n<meta property=\"og:type\" content=\"article\" \/>\n<meta property=\"og:title\" content=\"Exenci\u00f3n de la sobretasa ambiental a favor de un credo religioso espec\u00edfico vulnera la igualdad y libertad religiosa - Auren Colombia\" \/>\n<meta property=\"og:description\" content=\"El art\u00edculo 44 de la ley 99 de 1993 establece una sobretasa ambiental determinada sobre el aval\u00fao de los bienes que sirven de base para liquidar el impuesto predial, la cual es recaudada por los municipios y transferida a las Corporaciones Aut\u00f3nomas Regionales.\" \/>\n<meta property=\"og:url\" content=\"https:\/\/auren.com\/co\/blog\/exencion-de-la-sobretasa-ambiental-a-favor-de-un-credo-religioso-especifico-vulnera-la-igualdad-y-libertad-religiosa\/\" \/>\n<meta property=\"og:site_name\" content=\"Auren Colombia\" \/>\n<meta property=\"og:image\" content=\"https:\/\/auren.com\/co\/wp-content\/uploads\/2018\/07\/ser-mas-para-servir-mejor-3.jpg\" \/>\n\t<meta property=\"og:image:width\" content=\"1000\" \/>\n\t<meta property=\"og:image:height\" content=\"667\" \/>\n\t<meta property=\"og:image:type\" content=\"image\/jpeg\" \/>\n<meta name=\"twitter:card\" content=\"summary_large_image\" \/>\n<meta name=\"twitter:site\" content=\"@AurenColombia\" \/>\n<meta name=\"twitter:label1\" content=\"Tiempo de lectura\" \/>\n\t<meta name=\"twitter:data1\" content=\"3 minutos\" \/>\n<script type=\"application\/ld+json\" class=\"yoast-schema-graph\">{\"@context\":\"https:\\\/\\\/schema.org\",\"@graph\":[{\"@type\":\"WebPage\",\"@id\":\"https:\\\/\\\/auren.com\\\/co\\\/blog\\\/exencion-de-la-sobretasa-ambiental-a-favor-de-un-credo-religioso-especifico-vulnera-la-igualdad-y-libertad-religiosa\\\/\",\"url\":\"https:\\\/\\\/auren.com\\\/co\\\/blog\\\/exencion-de-la-sobretasa-ambiental-a-favor-de-un-credo-religioso-especifico-vulnera-la-igualdad-y-libertad-religiosa\\\/\",\"name\":\"Exenci\u00f3n de la sobretasa ambiental a favor de un credo religioso espec\u00edfico vulnera la igualdad y libertad religiosa - Auren Colombia\",\"isPartOf\":{\"@id\":\"https:\\\/\\\/auren.com\\\/co\\\/#website\"},\"primaryImageOfPage\":{\"@id\":\"https:\\\/\\\/auren.com\\\/co\\\/blog\\\/exencion-de-la-sobretasa-ambiental-a-favor-de-un-credo-religioso-especifico-vulnera-la-igualdad-y-libertad-religiosa\\\/#primaryimage\"},\"image\":{\"@id\":\"https:\\\/\\\/auren.com\\\/co\\\/blog\\\/exencion-de-la-sobretasa-ambiental-a-favor-de-un-credo-religioso-especifico-vulnera-la-igualdad-y-libertad-religiosa\\\/#primaryimage\"},\"thumbnailUrl\":\"https:\\\/\\\/auren.com\\\/co\\\/wp-content\\\/uploads\\\/2018\\\/07\\\/ser-mas-para-servir-mejor-3.jpg\",\"datePublished\":\"2018-07-25T16:20:05+00:00\",\"breadcrumb\":{\"@id\":\"https:\\\/\\\/auren.com\\\/co\\\/blog\\\/exencion-de-la-sobretasa-ambiental-a-favor-de-un-credo-religioso-especifico-vulnera-la-igualdad-y-libertad-religiosa\\\/#breadcrumb\"},\"inLanguage\":\"es\",\"potentialAction\":[{\"@type\":\"ReadAction\",\"target\":[\"https:\\\/\\\/auren.com\\\/co\\\/blog\\\/exencion-de-la-sobretasa-ambiental-a-favor-de-un-credo-religioso-especifico-vulnera-la-igualdad-y-libertad-religiosa\\\/\"]}]},{\"@type\":\"ImageObject\",\"inLanguage\":\"es\",\"@id\":\"https:\\\/\\\/auren.com\\\/co\\\/blog\\\/exencion-de-la-sobretasa-ambiental-a-favor-de-un-credo-religioso-especifico-vulnera-la-igualdad-y-libertad-religiosa\\\/#primaryimage\",\"url\":\"https:\\\/\\\/auren.com\\\/co\\\/wp-content\\\/uploads\\\/2018\\\/07\\\/ser-mas-para-servir-mejor-3.jpg\",\"contentUrl\":\"https:\\\/\\\/auren.com\\\/co\\\/wp-content\\\/uploads\\\/2018\\\/07\\\/ser-mas-para-servir-mejor-3.jpg\",\"width\":1000,\"height\":667},{\"@type\":\"BreadcrumbList\",\"@id\":\"https:\\\/\\\/auren.com\\\/co\\\/blog\\\/exencion-de-la-sobretasa-ambiental-a-favor-de-un-credo-religioso-especifico-vulnera-la-igualdad-y-libertad-religiosa\\\/#breadcrumb\",\"itemListElement\":[{\"@type\":\"ListItem\",\"position\":1,\"name\":\"Portada\",\"item\":\"https:\\\/\\\/auren.com\\\/co\\\/\"},{\"@type\":\"ListItem\",\"position\":2,\"name\":\"Exenci\u00f3n de la sobretasa ambiental a favor de un credo religioso espec\u00edfico vulnera la igualdad y libertad religiosa\"}]},{\"@type\":\"WebSite\",\"@id\":\"https:\\\/\\\/auren.com\\\/co\\\/#website\",\"url\":\"https:\\\/\\\/auren.com\\\/co\\\/\",\"name\":\"Auren Colombia\",\"description\":\"\",\"publisher\":{\"@id\":\"https:\\\/\\\/auren.com\\\/co\\\/#organization\"},\"potentialAction\":[{\"@type\":\"SearchAction\",\"target\":{\"@type\":\"EntryPoint\",\"urlTemplate\":\"https:\\\/\\\/auren.com\\\/co\\\/?s={search_term_string}\"},\"query-input\":{\"@type\":\"PropertyValueSpecification\",\"valueRequired\":true,\"valueName\":\"search_term_string\"}}],\"inLanguage\":\"es\"},{\"@type\":\"Organization\",\"@id\":\"https:\\\/\\\/auren.com\\\/co\\\/#organization\",\"name\":\"Auren Colombia\",\"url\":\"https:\\\/\\\/auren.com\\\/co\\\/\",\"logo\":{\"@type\":\"ImageObject\",\"inLanguage\":\"es\",\"@id\":\"https:\\\/\\\/auren.com\\\/co\\\/#\\\/schema\\\/logo\\\/image\\\/\",\"url\":\"https:\\\/\\\/auren.com\\\/co\\\/wp-content\\\/uploads\\\/2025\\\/01\\\/cropped-cropped-favicon-Auren.png\",\"contentUrl\":\"https:\\\/\\\/auren.com\\\/co\\\/wp-content\\\/uploads\\\/2025\\\/01\\\/cropped-cropped-favicon-Auren.png\",\"width\":512,\"height\":512,\"caption\":\"Auren Colombia\"},\"image\":{\"@id\":\"https:\\\/\\\/auren.com\\\/co\\\/#\\\/schema\\\/logo\\\/image\\\/\"},\"sameAs\":[\"https:\\\/\\\/x.com\\\/AurenColombia\",\"https:\\\/\\\/www.instagram.com\\\/aurencolombia\\\/\",\"https:\\\/\\\/www.youtube.com\\\/channel\\\/UCRYoGRMR_k4oVWesdErApmA\",\"https:\\\/\\\/www.linkedin.com\\\/company\\\/auren-colombia\"]}]}<\/script>\n<!-- \/ Yoast SEO plugin. -->","yoast_head_json":{"title":"Exenci\u00f3n de la sobretasa ambiental a favor de un credo religioso espec\u00edfico vulnera la igualdad y libertad religiosa - Auren Colombia","robots":{"index":"index","follow":"follow","max-snippet":"max-snippet:-1","max-image-preview":"max-image-preview:large","max-video-preview":"max-video-preview:-1"},"canonical":"https:\/\/auren.com\/co\/blog\/exencion-de-la-sobretasa-ambiental-a-favor-de-un-credo-religioso-especifico-vulnera-la-igualdad-y-libertad-religiosa\/","og_locale":"es_ES","og_type":"article","og_title":"Exenci\u00f3n de la sobretasa ambiental a favor de un credo religioso espec\u00edfico vulnera la igualdad y libertad religiosa - Auren Colombia","og_description":"El art\u00edculo 44 de la ley 99 de 1993 establece una sobretasa ambiental determinada sobre el aval\u00fao de los bienes que sirven de base para liquidar el impuesto predial, la cual es recaudada por los municipios y transferida a las Corporaciones Aut\u00f3nomas Regionales.","og_url":"https:\/\/auren.com\/co\/blog\/exencion-de-la-sobretasa-ambiental-a-favor-de-un-credo-religioso-especifico-vulnera-la-igualdad-y-libertad-religiosa\/","og_site_name":"Auren Colombia","og_image":[{"width":1000,"height":667,"url":"https:\/\/auren.com\/co\/wp-content\/uploads\/2018\/07\/ser-mas-para-servir-mejor-3.jpg","type":"image\/jpeg"}],"twitter_card":"summary_large_image","twitter_site":"@AurenColombia","twitter_misc":{"Tiempo de lectura":"3 minutos"},"schema":{"@context":"https:\/\/schema.org","@graph":[{"@type":"WebPage","@id":"https:\/\/auren.com\/co\/blog\/exencion-de-la-sobretasa-ambiental-a-favor-de-un-credo-religioso-especifico-vulnera-la-igualdad-y-libertad-religiosa\/","url":"https:\/\/auren.com\/co\/blog\/exencion-de-la-sobretasa-ambiental-a-favor-de-un-credo-religioso-especifico-vulnera-la-igualdad-y-libertad-religiosa\/","name":"Exenci\u00f3n de la sobretasa ambiental a favor de un credo religioso espec\u00edfico vulnera la igualdad y libertad religiosa - Auren Colombia","isPartOf":{"@id":"https:\/\/auren.com\/co\/#website"},"primaryImageOfPage":{"@id":"https:\/\/auren.com\/co\/blog\/exencion-de-la-sobretasa-ambiental-a-favor-de-un-credo-religioso-especifico-vulnera-la-igualdad-y-libertad-religiosa\/#primaryimage"},"image":{"@id":"https:\/\/auren.com\/co\/blog\/exencion-de-la-sobretasa-ambiental-a-favor-de-un-credo-religioso-especifico-vulnera-la-igualdad-y-libertad-religiosa\/#primaryimage"},"thumbnailUrl":"https:\/\/auren.com\/co\/wp-content\/uploads\/2018\/07\/ser-mas-para-servir-mejor-3.jpg","datePublished":"2018-07-25T16:20:05+00:00","breadcrumb":{"@id":"https:\/\/auren.com\/co\/blog\/exencion-de-la-sobretasa-ambiental-a-favor-de-un-credo-religioso-especifico-vulnera-la-igualdad-y-libertad-religiosa\/#breadcrumb"},"inLanguage":"es","potentialAction":[{"@type":"ReadAction","target":["https:\/\/auren.com\/co\/blog\/exencion-de-la-sobretasa-ambiental-a-favor-de-un-credo-religioso-especifico-vulnera-la-igualdad-y-libertad-religiosa\/"]}]},{"@type":"ImageObject","inLanguage":"es","@id":"https:\/\/auren.com\/co\/blog\/exencion-de-la-sobretasa-ambiental-a-favor-de-un-credo-religioso-especifico-vulnera-la-igualdad-y-libertad-religiosa\/#primaryimage","url":"https:\/\/auren.com\/co\/wp-content\/uploads\/2018\/07\/ser-mas-para-servir-mejor-3.jpg","contentUrl":"https:\/\/auren.com\/co\/wp-content\/uploads\/2018\/07\/ser-mas-para-servir-mejor-3.jpg","width":1000,"height":667},{"@type":"BreadcrumbList","@id":"https:\/\/auren.com\/co\/blog\/exencion-de-la-sobretasa-ambiental-a-favor-de-un-credo-religioso-especifico-vulnera-la-igualdad-y-libertad-religiosa\/#breadcrumb","itemListElement":[{"@type":"ListItem","position":1,"name":"Portada","item":"https:\/\/auren.com\/co\/"},{"@type":"ListItem","position":2,"name":"Exenci\u00f3n de la sobretasa ambiental a favor de un credo religioso espec\u00edfico vulnera la igualdad y libertad religiosa"}]},{"@type":"WebSite","@id":"https:\/\/auren.com\/co\/#website","url":"https:\/\/auren.com\/co\/","name":"Auren Colombia","description":"","publisher":{"@id":"https:\/\/auren.com\/co\/#organization"},"potentialAction":[{"@type":"SearchAction","target":{"@type":"EntryPoint","urlTemplate":"https:\/\/auren.com\/co\/?s={search_term_string}"},"query-input":{"@type":"PropertyValueSpecification","valueRequired":true,"valueName":"search_term_string"}}],"inLanguage":"es"},{"@type":"Organization","@id":"https:\/\/auren.com\/co\/#organization","name":"Auren Colombia","url":"https:\/\/auren.com\/co\/","logo":{"@type":"ImageObject","inLanguage":"es","@id":"https:\/\/auren.com\/co\/#\/schema\/logo\/image\/","url":"https:\/\/auren.com\/co\/wp-content\/uploads\/2025\/01\/cropped-cropped-favicon-Auren.png","contentUrl":"https:\/\/auren.com\/co\/wp-content\/uploads\/2025\/01\/cropped-cropped-favicon-Auren.png","width":512,"height":512,"caption":"Auren Colombia"},"image":{"@id":"https:\/\/auren.com\/co\/#\/schema\/logo\/image\/"},"sameAs":["https:\/\/x.com\/AurenColombia","https:\/\/www.instagram.com\/aurencolombia\/","https:\/\/www.youtube.com\/channel\/UCRYoGRMR_k4oVWesdErApmA","https:\/\/www.linkedin.com\/company\/auren-colombia"]}]}},"_links":{"self":[{"href":"https:\/\/auren.com\/co\/wp-json\/wp\/v2\/blog\/10899","targetHints":{"allow":["GET"]}}],"collection":[{"href":"https:\/\/auren.com\/co\/wp-json\/wp\/v2\/blog"}],"about":[{"href":"https:\/\/auren.com\/co\/wp-json\/wp\/v2\/types\/blog"}],"version-history":[{"count":0,"href":"https:\/\/auren.com\/co\/wp-json\/wp\/v2\/blog\/10899\/revisions"}],"wp:featuredmedia":[{"embeddable":true,"href":"https:\/\/auren.com\/co\/wp-json\/wp\/v2\/media\/10900"}],"wp:attachment":[{"href":"https:\/\/auren.com\/co\/wp-json\/wp\/v2\/media?parent=10899"}],"wp:term":[{"taxonomy":"blog-category","embeddable":true,"href":"https:\/\/auren.com\/co\/wp-json\/wp\/v2\/blog-category?post=10899"}],"curies":[{"name":"wp","href":"https:\/\/api.w.org\/{rel}","templated":true}]}}