{"id":10902,"date":"2018-07-25T17:48:49","date_gmt":"2018-07-25T15:48:49","guid":{"rendered":"https:\/\/auren.com\/co\/blog\/gobierno-expide-decreto-en-el-que-modifica-la-retencion-del-iva-por-servicios-prestados-desde-el-exterior-y-la-retencion-en-renta-por-exportacion-de-hidrocarburos-y-demas-productos-mineros\/"},"modified":"2018-07-25T17:48:49","modified_gmt":"2018-07-25T15:48:49","slug":"gobierno-expide-decreto-en-el-que-modifica-la-retencion-del-iva-por-servicios-prestados-desde-el-exterior-y-la-retencion-en-renta-por-exportacion-de-hidrocarburos-y-demas-productos-mineros","status":"publish","type":"blog","link":"https:\/\/auren.com\/co\/blog\/gobierno-expide-decreto-en-el-que-modifica-la-retencion-del-iva-por-servicios-prestados-desde-el-exterior-y-la-retencion-en-renta-por-exportacion-de-hidrocarburos-y-demas-productos-mineros\/","title":{"rendered":"Gobierno expide Decreto en el que modifica la retenci\u00f3n del IVA por servicios prestados desde el exterior y la retenci\u00f3n en renta por exportaci\u00f3n de hidrocarburos y dem\u00e1s productos mineros"},"content":{"rendered":"<p>Mediante el Decreto 1123 del 29 de junio de 2018 el Gobierno reglament\u00f3 algunos aspectos relacionados con la aplicaci\u00f3n de la retenci\u00f3n en la fuente a t\u00edtulo del IVA por servicios prestados desde el exterior.<\/p>\n<p>Dispuso el Decreto comentado que ser\u00e1 del 100% del valor del IVA, la retenci\u00f3n en la fuente por los siguientes servicios prestados desde el exterior:<\/p>\n<p>&nbsp;   <\/p>\n<ul>\n<li>Los que sean contratados por personas del r\u00e9gimen com\u00fan del IVA.   <\/li>\n<li>Los servicios electr\u00f3nicos o digitales relacionados con el suministro de servicios audiovisuales (entre otros, de m\u00fasica, videos, pel\u00edculas y juegos de cualquier tipo, as\u00ed como la radiodifusi\u00f3n de cualquier tipo de evento); de plataforma de distribuci\u00f3n digital de aplicaciones m\u00f3viles, o de suministro de servicios de publicidad online, o de ense\u00f1anza o entrenamiento a distancia. Esta retenci\u00f3n ser\u00e1 practicada al momento del pago o abono en cuenta por las entidades emisoras de tarjetas cr\u00e9dito y d\u00e9bito, los vendedores de tarjetas prepago, los recaudadores de efectivo a cargo de terceros, y los dem\u00e1s que designe la DIAN.   <\/li>\n<\/ul>\n<p>&nbsp;   <\/p>\n<p>Establece el Decreto que para la retenci\u00f3n en la fuente del IVA en la prestaci\u00f3n de los anteriores servicios, no aplicar\u00e1n las reglas de cuant\u00edas m\u00ednimas no sometidas a retenci\u00f3n en la fuente, por estar sometidas a una retenci\u00f3n en la fuente equivalente al 100% del impuesto.<\/p>\n<p>De otro lado, dispuso el Decreto que las tarifas de retenci\u00f3n en la fuente a t\u00edtulo de impuesto de renta, sobre el valor bruto del pago o abono en cuenta en divisas provenientes del exterior por exportaci\u00f3n de hidrocarburos y dem\u00e1s productos mineros, ser\u00e1n del 3% para el caso de las exportaciones de hidrocarburos, y del 1% para el caso de las exportaciones de los dem\u00e1s productos mineros, incluyendo el oro.<\/p>\n<p>Estas modificaciones rigen a partir del primero de julio de 2018.<\/p>\n<\/p>\n<p>Fuente:<\/p>\n<\/p>\n<p>Decreto 1123 del 29 de junio de 2018<\/p>\n<\/p>\n<p><!-- AddThis Advanced Settings generic via filter on the_content --><!-- AddThis Share Buttons generic via filter on the_content --><\/p>\n","protected":false},"excerpt":{"rendered":"<p>Mediante el Decreto 1123 del 29 de junio de 2018 el Gobierno reglament\u00f3 algunos aspectos relacionados con la aplicaci\u00f3n de la retenci\u00f3n en la fuente a t\u00edtulo del IVA por servicios prestados desde el exterior.<br \/>\n&nbsp; <\/p>\n","protected":false},"featured_media":10903,"template":"","meta":{"_acf_changed":false,"footnotes":""},"blog-category":[],"class_list":["post-10902","blog","type-blog","status-publish","has-post-thumbnail","hentry"],"acf":[],"yoast_head":"<!-- This site is optimized with the Yoast SEO plugin v27.4 - https:\/\/yoast.com\/product\/yoast-seo-wordpress\/ -->\n<title>Gobierno expide Decreto en el que modifica la retenci\u00f3n del IVA por servicios prestados desde el exterior y la retenci\u00f3n en renta por exportaci\u00f3n de hidrocarburos y dem\u00e1s productos mineros - Auren Colombia<\/title>\n<meta name=\"robots\" content=\"index, follow, max-snippet:-1, max-image-preview:large, max-video-preview:-1\" \/>\n<link rel=\"canonical\" href=\"https:\/\/auren.com\/co\/blog\/gobierno-expide-decreto-en-el-que-modifica-la-retencion-del-iva-por-servicios-prestados-desde-el-exterior-y-la-retencion-en-renta-por-exportacion-de-hidrocarburos-y-demas-productos-mineros\/\" \/>\n<meta property=\"og:locale\" content=\"es_ES\" \/>\n<meta property=\"og:type\" content=\"article\" \/>\n<meta property=\"og:title\" content=\"Gobierno expide Decreto en el que modifica la retenci\u00f3n del IVA por servicios prestados desde el exterior y la retenci\u00f3n en renta por exportaci\u00f3n de hidrocarburos y dem\u00e1s productos mineros - Auren Colombia\" \/>\n<meta property=\"og:description\" content=\"Mediante el Decreto 1123 del 29 de junio de 2018 el Gobierno reglament\u00f3 algunos aspectos relacionados con la aplicaci\u00f3n de la retenci\u00f3n en la fuente a t\u00edtulo del IVA por servicios prestados desde el exterior. &nbsp;\" \/>\n<meta property=\"og:url\" content=\"https:\/\/auren.com\/co\/blog\/gobierno-expide-decreto-en-el-que-modifica-la-retencion-del-iva-por-servicios-prestados-desde-el-exterior-y-la-retencion-en-renta-por-exportacion-de-hidrocarburos-y-demas-productos-mineros\/\" \/>\n<meta property=\"og:site_name\" content=\"Auren Colombia\" \/>\n<meta property=\"og:image\" content=\"https:\/\/auren.com\/co\/wp-content\/uploads\/2018\/07\/previewwm1iehtp-3.jpg\" \/>\n\t<meta property=\"og:image:width\" content=\"976\" \/>\n\t<meta property=\"og:image:height\" content=\"651\" \/>\n\t<meta property=\"og:image:type\" content=\"image\/jpeg\" \/>\n<meta name=\"twitter:card\" content=\"summary_large_image\" \/>\n<meta name=\"twitter:site\" content=\"@AurenColombia\" \/>\n<meta name=\"twitter:label1\" content=\"Tiempo de lectura\" \/>\n\t<meta name=\"twitter:data1\" content=\"2 minutos\" \/>\n<script type=\"application\/ld+json\" class=\"yoast-schema-graph\">{\"@context\":\"https:\\\/\\\/schema.org\",\"@graph\":[{\"@type\":\"WebPage\",\"@id\":\"https:\\\/\\\/auren.com\\\/co\\\/blog\\\/gobierno-expide-decreto-en-el-que-modifica-la-retencion-del-iva-por-servicios-prestados-desde-el-exterior-y-la-retencion-en-renta-por-exportacion-de-hidrocarburos-y-demas-productos-mineros\\\/\",\"url\":\"https:\\\/\\\/auren.com\\\/co\\\/blog\\\/gobierno-expide-decreto-en-el-que-modifica-la-retencion-del-iva-por-servicios-prestados-desde-el-exterior-y-la-retencion-en-renta-por-exportacion-de-hidrocarburos-y-demas-productos-mineros\\\/\",\"name\":\"Gobierno expide Decreto en el que modifica la retenci\u00f3n del IVA por servicios prestados desde el exterior y la retenci\u00f3n en renta por exportaci\u00f3n de hidrocarburos y dem\u00e1s productos mineros - Auren Colombia\",\"isPartOf\":{\"@id\":\"https:\\\/\\\/auren.com\\\/co\\\/#website\"},\"primaryImageOfPage\":{\"@id\":\"https:\\\/\\\/auren.com\\\/co\\\/blog\\\/gobierno-expide-decreto-en-el-que-modifica-la-retencion-del-iva-por-servicios-prestados-desde-el-exterior-y-la-retencion-en-renta-por-exportacion-de-hidrocarburos-y-demas-productos-mineros\\\/#primaryimage\"},\"image\":{\"@id\":\"https:\\\/\\\/auren.com\\\/co\\\/blog\\\/gobierno-expide-decreto-en-el-que-modifica-la-retencion-del-iva-por-servicios-prestados-desde-el-exterior-y-la-retencion-en-renta-por-exportacion-de-hidrocarburos-y-demas-productos-mineros\\\/#primaryimage\"},\"thumbnailUrl\":\"https:\\\/\\\/auren.com\\\/co\\\/wp-content\\\/uploads\\\/2018\\\/07\\\/previewwm1iehtp-3.jpg\",\"datePublished\":\"2018-07-25T15:48:49+00:00\",\"breadcrumb\":{\"@id\":\"https:\\\/\\\/auren.com\\\/co\\\/blog\\\/gobierno-expide-decreto-en-el-que-modifica-la-retencion-del-iva-por-servicios-prestados-desde-el-exterior-y-la-retencion-en-renta-por-exportacion-de-hidrocarburos-y-demas-productos-mineros\\\/#breadcrumb\"},\"inLanguage\":\"es\",\"potentialAction\":[{\"@type\":\"ReadAction\",\"target\":[\"https:\\\/\\\/auren.com\\\/co\\\/blog\\\/gobierno-expide-decreto-en-el-que-modifica-la-retencion-del-iva-por-servicios-prestados-desde-el-exterior-y-la-retencion-en-renta-por-exportacion-de-hidrocarburos-y-demas-productos-mineros\\\/\"]}]},{\"@type\":\"ImageObject\",\"inLanguage\":\"es\",\"@id\":\"https:\\\/\\\/auren.com\\\/co\\\/blog\\\/gobierno-expide-decreto-en-el-que-modifica-la-retencion-del-iva-por-servicios-prestados-desde-el-exterior-y-la-retencion-en-renta-por-exportacion-de-hidrocarburos-y-demas-productos-mineros\\\/#primaryimage\",\"url\":\"https:\\\/\\\/auren.com\\\/co\\\/wp-content\\\/uploads\\\/2018\\\/07\\\/previewwm1iehtp-3.jpg\",\"contentUrl\":\"https:\\\/\\\/auren.com\\\/co\\\/wp-content\\\/uploads\\\/2018\\\/07\\\/previewwm1iehtp-3.jpg\",\"width\":976,\"height\":651},{\"@type\":\"BreadcrumbList\",\"@id\":\"https:\\\/\\\/auren.com\\\/co\\\/blog\\\/gobierno-expide-decreto-en-el-que-modifica-la-retencion-del-iva-por-servicios-prestados-desde-el-exterior-y-la-retencion-en-renta-por-exportacion-de-hidrocarburos-y-demas-productos-mineros\\\/#breadcrumb\",\"itemListElement\":[{\"@type\":\"ListItem\",\"position\":1,\"name\":\"Portada\",\"item\":\"https:\\\/\\\/auren.com\\\/co\\\/\"},{\"@type\":\"ListItem\",\"position\":2,\"name\":\"Gobierno expide Decreto en el que modifica la retenci\u00f3n del IVA por servicios prestados desde el exterior y la retenci\u00f3n en renta por exportaci\u00f3n de hidrocarburos y dem\u00e1s productos mineros\"}]},{\"@type\":\"WebSite\",\"@id\":\"https:\\\/\\\/auren.com\\\/co\\\/#website\",\"url\":\"https:\\\/\\\/auren.com\\\/co\\\/\",\"name\":\"Auren Colombia\",\"description\":\"\",\"publisher\":{\"@id\":\"https:\\\/\\\/auren.com\\\/co\\\/#organization\"},\"potentialAction\":[{\"@type\":\"SearchAction\",\"target\":{\"@type\":\"EntryPoint\",\"urlTemplate\":\"https:\\\/\\\/auren.com\\\/co\\\/?s={search_term_string}\"},\"query-input\":{\"@type\":\"PropertyValueSpecification\",\"valueRequired\":true,\"valueName\":\"search_term_string\"}}],\"inLanguage\":\"es\"},{\"@type\":\"Organization\",\"@id\":\"https:\\\/\\\/auren.com\\\/co\\\/#organization\",\"name\":\"Auren Colombia\",\"url\":\"https:\\\/\\\/auren.com\\\/co\\\/\",\"logo\":{\"@type\":\"ImageObject\",\"inLanguage\":\"es\",\"@id\":\"https:\\\/\\\/auren.com\\\/co\\\/#\\\/schema\\\/logo\\\/image\\\/\",\"url\":\"https:\\\/\\\/auren.com\\\/co\\\/wp-content\\\/uploads\\\/2025\\\/01\\\/cropped-cropped-favicon-Auren.png\",\"contentUrl\":\"https:\\\/\\\/auren.com\\\/co\\\/wp-content\\\/uploads\\\/2025\\\/01\\\/cropped-cropped-favicon-Auren.png\",\"width\":512,\"height\":512,\"caption\":\"Auren Colombia\"},\"image\":{\"@id\":\"https:\\\/\\\/auren.com\\\/co\\\/#\\\/schema\\\/logo\\\/image\\\/\"},\"sameAs\":[\"https:\\\/\\\/x.com\\\/AurenColombia\",\"https:\\\/\\\/www.instagram.com\\\/aurencolombia\\\/\",\"https:\\\/\\\/www.youtube.com\\\/channel\\\/UCRYoGRMR_k4oVWesdErApmA\",\"https:\\\/\\\/www.linkedin.com\\\/company\\\/auren-colombia\"]}]}<\/script>\n<!-- \/ Yoast SEO plugin. -->","yoast_head_json":{"title":"Gobierno expide Decreto en el que modifica la retenci\u00f3n del IVA por servicios prestados desde el exterior y la retenci\u00f3n en renta por exportaci\u00f3n de hidrocarburos y dem\u00e1s productos mineros - Auren Colombia","robots":{"index":"index","follow":"follow","max-snippet":"max-snippet:-1","max-image-preview":"max-image-preview:large","max-video-preview":"max-video-preview:-1"},"canonical":"https:\/\/auren.com\/co\/blog\/gobierno-expide-decreto-en-el-que-modifica-la-retencion-del-iva-por-servicios-prestados-desde-el-exterior-y-la-retencion-en-renta-por-exportacion-de-hidrocarburos-y-demas-productos-mineros\/","og_locale":"es_ES","og_type":"article","og_title":"Gobierno expide Decreto en el que modifica la retenci\u00f3n del IVA por servicios prestados desde el exterior y la retenci\u00f3n en renta por exportaci\u00f3n de hidrocarburos y dem\u00e1s productos mineros - Auren Colombia","og_description":"Mediante el Decreto 1123 del 29 de junio de 2018 el Gobierno reglament\u00f3 algunos aspectos relacionados con la aplicaci\u00f3n de la retenci\u00f3n en la fuente a t\u00edtulo del IVA por servicios prestados desde el exterior. &nbsp;","og_url":"https:\/\/auren.com\/co\/blog\/gobierno-expide-decreto-en-el-que-modifica-la-retencion-del-iva-por-servicios-prestados-desde-el-exterior-y-la-retencion-en-renta-por-exportacion-de-hidrocarburos-y-demas-productos-mineros\/","og_site_name":"Auren Colombia","og_image":[{"width":976,"height":651,"url":"https:\/\/auren.com\/co\/wp-content\/uploads\/2018\/07\/previewwm1iehtp-3.jpg","type":"image\/jpeg"}],"twitter_card":"summary_large_image","twitter_site":"@AurenColombia","twitter_misc":{"Tiempo de lectura":"2 minutos"},"schema":{"@context":"https:\/\/schema.org","@graph":[{"@type":"WebPage","@id":"https:\/\/auren.com\/co\/blog\/gobierno-expide-decreto-en-el-que-modifica-la-retencion-del-iva-por-servicios-prestados-desde-el-exterior-y-la-retencion-en-renta-por-exportacion-de-hidrocarburos-y-demas-productos-mineros\/","url":"https:\/\/auren.com\/co\/blog\/gobierno-expide-decreto-en-el-que-modifica-la-retencion-del-iva-por-servicios-prestados-desde-el-exterior-y-la-retencion-en-renta-por-exportacion-de-hidrocarburos-y-demas-productos-mineros\/","name":"Gobierno expide Decreto en el que modifica la retenci\u00f3n del IVA por servicios prestados desde el exterior y la retenci\u00f3n en renta por exportaci\u00f3n de hidrocarburos y dem\u00e1s productos mineros - Auren Colombia","isPartOf":{"@id":"https:\/\/auren.com\/co\/#website"},"primaryImageOfPage":{"@id":"https:\/\/auren.com\/co\/blog\/gobierno-expide-decreto-en-el-que-modifica-la-retencion-del-iva-por-servicios-prestados-desde-el-exterior-y-la-retencion-en-renta-por-exportacion-de-hidrocarburos-y-demas-productos-mineros\/#primaryimage"},"image":{"@id":"https:\/\/auren.com\/co\/blog\/gobierno-expide-decreto-en-el-que-modifica-la-retencion-del-iva-por-servicios-prestados-desde-el-exterior-y-la-retencion-en-renta-por-exportacion-de-hidrocarburos-y-demas-productos-mineros\/#primaryimage"},"thumbnailUrl":"https:\/\/auren.com\/co\/wp-content\/uploads\/2018\/07\/previewwm1iehtp-3.jpg","datePublished":"2018-07-25T15:48:49+00:00","breadcrumb":{"@id":"https:\/\/auren.com\/co\/blog\/gobierno-expide-decreto-en-el-que-modifica-la-retencion-del-iva-por-servicios-prestados-desde-el-exterior-y-la-retencion-en-renta-por-exportacion-de-hidrocarburos-y-demas-productos-mineros\/#breadcrumb"},"inLanguage":"es","potentialAction":[{"@type":"ReadAction","target":["https:\/\/auren.com\/co\/blog\/gobierno-expide-decreto-en-el-que-modifica-la-retencion-del-iva-por-servicios-prestados-desde-el-exterior-y-la-retencion-en-renta-por-exportacion-de-hidrocarburos-y-demas-productos-mineros\/"]}]},{"@type":"ImageObject","inLanguage":"es","@id":"https:\/\/auren.com\/co\/blog\/gobierno-expide-decreto-en-el-que-modifica-la-retencion-del-iva-por-servicios-prestados-desde-el-exterior-y-la-retencion-en-renta-por-exportacion-de-hidrocarburos-y-demas-productos-mineros\/#primaryimage","url":"https:\/\/auren.com\/co\/wp-content\/uploads\/2018\/07\/previewwm1iehtp-3.jpg","contentUrl":"https:\/\/auren.com\/co\/wp-content\/uploads\/2018\/07\/previewwm1iehtp-3.jpg","width":976,"height":651},{"@type":"BreadcrumbList","@id":"https:\/\/auren.com\/co\/blog\/gobierno-expide-decreto-en-el-que-modifica-la-retencion-del-iva-por-servicios-prestados-desde-el-exterior-y-la-retencion-en-renta-por-exportacion-de-hidrocarburos-y-demas-productos-mineros\/#breadcrumb","itemListElement":[{"@type":"ListItem","position":1,"name":"Portada","item":"https:\/\/auren.com\/co\/"},{"@type":"ListItem","position":2,"name":"Gobierno expide Decreto en el que modifica la retenci\u00f3n del IVA por servicios prestados desde el exterior y la retenci\u00f3n en renta por exportaci\u00f3n de hidrocarburos y dem\u00e1s productos mineros"}]},{"@type":"WebSite","@id":"https:\/\/auren.com\/co\/#website","url":"https:\/\/auren.com\/co\/","name":"Auren Colombia","description":"","publisher":{"@id":"https:\/\/auren.com\/co\/#organization"},"potentialAction":[{"@type":"SearchAction","target":{"@type":"EntryPoint","urlTemplate":"https:\/\/auren.com\/co\/?s={search_term_string}"},"query-input":{"@type":"PropertyValueSpecification","valueRequired":true,"valueName":"search_term_string"}}],"inLanguage":"es"},{"@type":"Organization","@id":"https:\/\/auren.com\/co\/#organization","name":"Auren Colombia","url":"https:\/\/auren.com\/co\/","logo":{"@type":"ImageObject","inLanguage":"es","@id":"https:\/\/auren.com\/co\/#\/schema\/logo\/image\/","url":"https:\/\/auren.com\/co\/wp-content\/uploads\/2025\/01\/cropped-cropped-favicon-Auren.png","contentUrl":"https:\/\/auren.com\/co\/wp-content\/uploads\/2025\/01\/cropped-cropped-favicon-Auren.png","width":512,"height":512,"caption":"Auren Colombia"},"image":{"@id":"https:\/\/auren.com\/co\/#\/schema\/logo\/image\/"},"sameAs":["https:\/\/x.com\/AurenColombia","https:\/\/www.instagram.com\/aurencolombia\/","https:\/\/www.youtube.com\/channel\/UCRYoGRMR_k4oVWesdErApmA","https:\/\/www.linkedin.com\/company\/auren-colombia"]}]}},"_links":{"self":[{"href":"https:\/\/auren.com\/co\/wp-json\/wp\/v2\/blog\/10902","targetHints":{"allow":["GET"]}}],"collection":[{"href":"https:\/\/auren.com\/co\/wp-json\/wp\/v2\/blog"}],"about":[{"href":"https:\/\/auren.com\/co\/wp-json\/wp\/v2\/types\/blog"}],"version-history":[{"count":0,"href":"https:\/\/auren.com\/co\/wp-json\/wp\/v2\/blog\/10902\/revisions"}],"wp:featuredmedia":[{"embeddable":true,"href":"https:\/\/auren.com\/co\/wp-json\/wp\/v2\/media\/10903"}],"wp:attachment":[{"href":"https:\/\/auren.com\/co\/wp-json\/wp\/v2\/media?parent=10902"}],"wp:term":[{"taxonomy":"blog-category","embeddable":true,"href":"https:\/\/auren.com\/co\/wp-json\/wp\/v2\/blog-category?post=10902"}],"curies":[{"name":"wp","href":"https:\/\/api.w.org\/{rel}","templated":true}]}}