{"id":10911,"date":"2018-07-25T16:59:04","date_gmt":"2018-07-25T14:59:04","guid":{"rendered":"https:\/\/auren.com\/co\/blog\/aspectos-contables-bajo-niif-a-tener-en-cuenta-en-el-contrato-de-mandato\/"},"modified":"2018-07-25T16:59:04","modified_gmt":"2018-07-25T14:59:04","slug":"aspectos-contables-bajo-niif-a-tener-en-cuenta-en-el-contrato-de-mandato","status":"publish","type":"blog","link":"https:\/\/auren.com\/co\/blog\/aspectos-contables-bajo-niif-a-tener-en-cuenta-en-el-contrato-de-mandato\/","title":{"rendered":"Aspectos contables bajo NIIF a tener en cuenta en el contrato de mandato"},"content":{"rendered":"<\/p>\n<p>En reciente concepto, el Consejo T\u00e9cnico de la Contadur\u00eda P\u00fablica expuso su criterio sobre algunos aspectos relevantes a tener en cuenta dentro del contrato de mandato y el registro contable bajo los marcos normativos vigentes.   <\/p>\n<p>Recomienda el Consejo diferenciar si la actuaci\u00f3n al interior del contrato se presenta como principal o como agente, siendo caracter\u00edsticas de la primera calidad, que la entidad tenga obligaci\u00f3n de proporcionar bienes\/servicios al cliente, cumplir con el pedido, haci\u00e9ndose responsable de su aceptaci\u00f3n; la facultad discrecional de establecer precios, as\u00ed como la asunci\u00f3n del riesgo del cr\u00e9dito otorgado al cliente. Por su parte, para el Consejo ser\u00e1 agente quien no est\u00e1 expuesto a los riesgos y ventajas significativas asociadas con la venta de bienes\/servicios, siendo su ganancia predeterminada, bien como una comisi\u00f3n fija o con un porcentaje de los valores facturados al cliente.<\/p>\n<p>Teniendo en cuenta lo anterior, se\u00f1ala la entidad, que si el mandante act\u00faa como agente, los ingresos percibidos se reconocer\u00e1n como un pasivo, bien como ingresos recibidos en contratos de mandato o como ingresos recibidos para terceros, siendo su remuneraci\u00f3n un ingreso por comisi\u00f3n o servicios, lo cual debe reflejarse con claridad en el estado de situaci\u00f3n financiera.<\/p>\n<p>Al mandante le corresponder\u00e1 reconocer en sus estados financieros los activos, pasivos, ingresos, costos y gastos asociados con las operaciones desarrolladas en virtud del mandato.<\/p>\n<\/p>\n<p>Fuente:<\/p>\n<\/p>\n<p>Consejo T\u00e9cnico de la Contadur\u00eda P\u00fablica, Concepto 430 del 19 de junio de 2018<\/p>\n<\/p>\n<p><!-- AddThis Advanced Settings generic via filter on the_content --><!-- AddThis Share Buttons generic via filter on the_content --><\/p>\n","protected":false},"excerpt":{"rendered":"<p>En reciente concepto, el Consejo T\u00e9cnico de la Contadur\u00eda P\u00fablica expuso su criterio sobre algunos aspectos relevantes a tener en cuenta dentro del contrato de mandato y el registro contable bajo los marcos normativos vigentes.&nbsp; &nbsp;<\/p>\n","protected":false},"featured_media":10912,"template":"","meta":{"_acf_changed":false,"footnotes":""},"blog-category":[],"class_list":["post-10911","blog","type-blog","status-publish","has-post-thumbnail","hentry"],"acf":[],"yoast_head":"<!-- This site is optimized with the Yoast SEO plugin v27.4 - https:\/\/yoast.com\/product\/yoast-seo-wordpress\/ -->\n<title>Aspectos contables bajo NIIF a tener en cuenta en el contrato de mandato - Auren Colombia<\/title>\n<meta name=\"robots\" content=\"index, follow, max-snippet:-1, max-image-preview:large, max-video-preview:-1\" \/>\n<link rel=\"canonical\" href=\"https:\/\/auren.com\/co\/blog\/aspectos-contables-bajo-niif-a-tener-en-cuenta-en-el-contrato-de-mandato\/\" \/>\n<meta property=\"og:locale\" content=\"es_ES\" \/>\n<meta property=\"og:type\" content=\"article\" \/>\n<meta property=\"og:title\" content=\"Aspectos contables bajo NIIF a tener en cuenta en el contrato de mandato - Auren Colombia\" \/>\n<meta property=\"og:description\" content=\"En reciente concepto, el Consejo T\u00e9cnico de la Contadur\u00eda P\u00fablica expuso su criterio sobre algunos aspectos relevantes a tener en cuenta dentro del contrato de mandato y el registro contable bajo los marcos normativos vigentes.&nbsp; &nbsp;\" \/>\n<meta property=\"og:url\" content=\"https:\/\/auren.com\/co\/blog\/aspectos-contables-bajo-niif-a-tener-en-cuenta-en-el-contrato-de-mandato\/\" \/>\n<meta property=\"og:site_name\" content=\"Auren Colombia\" \/>\n<meta property=\"og:image\" content=\"https:\/\/auren.com\/co\/wp-content\/uploads\/2018\/07\/shutterstock-161759321.jpg\" \/>\n\t<meta property=\"og:image:width\" content=\"1000\" \/>\n\t<meta property=\"og:image:height\" content=\"666\" \/>\n\t<meta property=\"og:image:type\" content=\"image\/jpeg\" \/>\n<meta name=\"twitter:card\" content=\"summary_large_image\" \/>\n<meta name=\"twitter:site\" content=\"@AurenColombia\" \/>\n<meta name=\"twitter:label1\" content=\"Tiempo de lectura\" \/>\n\t<meta name=\"twitter:data1\" content=\"1 minuto\" \/>\n<script type=\"application\/ld+json\" class=\"yoast-schema-graph\">{\"@context\":\"https:\\\/\\\/schema.org\",\"@graph\":[{\"@type\":\"WebPage\",\"@id\":\"https:\\\/\\\/auren.com\\\/co\\\/blog\\\/aspectos-contables-bajo-niif-a-tener-en-cuenta-en-el-contrato-de-mandato\\\/\",\"url\":\"https:\\\/\\\/auren.com\\\/co\\\/blog\\\/aspectos-contables-bajo-niif-a-tener-en-cuenta-en-el-contrato-de-mandato\\\/\",\"name\":\"Aspectos contables bajo NIIF a tener en cuenta en el contrato de mandato - Auren Colombia\",\"isPartOf\":{\"@id\":\"https:\\\/\\\/auren.com\\\/co\\\/#website\"},\"primaryImageOfPage\":{\"@id\":\"https:\\\/\\\/auren.com\\\/co\\\/blog\\\/aspectos-contables-bajo-niif-a-tener-en-cuenta-en-el-contrato-de-mandato\\\/#primaryimage\"},\"image\":{\"@id\":\"https:\\\/\\\/auren.com\\\/co\\\/blog\\\/aspectos-contables-bajo-niif-a-tener-en-cuenta-en-el-contrato-de-mandato\\\/#primaryimage\"},\"thumbnailUrl\":\"https:\\\/\\\/auren.com\\\/co\\\/wp-content\\\/uploads\\\/2018\\\/07\\\/shutterstock-161759321.jpg\",\"datePublished\":\"2018-07-25T14:59:04+00:00\",\"breadcrumb\":{\"@id\":\"https:\\\/\\\/auren.com\\\/co\\\/blog\\\/aspectos-contables-bajo-niif-a-tener-en-cuenta-en-el-contrato-de-mandato\\\/#breadcrumb\"},\"inLanguage\":\"es\",\"potentialAction\":[{\"@type\":\"ReadAction\",\"target\":[\"https:\\\/\\\/auren.com\\\/co\\\/blog\\\/aspectos-contables-bajo-niif-a-tener-en-cuenta-en-el-contrato-de-mandato\\\/\"]}]},{\"@type\":\"ImageObject\",\"inLanguage\":\"es\",\"@id\":\"https:\\\/\\\/auren.com\\\/co\\\/blog\\\/aspectos-contables-bajo-niif-a-tener-en-cuenta-en-el-contrato-de-mandato\\\/#primaryimage\",\"url\":\"https:\\\/\\\/auren.com\\\/co\\\/wp-content\\\/uploads\\\/2018\\\/07\\\/shutterstock-161759321.jpg\",\"contentUrl\":\"https:\\\/\\\/auren.com\\\/co\\\/wp-content\\\/uploads\\\/2018\\\/07\\\/shutterstock-161759321.jpg\",\"width\":1000,\"height\":666},{\"@type\":\"BreadcrumbList\",\"@id\":\"https:\\\/\\\/auren.com\\\/co\\\/blog\\\/aspectos-contables-bajo-niif-a-tener-en-cuenta-en-el-contrato-de-mandato\\\/#breadcrumb\",\"itemListElement\":[{\"@type\":\"ListItem\",\"position\":1,\"name\":\"Portada\",\"item\":\"https:\\\/\\\/auren.com\\\/co\\\/\"},{\"@type\":\"ListItem\",\"position\":2,\"name\":\"Aspectos contables bajo NIIF a tener en cuenta en el contrato de mandato\"}]},{\"@type\":\"WebSite\",\"@id\":\"https:\\\/\\\/auren.com\\\/co\\\/#website\",\"url\":\"https:\\\/\\\/auren.com\\\/co\\\/\",\"name\":\"Auren Colombia\",\"description\":\"\",\"publisher\":{\"@id\":\"https:\\\/\\\/auren.com\\\/co\\\/#organization\"},\"potentialAction\":[{\"@type\":\"SearchAction\",\"target\":{\"@type\":\"EntryPoint\",\"urlTemplate\":\"https:\\\/\\\/auren.com\\\/co\\\/?s={search_term_string}\"},\"query-input\":{\"@type\":\"PropertyValueSpecification\",\"valueRequired\":true,\"valueName\":\"search_term_string\"}}],\"inLanguage\":\"es\"},{\"@type\":\"Organization\",\"@id\":\"https:\\\/\\\/auren.com\\\/co\\\/#organization\",\"name\":\"Auren Colombia\",\"url\":\"https:\\\/\\\/auren.com\\\/co\\\/\",\"logo\":{\"@type\":\"ImageObject\",\"inLanguage\":\"es\",\"@id\":\"https:\\\/\\\/auren.com\\\/co\\\/#\\\/schema\\\/logo\\\/image\\\/\",\"url\":\"https:\\\/\\\/auren.com\\\/co\\\/wp-content\\\/uploads\\\/2025\\\/01\\\/cropped-cropped-favicon-Auren.png\",\"contentUrl\":\"https:\\\/\\\/auren.com\\\/co\\\/wp-content\\\/uploads\\\/2025\\\/01\\\/cropped-cropped-favicon-Auren.png\",\"width\":512,\"height\":512,\"caption\":\"Auren Colombia\"},\"image\":{\"@id\":\"https:\\\/\\\/auren.com\\\/co\\\/#\\\/schema\\\/logo\\\/image\\\/\"},\"sameAs\":[\"https:\\\/\\\/x.com\\\/AurenColombia\",\"https:\\\/\\\/www.instagram.com\\\/aurencolombia\\\/\",\"https:\\\/\\\/www.youtube.com\\\/channel\\\/UCRYoGRMR_k4oVWesdErApmA\",\"https:\\\/\\\/www.linkedin.com\\\/company\\\/auren-colombia\"]}]}<\/script>\n<!-- \/ Yoast SEO plugin. -->","yoast_head_json":{"title":"Aspectos contables bajo NIIF a tener en cuenta en el contrato de mandato - Auren Colombia","robots":{"index":"index","follow":"follow","max-snippet":"max-snippet:-1","max-image-preview":"max-image-preview:large","max-video-preview":"max-video-preview:-1"},"canonical":"https:\/\/auren.com\/co\/blog\/aspectos-contables-bajo-niif-a-tener-en-cuenta-en-el-contrato-de-mandato\/","og_locale":"es_ES","og_type":"article","og_title":"Aspectos contables bajo NIIF a tener en cuenta en el contrato de mandato - Auren Colombia","og_description":"En reciente concepto, el Consejo T\u00e9cnico de la Contadur\u00eda P\u00fablica expuso su criterio sobre algunos aspectos relevantes a tener en cuenta dentro del contrato de mandato y el registro contable bajo los marcos normativos vigentes.&nbsp; &nbsp;","og_url":"https:\/\/auren.com\/co\/blog\/aspectos-contables-bajo-niif-a-tener-en-cuenta-en-el-contrato-de-mandato\/","og_site_name":"Auren Colombia","og_image":[{"width":1000,"height":666,"url":"https:\/\/auren.com\/co\/wp-content\/uploads\/2018\/07\/shutterstock-161759321.jpg","type":"image\/jpeg"}],"twitter_card":"summary_large_image","twitter_site":"@AurenColombia","twitter_misc":{"Tiempo de lectura":"1 minuto"},"schema":{"@context":"https:\/\/schema.org","@graph":[{"@type":"WebPage","@id":"https:\/\/auren.com\/co\/blog\/aspectos-contables-bajo-niif-a-tener-en-cuenta-en-el-contrato-de-mandato\/","url":"https:\/\/auren.com\/co\/blog\/aspectos-contables-bajo-niif-a-tener-en-cuenta-en-el-contrato-de-mandato\/","name":"Aspectos contables bajo NIIF a tener en cuenta en el contrato de mandato - Auren Colombia","isPartOf":{"@id":"https:\/\/auren.com\/co\/#website"},"primaryImageOfPage":{"@id":"https:\/\/auren.com\/co\/blog\/aspectos-contables-bajo-niif-a-tener-en-cuenta-en-el-contrato-de-mandato\/#primaryimage"},"image":{"@id":"https:\/\/auren.com\/co\/blog\/aspectos-contables-bajo-niif-a-tener-en-cuenta-en-el-contrato-de-mandato\/#primaryimage"},"thumbnailUrl":"https:\/\/auren.com\/co\/wp-content\/uploads\/2018\/07\/shutterstock-161759321.jpg","datePublished":"2018-07-25T14:59:04+00:00","breadcrumb":{"@id":"https:\/\/auren.com\/co\/blog\/aspectos-contables-bajo-niif-a-tener-en-cuenta-en-el-contrato-de-mandato\/#breadcrumb"},"inLanguage":"es","potentialAction":[{"@type":"ReadAction","target":["https:\/\/auren.com\/co\/blog\/aspectos-contables-bajo-niif-a-tener-en-cuenta-en-el-contrato-de-mandato\/"]}]},{"@type":"ImageObject","inLanguage":"es","@id":"https:\/\/auren.com\/co\/blog\/aspectos-contables-bajo-niif-a-tener-en-cuenta-en-el-contrato-de-mandato\/#primaryimage","url":"https:\/\/auren.com\/co\/wp-content\/uploads\/2018\/07\/shutterstock-161759321.jpg","contentUrl":"https:\/\/auren.com\/co\/wp-content\/uploads\/2018\/07\/shutterstock-161759321.jpg","width":1000,"height":666},{"@type":"BreadcrumbList","@id":"https:\/\/auren.com\/co\/blog\/aspectos-contables-bajo-niif-a-tener-en-cuenta-en-el-contrato-de-mandato\/#breadcrumb","itemListElement":[{"@type":"ListItem","position":1,"name":"Portada","item":"https:\/\/auren.com\/co\/"},{"@type":"ListItem","position":2,"name":"Aspectos contables bajo NIIF a tener en cuenta en el contrato de mandato"}]},{"@type":"WebSite","@id":"https:\/\/auren.com\/co\/#website","url":"https:\/\/auren.com\/co\/","name":"Auren Colombia","description":"","publisher":{"@id":"https:\/\/auren.com\/co\/#organization"},"potentialAction":[{"@type":"SearchAction","target":{"@type":"EntryPoint","urlTemplate":"https:\/\/auren.com\/co\/?s={search_term_string}"},"query-input":{"@type":"PropertyValueSpecification","valueRequired":true,"valueName":"search_term_string"}}],"inLanguage":"es"},{"@type":"Organization","@id":"https:\/\/auren.com\/co\/#organization","name":"Auren Colombia","url":"https:\/\/auren.com\/co\/","logo":{"@type":"ImageObject","inLanguage":"es","@id":"https:\/\/auren.com\/co\/#\/schema\/logo\/image\/","url":"https:\/\/auren.com\/co\/wp-content\/uploads\/2025\/01\/cropped-cropped-favicon-Auren.png","contentUrl":"https:\/\/auren.com\/co\/wp-content\/uploads\/2025\/01\/cropped-cropped-favicon-Auren.png","width":512,"height":512,"caption":"Auren Colombia"},"image":{"@id":"https:\/\/auren.com\/co\/#\/schema\/logo\/image\/"},"sameAs":["https:\/\/x.com\/AurenColombia","https:\/\/www.instagram.com\/aurencolombia\/","https:\/\/www.youtube.com\/channel\/UCRYoGRMR_k4oVWesdErApmA","https:\/\/www.linkedin.com\/company\/auren-colombia"]}]}},"_links":{"self":[{"href":"https:\/\/auren.com\/co\/wp-json\/wp\/v2\/blog\/10911","targetHints":{"allow":["GET"]}}],"collection":[{"href":"https:\/\/auren.com\/co\/wp-json\/wp\/v2\/blog"}],"about":[{"href":"https:\/\/auren.com\/co\/wp-json\/wp\/v2\/types\/blog"}],"version-history":[{"count":0,"href":"https:\/\/auren.com\/co\/wp-json\/wp\/v2\/blog\/10911\/revisions"}],"wp:featuredmedia":[{"embeddable":true,"href":"https:\/\/auren.com\/co\/wp-json\/wp\/v2\/media\/10912"}],"wp:attachment":[{"href":"https:\/\/auren.com\/co\/wp-json\/wp\/v2\/media?parent=10911"}],"wp:term":[{"taxonomy":"blog-category","embeddable":true,"href":"https:\/\/auren.com\/co\/wp-json\/wp\/v2\/blog-category?post=10911"}],"curies":[{"name":"wp","href":"https:\/\/api.w.org\/{rel}","templated":true}]}}