{"id":10917,"date":"2018-07-04T17:11:47","date_gmt":"2018-07-04T15:11:47","guid":{"rendered":"https:\/\/auren.com\/co\/blog\/publicado-proyecto-para-que-proveedores-del-exterior-cumplan-obligaciones-del-iva\/"},"modified":"2018-07-04T17:11:47","modified_gmt":"2018-07-04T15:11:47","slug":"publicado-proyecto-para-que-proveedores-del-exterior-cumplan-obligaciones-del-iva","status":"publish","type":"blog","link":"https:\/\/auren.com\/co\/blog\/publicado-proyecto-para-que-proveedores-del-exterior-cumplan-obligaciones-del-iva\/","title":{"rendered":"Publicado proyecto para que proveedores del exterior cumplan obligaciones del IVA"},"content":{"rendered":"<\/p>\n<p>DIAN publica proyecto de Resoluci\u00f3n por medio de la cual reglamentar\u00eda la inscripci\u00f3n de las personas y entidades del exterior que provean servicios desde el exterior que resulten gravados con IVA.   <\/p>\n<p>La ley 1819 de 2016 orden\u00f3 hacer exigible esta obligaci\u00f3n a partir del primero de julio de 2018, motivo por el cual la DIAN est\u00e1 estructurando un procedimiento simplificado que facilite presentar y pagar la declaraci\u00f3n del IVA a los prestadores de servicios desde el exterior responsables del impuesto, obligaci\u00f3n que ser\u00eda bimestral.<\/p>\n<p>El proyecto contempla que a la inscripci\u00f3n en el RUT deben adjuntarse documentos que identifiquen al proveedor del exterior, algunos de los cuales deben estar apostillados o legalizados, para que la DIAN pueda constatar la validez de la informaci\u00f3n aportada. Una vez se formalice la inscripci\u00f3n en el RUT, proceder\u00eda de manera autom\u00e1tica la solicitud del instrumento de firma electr\u00f3nica.<\/p>\n<p>Dispone el proyecto que \u00fanicamente estar\u00edan sujetos a este procedimiento, los responsables sin residencia o sin domicilio en Colombia que presten servicios desde el exterior, gravados con el IVA en Colombia, a sujetos que no est\u00e9n en la obligaci\u00f3n de practicarles la retenci\u00f3n del 100% del impuesto, seg\u00fan el numeral 3 del art\u00edculo 437-2 del Estatuto Tributario.<\/p>\n<\/p>\n<p>Fuente:<\/p>\n<\/p>\n<p>DIAN, Proyecto de Resoluci\u00f3n<\/p>\n<\/p>\n<p><!-- AddThis Advanced Settings generic via filter on the_content --><!-- AddThis Share Buttons generic via filter on the_content --><\/p>\n","protected":false},"excerpt":{"rendered":"<p>DIAN publica proyecto de Resoluci\u00f3n por medio de la cual reglamentar\u00eda la inscripci\u00f3n de las personas y entidades del exterior que provean servicios desde el exterior que resulten gravados con IVA.<\/p>\n","protected":false},"featured_media":10918,"template":"","meta":{"_acf_changed":false,"footnotes":""},"blog-category":[],"class_list":["post-10917","blog","type-blog","status-publish","has-post-thumbnail","hentry"],"acf":[],"yoast_head":"<!-- This site is optimized with the Yoast SEO plugin v27.4 - https:\/\/yoast.com\/product\/yoast-seo-wordpress\/ -->\n<title>Publicado proyecto para que proveedores del exterior cumplan obligaciones del IVA - Auren Colombia<\/title>\n<meta name=\"robots\" content=\"index, follow, max-snippet:-1, max-image-preview:large, max-video-preview:-1\" \/>\n<link rel=\"canonical\" href=\"https:\/\/auren.com\/co\/blog\/publicado-proyecto-para-que-proveedores-del-exterior-cumplan-obligaciones-del-iva\/\" \/>\n<meta property=\"og:locale\" content=\"es_ES\" \/>\n<meta property=\"og:type\" content=\"article\" \/>\n<meta property=\"og:title\" content=\"Publicado proyecto para que proveedores del exterior cumplan obligaciones del IVA - Auren Colombia\" \/>\n<meta property=\"og:description\" content=\"DIAN publica proyecto de Resoluci\u00f3n por medio de la cual reglamentar\u00eda la inscripci\u00f3n de las personas y entidades del exterior que provean servicios desde el exterior que resulten gravados con IVA.\" \/>\n<meta property=\"og:url\" content=\"https:\/\/auren.com\/co\/blog\/publicado-proyecto-para-que-proveedores-del-exterior-cumplan-obligaciones-del-iva\/\" \/>\n<meta property=\"og:site_name\" content=\"Auren Colombia\" \/>\n<meta property=\"og:image\" content=\"https:\/\/auren.com\/co\/wp-content\/uploads\/2018\/07\/aduana-706x365-1.jpg\" \/>\n\t<meta property=\"og:image:width\" content=\"706\" \/>\n\t<meta property=\"og:image:height\" content=\"365\" \/>\n\t<meta property=\"og:image:type\" content=\"image\/jpeg\" \/>\n<meta name=\"twitter:card\" content=\"summary_large_image\" \/>\n<meta name=\"twitter:site\" content=\"@AurenColombia\" \/>\n<meta name=\"twitter:label1\" content=\"Tiempo de lectura\" \/>\n\t<meta name=\"twitter:data1\" content=\"1 minuto\" \/>\n<script type=\"application\/ld+json\" class=\"yoast-schema-graph\">{\"@context\":\"https:\\\/\\\/schema.org\",\"@graph\":[{\"@type\":\"WebPage\",\"@id\":\"https:\\\/\\\/auren.com\\\/co\\\/blog\\\/publicado-proyecto-para-que-proveedores-del-exterior-cumplan-obligaciones-del-iva\\\/\",\"url\":\"https:\\\/\\\/auren.com\\\/co\\\/blog\\\/publicado-proyecto-para-que-proveedores-del-exterior-cumplan-obligaciones-del-iva\\\/\",\"name\":\"Publicado proyecto para que proveedores del exterior cumplan obligaciones del IVA - Auren Colombia\",\"isPartOf\":{\"@id\":\"https:\\\/\\\/auren.com\\\/co\\\/#website\"},\"primaryImageOfPage\":{\"@id\":\"https:\\\/\\\/auren.com\\\/co\\\/blog\\\/publicado-proyecto-para-que-proveedores-del-exterior-cumplan-obligaciones-del-iva\\\/#primaryimage\"},\"image\":{\"@id\":\"https:\\\/\\\/auren.com\\\/co\\\/blog\\\/publicado-proyecto-para-que-proveedores-del-exterior-cumplan-obligaciones-del-iva\\\/#primaryimage\"},\"thumbnailUrl\":\"https:\\\/\\\/auren.com\\\/co\\\/wp-content\\\/uploads\\\/2018\\\/07\\\/aduana-706x365-1.jpg\",\"datePublished\":\"2018-07-04T15:11:47+00:00\",\"breadcrumb\":{\"@id\":\"https:\\\/\\\/auren.com\\\/co\\\/blog\\\/publicado-proyecto-para-que-proveedores-del-exterior-cumplan-obligaciones-del-iva\\\/#breadcrumb\"},\"inLanguage\":\"es\",\"potentialAction\":[{\"@type\":\"ReadAction\",\"target\":[\"https:\\\/\\\/auren.com\\\/co\\\/blog\\\/publicado-proyecto-para-que-proveedores-del-exterior-cumplan-obligaciones-del-iva\\\/\"]}]},{\"@type\":\"ImageObject\",\"inLanguage\":\"es\",\"@id\":\"https:\\\/\\\/auren.com\\\/co\\\/blog\\\/publicado-proyecto-para-que-proveedores-del-exterior-cumplan-obligaciones-del-iva\\\/#primaryimage\",\"url\":\"https:\\\/\\\/auren.com\\\/co\\\/wp-content\\\/uploads\\\/2018\\\/07\\\/aduana-706x365-1.jpg\",\"contentUrl\":\"https:\\\/\\\/auren.com\\\/co\\\/wp-content\\\/uploads\\\/2018\\\/07\\\/aduana-706x365-1.jpg\",\"width\":706,\"height\":365},{\"@type\":\"BreadcrumbList\",\"@id\":\"https:\\\/\\\/auren.com\\\/co\\\/blog\\\/publicado-proyecto-para-que-proveedores-del-exterior-cumplan-obligaciones-del-iva\\\/#breadcrumb\",\"itemListElement\":[{\"@type\":\"ListItem\",\"position\":1,\"name\":\"Portada\",\"item\":\"https:\\\/\\\/auren.com\\\/co\\\/\"},{\"@type\":\"ListItem\",\"position\":2,\"name\":\"Publicado proyecto para que proveedores del exterior cumplan obligaciones del IVA\"}]},{\"@type\":\"WebSite\",\"@id\":\"https:\\\/\\\/auren.com\\\/co\\\/#website\",\"url\":\"https:\\\/\\\/auren.com\\\/co\\\/\",\"name\":\"Auren Colombia\",\"description\":\"\",\"publisher\":{\"@id\":\"https:\\\/\\\/auren.com\\\/co\\\/#organization\"},\"potentialAction\":[{\"@type\":\"SearchAction\",\"target\":{\"@type\":\"EntryPoint\",\"urlTemplate\":\"https:\\\/\\\/auren.com\\\/co\\\/?s={search_term_string}\"},\"query-input\":{\"@type\":\"PropertyValueSpecification\",\"valueRequired\":true,\"valueName\":\"search_term_string\"}}],\"inLanguage\":\"es\"},{\"@type\":\"Organization\",\"@id\":\"https:\\\/\\\/auren.com\\\/co\\\/#organization\",\"name\":\"Auren Colombia\",\"url\":\"https:\\\/\\\/auren.com\\\/co\\\/\",\"logo\":{\"@type\":\"ImageObject\",\"inLanguage\":\"es\",\"@id\":\"https:\\\/\\\/auren.com\\\/co\\\/#\\\/schema\\\/logo\\\/image\\\/\",\"url\":\"https:\\\/\\\/auren.com\\\/co\\\/wp-content\\\/uploads\\\/2025\\\/01\\\/cropped-cropped-favicon-Auren.png\",\"contentUrl\":\"https:\\\/\\\/auren.com\\\/co\\\/wp-content\\\/uploads\\\/2025\\\/01\\\/cropped-cropped-favicon-Auren.png\",\"width\":512,\"height\":512,\"caption\":\"Auren Colombia\"},\"image\":{\"@id\":\"https:\\\/\\\/auren.com\\\/co\\\/#\\\/schema\\\/logo\\\/image\\\/\"},\"sameAs\":[\"https:\\\/\\\/x.com\\\/AurenColombia\",\"https:\\\/\\\/www.instagram.com\\\/aurencolombia\\\/\",\"https:\\\/\\\/www.youtube.com\\\/channel\\\/UCRYoGRMR_k4oVWesdErApmA\",\"https:\\\/\\\/www.linkedin.com\\\/company\\\/auren-colombia\"]}]}<\/script>\n<!-- \/ Yoast SEO plugin. -->","yoast_head_json":{"title":"Publicado proyecto para que proveedores del exterior cumplan obligaciones del IVA - Auren Colombia","robots":{"index":"index","follow":"follow","max-snippet":"max-snippet:-1","max-image-preview":"max-image-preview:large","max-video-preview":"max-video-preview:-1"},"canonical":"https:\/\/auren.com\/co\/blog\/publicado-proyecto-para-que-proveedores-del-exterior-cumplan-obligaciones-del-iva\/","og_locale":"es_ES","og_type":"article","og_title":"Publicado proyecto para que proveedores del exterior cumplan obligaciones del IVA - Auren Colombia","og_description":"DIAN publica proyecto de Resoluci\u00f3n por medio de la cual reglamentar\u00eda la inscripci\u00f3n de las personas y entidades del exterior que provean servicios desde el exterior que resulten gravados con IVA.","og_url":"https:\/\/auren.com\/co\/blog\/publicado-proyecto-para-que-proveedores-del-exterior-cumplan-obligaciones-del-iva\/","og_site_name":"Auren Colombia","og_image":[{"width":706,"height":365,"url":"https:\/\/auren.com\/co\/wp-content\/uploads\/2018\/07\/aduana-706x365-1.jpg","type":"image\/jpeg"}],"twitter_card":"summary_large_image","twitter_site":"@AurenColombia","twitter_misc":{"Tiempo de lectura":"1 minuto"},"schema":{"@context":"https:\/\/schema.org","@graph":[{"@type":"WebPage","@id":"https:\/\/auren.com\/co\/blog\/publicado-proyecto-para-que-proveedores-del-exterior-cumplan-obligaciones-del-iva\/","url":"https:\/\/auren.com\/co\/blog\/publicado-proyecto-para-que-proveedores-del-exterior-cumplan-obligaciones-del-iva\/","name":"Publicado proyecto para que proveedores del exterior cumplan obligaciones del IVA - Auren Colombia","isPartOf":{"@id":"https:\/\/auren.com\/co\/#website"},"primaryImageOfPage":{"@id":"https:\/\/auren.com\/co\/blog\/publicado-proyecto-para-que-proveedores-del-exterior-cumplan-obligaciones-del-iva\/#primaryimage"},"image":{"@id":"https:\/\/auren.com\/co\/blog\/publicado-proyecto-para-que-proveedores-del-exterior-cumplan-obligaciones-del-iva\/#primaryimage"},"thumbnailUrl":"https:\/\/auren.com\/co\/wp-content\/uploads\/2018\/07\/aduana-706x365-1.jpg","datePublished":"2018-07-04T15:11:47+00:00","breadcrumb":{"@id":"https:\/\/auren.com\/co\/blog\/publicado-proyecto-para-que-proveedores-del-exterior-cumplan-obligaciones-del-iva\/#breadcrumb"},"inLanguage":"es","potentialAction":[{"@type":"ReadAction","target":["https:\/\/auren.com\/co\/blog\/publicado-proyecto-para-que-proveedores-del-exterior-cumplan-obligaciones-del-iva\/"]}]},{"@type":"ImageObject","inLanguage":"es","@id":"https:\/\/auren.com\/co\/blog\/publicado-proyecto-para-que-proveedores-del-exterior-cumplan-obligaciones-del-iva\/#primaryimage","url":"https:\/\/auren.com\/co\/wp-content\/uploads\/2018\/07\/aduana-706x365-1.jpg","contentUrl":"https:\/\/auren.com\/co\/wp-content\/uploads\/2018\/07\/aduana-706x365-1.jpg","width":706,"height":365},{"@type":"BreadcrumbList","@id":"https:\/\/auren.com\/co\/blog\/publicado-proyecto-para-que-proveedores-del-exterior-cumplan-obligaciones-del-iva\/#breadcrumb","itemListElement":[{"@type":"ListItem","position":1,"name":"Portada","item":"https:\/\/auren.com\/co\/"},{"@type":"ListItem","position":2,"name":"Publicado proyecto para que proveedores del exterior cumplan obligaciones del IVA"}]},{"@type":"WebSite","@id":"https:\/\/auren.com\/co\/#website","url":"https:\/\/auren.com\/co\/","name":"Auren Colombia","description":"","publisher":{"@id":"https:\/\/auren.com\/co\/#organization"},"potentialAction":[{"@type":"SearchAction","target":{"@type":"EntryPoint","urlTemplate":"https:\/\/auren.com\/co\/?s={search_term_string}"},"query-input":{"@type":"PropertyValueSpecification","valueRequired":true,"valueName":"search_term_string"}}],"inLanguage":"es"},{"@type":"Organization","@id":"https:\/\/auren.com\/co\/#organization","name":"Auren Colombia","url":"https:\/\/auren.com\/co\/","logo":{"@type":"ImageObject","inLanguage":"es","@id":"https:\/\/auren.com\/co\/#\/schema\/logo\/image\/","url":"https:\/\/auren.com\/co\/wp-content\/uploads\/2025\/01\/cropped-cropped-favicon-Auren.png","contentUrl":"https:\/\/auren.com\/co\/wp-content\/uploads\/2025\/01\/cropped-cropped-favicon-Auren.png","width":512,"height":512,"caption":"Auren Colombia"},"image":{"@id":"https:\/\/auren.com\/co\/#\/schema\/logo\/image\/"},"sameAs":["https:\/\/x.com\/AurenColombia","https:\/\/www.instagram.com\/aurencolombia\/","https:\/\/www.youtube.com\/channel\/UCRYoGRMR_k4oVWesdErApmA","https:\/\/www.linkedin.com\/company\/auren-colombia"]}]}},"_links":{"self":[{"href":"https:\/\/auren.com\/co\/wp-json\/wp\/v2\/blog\/10917","targetHints":{"allow":["GET"]}}],"collection":[{"href":"https:\/\/auren.com\/co\/wp-json\/wp\/v2\/blog"}],"about":[{"href":"https:\/\/auren.com\/co\/wp-json\/wp\/v2\/types\/blog"}],"version-history":[{"count":0,"href":"https:\/\/auren.com\/co\/wp-json\/wp\/v2\/blog\/10917\/revisions"}],"wp:featuredmedia":[{"embeddable":true,"href":"https:\/\/auren.com\/co\/wp-json\/wp\/v2\/media\/10918"}],"wp:attachment":[{"href":"https:\/\/auren.com\/co\/wp-json\/wp\/v2\/media?parent=10917"}],"wp:term":[{"taxonomy":"blog-category","embeddable":true,"href":"https:\/\/auren.com\/co\/wp-json\/wp\/v2\/blog-category?post=10917"}],"curies":[{"name":"wp","href":"https:\/\/api.w.org\/{rel}","templated":true}]}}