{"id":10920,"date":"2018-07-04T17:08:52","date_gmt":"2018-07-04T15:08:52","guid":{"rendered":"https:\/\/auren.com\/co\/blog\/revisor-fiscal-que-actua-como-principal-en-5-sociedades-no-puede-ejercer-el-cargo-en-ninguna-otra-ni-como-suplente\/"},"modified":"2018-07-04T17:08:52","modified_gmt":"2018-07-04T15:08:52","slug":"revisor-fiscal-que-actua-como-principal-en-5-sociedades-no-puede-ejercer-el-cargo-en-ninguna-otra-ni-como-suplente","status":"publish","type":"blog","link":"https:\/\/auren.com\/co\/blog\/revisor-fiscal-que-actua-como-principal-en-5-sociedades-no-puede-ejercer-el-cargo-en-ninguna-otra-ni-como-suplente\/","title":{"rendered":"Revisor Fiscal que act\u00faa como principal en 5 sociedades, no puede ejercer el cargo en ninguna otra ni como suplente"},"content":{"rendered":"<\/p>\n<p class=\"text-justify\">El Consejo T\u00e9cnico de la Contadur\u00eda P\u00fablica reiter\u00f3 su interpretaci\u00f3n del art\u00edculo 215 del C\u00f3digo de Comercio, el cual establece que ninguna persona podr\u00e1 ejercer el cargo de revisor en m\u00e1s de cinco sociedades por acciones.   <\/p>\n<p class=\"text-justify\">Para la entidad, la prohibici\u00f3n contenida en esta norma hace referencia al ejercicio efectivo del cargo de Revisor Fiscal en m\u00e1s de 5 sociedades por acciones, sea que quienes lo desempe\u00f1en lo hagan de manera indistinta en calidad de principales o suplentes. En tal sentido, aduce el Consejo que el Revisor Fiscal que act\u00faa como principal en 5 sociedades no puede ejercer el cargo en ninguna otra, ni siquiera para suplir la ausencia temporal del principal.<\/p>\n<\/p>\n<p>Fuente:<\/p>\n<\/p>\n<p>Consejo T\u00e9cnico de la Contadur\u00eda P\u00fablica, Concepto 465 del 5 de junio de 2018<\/p>\n<\/p>\n<p><!-- AddThis Advanced Settings generic via filter on the_content --><!-- AddThis Share Buttons generic via filter on the_content --><\/p>\n","protected":false},"excerpt":{"rendered":"<p>El Consejo T\u00e9cnico de la Contadur\u00eda P\u00fablica reiter\u00f3 su interpretaci\u00f3n del art\u00edculo 215 del C\u00f3digo de Comercio, el cual establece que ninguna persona podr\u00e1 ejercer el cargo de revisor en m\u00e1s de cinco sociedades por acciones. <\/p>\n","protected":false},"featured_media":10921,"template":"","meta":{"_acf_changed":false,"footnotes":""},"blog-category":[],"class_list":["post-10920","blog","type-blog","status-publish","has-post-thumbnail","hentry"],"acf":[],"yoast_head":"<!-- This site is optimized with the Yoast SEO plugin v27.4 - https:\/\/yoast.com\/product\/yoast-seo-wordpress\/ -->\n<title>Revisor Fiscal que act\u00faa como principal en 5 sociedades, no puede ejercer el cargo en ninguna otra ni como suplente - Auren Colombia<\/title>\n<meta name=\"robots\" content=\"index, follow, max-snippet:-1, max-image-preview:large, max-video-preview:-1\" \/>\n<link rel=\"canonical\" href=\"https:\/\/auren.com\/co\/blog\/revisor-fiscal-que-actua-como-principal-en-5-sociedades-no-puede-ejercer-el-cargo-en-ninguna-otra-ni-como-suplente\/\" \/>\n<meta property=\"og:locale\" content=\"es_ES\" \/>\n<meta property=\"og:type\" content=\"article\" \/>\n<meta property=\"og:title\" content=\"Revisor Fiscal que act\u00faa como principal en 5 sociedades, no puede ejercer el cargo en ninguna otra ni como suplente - Auren Colombia\" \/>\n<meta property=\"og:description\" content=\"El Consejo T\u00e9cnico de la Contadur\u00eda P\u00fablica reiter\u00f3 su interpretaci\u00f3n del art\u00edculo 215 del C\u00f3digo de Comercio, el cual establece que ninguna persona podr\u00e1 ejercer el cargo de revisor en m\u00e1s de cinco sociedades por acciones.\" \/>\n<meta property=\"og:url\" content=\"https:\/\/auren.com\/co\/blog\/revisor-fiscal-que-actua-como-principal-en-5-sociedades-no-puede-ejercer-el-cargo-en-ninguna-otra-ni-como-suplente\/\" \/>\n<meta property=\"og:site_name\" content=\"Auren Colombia\" \/>\n<meta property=\"og:image\" content=\"https:\/\/auren.com\/co\/wp-content\/uploads\/2018\/07\/shutterstock-215260810.jpg\" \/>\n\t<meta property=\"og:image:width\" content=\"1000\" \/>\n\t<meta property=\"og:image:height\" content=\"667\" \/>\n\t<meta property=\"og:image:type\" content=\"image\/jpeg\" \/>\n<meta name=\"twitter:card\" content=\"summary_large_image\" \/>\n<meta name=\"twitter:site\" content=\"@AurenColombia\" \/>\n<meta name=\"twitter:label1\" content=\"Tiempo de lectura\" \/>\n\t<meta name=\"twitter:data1\" content=\"1 minuto\" \/>\n<script type=\"application\/ld+json\" class=\"yoast-schema-graph\">{\"@context\":\"https:\\\/\\\/schema.org\",\"@graph\":[{\"@type\":\"WebPage\",\"@id\":\"https:\\\/\\\/auren.com\\\/co\\\/blog\\\/revisor-fiscal-que-actua-como-principal-en-5-sociedades-no-puede-ejercer-el-cargo-en-ninguna-otra-ni-como-suplente\\\/\",\"url\":\"https:\\\/\\\/auren.com\\\/co\\\/blog\\\/revisor-fiscal-que-actua-como-principal-en-5-sociedades-no-puede-ejercer-el-cargo-en-ninguna-otra-ni-como-suplente\\\/\",\"name\":\"Revisor Fiscal que act\u00faa como principal en 5 sociedades, no puede ejercer el cargo en ninguna otra ni como suplente - Auren Colombia\",\"isPartOf\":{\"@id\":\"https:\\\/\\\/auren.com\\\/co\\\/#website\"},\"primaryImageOfPage\":{\"@id\":\"https:\\\/\\\/auren.com\\\/co\\\/blog\\\/revisor-fiscal-que-actua-como-principal-en-5-sociedades-no-puede-ejercer-el-cargo-en-ninguna-otra-ni-como-suplente\\\/#primaryimage\"},\"image\":{\"@id\":\"https:\\\/\\\/auren.com\\\/co\\\/blog\\\/revisor-fiscal-que-actua-como-principal-en-5-sociedades-no-puede-ejercer-el-cargo-en-ninguna-otra-ni-como-suplente\\\/#primaryimage\"},\"thumbnailUrl\":\"https:\\\/\\\/auren.com\\\/co\\\/wp-content\\\/uploads\\\/2018\\\/07\\\/shutterstock-215260810.jpg\",\"datePublished\":\"2018-07-04T15:08:52+00:00\",\"breadcrumb\":{\"@id\":\"https:\\\/\\\/auren.com\\\/co\\\/blog\\\/revisor-fiscal-que-actua-como-principal-en-5-sociedades-no-puede-ejercer-el-cargo-en-ninguna-otra-ni-como-suplente\\\/#breadcrumb\"},\"inLanguage\":\"es\",\"potentialAction\":[{\"@type\":\"ReadAction\",\"target\":[\"https:\\\/\\\/auren.com\\\/co\\\/blog\\\/revisor-fiscal-que-actua-como-principal-en-5-sociedades-no-puede-ejercer-el-cargo-en-ninguna-otra-ni-como-suplente\\\/\"]}]},{\"@type\":\"ImageObject\",\"inLanguage\":\"es\",\"@id\":\"https:\\\/\\\/auren.com\\\/co\\\/blog\\\/revisor-fiscal-que-actua-como-principal-en-5-sociedades-no-puede-ejercer-el-cargo-en-ninguna-otra-ni-como-suplente\\\/#primaryimage\",\"url\":\"https:\\\/\\\/auren.com\\\/co\\\/wp-content\\\/uploads\\\/2018\\\/07\\\/shutterstock-215260810.jpg\",\"contentUrl\":\"https:\\\/\\\/auren.com\\\/co\\\/wp-content\\\/uploads\\\/2018\\\/07\\\/shutterstock-215260810.jpg\",\"width\":1000,\"height\":667},{\"@type\":\"BreadcrumbList\",\"@id\":\"https:\\\/\\\/auren.com\\\/co\\\/blog\\\/revisor-fiscal-que-actua-como-principal-en-5-sociedades-no-puede-ejercer-el-cargo-en-ninguna-otra-ni-como-suplente\\\/#breadcrumb\",\"itemListElement\":[{\"@type\":\"ListItem\",\"position\":1,\"name\":\"Portada\",\"item\":\"https:\\\/\\\/auren.com\\\/co\\\/\"},{\"@type\":\"ListItem\",\"position\":2,\"name\":\"Revisor Fiscal que act\u00faa como principal en 5 sociedades, no puede ejercer el cargo en ninguna otra ni como suplente\"}]},{\"@type\":\"WebSite\",\"@id\":\"https:\\\/\\\/auren.com\\\/co\\\/#website\",\"url\":\"https:\\\/\\\/auren.com\\\/co\\\/\",\"name\":\"Auren Colombia\",\"description\":\"\",\"publisher\":{\"@id\":\"https:\\\/\\\/auren.com\\\/co\\\/#organization\"},\"potentialAction\":[{\"@type\":\"SearchAction\",\"target\":{\"@type\":\"EntryPoint\",\"urlTemplate\":\"https:\\\/\\\/auren.com\\\/co\\\/?s={search_term_string}\"},\"query-input\":{\"@type\":\"PropertyValueSpecification\",\"valueRequired\":true,\"valueName\":\"search_term_string\"}}],\"inLanguage\":\"es\"},{\"@type\":\"Organization\",\"@id\":\"https:\\\/\\\/auren.com\\\/co\\\/#organization\",\"name\":\"Auren Colombia\",\"url\":\"https:\\\/\\\/auren.com\\\/co\\\/\",\"logo\":{\"@type\":\"ImageObject\",\"inLanguage\":\"es\",\"@id\":\"https:\\\/\\\/auren.com\\\/co\\\/#\\\/schema\\\/logo\\\/image\\\/\",\"url\":\"https:\\\/\\\/auren.com\\\/co\\\/wp-content\\\/uploads\\\/2025\\\/01\\\/cropped-cropped-favicon-Auren.png\",\"contentUrl\":\"https:\\\/\\\/auren.com\\\/co\\\/wp-content\\\/uploads\\\/2025\\\/01\\\/cropped-cropped-favicon-Auren.png\",\"width\":512,\"height\":512,\"caption\":\"Auren Colombia\"},\"image\":{\"@id\":\"https:\\\/\\\/auren.com\\\/co\\\/#\\\/schema\\\/logo\\\/image\\\/\"},\"sameAs\":[\"https:\\\/\\\/x.com\\\/AurenColombia\",\"https:\\\/\\\/www.instagram.com\\\/aurencolombia\\\/\",\"https:\\\/\\\/www.youtube.com\\\/channel\\\/UCRYoGRMR_k4oVWesdErApmA\",\"https:\\\/\\\/www.linkedin.com\\\/company\\\/auren-colombia\"]}]}<\/script>\n<!-- \/ Yoast SEO plugin. -->","yoast_head_json":{"title":"Revisor Fiscal que act\u00faa como principal en 5 sociedades, no puede ejercer el cargo en ninguna otra ni como suplente - Auren Colombia","robots":{"index":"index","follow":"follow","max-snippet":"max-snippet:-1","max-image-preview":"max-image-preview:large","max-video-preview":"max-video-preview:-1"},"canonical":"https:\/\/auren.com\/co\/blog\/revisor-fiscal-que-actua-como-principal-en-5-sociedades-no-puede-ejercer-el-cargo-en-ninguna-otra-ni-como-suplente\/","og_locale":"es_ES","og_type":"article","og_title":"Revisor Fiscal que act\u00faa como principal en 5 sociedades, no puede ejercer el cargo en ninguna otra ni como suplente - Auren Colombia","og_description":"El Consejo T\u00e9cnico de la Contadur\u00eda P\u00fablica reiter\u00f3 su interpretaci\u00f3n del art\u00edculo 215 del C\u00f3digo de Comercio, el cual establece que ninguna persona podr\u00e1 ejercer el cargo de revisor en m\u00e1s de cinco sociedades por acciones.","og_url":"https:\/\/auren.com\/co\/blog\/revisor-fiscal-que-actua-como-principal-en-5-sociedades-no-puede-ejercer-el-cargo-en-ninguna-otra-ni-como-suplente\/","og_site_name":"Auren Colombia","og_image":[{"width":1000,"height":667,"url":"https:\/\/auren.com\/co\/wp-content\/uploads\/2018\/07\/shutterstock-215260810.jpg","type":"image\/jpeg"}],"twitter_card":"summary_large_image","twitter_site":"@AurenColombia","twitter_misc":{"Tiempo de lectura":"1 minuto"},"schema":{"@context":"https:\/\/schema.org","@graph":[{"@type":"WebPage","@id":"https:\/\/auren.com\/co\/blog\/revisor-fiscal-que-actua-como-principal-en-5-sociedades-no-puede-ejercer-el-cargo-en-ninguna-otra-ni-como-suplente\/","url":"https:\/\/auren.com\/co\/blog\/revisor-fiscal-que-actua-como-principal-en-5-sociedades-no-puede-ejercer-el-cargo-en-ninguna-otra-ni-como-suplente\/","name":"Revisor Fiscal que act\u00faa como principal en 5 sociedades, no puede ejercer el cargo en ninguna otra ni como suplente - Auren Colombia","isPartOf":{"@id":"https:\/\/auren.com\/co\/#website"},"primaryImageOfPage":{"@id":"https:\/\/auren.com\/co\/blog\/revisor-fiscal-que-actua-como-principal-en-5-sociedades-no-puede-ejercer-el-cargo-en-ninguna-otra-ni-como-suplente\/#primaryimage"},"image":{"@id":"https:\/\/auren.com\/co\/blog\/revisor-fiscal-que-actua-como-principal-en-5-sociedades-no-puede-ejercer-el-cargo-en-ninguna-otra-ni-como-suplente\/#primaryimage"},"thumbnailUrl":"https:\/\/auren.com\/co\/wp-content\/uploads\/2018\/07\/shutterstock-215260810.jpg","datePublished":"2018-07-04T15:08:52+00:00","breadcrumb":{"@id":"https:\/\/auren.com\/co\/blog\/revisor-fiscal-que-actua-como-principal-en-5-sociedades-no-puede-ejercer-el-cargo-en-ninguna-otra-ni-como-suplente\/#breadcrumb"},"inLanguage":"es","potentialAction":[{"@type":"ReadAction","target":["https:\/\/auren.com\/co\/blog\/revisor-fiscal-que-actua-como-principal-en-5-sociedades-no-puede-ejercer-el-cargo-en-ninguna-otra-ni-como-suplente\/"]}]},{"@type":"ImageObject","inLanguage":"es","@id":"https:\/\/auren.com\/co\/blog\/revisor-fiscal-que-actua-como-principal-en-5-sociedades-no-puede-ejercer-el-cargo-en-ninguna-otra-ni-como-suplente\/#primaryimage","url":"https:\/\/auren.com\/co\/wp-content\/uploads\/2018\/07\/shutterstock-215260810.jpg","contentUrl":"https:\/\/auren.com\/co\/wp-content\/uploads\/2018\/07\/shutterstock-215260810.jpg","width":1000,"height":667},{"@type":"BreadcrumbList","@id":"https:\/\/auren.com\/co\/blog\/revisor-fiscal-que-actua-como-principal-en-5-sociedades-no-puede-ejercer-el-cargo-en-ninguna-otra-ni-como-suplente\/#breadcrumb","itemListElement":[{"@type":"ListItem","position":1,"name":"Portada","item":"https:\/\/auren.com\/co\/"},{"@type":"ListItem","position":2,"name":"Revisor Fiscal que act\u00faa como principal en 5 sociedades, no puede ejercer el cargo en ninguna otra ni como suplente"}]},{"@type":"WebSite","@id":"https:\/\/auren.com\/co\/#website","url":"https:\/\/auren.com\/co\/","name":"Auren Colombia","description":"","publisher":{"@id":"https:\/\/auren.com\/co\/#organization"},"potentialAction":[{"@type":"SearchAction","target":{"@type":"EntryPoint","urlTemplate":"https:\/\/auren.com\/co\/?s={search_term_string}"},"query-input":{"@type":"PropertyValueSpecification","valueRequired":true,"valueName":"search_term_string"}}],"inLanguage":"es"},{"@type":"Organization","@id":"https:\/\/auren.com\/co\/#organization","name":"Auren Colombia","url":"https:\/\/auren.com\/co\/","logo":{"@type":"ImageObject","inLanguage":"es","@id":"https:\/\/auren.com\/co\/#\/schema\/logo\/image\/","url":"https:\/\/auren.com\/co\/wp-content\/uploads\/2025\/01\/cropped-cropped-favicon-Auren.png","contentUrl":"https:\/\/auren.com\/co\/wp-content\/uploads\/2025\/01\/cropped-cropped-favicon-Auren.png","width":512,"height":512,"caption":"Auren Colombia"},"image":{"@id":"https:\/\/auren.com\/co\/#\/schema\/logo\/image\/"},"sameAs":["https:\/\/x.com\/AurenColombia","https:\/\/www.instagram.com\/aurencolombia\/","https:\/\/www.youtube.com\/channel\/UCRYoGRMR_k4oVWesdErApmA","https:\/\/www.linkedin.com\/company\/auren-colombia"]}]}},"_links":{"self":[{"href":"https:\/\/auren.com\/co\/wp-json\/wp\/v2\/blog\/10920","targetHints":{"allow":["GET"]}}],"collection":[{"href":"https:\/\/auren.com\/co\/wp-json\/wp\/v2\/blog"}],"about":[{"href":"https:\/\/auren.com\/co\/wp-json\/wp\/v2\/types\/blog"}],"version-history":[{"count":0,"href":"https:\/\/auren.com\/co\/wp-json\/wp\/v2\/blog\/10920\/revisions"}],"wp:featuredmedia":[{"embeddable":true,"href":"https:\/\/auren.com\/co\/wp-json\/wp\/v2\/media\/10921"}],"wp:attachment":[{"href":"https:\/\/auren.com\/co\/wp-json\/wp\/v2\/media?parent=10920"}],"wp:term":[{"taxonomy":"blog-category","embeddable":true,"href":"https:\/\/auren.com\/co\/wp-json\/wp\/v2\/blog-category?post=10920"}],"curies":[{"name":"wp","href":"https:\/\/api.w.org\/{rel}","templated":true}]}}