{"id":10926,"date":"2018-07-04T16:55:26","date_gmt":"2018-07-04T14:55:26","guid":{"rendered":"https:\/\/auren.com\/co\/blog\/consejo-tecnico-de-la-contaduria-publica-unifica-criterio-en-relacion-con-la-contabilizacion-del-fondo-de-imprevistos-en-las-copropiedades\/"},"modified":"2018-07-04T16:55:26","modified_gmt":"2018-07-04T14:55:26","slug":"consejo-tecnico-de-la-contaduria-publica-unifica-criterio-en-relacion-con-la-contabilizacion-del-fondo-de-imprevistos-en-las-copropiedades","status":"publish","type":"blog","link":"https:\/\/auren.com\/co\/blog\/consejo-tecnico-de-la-contaduria-publica-unifica-criterio-en-relacion-con-la-contabilizacion-del-fondo-de-imprevistos-en-las-copropiedades\/","title":{"rendered":"Consejo T\u00e9cnico de la Contadur\u00eda P\u00fablica unifica criterio en relaci\u00f3n con la contabilizaci\u00f3n del fondo de imprevistos en las copropiedades"},"content":{"rendered":"<\/p>\n<p class=\"text-justify\">En reciente concepto, el Consejo T\u00e9cnico de la Contadur\u00eda P\u00fablica unific\u00f3 su criterio en relaci\u00f3n con la adecuada contabilizaci\u00f3n del fondo de imprevistos en las copropiedades, con el fin de contribuir a la generaci\u00f3n de informes financieros \u00fatiles y luego de identificar diferentes pr\u00e1cticas que se han utilizado al respecto.   <\/p>\n<p class=\"text-justify\">Parte el Consejo por identificar que la propia ley 675 de 2001 establece que dentro los recursos patrimoniales de la persona jur\u00eddica formada por la copropiedad, se encuentra el fondo de imprevistos, cuya finalidad es precisamente atender obligaciones o expensas imprevistas, formado con un porcentaje de recargo no inferior al 1% sobre el presupuesto anual de gastos comunes. Bajo los nuevos marcos t\u00e9cnicos normativos contables, concluye el Consejo que:<\/p>\n<p class=\"text-justify\">&nbsp;   <\/p>\n<ul class=\"text-justify\">\n<li class=\"text-justify\">El fondo es un activo con destinaci\u00f3n espec\u00edfica correspondiente a efectivo restringido. Cuando se trate de cuotas causadas y no recaudadas, los recursos del fondo se reflejar\u00e1n en el saldo de cuentas por cobrar.   <\/li>\n<li class=\"text-justify\">El fondo se constituye e incrementa con cobros adicionales al presupuesto anual de gastos comunes y con los dem\u00e1s ingresos que la Asamblea considere.   <\/li>\n<li class=\"text-justify\">Los recursos del fondo forman parte de los recursos patrimoniales de la copropiedad y se cobran conjuntamente con la cuota ordinaria que cubre expensas comunes.   <\/li>\n<li class=\"text-justify\">El cobro del fondo de imprevistos puede suspenderse cuando alcance el 50% del presupuesto anual de gastos del per\u00edodo respectivo.   <\/li>\n<\/ul>\n<p class=\"text-justify\">&nbsp;   <\/p>\n<p class=\"text-justify\">Recomienda la entidad que para facilitar el manejo contable, el fondo de imprevistos se constituya con recursos efectivamente recaudados, mientras que la parte causada y no pagada se reconozca como una cuenta por cobrar del fondo, de manera que cuando sea efectivamente recaudada se incremente el fondo l\u00edquido.   <\/p>\n<p class=\"text-justify\">Por su parte, concluy\u00f3 la entidad que cuando los recursos del fondo no son utilizados durante el per\u00edodo, trat\u00e1ndose de cuotas pagadas en su totalidad, existir\u00eda un fondo l\u00edquido en el activo disponible para uso en actividades no previstas, resaltando que de existir excedentes en el estado de actividades, se apropiar\u00edan como como una reserva con destinaci\u00f3n espec\u00edfica que forma parte del activo neto, lo cual aduce har\u00eda m\u00e1s \u00fatil los informes financieros y facilitar\u00eda la utilizaci\u00f3n de los recursos del fondo, al reflejar en las partidas del balance el importe de la reserva patrimonial.<\/p>\n<\/p>\n<p>Fuente:<\/p>\n<\/p>\n<p>Consejo T\u00e9cnico de la Contadur\u00eda P\u00fablica, Concepto 445 del 5 de junio de 2018<\/p>\n<\/p>\n<p><!-- AddThis Advanced Settings generic via filter on the_content --><!-- AddThis Share Buttons generic via filter on the_content --><\/p>\n","protected":false},"excerpt":{"rendered":"<p>En reciente concepto, el Consejo T\u00e9cnico de la Contadur\u00eda P\u00fablica unific\u00f3 su criterio en relaci\u00f3n con la adecuada contabilizaci\u00f3n del fondo de imprevistos en las copropiedades, con el fin de contribuir a la generaci\u00f3n de informes financieros \u00fatiles y luego de identificar diferentes pr\u00e1cticas que se han utilizado al respecto.<\/p>\n","protected":false},"featured_media":10927,"template":"","meta":{"_acf_changed":false,"footnotes":""},"blog-category":[],"class_list":["post-10926","blog","type-blog","status-publish","has-post-thumbnail","hentry"],"acf":[],"yoast_head":"<!-- This site is optimized with the Yoast SEO plugin v27.4 - https:\/\/yoast.com\/product\/yoast-seo-wordpress\/ -->\n<title>Consejo T\u00e9cnico de la Contadur\u00eda P\u00fablica unifica criterio en relaci\u00f3n con la contabilizaci\u00f3n del fondo de imprevistos en las copropiedades - Auren Colombia<\/title>\n<meta name=\"robots\" content=\"index, follow, max-snippet:-1, max-image-preview:large, max-video-preview:-1\" \/>\n<link rel=\"canonical\" href=\"https:\/\/auren.com\/co\/blog\/consejo-tecnico-de-la-contaduria-publica-unifica-criterio-en-relacion-con-la-contabilizacion-del-fondo-de-imprevistos-en-las-copropiedades\/\" \/>\n<meta property=\"og:locale\" content=\"es_ES\" \/>\n<meta property=\"og:type\" content=\"article\" \/>\n<meta property=\"og:title\" content=\"Consejo T\u00e9cnico de la Contadur\u00eda P\u00fablica unifica criterio en relaci\u00f3n con la contabilizaci\u00f3n del fondo de imprevistos en las copropiedades - Auren Colombia\" \/>\n<meta property=\"og:description\" content=\"En reciente concepto, el Consejo T\u00e9cnico de la Contadur\u00eda P\u00fablica unific\u00f3 su criterio en relaci\u00f3n con la adecuada contabilizaci\u00f3n del fondo de imprevistos en las copropiedades, con el fin de contribuir a la generaci\u00f3n de informes financieros \u00fatiles y luego de identificar diferentes pr\u00e1cticas que se han utilizado al respecto.\" \/>\n<meta property=\"og:url\" content=\"https:\/\/auren.com\/co\/blog\/consejo-tecnico-de-la-contaduria-publica-unifica-criterio-en-relacion-con-la-contabilizacion-del-fondo-de-imprevistos-en-las-copropiedades\/\" \/>\n<meta property=\"og:site_name\" content=\"Auren Colombia\" \/>\n<meta property=\"og:image\" content=\"https:\/\/auren.com\/co\/wp-content\/uploads\/2018\/07\/hands-32.jpg\" \/>\n\t<meta property=\"og:image:width\" content=\"1000\" \/>\n\t<meta property=\"og:image:height\" content=\"667\" \/>\n\t<meta property=\"og:image:type\" content=\"image\/jpeg\" \/>\n<meta name=\"twitter:card\" content=\"summary_large_image\" \/>\n<meta name=\"twitter:site\" content=\"@AurenColombia\" \/>\n<meta name=\"twitter:label1\" content=\"Tiempo de lectura\" \/>\n\t<meta name=\"twitter:data1\" content=\"2 minutos\" \/>\n<script type=\"application\/ld+json\" class=\"yoast-schema-graph\">{\"@context\":\"https:\\\/\\\/schema.org\",\"@graph\":[{\"@type\":\"WebPage\",\"@id\":\"https:\\\/\\\/auren.com\\\/co\\\/blog\\\/consejo-tecnico-de-la-contaduria-publica-unifica-criterio-en-relacion-con-la-contabilizacion-del-fondo-de-imprevistos-en-las-copropiedades\\\/\",\"url\":\"https:\\\/\\\/auren.com\\\/co\\\/blog\\\/consejo-tecnico-de-la-contaduria-publica-unifica-criterio-en-relacion-con-la-contabilizacion-del-fondo-de-imprevistos-en-las-copropiedades\\\/\",\"name\":\"Consejo T\u00e9cnico de la Contadur\u00eda P\u00fablica unifica criterio en relaci\u00f3n con la contabilizaci\u00f3n del fondo de imprevistos en las copropiedades - Auren Colombia\",\"isPartOf\":{\"@id\":\"https:\\\/\\\/auren.com\\\/co\\\/#website\"},\"primaryImageOfPage\":{\"@id\":\"https:\\\/\\\/auren.com\\\/co\\\/blog\\\/consejo-tecnico-de-la-contaduria-publica-unifica-criterio-en-relacion-con-la-contabilizacion-del-fondo-de-imprevistos-en-las-copropiedades\\\/#primaryimage\"},\"image\":{\"@id\":\"https:\\\/\\\/auren.com\\\/co\\\/blog\\\/consejo-tecnico-de-la-contaduria-publica-unifica-criterio-en-relacion-con-la-contabilizacion-del-fondo-de-imprevistos-en-las-copropiedades\\\/#primaryimage\"},\"thumbnailUrl\":\"https:\\\/\\\/auren.com\\\/co\\\/wp-content\\\/uploads\\\/2018\\\/07\\\/hands-32.jpg\",\"datePublished\":\"2018-07-04T14:55:26+00:00\",\"breadcrumb\":{\"@id\":\"https:\\\/\\\/auren.com\\\/co\\\/blog\\\/consejo-tecnico-de-la-contaduria-publica-unifica-criterio-en-relacion-con-la-contabilizacion-del-fondo-de-imprevistos-en-las-copropiedades\\\/#breadcrumb\"},\"inLanguage\":\"es\",\"potentialAction\":[{\"@type\":\"ReadAction\",\"target\":[\"https:\\\/\\\/auren.com\\\/co\\\/blog\\\/consejo-tecnico-de-la-contaduria-publica-unifica-criterio-en-relacion-con-la-contabilizacion-del-fondo-de-imprevistos-en-las-copropiedades\\\/\"]}]},{\"@type\":\"ImageObject\",\"inLanguage\":\"es\",\"@id\":\"https:\\\/\\\/auren.com\\\/co\\\/blog\\\/consejo-tecnico-de-la-contaduria-publica-unifica-criterio-en-relacion-con-la-contabilizacion-del-fondo-de-imprevistos-en-las-copropiedades\\\/#primaryimage\",\"url\":\"https:\\\/\\\/auren.com\\\/co\\\/wp-content\\\/uploads\\\/2018\\\/07\\\/hands-32.jpg\",\"contentUrl\":\"https:\\\/\\\/auren.com\\\/co\\\/wp-content\\\/uploads\\\/2018\\\/07\\\/hands-32.jpg\",\"width\":1000,\"height\":667},{\"@type\":\"BreadcrumbList\",\"@id\":\"https:\\\/\\\/auren.com\\\/co\\\/blog\\\/consejo-tecnico-de-la-contaduria-publica-unifica-criterio-en-relacion-con-la-contabilizacion-del-fondo-de-imprevistos-en-las-copropiedades\\\/#breadcrumb\",\"itemListElement\":[{\"@type\":\"ListItem\",\"position\":1,\"name\":\"Portada\",\"item\":\"https:\\\/\\\/auren.com\\\/co\\\/\"},{\"@type\":\"ListItem\",\"position\":2,\"name\":\"Consejo T\u00e9cnico de la Contadur\u00eda P\u00fablica unifica criterio en relaci\u00f3n con la contabilizaci\u00f3n del fondo de imprevistos en las copropiedades\"}]},{\"@type\":\"WebSite\",\"@id\":\"https:\\\/\\\/auren.com\\\/co\\\/#website\",\"url\":\"https:\\\/\\\/auren.com\\\/co\\\/\",\"name\":\"Auren Colombia\",\"description\":\"\",\"publisher\":{\"@id\":\"https:\\\/\\\/auren.com\\\/co\\\/#organization\"},\"potentialAction\":[{\"@type\":\"SearchAction\",\"target\":{\"@type\":\"EntryPoint\",\"urlTemplate\":\"https:\\\/\\\/auren.com\\\/co\\\/?s={search_term_string}\"},\"query-input\":{\"@type\":\"PropertyValueSpecification\",\"valueRequired\":true,\"valueName\":\"search_term_string\"}}],\"inLanguage\":\"es\"},{\"@type\":\"Organization\",\"@id\":\"https:\\\/\\\/auren.com\\\/co\\\/#organization\",\"name\":\"Auren Colombia\",\"url\":\"https:\\\/\\\/auren.com\\\/co\\\/\",\"logo\":{\"@type\":\"ImageObject\",\"inLanguage\":\"es\",\"@id\":\"https:\\\/\\\/auren.com\\\/co\\\/#\\\/schema\\\/logo\\\/image\\\/\",\"url\":\"https:\\\/\\\/auren.com\\\/co\\\/wp-content\\\/uploads\\\/2025\\\/01\\\/cropped-cropped-favicon-Auren.png\",\"contentUrl\":\"https:\\\/\\\/auren.com\\\/co\\\/wp-content\\\/uploads\\\/2025\\\/01\\\/cropped-cropped-favicon-Auren.png\",\"width\":512,\"height\":512,\"caption\":\"Auren Colombia\"},\"image\":{\"@id\":\"https:\\\/\\\/auren.com\\\/co\\\/#\\\/schema\\\/logo\\\/image\\\/\"},\"sameAs\":[\"https:\\\/\\\/x.com\\\/AurenColombia\",\"https:\\\/\\\/www.instagram.com\\\/aurencolombia\\\/\",\"https:\\\/\\\/www.youtube.com\\\/channel\\\/UCRYoGRMR_k4oVWesdErApmA\",\"https:\\\/\\\/www.linkedin.com\\\/company\\\/auren-colombia\"]}]}<\/script>\n<!-- \/ Yoast SEO plugin. -->","yoast_head_json":{"title":"Consejo T\u00e9cnico de la Contadur\u00eda P\u00fablica unifica criterio en relaci\u00f3n con la contabilizaci\u00f3n del fondo de imprevistos en las copropiedades - Auren Colombia","robots":{"index":"index","follow":"follow","max-snippet":"max-snippet:-1","max-image-preview":"max-image-preview:large","max-video-preview":"max-video-preview:-1"},"canonical":"https:\/\/auren.com\/co\/blog\/consejo-tecnico-de-la-contaduria-publica-unifica-criterio-en-relacion-con-la-contabilizacion-del-fondo-de-imprevistos-en-las-copropiedades\/","og_locale":"es_ES","og_type":"article","og_title":"Consejo T\u00e9cnico de la Contadur\u00eda P\u00fablica unifica criterio en relaci\u00f3n con la contabilizaci\u00f3n del fondo de imprevistos en las copropiedades - Auren Colombia","og_description":"En reciente concepto, el Consejo T\u00e9cnico de la Contadur\u00eda P\u00fablica unific\u00f3 su criterio en relaci\u00f3n con la adecuada contabilizaci\u00f3n del fondo de imprevistos en las copropiedades, con el fin de contribuir a la generaci\u00f3n de informes financieros \u00fatiles y luego de identificar diferentes pr\u00e1cticas que se han utilizado al respecto.","og_url":"https:\/\/auren.com\/co\/blog\/consejo-tecnico-de-la-contaduria-publica-unifica-criterio-en-relacion-con-la-contabilizacion-del-fondo-de-imprevistos-en-las-copropiedades\/","og_site_name":"Auren Colombia","og_image":[{"width":1000,"height":667,"url":"https:\/\/auren.com\/co\/wp-content\/uploads\/2018\/07\/hands-32.jpg","type":"image\/jpeg"}],"twitter_card":"summary_large_image","twitter_site":"@AurenColombia","twitter_misc":{"Tiempo de lectura":"2 minutos"},"schema":{"@context":"https:\/\/schema.org","@graph":[{"@type":"WebPage","@id":"https:\/\/auren.com\/co\/blog\/consejo-tecnico-de-la-contaduria-publica-unifica-criterio-en-relacion-con-la-contabilizacion-del-fondo-de-imprevistos-en-las-copropiedades\/","url":"https:\/\/auren.com\/co\/blog\/consejo-tecnico-de-la-contaduria-publica-unifica-criterio-en-relacion-con-la-contabilizacion-del-fondo-de-imprevistos-en-las-copropiedades\/","name":"Consejo T\u00e9cnico de la Contadur\u00eda P\u00fablica unifica criterio en relaci\u00f3n con la contabilizaci\u00f3n del fondo de imprevistos en las copropiedades - Auren Colombia","isPartOf":{"@id":"https:\/\/auren.com\/co\/#website"},"primaryImageOfPage":{"@id":"https:\/\/auren.com\/co\/blog\/consejo-tecnico-de-la-contaduria-publica-unifica-criterio-en-relacion-con-la-contabilizacion-del-fondo-de-imprevistos-en-las-copropiedades\/#primaryimage"},"image":{"@id":"https:\/\/auren.com\/co\/blog\/consejo-tecnico-de-la-contaduria-publica-unifica-criterio-en-relacion-con-la-contabilizacion-del-fondo-de-imprevistos-en-las-copropiedades\/#primaryimage"},"thumbnailUrl":"https:\/\/auren.com\/co\/wp-content\/uploads\/2018\/07\/hands-32.jpg","datePublished":"2018-07-04T14:55:26+00:00","breadcrumb":{"@id":"https:\/\/auren.com\/co\/blog\/consejo-tecnico-de-la-contaduria-publica-unifica-criterio-en-relacion-con-la-contabilizacion-del-fondo-de-imprevistos-en-las-copropiedades\/#breadcrumb"},"inLanguage":"es","potentialAction":[{"@type":"ReadAction","target":["https:\/\/auren.com\/co\/blog\/consejo-tecnico-de-la-contaduria-publica-unifica-criterio-en-relacion-con-la-contabilizacion-del-fondo-de-imprevistos-en-las-copropiedades\/"]}]},{"@type":"ImageObject","inLanguage":"es","@id":"https:\/\/auren.com\/co\/blog\/consejo-tecnico-de-la-contaduria-publica-unifica-criterio-en-relacion-con-la-contabilizacion-del-fondo-de-imprevistos-en-las-copropiedades\/#primaryimage","url":"https:\/\/auren.com\/co\/wp-content\/uploads\/2018\/07\/hands-32.jpg","contentUrl":"https:\/\/auren.com\/co\/wp-content\/uploads\/2018\/07\/hands-32.jpg","width":1000,"height":667},{"@type":"BreadcrumbList","@id":"https:\/\/auren.com\/co\/blog\/consejo-tecnico-de-la-contaduria-publica-unifica-criterio-en-relacion-con-la-contabilizacion-del-fondo-de-imprevistos-en-las-copropiedades\/#breadcrumb","itemListElement":[{"@type":"ListItem","position":1,"name":"Portada","item":"https:\/\/auren.com\/co\/"},{"@type":"ListItem","position":2,"name":"Consejo T\u00e9cnico de la Contadur\u00eda P\u00fablica unifica criterio en relaci\u00f3n con la contabilizaci\u00f3n del fondo de imprevistos en las copropiedades"}]},{"@type":"WebSite","@id":"https:\/\/auren.com\/co\/#website","url":"https:\/\/auren.com\/co\/","name":"Auren Colombia","description":"","publisher":{"@id":"https:\/\/auren.com\/co\/#organization"},"potentialAction":[{"@type":"SearchAction","target":{"@type":"EntryPoint","urlTemplate":"https:\/\/auren.com\/co\/?s={search_term_string}"},"query-input":{"@type":"PropertyValueSpecification","valueRequired":true,"valueName":"search_term_string"}}],"inLanguage":"es"},{"@type":"Organization","@id":"https:\/\/auren.com\/co\/#organization","name":"Auren Colombia","url":"https:\/\/auren.com\/co\/","logo":{"@type":"ImageObject","inLanguage":"es","@id":"https:\/\/auren.com\/co\/#\/schema\/logo\/image\/","url":"https:\/\/auren.com\/co\/wp-content\/uploads\/2025\/01\/cropped-cropped-favicon-Auren.png","contentUrl":"https:\/\/auren.com\/co\/wp-content\/uploads\/2025\/01\/cropped-cropped-favicon-Auren.png","width":512,"height":512,"caption":"Auren Colombia"},"image":{"@id":"https:\/\/auren.com\/co\/#\/schema\/logo\/image\/"},"sameAs":["https:\/\/x.com\/AurenColombia","https:\/\/www.instagram.com\/aurencolombia\/","https:\/\/www.youtube.com\/channel\/UCRYoGRMR_k4oVWesdErApmA","https:\/\/www.linkedin.com\/company\/auren-colombia"]}]}},"_links":{"self":[{"href":"https:\/\/auren.com\/co\/wp-json\/wp\/v2\/blog\/10926","targetHints":{"allow":["GET"]}}],"collection":[{"href":"https:\/\/auren.com\/co\/wp-json\/wp\/v2\/blog"}],"about":[{"href":"https:\/\/auren.com\/co\/wp-json\/wp\/v2\/types\/blog"}],"version-history":[{"count":0,"href":"https:\/\/auren.com\/co\/wp-json\/wp\/v2\/blog\/10926\/revisions"}],"wp:featuredmedia":[{"embeddable":true,"href":"https:\/\/auren.com\/co\/wp-json\/wp\/v2\/media\/10927"}],"wp:attachment":[{"href":"https:\/\/auren.com\/co\/wp-json\/wp\/v2\/media?parent=10926"}],"wp:term":[{"taxonomy":"blog-category","embeddable":true,"href":"https:\/\/auren.com\/co\/wp-json\/wp\/v2\/blog-category?post=10926"}],"curies":[{"name":"wp","href":"https:\/\/api.w.org\/{rel}","templated":true}]}}