{"id":10932,"date":"2018-07-04T16:23:58","date_gmt":"2018-07-04T14:23:58","guid":{"rendered":"https:\/\/auren.com\/co\/blog\/ingreso-por-reversion-de-provisiones-asociadas-a-pasivos\/"},"modified":"2018-07-04T16:23:58","modified_gmt":"2018-07-04T14:23:58","slug":"ingreso-por-reversion-de-provisiones-asociadas-a-pasivos","status":"publish","type":"blog","link":"https:\/\/auren.com\/co\/blog\/ingreso-por-reversion-de-provisiones-asociadas-a-pasivos\/","title":{"rendered":"Ingreso por reversi\u00f3n de provisiones asociadas a pasivos"},"content":{"rendered":"<p class=\"text-justify\">\n<p class=\"text-justify\">Para los contribuyentes obligados a llevar contabilidad, los ingresos realizados fiscalmente son los ingresos devengados contablemente en el a\u00f1o gravable.   <\/p>\n<p class=\"text-justify\">Existen algunos ingresos que aunque se devenguen contablemente, generar\u00e1n una diferencia para efectos tributarios; su reconocimiento fiscal se har\u00e1 en el momento en que lo determine el Estatuto Tributario. Dentro de ellos, se encuentran los ingresos por reversi\u00f3n de provisiones asociadas a pasivos, los cuales no ser\u00e1n objeto del impuesto sobre la renta, en la medida en que dichas provisiones no hayan generado un gasto deducible de impuestos en per\u00edodos anteriores.<\/p>\n<p class=\"text-justify\">La DIAN se\u00f1al\u00f3 en reciente concepto que tal disposici\u00f3n es aplicable frente a provisiones asociadas a pasivos reales, no frente a pasivos estimados o no realizados.<\/p>\n<p class=\"text-justify\">En el caso que origin\u00f3 el concepto de la DIAN, se consult\u00f3 la aplicaci\u00f3n de la norma comentada en el &nbsp;siguiente escenario, en el cual el contribuyente ha venido causando gastos por regal\u00edas contra la cuenta por pagar, sin que haya tomado la deducci\u00f3n en el impuesto sobre la renta. Ante las continuas p\u00e9rdidas fiscales, el acreedor sujet\u00f3 el pago de las regal\u00edas a la generaci\u00f3n de utilidades.<\/p>\n<p class=\"text-justify\">Para la DIAN, el caso descrito no cumple con los requisitos para ser tenido como un pasivo cierto en el impuesto sobre la renta, aduciendo que el contribuyente no ha realizado pagos, no ha practicado retenci\u00f3n en la fuente y el pasivo est\u00e1 sujeto a condici\u00f3n.<\/p>\n<\/p>\n<p>Fuente:<\/p>\n<\/p>\n<p>DIAN, Concepto 305 del 6 de marzo de 2018<\/p>\n<\/p>\n<p><!-- AddThis Advanced Settings generic via filter on the_content --><!-- AddThis Share Buttons generic via filter on the_content --><\/p>\n","protected":false},"excerpt":{"rendered":"<p>Para los contribuyentes obligados a llevar contabilidad, los ingresos realizados fiscalmente son los ingresos devengados contablemente en el a\u00f1o gravable.<\/p>\n","protected":false},"featured_media":10933,"template":"","meta":{"_acf_changed":false,"footnotes":""},"blog-category":[],"class_list":["post-10932","blog","type-blog","status-publish","has-post-thumbnail","hentry"],"acf":[],"yoast_head":"<!-- This site is optimized with the Yoast SEO plugin v27.4 - https:\/\/yoast.com\/product\/yoast-seo-wordpress\/ -->\n<title>Ingreso por reversi\u00f3n de provisiones asociadas a pasivos - Auren Colombia<\/title>\n<meta name=\"robots\" content=\"index, follow, max-snippet:-1, max-image-preview:large, max-video-preview:-1\" \/>\n<link rel=\"canonical\" href=\"https:\/\/auren.com\/co\/blog\/ingreso-por-reversion-de-provisiones-asociadas-a-pasivos\/\" \/>\n<meta property=\"og:locale\" content=\"es_ES\" \/>\n<meta property=\"og:type\" content=\"article\" \/>\n<meta property=\"og:title\" content=\"Ingreso por reversi\u00f3n de provisiones asociadas a pasivos - Auren Colombia\" \/>\n<meta property=\"og:description\" content=\"Para los contribuyentes obligados a llevar contabilidad, los ingresos realizados fiscalmente son los ingresos devengados contablemente en el a\u00f1o gravable.\" \/>\n<meta property=\"og:url\" content=\"https:\/\/auren.com\/co\/blog\/ingreso-por-reversion-de-provisiones-asociadas-a-pasivos\/\" \/>\n<meta property=\"og:site_name\" content=\"Auren Colombia\" \/>\n<meta property=\"og:image\" content=\"https:\/\/auren.com\/co\/wp-content\/uploads\/2018\/07\/shutterstock-577019452.jpg\" \/>\n\t<meta property=\"og:image:width\" content=\"1000\" \/>\n\t<meta property=\"og:image:height\" content=\"666\" \/>\n\t<meta property=\"og:image:type\" content=\"image\/jpeg\" \/>\n<meta name=\"twitter:card\" content=\"summary_large_image\" \/>\n<meta name=\"twitter:site\" content=\"@AurenColombia\" \/>\n<meta name=\"twitter:label1\" content=\"Tiempo de lectura\" \/>\n\t<meta name=\"twitter:data1\" content=\"1 minuto\" \/>\n<script type=\"application\/ld+json\" class=\"yoast-schema-graph\">{\"@context\":\"https:\\\/\\\/schema.org\",\"@graph\":[{\"@type\":\"WebPage\",\"@id\":\"https:\\\/\\\/auren.com\\\/co\\\/blog\\\/ingreso-por-reversion-de-provisiones-asociadas-a-pasivos\\\/\",\"url\":\"https:\\\/\\\/auren.com\\\/co\\\/blog\\\/ingreso-por-reversion-de-provisiones-asociadas-a-pasivos\\\/\",\"name\":\"Ingreso por reversi\u00f3n de provisiones asociadas a pasivos - Auren Colombia\",\"isPartOf\":{\"@id\":\"https:\\\/\\\/auren.com\\\/co\\\/#website\"},\"primaryImageOfPage\":{\"@id\":\"https:\\\/\\\/auren.com\\\/co\\\/blog\\\/ingreso-por-reversion-de-provisiones-asociadas-a-pasivos\\\/#primaryimage\"},\"image\":{\"@id\":\"https:\\\/\\\/auren.com\\\/co\\\/blog\\\/ingreso-por-reversion-de-provisiones-asociadas-a-pasivos\\\/#primaryimage\"},\"thumbnailUrl\":\"https:\\\/\\\/auren.com\\\/co\\\/wp-content\\\/uploads\\\/2018\\\/07\\\/shutterstock-577019452.jpg\",\"datePublished\":\"2018-07-04T14:23:58+00:00\",\"breadcrumb\":{\"@id\":\"https:\\\/\\\/auren.com\\\/co\\\/blog\\\/ingreso-por-reversion-de-provisiones-asociadas-a-pasivos\\\/#breadcrumb\"},\"inLanguage\":\"es\",\"potentialAction\":[{\"@type\":\"ReadAction\",\"target\":[\"https:\\\/\\\/auren.com\\\/co\\\/blog\\\/ingreso-por-reversion-de-provisiones-asociadas-a-pasivos\\\/\"]}]},{\"@type\":\"ImageObject\",\"inLanguage\":\"es\",\"@id\":\"https:\\\/\\\/auren.com\\\/co\\\/blog\\\/ingreso-por-reversion-de-provisiones-asociadas-a-pasivos\\\/#primaryimage\",\"url\":\"https:\\\/\\\/auren.com\\\/co\\\/wp-content\\\/uploads\\\/2018\\\/07\\\/shutterstock-577019452.jpg\",\"contentUrl\":\"https:\\\/\\\/auren.com\\\/co\\\/wp-content\\\/uploads\\\/2018\\\/07\\\/shutterstock-577019452.jpg\",\"width\":1000,\"height\":666},{\"@type\":\"BreadcrumbList\",\"@id\":\"https:\\\/\\\/auren.com\\\/co\\\/blog\\\/ingreso-por-reversion-de-provisiones-asociadas-a-pasivos\\\/#breadcrumb\",\"itemListElement\":[{\"@type\":\"ListItem\",\"position\":1,\"name\":\"Portada\",\"item\":\"https:\\\/\\\/auren.com\\\/co\\\/\"},{\"@type\":\"ListItem\",\"position\":2,\"name\":\"Ingreso por reversi\u00f3n de provisiones asociadas a pasivos\"}]},{\"@type\":\"WebSite\",\"@id\":\"https:\\\/\\\/auren.com\\\/co\\\/#website\",\"url\":\"https:\\\/\\\/auren.com\\\/co\\\/\",\"name\":\"Auren Colombia\",\"description\":\"\",\"publisher\":{\"@id\":\"https:\\\/\\\/auren.com\\\/co\\\/#organization\"},\"potentialAction\":[{\"@type\":\"SearchAction\",\"target\":{\"@type\":\"EntryPoint\",\"urlTemplate\":\"https:\\\/\\\/auren.com\\\/co\\\/?s={search_term_string}\"},\"query-input\":{\"@type\":\"PropertyValueSpecification\",\"valueRequired\":true,\"valueName\":\"search_term_string\"}}],\"inLanguage\":\"es\"},{\"@type\":\"Organization\",\"@id\":\"https:\\\/\\\/auren.com\\\/co\\\/#organization\",\"name\":\"Auren Colombia\",\"url\":\"https:\\\/\\\/auren.com\\\/co\\\/\",\"logo\":{\"@type\":\"ImageObject\",\"inLanguage\":\"es\",\"@id\":\"https:\\\/\\\/auren.com\\\/co\\\/#\\\/schema\\\/logo\\\/image\\\/\",\"url\":\"https:\\\/\\\/auren.com\\\/co\\\/wp-content\\\/uploads\\\/2025\\\/01\\\/cropped-cropped-favicon-Auren.png\",\"contentUrl\":\"https:\\\/\\\/auren.com\\\/co\\\/wp-content\\\/uploads\\\/2025\\\/01\\\/cropped-cropped-favicon-Auren.png\",\"width\":512,\"height\":512,\"caption\":\"Auren Colombia\"},\"image\":{\"@id\":\"https:\\\/\\\/auren.com\\\/co\\\/#\\\/schema\\\/logo\\\/image\\\/\"},\"sameAs\":[\"https:\\\/\\\/x.com\\\/AurenColombia\",\"https:\\\/\\\/www.instagram.com\\\/aurencolombia\\\/\",\"https:\\\/\\\/www.youtube.com\\\/channel\\\/UCRYoGRMR_k4oVWesdErApmA\",\"https:\\\/\\\/www.linkedin.com\\\/company\\\/auren-colombia\"]}]}<\/script>\n<!-- \/ Yoast SEO plugin. -->","yoast_head_json":{"title":"Ingreso por reversi\u00f3n de provisiones asociadas a pasivos - Auren Colombia","robots":{"index":"index","follow":"follow","max-snippet":"max-snippet:-1","max-image-preview":"max-image-preview:large","max-video-preview":"max-video-preview:-1"},"canonical":"https:\/\/auren.com\/co\/blog\/ingreso-por-reversion-de-provisiones-asociadas-a-pasivos\/","og_locale":"es_ES","og_type":"article","og_title":"Ingreso por reversi\u00f3n de provisiones asociadas a pasivos - Auren Colombia","og_description":"Para los contribuyentes obligados a llevar contabilidad, los ingresos realizados fiscalmente son los ingresos devengados contablemente en el a\u00f1o gravable.","og_url":"https:\/\/auren.com\/co\/blog\/ingreso-por-reversion-de-provisiones-asociadas-a-pasivos\/","og_site_name":"Auren Colombia","og_image":[{"width":1000,"height":666,"url":"https:\/\/auren.com\/co\/wp-content\/uploads\/2018\/07\/shutterstock-577019452.jpg","type":"image\/jpeg"}],"twitter_card":"summary_large_image","twitter_site":"@AurenColombia","twitter_misc":{"Tiempo de lectura":"1 minuto"},"schema":{"@context":"https:\/\/schema.org","@graph":[{"@type":"WebPage","@id":"https:\/\/auren.com\/co\/blog\/ingreso-por-reversion-de-provisiones-asociadas-a-pasivos\/","url":"https:\/\/auren.com\/co\/blog\/ingreso-por-reversion-de-provisiones-asociadas-a-pasivos\/","name":"Ingreso por reversi\u00f3n de provisiones asociadas a pasivos - Auren Colombia","isPartOf":{"@id":"https:\/\/auren.com\/co\/#website"},"primaryImageOfPage":{"@id":"https:\/\/auren.com\/co\/blog\/ingreso-por-reversion-de-provisiones-asociadas-a-pasivos\/#primaryimage"},"image":{"@id":"https:\/\/auren.com\/co\/blog\/ingreso-por-reversion-de-provisiones-asociadas-a-pasivos\/#primaryimage"},"thumbnailUrl":"https:\/\/auren.com\/co\/wp-content\/uploads\/2018\/07\/shutterstock-577019452.jpg","datePublished":"2018-07-04T14:23:58+00:00","breadcrumb":{"@id":"https:\/\/auren.com\/co\/blog\/ingreso-por-reversion-de-provisiones-asociadas-a-pasivos\/#breadcrumb"},"inLanguage":"es","potentialAction":[{"@type":"ReadAction","target":["https:\/\/auren.com\/co\/blog\/ingreso-por-reversion-de-provisiones-asociadas-a-pasivos\/"]}]},{"@type":"ImageObject","inLanguage":"es","@id":"https:\/\/auren.com\/co\/blog\/ingreso-por-reversion-de-provisiones-asociadas-a-pasivos\/#primaryimage","url":"https:\/\/auren.com\/co\/wp-content\/uploads\/2018\/07\/shutterstock-577019452.jpg","contentUrl":"https:\/\/auren.com\/co\/wp-content\/uploads\/2018\/07\/shutterstock-577019452.jpg","width":1000,"height":666},{"@type":"BreadcrumbList","@id":"https:\/\/auren.com\/co\/blog\/ingreso-por-reversion-de-provisiones-asociadas-a-pasivos\/#breadcrumb","itemListElement":[{"@type":"ListItem","position":1,"name":"Portada","item":"https:\/\/auren.com\/co\/"},{"@type":"ListItem","position":2,"name":"Ingreso por reversi\u00f3n de provisiones asociadas a pasivos"}]},{"@type":"WebSite","@id":"https:\/\/auren.com\/co\/#website","url":"https:\/\/auren.com\/co\/","name":"Auren Colombia","description":"","publisher":{"@id":"https:\/\/auren.com\/co\/#organization"},"potentialAction":[{"@type":"SearchAction","target":{"@type":"EntryPoint","urlTemplate":"https:\/\/auren.com\/co\/?s={search_term_string}"},"query-input":{"@type":"PropertyValueSpecification","valueRequired":true,"valueName":"search_term_string"}}],"inLanguage":"es"},{"@type":"Organization","@id":"https:\/\/auren.com\/co\/#organization","name":"Auren Colombia","url":"https:\/\/auren.com\/co\/","logo":{"@type":"ImageObject","inLanguage":"es","@id":"https:\/\/auren.com\/co\/#\/schema\/logo\/image\/","url":"https:\/\/auren.com\/co\/wp-content\/uploads\/2025\/01\/cropped-cropped-favicon-Auren.png","contentUrl":"https:\/\/auren.com\/co\/wp-content\/uploads\/2025\/01\/cropped-cropped-favicon-Auren.png","width":512,"height":512,"caption":"Auren Colombia"},"image":{"@id":"https:\/\/auren.com\/co\/#\/schema\/logo\/image\/"},"sameAs":["https:\/\/x.com\/AurenColombia","https:\/\/www.instagram.com\/aurencolombia\/","https:\/\/www.youtube.com\/channel\/UCRYoGRMR_k4oVWesdErApmA","https:\/\/www.linkedin.com\/company\/auren-colombia"]}]}},"_links":{"self":[{"href":"https:\/\/auren.com\/co\/wp-json\/wp\/v2\/blog\/10932","targetHints":{"allow":["GET"]}}],"collection":[{"href":"https:\/\/auren.com\/co\/wp-json\/wp\/v2\/blog"}],"about":[{"href":"https:\/\/auren.com\/co\/wp-json\/wp\/v2\/types\/blog"}],"version-history":[{"count":0,"href":"https:\/\/auren.com\/co\/wp-json\/wp\/v2\/blog\/10932\/revisions"}],"wp:featuredmedia":[{"embeddable":true,"href":"https:\/\/auren.com\/co\/wp-json\/wp\/v2\/media\/10933"}],"wp:attachment":[{"href":"https:\/\/auren.com\/co\/wp-json\/wp\/v2\/media?parent=10932"}],"wp:term":[{"taxonomy":"blog-category","embeddable":true,"href":"https:\/\/auren.com\/co\/wp-json\/wp\/v2\/blog-category?post=10932"}],"curies":[{"name":"wp","href":"https:\/\/api.w.org\/{rel}","templated":true}]}}