{"id":11106,"date":"2017-10-03T16:35:55","date_gmt":"2017-10-03T14:35:55","guid":{"rendered":"https:\/\/auren.com\/co\/blog\/extienden-plazos-para-la-entrada-en-vigencia-de-algunas-modificaciones-al-regimen-de-zonas-francas\/"},"modified":"2017-10-03T16:35:55","modified_gmt":"2017-10-03T14:35:55","slug":"extienden-plazos-para-la-entrada-en-vigencia-de-algunas-modificaciones-al-regimen-de-zonas-francas","status":"publish","type":"blog","link":"https:\/\/auren.com\/co\/blog\/extienden-plazos-para-la-entrada-en-vigencia-de-algunas-modificaciones-al-regimen-de-zonas-francas\/","title":{"rendered":"Extienden plazos para la entrada en vigencia de algunas modificaciones al r\u00e9gimen de Zonas Francas"},"content":{"rendered":"<\/p>\n<p class=\"text-justify\">El Decreto 2147 de 2016 simplific\u00f3 la normatividad vigente sobre las Zonas Francas, con el fin de agilizar los procedimientos, facilitar el acceso al r\u00e9gimen y delimitar claramente la participaci\u00f3n de las diferentes entidades que intervienen en el proceso de declaratoria de existencia de zonas francas; su art\u00edculo 139 fij\u00f3 los plazos para la entrada en vigencia de dichas normas.   <\/p>\n<p class=\"text-justify\">Considerando que a\u00fan no se cuenta con los ajustes en los sistemas inform\u00e1ticos de la autoridad aduanera para implementar los procedimientos, tr\u00e1mites y operaciones establecidos en las normas que entrar\u00edan a regir el 18 de septiembre de 2017, el Gobierno estim\u00f3 necesario modificar esta fecha, con el prop\u00f3sito de conceder un t\u00e9rmino adicional para el ajuste de los sistemas por parte de los usuarios y de no afectar las operaciones de comercio exterior de las zonas francas.<\/p>\n<p class=\"text-justify\">En tal sentido, por medio del Decreto 1546 del 19 de septiembre de 2017 se establece que entrar\u00e1n a regir el 8 de marzo de 2018, el T\u00edtulo II del Decreto 2147, relacionado con operaciones de comercio exterior en zonas francas, y el T\u00edtulo III del mismo Decreto, referido al control y fiscalizaci\u00f3n en las operaciones de comercio exterior, el cual contiene sanciones y procedimientos.<\/p>\n<p><!-- AddThis Advanced Settings generic via filter on the_content --><!-- AddThis Share Buttons generic via filter on the_content --><\/p>\n","protected":false},"excerpt":{"rendered":"<p>El Decreto 2147 de 2016 simplific\u00f3 la normatividad vigente sobre las Zonas Francas, con el fin de agilizar los procedimientos, facilitar el acceso al r\u00e9gimen y delimitar claramente la participaci\u00f3n de las diferentes entidades que intervienen en el proceso de declaratoria de existencia de zonas francas.<\/p>\n","protected":false},"featured_media":11107,"template":"","meta":{"_acf_changed":false,"footnotes":""},"blog-category":[],"class_list":["post-11106","blog","type-blog","status-publish","has-post-thumbnail","hentry"],"acf":[],"yoast_head":"<!-- This site is optimized with the Yoast SEO plugin v27.4 - https:\/\/yoast.com\/product\/yoast-seo-wordpress\/ -->\n<title>Extienden plazos para la entrada en vigencia de algunas modificaciones al r\u00e9gimen de Zonas Francas - Auren Colombia<\/title>\n<meta name=\"robots\" content=\"index, follow, max-snippet:-1, max-image-preview:large, max-video-preview:-1\" \/>\n<link rel=\"canonical\" href=\"https:\/\/auren.com\/co\/blog\/extienden-plazos-para-la-entrada-en-vigencia-de-algunas-modificaciones-al-regimen-de-zonas-francas\/\" \/>\n<meta property=\"og:locale\" content=\"es_ES\" \/>\n<meta property=\"og:type\" content=\"article\" \/>\n<meta property=\"og:title\" content=\"Extienden plazos para la entrada en vigencia de algunas modificaciones al r\u00e9gimen de Zonas Francas - Auren Colombia\" \/>\n<meta property=\"og:description\" content=\"El Decreto 2147 de 2016 simplific\u00f3 la normatividad vigente sobre las Zonas Francas, con el fin de agilizar los procedimientos, facilitar el acceso al r\u00e9gimen y delimitar claramente la participaci\u00f3n de las diferentes entidades que intervienen en el proceso de declaratoria de existencia de zonas francas.\" \/>\n<meta property=\"og:url\" content=\"https:\/\/auren.com\/co\/blog\/extienden-plazos-para-la-entrada-en-vigencia-de-algunas-modificaciones-al-regimen-de-zonas-francas\/\" \/>\n<meta property=\"og:site_name\" content=\"Auren Colombia\" \/>\n<meta property=\"og:image\" content=\"https:\/\/auren.com\/co\/wp-content\/uploads\/2017\/10\/aduana-8-3.jpg\" \/>\n\t<meta property=\"og:image:width\" content=\"1000\" \/>\n\t<meta property=\"og:image:height\" content=\"502\" \/>\n\t<meta property=\"og:image:type\" content=\"image\/jpeg\" \/>\n<meta name=\"twitter:card\" content=\"summary_large_image\" \/>\n<meta name=\"twitter:site\" content=\"@AurenColombia\" \/>\n<meta name=\"twitter:label1\" content=\"Tiempo de lectura\" \/>\n\t<meta name=\"twitter:data1\" content=\"1 minuto\" \/>\n<script type=\"application\/ld+json\" class=\"yoast-schema-graph\">{\"@context\":\"https:\\\/\\\/schema.org\",\"@graph\":[{\"@type\":\"WebPage\",\"@id\":\"https:\\\/\\\/auren.com\\\/co\\\/blog\\\/extienden-plazos-para-la-entrada-en-vigencia-de-algunas-modificaciones-al-regimen-de-zonas-francas\\\/\",\"url\":\"https:\\\/\\\/auren.com\\\/co\\\/blog\\\/extienden-plazos-para-la-entrada-en-vigencia-de-algunas-modificaciones-al-regimen-de-zonas-francas\\\/\",\"name\":\"Extienden plazos para la entrada en vigencia de algunas modificaciones al r\u00e9gimen de Zonas Francas - Auren Colombia\",\"isPartOf\":{\"@id\":\"https:\\\/\\\/auren.com\\\/co\\\/#website\"},\"primaryImageOfPage\":{\"@id\":\"https:\\\/\\\/auren.com\\\/co\\\/blog\\\/extienden-plazos-para-la-entrada-en-vigencia-de-algunas-modificaciones-al-regimen-de-zonas-francas\\\/#primaryimage\"},\"image\":{\"@id\":\"https:\\\/\\\/auren.com\\\/co\\\/blog\\\/extienden-plazos-para-la-entrada-en-vigencia-de-algunas-modificaciones-al-regimen-de-zonas-francas\\\/#primaryimage\"},\"thumbnailUrl\":\"https:\\\/\\\/auren.com\\\/co\\\/wp-content\\\/uploads\\\/2017\\\/10\\\/aduana-8-3.jpg\",\"datePublished\":\"2017-10-03T14:35:55+00:00\",\"breadcrumb\":{\"@id\":\"https:\\\/\\\/auren.com\\\/co\\\/blog\\\/extienden-plazos-para-la-entrada-en-vigencia-de-algunas-modificaciones-al-regimen-de-zonas-francas\\\/#breadcrumb\"},\"inLanguage\":\"es\",\"potentialAction\":[{\"@type\":\"ReadAction\",\"target\":[\"https:\\\/\\\/auren.com\\\/co\\\/blog\\\/extienden-plazos-para-la-entrada-en-vigencia-de-algunas-modificaciones-al-regimen-de-zonas-francas\\\/\"]}]},{\"@type\":\"ImageObject\",\"inLanguage\":\"es\",\"@id\":\"https:\\\/\\\/auren.com\\\/co\\\/blog\\\/extienden-plazos-para-la-entrada-en-vigencia-de-algunas-modificaciones-al-regimen-de-zonas-francas\\\/#primaryimage\",\"url\":\"https:\\\/\\\/auren.com\\\/co\\\/wp-content\\\/uploads\\\/2017\\\/10\\\/aduana-8-3.jpg\",\"contentUrl\":\"https:\\\/\\\/auren.com\\\/co\\\/wp-content\\\/uploads\\\/2017\\\/10\\\/aduana-8-3.jpg\",\"width\":1000,\"height\":502},{\"@type\":\"BreadcrumbList\",\"@id\":\"https:\\\/\\\/auren.com\\\/co\\\/blog\\\/extienden-plazos-para-la-entrada-en-vigencia-de-algunas-modificaciones-al-regimen-de-zonas-francas\\\/#breadcrumb\",\"itemListElement\":[{\"@type\":\"ListItem\",\"position\":1,\"name\":\"Portada\",\"item\":\"https:\\\/\\\/auren.com\\\/co\\\/\"},{\"@type\":\"ListItem\",\"position\":2,\"name\":\"Extienden plazos para la entrada en vigencia de algunas modificaciones al r\u00e9gimen de Zonas Francas\"}]},{\"@type\":\"WebSite\",\"@id\":\"https:\\\/\\\/auren.com\\\/co\\\/#website\",\"url\":\"https:\\\/\\\/auren.com\\\/co\\\/\",\"name\":\"Auren Colombia\",\"description\":\"\",\"publisher\":{\"@id\":\"https:\\\/\\\/auren.com\\\/co\\\/#organization\"},\"potentialAction\":[{\"@type\":\"SearchAction\",\"target\":{\"@type\":\"EntryPoint\",\"urlTemplate\":\"https:\\\/\\\/auren.com\\\/co\\\/?s={search_term_string}\"},\"query-input\":{\"@type\":\"PropertyValueSpecification\",\"valueRequired\":true,\"valueName\":\"search_term_string\"}}],\"inLanguage\":\"es\"},{\"@type\":\"Organization\",\"@id\":\"https:\\\/\\\/auren.com\\\/co\\\/#organization\",\"name\":\"Auren Colombia\",\"url\":\"https:\\\/\\\/auren.com\\\/co\\\/\",\"logo\":{\"@type\":\"ImageObject\",\"inLanguage\":\"es\",\"@id\":\"https:\\\/\\\/auren.com\\\/co\\\/#\\\/schema\\\/logo\\\/image\\\/\",\"url\":\"https:\\\/\\\/auren.com\\\/co\\\/wp-content\\\/uploads\\\/2025\\\/01\\\/cropped-cropped-favicon-Auren.png\",\"contentUrl\":\"https:\\\/\\\/auren.com\\\/co\\\/wp-content\\\/uploads\\\/2025\\\/01\\\/cropped-cropped-favicon-Auren.png\",\"width\":512,\"height\":512,\"caption\":\"Auren Colombia\"},\"image\":{\"@id\":\"https:\\\/\\\/auren.com\\\/co\\\/#\\\/schema\\\/logo\\\/image\\\/\"},\"sameAs\":[\"https:\\\/\\\/x.com\\\/AurenColombia\",\"https:\\\/\\\/www.instagram.com\\\/aurencolombia\\\/\",\"https:\\\/\\\/www.youtube.com\\\/channel\\\/UCRYoGRMR_k4oVWesdErApmA\",\"https:\\\/\\\/www.linkedin.com\\\/company\\\/auren-colombia\"]}]}<\/script>\n<!-- \/ Yoast SEO plugin. -->","yoast_head_json":{"title":"Extienden plazos para la entrada en vigencia de algunas modificaciones al r\u00e9gimen de Zonas Francas - Auren Colombia","robots":{"index":"index","follow":"follow","max-snippet":"max-snippet:-1","max-image-preview":"max-image-preview:large","max-video-preview":"max-video-preview:-1"},"canonical":"https:\/\/auren.com\/co\/blog\/extienden-plazos-para-la-entrada-en-vigencia-de-algunas-modificaciones-al-regimen-de-zonas-francas\/","og_locale":"es_ES","og_type":"article","og_title":"Extienden plazos para la entrada en vigencia de algunas modificaciones al r\u00e9gimen de Zonas Francas - Auren Colombia","og_description":"El Decreto 2147 de 2016 simplific\u00f3 la normatividad vigente sobre las Zonas Francas, con el fin de agilizar los procedimientos, facilitar el acceso al r\u00e9gimen y delimitar claramente la participaci\u00f3n de las diferentes entidades que intervienen en el proceso de declaratoria de existencia de zonas francas.","og_url":"https:\/\/auren.com\/co\/blog\/extienden-plazos-para-la-entrada-en-vigencia-de-algunas-modificaciones-al-regimen-de-zonas-francas\/","og_site_name":"Auren Colombia","og_image":[{"width":1000,"height":502,"url":"https:\/\/auren.com\/co\/wp-content\/uploads\/2017\/10\/aduana-8-3.jpg","type":"image\/jpeg"}],"twitter_card":"summary_large_image","twitter_site":"@AurenColombia","twitter_misc":{"Tiempo de lectura":"1 minuto"},"schema":{"@context":"https:\/\/schema.org","@graph":[{"@type":"WebPage","@id":"https:\/\/auren.com\/co\/blog\/extienden-plazos-para-la-entrada-en-vigencia-de-algunas-modificaciones-al-regimen-de-zonas-francas\/","url":"https:\/\/auren.com\/co\/blog\/extienden-plazos-para-la-entrada-en-vigencia-de-algunas-modificaciones-al-regimen-de-zonas-francas\/","name":"Extienden plazos para la entrada en vigencia de algunas modificaciones al r\u00e9gimen de Zonas Francas - Auren Colombia","isPartOf":{"@id":"https:\/\/auren.com\/co\/#website"},"primaryImageOfPage":{"@id":"https:\/\/auren.com\/co\/blog\/extienden-plazos-para-la-entrada-en-vigencia-de-algunas-modificaciones-al-regimen-de-zonas-francas\/#primaryimage"},"image":{"@id":"https:\/\/auren.com\/co\/blog\/extienden-plazos-para-la-entrada-en-vigencia-de-algunas-modificaciones-al-regimen-de-zonas-francas\/#primaryimage"},"thumbnailUrl":"https:\/\/auren.com\/co\/wp-content\/uploads\/2017\/10\/aduana-8-3.jpg","datePublished":"2017-10-03T14:35:55+00:00","breadcrumb":{"@id":"https:\/\/auren.com\/co\/blog\/extienden-plazos-para-la-entrada-en-vigencia-de-algunas-modificaciones-al-regimen-de-zonas-francas\/#breadcrumb"},"inLanguage":"es","potentialAction":[{"@type":"ReadAction","target":["https:\/\/auren.com\/co\/blog\/extienden-plazos-para-la-entrada-en-vigencia-de-algunas-modificaciones-al-regimen-de-zonas-francas\/"]}]},{"@type":"ImageObject","inLanguage":"es","@id":"https:\/\/auren.com\/co\/blog\/extienden-plazos-para-la-entrada-en-vigencia-de-algunas-modificaciones-al-regimen-de-zonas-francas\/#primaryimage","url":"https:\/\/auren.com\/co\/wp-content\/uploads\/2017\/10\/aduana-8-3.jpg","contentUrl":"https:\/\/auren.com\/co\/wp-content\/uploads\/2017\/10\/aduana-8-3.jpg","width":1000,"height":502},{"@type":"BreadcrumbList","@id":"https:\/\/auren.com\/co\/blog\/extienden-plazos-para-la-entrada-en-vigencia-de-algunas-modificaciones-al-regimen-de-zonas-francas\/#breadcrumb","itemListElement":[{"@type":"ListItem","position":1,"name":"Portada","item":"https:\/\/auren.com\/co\/"},{"@type":"ListItem","position":2,"name":"Extienden plazos para la entrada en vigencia de algunas modificaciones al r\u00e9gimen de Zonas Francas"}]},{"@type":"WebSite","@id":"https:\/\/auren.com\/co\/#website","url":"https:\/\/auren.com\/co\/","name":"Auren Colombia","description":"","publisher":{"@id":"https:\/\/auren.com\/co\/#organization"},"potentialAction":[{"@type":"SearchAction","target":{"@type":"EntryPoint","urlTemplate":"https:\/\/auren.com\/co\/?s={search_term_string}"},"query-input":{"@type":"PropertyValueSpecification","valueRequired":true,"valueName":"search_term_string"}}],"inLanguage":"es"},{"@type":"Organization","@id":"https:\/\/auren.com\/co\/#organization","name":"Auren Colombia","url":"https:\/\/auren.com\/co\/","logo":{"@type":"ImageObject","inLanguage":"es","@id":"https:\/\/auren.com\/co\/#\/schema\/logo\/image\/","url":"https:\/\/auren.com\/co\/wp-content\/uploads\/2025\/01\/cropped-cropped-favicon-Auren.png","contentUrl":"https:\/\/auren.com\/co\/wp-content\/uploads\/2025\/01\/cropped-cropped-favicon-Auren.png","width":512,"height":512,"caption":"Auren Colombia"},"image":{"@id":"https:\/\/auren.com\/co\/#\/schema\/logo\/image\/"},"sameAs":["https:\/\/x.com\/AurenColombia","https:\/\/www.instagram.com\/aurencolombia\/","https:\/\/www.youtube.com\/channel\/UCRYoGRMR_k4oVWesdErApmA","https:\/\/www.linkedin.com\/company\/auren-colombia"]}]}},"_links":{"self":[{"href":"https:\/\/auren.com\/co\/wp-json\/wp\/v2\/blog\/11106","targetHints":{"allow":["GET"]}}],"collection":[{"href":"https:\/\/auren.com\/co\/wp-json\/wp\/v2\/blog"}],"about":[{"href":"https:\/\/auren.com\/co\/wp-json\/wp\/v2\/types\/blog"}],"version-history":[{"count":0,"href":"https:\/\/auren.com\/co\/wp-json\/wp\/v2\/blog\/11106\/revisions"}],"wp:featuredmedia":[{"embeddable":true,"href":"https:\/\/auren.com\/co\/wp-json\/wp\/v2\/media\/11107"}],"wp:attachment":[{"href":"https:\/\/auren.com\/co\/wp-json\/wp\/v2\/media?parent=11106"}],"wp:term":[{"taxonomy":"blog-category","embeddable":true,"href":"https:\/\/auren.com\/co\/wp-json\/wp\/v2\/blog-category?post=11106"}],"curies":[{"name":"wp","href":"https:\/\/api.w.org\/{rel}","templated":true}]}}