{"id":11109,"date":"2017-10-03T16:26:57","date_gmt":"2017-10-03T14:26:57","guid":{"rendered":"https:\/\/auren.com\/co\/blog\/consejo-tecnico-de-la-contaduria-publica-se-pronuncia-sobre-impuesto-diferido-en-las-cooperativas\/"},"modified":"2017-10-03T16:26:57","modified_gmt":"2017-10-03T14:26:57","slug":"consejo-tecnico-de-la-contaduria-publica-se-pronuncia-sobre-impuesto-diferido-en-las-cooperativas","status":"publish","type":"blog","link":"https:\/\/auren.com\/co\/blog\/consejo-tecnico-de-la-contaduria-publica-se-pronuncia-sobre-impuesto-diferido-en-las-cooperativas\/","title":{"rendered":"Consejo T\u00e9cnico de la Contadur\u00eda P\u00fablica se pronuncia sobre impuesto diferido en las cooperativas."},"content":{"rendered":"<\/p>\n<p class=\"text-justify\">La Ley 1819 de 2016 modific\u00f3 la tributaci\u00f3n a cargo de las cooperativas, estableciendo que son contribuyentes de impuesto sobre la renta bajo el r\u00e9gimen tributario especial, estando gravadas a una tarifa del 10% para el a\u00f1o gravable 2017, del 15% para el a\u00f1o gravable de 2018 y 20% a partir del a\u00f1o 2019.   <\/p>\n<p class=\"text-justify\">Al ser consultado el Consejo T\u00e9cnico de la Contadur\u00eda P\u00fablica acerca de si deben las cooperativas determinar y reconocer el impuesto diferido o no es necesario su c\u00e1lculo y reconocimiento contable, se\u00f1al\u00f3 la entidad:&nbsp;<\/p>\n<ul class=\"text-justify\">\n<li class=\"text-justify\">Si la entidad aplica el marco t\u00e9cnico del Grupo 2 en el c\u00e1lculo de los impuestos diferidos, deber\u00e1 observar la normatividad descrita en la secci\u00f3n 29 de las NIIF para PYMES, la cual establece el principio general de reconocimiento de los impuestos diferidos, destacando que el impuesto diferido se causa cuando el valor en libros de los activos\/pasivos difiere de la base fiscal establecida de acuerdo con las normas tributarias, lo cual origina una diferencia temporaria imponible o deducible, que implica el reconocimiento de un activo o un pasivo por impuesto diferido.   <\/li>\n<li class=\"text-justify\">La determinaci\u00f3n del impuesto diferido no se basa en la determinaci\u00f3n de los excedentes del ejercicio, sino en las diferencias temporarias que existen entre el valor en libros de un activo\/pasivo en el estado de situaci\u00f3n financiera y su base fiscal.   <\/li>\n<li class=\"text-justify\">Considerando que a partir del a\u00f1o 2017 las cooperativas tributan sobre sus excedentes, si se presentan las diferencias temporarias habr\u00e1 necesidad de calcular el impuesto diferido.   <\/li>\n<\/ul>\n<p class=\"text-justify\">\n<p class=\"text-justify\">Finalmente, en el caso de una entidad que aplique el marco t\u00e9cnico del Grupo 3, manifest\u00f3 la entidad que no existe direccionamiento sobre el tema, por lo cual la entidad no estar\u00eda obligada a reconocer contablemente los impuestos diferidos, salvo que voluntariamente decida aplicar el marco t\u00e9cnico de los Grupos 1 o 2.<\/p>\n<p><!-- AddThis Advanced Settings generic via filter on the_content --><!-- AddThis Share Buttons generic via filter on the_content --><\/p>\n","protected":false},"excerpt":{"rendered":"<p>La Ley 1819 de 2016 modific\u00f3 la tributaci\u00f3n a cargo de las cooperativas, estableciendo que son contribuyentes de impuesto sobre la renta bajo el r\u00e9gimen tributario especial, estando gravadas a una tarifa del 10% para el a\u00f1o gravable 2017, del 15% para el a\u00f1o gravable de 2018 y 20% a partir del a\u00f1o 2019.<\/p>\n","protected":false},"featured_media":11110,"template":"","meta":{"_acf_changed":false,"footnotes":""},"blog-category":[],"class_list":["post-11109","blog","type-blog","status-publish","has-post-thumbnail","hentry"],"acf":[],"yoast_head":"<!-- This site is optimized with the Yoast SEO plugin v27.4 - https:\/\/yoast.com\/product\/yoast-seo-wordpress\/ -->\n<title>Consejo T\u00e9cnico de la Contadur\u00eda P\u00fablica se pronuncia sobre impuesto diferido en las cooperativas. - Auren Colombia<\/title>\n<meta name=\"robots\" content=\"index, follow, max-snippet:-1, max-image-preview:large, max-video-preview:-1\" \/>\n<link rel=\"canonical\" href=\"https:\/\/auren.com\/co\/blog\/consejo-tecnico-de-la-contaduria-publica-se-pronuncia-sobre-impuesto-diferido-en-las-cooperativas\/\" \/>\n<meta property=\"og:locale\" content=\"es_ES\" \/>\n<meta property=\"og:type\" content=\"article\" \/>\n<meta property=\"og:title\" content=\"Consejo T\u00e9cnico de la Contadur\u00eda P\u00fablica se pronuncia sobre impuesto diferido en las cooperativas. - Auren Colombia\" \/>\n<meta property=\"og:description\" content=\"La Ley 1819 de 2016 modific\u00f3 la tributaci\u00f3n a cargo de las cooperativas, estableciendo que son contribuyentes de impuesto sobre la renta bajo el r\u00e9gimen tributario especial, estando gravadas a una tarifa del 10% para el a\u00f1o gravable 2017, del 15% para el a\u00f1o gravable de 2018 y 20% a partir del a\u00f1o 2019.\" \/>\n<meta property=\"og:url\" content=\"https:\/\/auren.com\/co\/blog\/consejo-tecnico-de-la-contaduria-publica-se-pronuncia-sobre-impuesto-diferido-en-las-cooperativas\/\" \/>\n<meta property=\"og:site_name\" content=\"Auren Colombia\" \/>\n<meta property=\"og:image\" content=\"https:\/\/auren.com\/co\/wp-content\/uploads\/2017\/10\/seguridad-24-1.jpg\" \/>\n\t<meta property=\"og:image:width\" content=\"1000\" \/>\n\t<meta property=\"og:image:height\" content=\"502\" \/>\n\t<meta property=\"og:image:type\" content=\"image\/jpeg\" \/>\n<meta name=\"twitter:card\" content=\"summary_large_image\" \/>\n<meta name=\"twitter:site\" content=\"@AurenColombia\" \/>\n<meta name=\"twitter:label1\" content=\"Tiempo de lectura\" \/>\n\t<meta name=\"twitter:data1\" content=\"2 minutos\" \/>\n<script type=\"application\/ld+json\" class=\"yoast-schema-graph\">{\"@context\":\"https:\\\/\\\/schema.org\",\"@graph\":[{\"@type\":\"WebPage\",\"@id\":\"https:\\\/\\\/auren.com\\\/co\\\/blog\\\/consejo-tecnico-de-la-contaduria-publica-se-pronuncia-sobre-impuesto-diferido-en-las-cooperativas\\\/\",\"url\":\"https:\\\/\\\/auren.com\\\/co\\\/blog\\\/consejo-tecnico-de-la-contaduria-publica-se-pronuncia-sobre-impuesto-diferido-en-las-cooperativas\\\/\",\"name\":\"Consejo T\u00e9cnico de la Contadur\u00eda P\u00fablica se pronuncia sobre impuesto diferido en las cooperativas. - Auren Colombia\",\"isPartOf\":{\"@id\":\"https:\\\/\\\/auren.com\\\/co\\\/#website\"},\"primaryImageOfPage\":{\"@id\":\"https:\\\/\\\/auren.com\\\/co\\\/blog\\\/consejo-tecnico-de-la-contaduria-publica-se-pronuncia-sobre-impuesto-diferido-en-las-cooperativas\\\/#primaryimage\"},\"image\":{\"@id\":\"https:\\\/\\\/auren.com\\\/co\\\/blog\\\/consejo-tecnico-de-la-contaduria-publica-se-pronuncia-sobre-impuesto-diferido-en-las-cooperativas\\\/#primaryimage\"},\"thumbnailUrl\":\"https:\\\/\\\/auren.com\\\/co\\\/wp-content\\\/uploads\\\/2017\\\/10\\\/seguridad-24-1.jpg\",\"datePublished\":\"2017-10-03T14:26:57+00:00\",\"breadcrumb\":{\"@id\":\"https:\\\/\\\/auren.com\\\/co\\\/blog\\\/consejo-tecnico-de-la-contaduria-publica-se-pronuncia-sobre-impuesto-diferido-en-las-cooperativas\\\/#breadcrumb\"},\"inLanguage\":\"es\",\"potentialAction\":[{\"@type\":\"ReadAction\",\"target\":[\"https:\\\/\\\/auren.com\\\/co\\\/blog\\\/consejo-tecnico-de-la-contaduria-publica-se-pronuncia-sobre-impuesto-diferido-en-las-cooperativas\\\/\"]}]},{\"@type\":\"ImageObject\",\"inLanguage\":\"es\",\"@id\":\"https:\\\/\\\/auren.com\\\/co\\\/blog\\\/consejo-tecnico-de-la-contaduria-publica-se-pronuncia-sobre-impuesto-diferido-en-las-cooperativas\\\/#primaryimage\",\"url\":\"https:\\\/\\\/auren.com\\\/co\\\/wp-content\\\/uploads\\\/2017\\\/10\\\/seguridad-24-1.jpg\",\"contentUrl\":\"https:\\\/\\\/auren.com\\\/co\\\/wp-content\\\/uploads\\\/2017\\\/10\\\/seguridad-24-1.jpg\",\"width\":1000,\"height\":502},{\"@type\":\"BreadcrumbList\",\"@id\":\"https:\\\/\\\/auren.com\\\/co\\\/blog\\\/consejo-tecnico-de-la-contaduria-publica-se-pronuncia-sobre-impuesto-diferido-en-las-cooperativas\\\/#breadcrumb\",\"itemListElement\":[{\"@type\":\"ListItem\",\"position\":1,\"name\":\"Portada\",\"item\":\"https:\\\/\\\/auren.com\\\/co\\\/\"},{\"@type\":\"ListItem\",\"position\":2,\"name\":\"Consejo T\u00e9cnico de la Contadur\u00eda P\u00fablica se pronuncia sobre impuesto diferido en las cooperativas.\"}]},{\"@type\":\"WebSite\",\"@id\":\"https:\\\/\\\/auren.com\\\/co\\\/#website\",\"url\":\"https:\\\/\\\/auren.com\\\/co\\\/\",\"name\":\"Auren Colombia\",\"description\":\"\",\"publisher\":{\"@id\":\"https:\\\/\\\/auren.com\\\/co\\\/#organization\"},\"potentialAction\":[{\"@type\":\"SearchAction\",\"target\":{\"@type\":\"EntryPoint\",\"urlTemplate\":\"https:\\\/\\\/auren.com\\\/co\\\/?s={search_term_string}\"},\"query-input\":{\"@type\":\"PropertyValueSpecification\",\"valueRequired\":true,\"valueName\":\"search_term_string\"}}],\"inLanguage\":\"es\"},{\"@type\":\"Organization\",\"@id\":\"https:\\\/\\\/auren.com\\\/co\\\/#organization\",\"name\":\"Auren Colombia\",\"url\":\"https:\\\/\\\/auren.com\\\/co\\\/\",\"logo\":{\"@type\":\"ImageObject\",\"inLanguage\":\"es\",\"@id\":\"https:\\\/\\\/auren.com\\\/co\\\/#\\\/schema\\\/logo\\\/image\\\/\",\"url\":\"https:\\\/\\\/auren.com\\\/co\\\/wp-content\\\/uploads\\\/2025\\\/01\\\/cropped-cropped-favicon-Auren.png\",\"contentUrl\":\"https:\\\/\\\/auren.com\\\/co\\\/wp-content\\\/uploads\\\/2025\\\/01\\\/cropped-cropped-favicon-Auren.png\",\"width\":512,\"height\":512,\"caption\":\"Auren Colombia\"},\"image\":{\"@id\":\"https:\\\/\\\/auren.com\\\/co\\\/#\\\/schema\\\/logo\\\/image\\\/\"},\"sameAs\":[\"https:\\\/\\\/x.com\\\/AurenColombia\",\"https:\\\/\\\/www.instagram.com\\\/aurencolombia\\\/\",\"https:\\\/\\\/www.youtube.com\\\/channel\\\/UCRYoGRMR_k4oVWesdErApmA\",\"https:\\\/\\\/www.linkedin.com\\\/company\\\/auren-colombia\"]}]}<\/script>\n<!-- \/ Yoast SEO plugin. -->","yoast_head_json":{"title":"Consejo T\u00e9cnico de la Contadur\u00eda P\u00fablica se pronuncia sobre impuesto diferido en las cooperativas. - Auren Colombia","robots":{"index":"index","follow":"follow","max-snippet":"max-snippet:-1","max-image-preview":"max-image-preview:large","max-video-preview":"max-video-preview:-1"},"canonical":"https:\/\/auren.com\/co\/blog\/consejo-tecnico-de-la-contaduria-publica-se-pronuncia-sobre-impuesto-diferido-en-las-cooperativas\/","og_locale":"es_ES","og_type":"article","og_title":"Consejo T\u00e9cnico de la Contadur\u00eda P\u00fablica se pronuncia sobre impuesto diferido en las cooperativas. - Auren Colombia","og_description":"La Ley 1819 de 2016 modific\u00f3 la tributaci\u00f3n a cargo de las cooperativas, estableciendo que son contribuyentes de impuesto sobre la renta bajo el r\u00e9gimen tributario especial, estando gravadas a una tarifa del 10% para el a\u00f1o gravable 2017, del 15% para el a\u00f1o gravable de 2018 y 20% a partir del a\u00f1o 2019.","og_url":"https:\/\/auren.com\/co\/blog\/consejo-tecnico-de-la-contaduria-publica-se-pronuncia-sobre-impuesto-diferido-en-las-cooperativas\/","og_site_name":"Auren Colombia","og_image":[{"width":1000,"height":502,"url":"https:\/\/auren.com\/co\/wp-content\/uploads\/2017\/10\/seguridad-24-1.jpg","type":"image\/jpeg"}],"twitter_card":"summary_large_image","twitter_site":"@AurenColombia","twitter_misc":{"Tiempo de lectura":"2 minutos"},"schema":{"@context":"https:\/\/schema.org","@graph":[{"@type":"WebPage","@id":"https:\/\/auren.com\/co\/blog\/consejo-tecnico-de-la-contaduria-publica-se-pronuncia-sobre-impuesto-diferido-en-las-cooperativas\/","url":"https:\/\/auren.com\/co\/blog\/consejo-tecnico-de-la-contaduria-publica-se-pronuncia-sobre-impuesto-diferido-en-las-cooperativas\/","name":"Consejo T\u00e9cnico de la Contadur\u00eda P\u00fablica se pronuncia sobre impuesto diferido en las cooperativas. - Auren Colombia","isPartOf":{"@id":"https:\/\/auren.com\/co\/#website"},"primaryImageOfPage":{"@id":"https:\/\/auren.com\/co\/blog\/consejo-tecnico-de-la-contaduria-publica-se-pronuncia-sobre-impuesto-diferido-en-las-cooperativas\/#primaryimage"},"image":{"@id":"https:\/\/auren.com\/co\/blog\/consejo-tecnico-de-la-contaduria-publica-se-pronuncia-sobre-impuesto-diferido-en-las-cooperativas\/#primaryimage"},"thumbnailUrl":"https:\/\/auren.com\/co\/wp-content\/uploads\/2017\/10\/seguridad-24-1.jpg","datePublished":"2017-10-03T14:26:57+00:00","breadcrumb":{"@id":"https:\/\/auren.com\/co\/blog\/consejo-tecnico-de-la-contaduria-publica-se-pronuncia-sobre-impuesto-diferido-en-las-cooperativas\/#breadcrumb"},"inLanguage":"es","potentialAction":[{"@type":"ReadAction","target":["https:\/\/auren.com\/co\/blog\/consejo-tecnico-de-la-contaduria-publica-se-pronuncia-sobre-impuesto-diferido-en-las-cooperativas\/"]}]},{"@type":"ImageObject","inLanguage":"es","@id":"https:\/\/auren.com\/co\/blog\/consejo-tecnico-de-la-contaduria-publica-se-pronuncia-sobre-impuesto-diferido-en-las-cooperativas\/#primaryimage","url":"https:\/\/auren.com\/co\/wp-content\/uploads\/2017\/10\/seguridad-24-1.jpg","contentUrl":"https:\/\/auren.com\/co\/wp-content\/uploads\/2017\/10\/seguridad-24-1.jpg","width":1000,"height":502},{"@type":"BreadcrumbList","@id":"https:\/\/auren.com\/co\/blog\/consejo-tecnico-de-la-contaduria-publica-se-pronuncia-sobre-impuesto-diferido-en-las-cooperativas\/#breadcrumb","itemListElement":[{"@type":"ListItem","position":1,"name":"Portada","item":"https:\/\/auren.com\/co\/"},{"@type":"ListItem","position":2,"name":"Consejo T\u00e9cnico de la Contadur\u00eda P\u00fablica se pronuncia sobre impuesto diferido en las cooperativas."}]},{"@type":"WebSite","@id":"https:\/\/auren.com\/co\/#website","url":"https:\/\/auren.com\/co\/","name":"Auren Colombia","description":"","publisher":{"@id":"https:\/\/auren.com\/co\/#organization"},"potentialAction":[{"@type":"SearchAction","target":{"@type":"EntryPoint","urlTemplate":"https:\/\/auren.com\/co\/?s={search_term_string}"},"query-input":{"@type":"PropertyValueSpecification","valueRequired":true,"valueName":"search_term_string"}}],"inLanguage":"es"},{"@type":"Organization","@id":"https:\/\/auren.com\/co\/#organization","name":"Auren Colombia","url":"https:\/\/auren.com\/co\/","logo":{"@type":"ImageObject","inLanguage":"es","@id":"https:\/\/auren.com\/co\/#\/schema\/logo\/image\/","url":"https:\/\/auren.com\/co\/wp-content\/uploads\/2025\/01\/cropped-cropped-favicon-Auren.png","contentUrl":"https:\/\/auren.com\/co\/wp-content\/uploads\/2025\/01\/cropped-cropped-favicon-Auren.png","width":512,"height":512,"caption":"Auren Colombia"},"image":{"@id":"https:\/\/auren.com\/co\/#\/schema\/logo\/image\/"},"sameAs":["https:\/\/x.com\/AurenColombia","https:\/\/www.instagram.com\/aurencolombia\/","https:\/\/www.youtube.com\/channel\/UCRYoGRMR_k4oVWesdErApmA","https:\/\/www.linkedin.com\/company\/auren-colombia"]}]}},"_links":{"self":[{"href":"https:\/\/auren.com\/co\/wp-json\/wp\/v2\/blog\/11109","targetHints":{"allow":["GET"]}}],"collection":[{"href":"https:\/\/auren.com\/co\/wp-json\/wp\/v2\/blog"}],"about":[{"href":"https:\/\/auren.com\/co\/wp-json\/wp\/v2\/types\/blog"}],"version-history":[{"count":0,"href":"https:\/\/auren.com\/co\/wp-json\/wp\/v2\/blog\/11109\/revisions"}],"wp:featuredmedia":[{"embeddable":true,"href":"https:\/\/auren.com\/co\/wp-json\/wp\/v2\/media\/11110"}],"wp:attachment":[{"href":"https:\/\/auren.com\/co\/wp-json\/wp\/v2\/media?parent=11109"}],"wp:term":[{"taxonomy":"blog-category","embeddable":true,"href":"https:\/\/auren.com\/co\/wp-json\/wp\/v2\/blog-category?post=11109"}],"curies":[{"name":"wp","href":"https:\/\/api.w.org\/{rel}","templated":true}]}}