{"id":11187,"date":"2017-08-16T21:15:21","date_gmt":"2017-08-16T19:15:21","guid":{"rendered":"https:\/\/auren.com\/co\/blog\/asi-no-haya-sido-realizado-oportunamente-es-obligatorio-realizar-el-esfa\/"},"modified":"2017-08-16T21:15:21","modified_gmt":"2017-08-16T19:15:21","slug":"asi-no-haya-sido-realizado-oportunamente-es-obligatorio-realizar-el-esfa","status":"publish","type":"blog","link":"https:\/\/auren.com\/co\/blog\/asi-no-haya-sido-realizado-oportunamente-es-obligatorio-realizar-el-esfa\/","title":{"rendered":"As\u00ed no haya sido realizado oportunamente, es obligatorio realizar el ESFA"},"content":{"rendered":"<\/p>\n<p>El estado financiero de apertura (ESFA) es el estado en el que por primera vez se miden los activos, pasivos y patrimonio de acuerdo con el nuevo marco normativo; en \u00e9l se determinan las cifras con las cuales se da inicio al proceso de transici\u00f3n a las NIIF.<\/p>\n<p>El Consejo T\u00e9cnico de la Contadur\u00eda P\u00fablica manifest\u00f3 que la elaboraci\u00f3n del ESFA no es opcional, motivo por el cual concluy\u00f3 que as\u00ed las entidades no hayan cumplido las fechas establecidas para el proceso de conversi\u00f3n, tienen a su cargo la obligaci\u00f3n de realizarlo; su no preparaci\u00f3n puede conllevar a sanciones por no llevar la contabilidad en debida forma, asegur\u00f3 la entidad.<\/p>\n<p>Para tal efecto, record\u00f3 la entidad que seg\u00fan el cronograma de aplicaci\u00f3n del marco t\u00e9cnico normativo del Grupo 2, contenido en el Decreto 2420 de 2015, el ESFA deb\u00eda elaborarse con corte al primero de enero de 2015.<\/p>\n<p>Enfatiz\u00f3 la entidad que no realizarlo, implica no tener informaci\u00f3n para determinar los ajustes iniciales por la aplicaci\u00f3n del nuevo modelo, no se podr\u00eda determinar el efecto contable posterior, as\u00ed como no se podr\u00eda aplicar exenciones y excepciones dispuestas en la Secci\u00f3n 35 de las NIIF.<\/p>\n<p>Los estados financieros al 31 de diciembre de 2016, de una entidad del Grupo 2, deben presentarse incluyendo la revelaci\u00f3n de la conciliaci\u00f3n patrimonial al primero de enero de 2015 y al 31 de diciembre de 2015, s\u00ed como el resultado del ejercicio por el a\u00f1o 2015, requerimiento que no se podr\u00eda cumplir sin preparar el ESFA.<\/p>\n<p>Advirti\u00f3 el Consejo que de no prepararse el ESFA, no hay forma de determinar cu\u00e1l ser\u00eda el valor o destino de ajustes posteriores, efectos para los cuales cita como ejemplo el caso de una entidad que deb\u00eda dar de baja un activo amortizable en la transici\u00f3n, debiendo en esa fecha afectar las ganancias acumuladas. Si la entidad no prepar\u00f3 el ESFA y luego quiere presentar esa partida por su valor correcto, no podr\u00eda decir que el saldo restante lo d\u00e9 de baja contra ganancias acumuladas, debido a que el activo ha tenido nuevas amortizaciones al no haber cambiado el marco t\u00e9cnico normativo, por lo cual el saldo no corresponde al que debi\u00f3 tener al momento de preparar el ESFA.<\/p>\n<p><!-- AddThis Advanced Settings generic via filter on the_content --><!-- AddThis Share Buttons generic via filter on the_content --><\/p>\n","protected":false},"excerpt":{"rendered":"<p>El estado financiero de apertura (ESFA) es el estado en el que por primera vez se miden los activos, pasivos y patrimonio de acuerdo con el nuevo marco normativo; en \u00e9l se determinan las cifras con las cuales se da inicio al proceso de transici\u00f3n a las NIIF.<\/p>\n","protected":false},"featured_media":11188,"template":"","meta":{"_acf_changed":false,"footnotes":""},"blog-category":[],"class_list":["post-11187","blog","type-blog","status-publish","has-post-thumbnail","hentry"],"acf":[],"yoast_head":"<!-- This site is optimized with the Yoast SEO plugin v27.4 - https:\/\/yoast.com\/product\/yoast-seo-wordpress\/ -->\n<title>As\u00ed no haya sido realizado oportunamente, es obligatorio realizar el ESFA - Auren Colombia<\/title>\n<meta name=\"robots\" content=\"index, follow, max-snippet:-1, max-image-preview:large, max-video-preview:-1\" \/>\n<link rel=\"canonical\" href=\"https:\/\/auren.com\/co\/blog\/asi-no-haya-sido-realizado-oportunamente-es-obligatorio-realizar-el-esfa\/\" \/>\n<meta property=\"og:locale\" content=\"es_ES\" \/>\n<meta property=\"og:type\" content=\"article\" \/>\n<meta property=\"og:title\" content=\"As\u00ed no haya sido realizado oportunamente, es obligatorio realizar el ESFA - Auren Colombia\" \/>\n<meta property=\"og:description\" content=\"El estado financiero de apertura (ESFA) es el estado en el que por primera vez se miden los activos, pasivos y patrimonio de acuerdo con el nuevo marco normativo; en \u00e9l se determinan las cifras con las cuales se da inicio al proceso de transici\u00f3n a las NIIF.\" \/>\n<meta property=\"og:url\" content=\"https:\/\/auren.com\/co\/blog\/asi-no-haya-sido-realizado-oportunamente-es-obligatorio-realizar-el-esfa\/\" \/>\n<meta property=\"og:site_name\" content=\"Auren Colombia\" \/>\n<meta property=\"og:image\" content=\"https:\/\/auren.com\/co\/wp-content\/uploads\/2017\/08\/niif-esfa.jpg\" \/>\n\t<meta property=\"og:image:width\" content=\"1000\" \/>\n\t<meta property=\"og:image:height\" content=\"502\" \/>\n\t<meta property=\"og:image:type\" content=\"image\/jpeg\" \/>\n<meta name=\"twitter:card\" content=\"summary_large_image\" \/>\n<meta name=\"twitter:site\" content=\"@AurenColombia\" \/>\n<meta name=\"twitter:label1\" content=\"Tiempo de lectura\" \/>\n\t<meta name=\"twitter:data1\" content=\"2 minutos\" \/>\n<script type=\"application\/ld+json\" class=\"yoast-schema-graph\">{\"@context\":\"https:\\\/\\\/schema.org\",\"@graph\":[{\"@type\":\"WebPage\",\"@id\":\"https:\\\/\\\/auren.com\\\/co\\\/blog\\\/asi-no-haya-sido-realizado-oportunamente-es-obligatorio-realizar-el-esfa\\\/\",\"url\":\"https:\\\/\\\/auren.com\\\/co\\\/blog\\\/asi-no-haya-sido-realizado-oportunamente-es-obligatorio-realizar-el-esfa\\\/\",\"name\":\"As\u00ed no haya sido realizado oportunamente, es obligatorio realizar el ESFA - Auren Colombia\",\"isPartOf\":{\"@id\":\"https:\\\/\\\/auren.com\\\/co\\\/#website\"},\"primaryImageOfPage\":{\"@id\":\"https:\\\/\\\/auren.com\\\/co\\\/blog\\\/asi-no-haya-sido-realizado-oportunamente-es-obligatorio-realizar-el-esfa\\\/#primaryimage\"},\"image\":{\"@id\":\"https:\\\/\\\/auren.com\\\/co\\\/blog\\\/asi-no-haya-sido-realizado-oportunamente-es-obligatorio-realizar-el-esfa\\\/#primaryimage\"},\"thumbnailUrl\":\"https:\\\/\\\/auren.com\\\/co\\\/wp-content\\\/uploads\\\/2017\\\/08\\\/niif-esfa.jpg\",\"datePublished\":\"2017-08-16T19:15:21+00:00\",\"breadcrumb\":{\"@id\":\"https:\\\/\\\/auren.com\\\/co\\\/blog\\\/asi-no-haya-sido-realizado-oportunamente-es-obligatorio-realizar-el-esfa\\\/#breadcrumb\"},\"inLanguage\":\"es\",\"potentialAction\":[{\"@type\":\"ReadAction\",\"target\":[\"https:\\\/\\\/auren.com\\\/co\\\/blog\\\/asi-no-haya-sido-realizado-oportunamente-es-obligatorio-realizar-el-esfa\\\/\"]}]},{\"@type\":\"ImageObject\",\"inLanguage\":\"es\",\"@id\":\"https:\\\/\\\/auren.com\\\/co\\\/blog\\\/asi-no-haya-sido-realizado-oportunamente-es-obligatorio-realizar-el-esfa\\\/#primaryimage\",\"url\":\"https:\\\/\\\/auren.com\\\/co\\\/wp-content\\\/uploads\\\/2017\\\/08\\\/niif-esfa.jpg\",\"contentUrl\":\"https:\\\/\\\/auren.com\\\/co\\\/wp-content\\\/uploads\\\/2017\\\/08\\\/niif-esfa.jpg\",\"width\":1000,\"height\":502},{\"@type\":\"BreadcrumbList\",\"@id\":\"https:\\\/\\\/auren.com\\\/co\\\/blog\\\/asi-no-haya-sido-realizado-oportunamente-es-obligatorio-realizar-el-esfa\\\/#breadcrumb\",\"itemListElement\":[{\"@type\":\"ListItem\",\"position\":1,\"name\":\"Portada\",\"item\":\"https:\\\/\\\/auren.com\\\/co\\\/\"},{\"@type\":\"ListItem\",\"position\":2,\"name\":\"As\u00ed no haya sido realizado oportunamente, es obligatorio realizar el ESFA\"}]},{\"@type\":\"WebSite\",\"@id\":\"https:\\\/\\\/auren.com\\\/co\\\/#website\",\"url\":\"https:\\\/\\\/auren.com\\\/co\\\/\",\"name\":\"Auren Colombia\",\"description\":\"\",\"publisher\":{\"@id\":\"https:\\\/\\\/auren.com\\\/co\\\/#organization\"},\"potentialAction\":[{\"@type\":\"SearchAction\",\"target\":{\"@type\":\"EntryPoint\",\"urlTemplate\":\"https:\\\/\\\/auren.com\\\/co\\\/?s={search_term_string}\"},\"query-input\":{\"@type\":\"PropertyValueSpecification\",\"valueRequired\":true,\"valueName\":\"search_term_string\"}}],\"inLanguage\":\"es\"},{\"@type\":\"Organization\",\"@id\":\"https:\\\/\\\/auren.com\\\/co\\\/#organization\",\"name\":\"Auren Colombia\",\"url\":\"https:\\\/\\\/auren.com\\\/co\\\/\",\"logo\":{\"@type\":\"ImageObject\",\"inLanguage\":\"es\",\"@id\":\"https:\\\/\\\/auren.com\\\/co\\\/#\\\/schema\\\/logo\\\/image\\\/\",\"url\":\"https:\\\/\\\/auren.com\\\/co\\\/wp-content\\\/uploads\\\/2025\\\/01\\\/cropped-cropped-favicon-Auren.png\",\"contentUrl\":\"https:\\\/\\\/auren.com\\\/co\\\/wp-content\\\/uploads\\\/2025\\\/01\\\/cropped-cropped-favicon-Auren.png\",\"width\":512,\"height\":512,\"caption\":\"Auren Colombia\"},\"image\":{\"@id\":\"https:\\\/\\\/auren.com\\\/co\\\/#\\\/schema\\\/logo\\\/image\\\/\"},\"sameAs\":[\"https:\\\/\\\/x.com\\\/AurenColombia\",\"https:\\\/\\\/www.instagram.com\\\/aurencolombia\\\/\",\"https:\\\/\\\/www.youtube.com\\\/channel\\\/UCRYoGRMR_k4oVWesdErApmA\",\"https:\\\/\\\/www.linkedin.com\\\/company\\\/auren-colombia\"]}]}<\/script>\n<!-- \/ Yoast SEO plugin. -->","yoast_head_json":{"title":"As\u00ed no haya sido realizado oportunamente, es obligatorio realizar el ESFA - Auren Colombia","robots":{"index":"index","follow":"follow","max-snippet":"max-snippet:-1","max-image-preview":"max-image-preview:large","max-video-preview":"max-video-preview:-1"},"canonical":"https:\/\/auren.com\/co\/blog\/asi-no-haya-sido-realizado-oportunamente-es-obligatorio-realizar-el-esfa\/","og_locale":"es_ES","og_type":"article","og_title":"As\u00ed no haya sido realizado oportunamente, es obligatorio realizar el ESFA - Auren Colombia","og_description":"El estado financiero de apertura (ESFA) es el estado en el que por primera vez se miden los activos, pasivos y patrimonio de acuerdo con el nuevo marco normativo; en \u00e9l se determinan las cifras con las cuales se da inicio al proceso de transici\u00f3n a las NIIF.","og_url":"https:\/\/auren.com\/co\/blog\/asi-no-haya-sido-realizado-oportunamente-es-obligatorio-realizar-el-esfa\/","og_site_name":"Auren Colombia","og_image":[{"width":1000,"height":502,"url":"https:\/\/auren.com\/co\/wp-content\/uploads\/2017\/08\/niif-esfa.jpg","type":"image\/jpeg"}],"twitter_card":"summary_large_image","twitter_site":"@AurenColombia","twitter_misc":{"Tiempo de lectura":"2 minutos"},"schema":{"@context":"https:\/\/schema.org","@graph":[{"@type":"WebPage","@id":"https:\/\/auren.com\/co\/blog\/asi-no-haya-sido-realizado-oportunamente-es-obligatorio-realizar-el-esfa\/","url":"https:\/\/auren.com\/co\/blog\/asi-no-haya-sido-realizado-oportunamente-es-obligatorio-realizar-el-esfa\/","name":"As\u00ed no haya sido realizado oportunamente, es obligatorio realizar el ESFA - Auren Colombia","isPartOf":{"@id":"https:\/\/auren.com\/co\/#website"},"primaryImageOfPage":{"@id":"https:\/\/auren.com\/co\/blog\/asi-no-haya-sido-realizado-oportunamente-es-obligatorio-realizar-el-esfa\/#primaryimage"},"image":{"@id":"https:\/\/auren.com\/co\/blog\/asi-no-haya-sido-realizado-oportunamente-es-obligatorio-realizar-el-esfa\/#primaryimage"},"thumbnailUrl":"https:\/\/auren.com\/co\/wp-content\/uploads\/2017\/08\/niif-esfa.jpg","datePublished":"2017-08-16T19:15:21+00:00","breadcrumb":{"@id":"https:\/\/auren.com\/co\/blog\/asi-no-haya-sido-realizado-oportunamente-es-obligatorio-realizar-el-esfa\/#breadcrumb"},"inLanguage":"es","potentialAction":[{"@type":"ReadAction","target":["https:\/\/auren.com\/co\/blog\/asi-no-haya-sido-realizado-oportunamente-es-obligatorio-realizar-el-esfa\/"]}]},{"@type":"ImageObject","inLanguage":"es","@id":"https:\/\/auren.com\/co\/blog\/asi-no-haya-sido-realizado-oportunamente-es-obligatorio-realizar-el-esfa\/#primaryimage","url":"https:\/\/auren.com\/co\/wp-content\/uploads\/2017\/08\/niif-esfa.jpg","contentUrl":"https:\/\/auren.com\/co\/wp-content\/uploads\/2017\/08\/niif-esfa.jpg","width":1000,"height":502},{"@type":"BreadcrumbList","@id":"https:\/\/auren.com\/co\/blog\/asi-no-haya-sido-realizado-oportunamente-es-obligatorio-realizar-el-esfa\/#breadcrumb","itemListElement":[{"@type":"ListItem","position":1,"name":"Portada","item":"https:\/\/auren.com\/co\/"},{"@type":"ListItem","position":2,"name":"As\u00ed no haya sido realizado oportunamente, es obligatorio realizar el ESFA"}]},{"@type":"WebSite","@id":"https:\/\/auren.com\/co\/#website","url":"https:\/\/auren.com\/co\/","name":"Auren Colombia","description":"","publisher":{"@id":"https:\/\/auren.com\/co\/#organization"},"potentialAction":[{"@type":"SearchAction","target":{"@type":"EntryPoint","urlTemplate":"https:\/\/auren.com\/co\/?s={search_term_string}"},"query-input":{"@type":"PropertyValueSpecification","valueRequired":true,"valueName":"search_term_string"}}],"inLanguage":"es"},{"@type":"Organization","@id":"https:\/\/auren.com\/co\/#organization","name":"Auren Colombia","url":"https:\/\/auren.com\/co\/","logo":{"@type":"ImageObject","inLanguage":"es","@id":"https:\/\/auren.com\/co\/#\/schema\/logo\/image\/","url":"https:\/\/auren.com\/co\/wp-content\/uploads\/2025\/01\/cropped-cropped-favicon-Auren.png","contentUrl":"https:\/\/auren.com\/co\/wp-content\/uploads\/2025\/01\/cropped-cropped-favicon-Auren.png","width":512,"height":512,"caption":"Auren Colombia"},"image":{"@id":"https:\/\/auren.com\/co\/#\/schema\/logo\/image\/"},"sameAs":["https:\/\/x.com\/AurenColombia","https:\/\/www.instagram.com\/aurencolombia\/","https:\/\/www.youtube.com\/channel\/UCRYoGRMR_k4oVWesdErApmA","https:\/\/www.linkedin.com\/company\/auren-colombia"]}]}},"_links":{"self":[{"href":"https:\/\/auren.com\/co\/wp-json\/wp\/v2\/blog\/11187","targetHints":{"allow":["GET"]}}],"collection":[{"href":"https:\/\/auren.com\/co\/wp-json\/wp\/v2\/blog"}],"about":[{"href":"https:\/\/auren.com\/co\/wp-json\/wp\/v2\/types\/blog"}],"version-history":[{"count":0,"href":"https:\/\/auren.com\/co\/wp-json\/wp\/v2\/blog\/11187\/revisions"}],"wp:featuredmedia":[{"embeddable":true,"href":"https:\/\/auren.com\/co\/wp-json\/wp\/v2\/media\/11188"}],"wp:attachment":[{"href":"https:\/\/auren.com\/co\/wp-json\/wp\/v2\/media?parent=11187"}],"wp:term":[{"taxonomy":"blog-category","embeddable":true,"href":"https:\/\/auren.com\/co\/wp-json\/wp\/v2\/blog-category?post=11187"}],"curies":[{"name":"wp","href":"https:\/\/api.w.org\/{rel}","templated":true}]}}