{"id":11193,"date":"2017-08-16T20:53:10","date_gmt":"2017-08-16T18:53:10","guid":{"rendered":"https:\/\/auren.com\/co\/blog\/consejo-de-estado-anulo-parcialmente-normas-sobre-intermediacion-laboral\/"},"modified":"2017-08-16T20:53:10","modified_gmt":"2017-08-16T18:53:10","slug":"consejo-de-estado-anulo-parcialmente-normas-sobre-intermediacion-laboral","status":"publish","type":"blog","link":"https:\/\/auren.com\/co\/blog\/consejo-de-estado-anulo-parcialmente-normas-sobre-intermediacion-laboral\/","title":{"rendered":"Consejo de Estado anul\u00f3 parcialmente normas sobre intermediaci\u00f3n laboral"},"content":{"rendered":"<\/p>\n<p>El Consejo de Estado declar\u00f3 la nulidad de algunas normas contenidas en los Decretos 1072 de 2015 y 583 de 2016, los cuales reglamentaron el art\u00edculo 63 de la Ley 1429 de 2010, el cual hace referencia a la prohibici\u00f3n de contratar personal a trav\u00e9s de cooperativas de trabajo asociado, o bajo alguna otra forma de vinculaci\u00f3n de intermediaci\u00f3n laboral, para desarrollar actividades misionales permanentes en los sectores p\u00fablico y privado.   <\/p>\n<p>Las normas declaradas nulas, regulaban aspectos relacionados con la tercerizaci\u00f3n laboral, dentro de la cual ubica todos los mecanismos legales de intermediaci\u00f3n laboral, aspectos estos que no est\u00e1n comprendidos en la referida ley 1429.<\/p>\n<p>Explic\u00f3 la Sala que la Ley 1429 se expidi\u00f3 con el prop\u00f3sito de reglar los procedimientos y el establecimiento de incentivos para formalizar el empleo, as\u00ed como generar m\u00e1s oportunidades para los j\u00f3venes, por lo cual contempl\u00f3 varios beneficios a favor de las peque\u00f1as empresas durante las etapas iniciales de su constituci\u00f3n: fortalecimiento de programas de desarrollo empresarial; incentivos tributarios; simplificaci\u00f3n de tr\u00e1mites.<\/p>\n<p>Precis\u00f3 la Corporaci\u00f3n que la Ley 1429 no contempl\u00f3 normas referidas al tema de la tercerizaci\u00f3n laboral, la cual regul\u00f3 el Gobierno en el Decreto demandado, bajo el pretexto de desarrollar la comentada Ley 1429. En tal sentido, puntualiz\u00f3 la Sala que el Gobierno Nacional se extralimit\u00f3 en el ejercicio de la potestad reglamentaria, por haber regulado aspectos atinentes a otros mecanismos de vinculaci\u00f3n de personal, como los que desarrollan las empresas de servicios temporales, los sindicatos, las agencias p\u00fablicas y privadas de empleos y las bolsas de empleo. Puntualmente, el Gobierno no ten\u00eda facultades para extender la figura de intermediaci\u00f3n laboral a otras modalidades de contrataci\u00f3n.<\/p>\n<p>La ley de forma expresa proh\u00edbe el desarrollo de la actividad de intermediaci\u00f3n laboral a cooperativas y precooperativas; tal facultad \u00fanicamente la tienen las Empresas de Servicios Temporales y para situaciones espec\u00edficas: Por labores ocasionales, accidentales o transitorias; para reemplazar personal en vacaciones, en uso de licencia, en incapacidad por enfermedad o maternidad; para atender incrementos en la producci\u00f3n, transporte, ventas, por per\u00edodo de 6 meses prorrogable hasta por 6 meses m\u00e1s.<\/p>\n<p>Finalmente, la Corporaci\u00f3n aclar\u00f3 en la Sentencia que una es la intermediaci\u00f3n laboral y otra la tercerizaci\u00f3n laboral. La primera, es la reglamentada en el art\u00edculo 35 del C\u00f3digo Sustantivo Laboral, cuyo fin es la prestaci\u00f3n de servicios personales por parte de trabajadores de un contratista y a favor, directamente, de un contratante, lo cual corresponde al env\u00edo de trabajadores en misi\u00f3n para prestar servicios a empresas o instituciones. Por su parte, la tercerizaci\u00f3n laboral, es la subcontrataci\u00f3n de producci\u00f3n de bienes o de prestaci\u00f3n de servicios, lo cual supone que \u00e9stos se ejecuten en un marco de direcci\u00f3n y control a cargo de un contratista, con sus propios medios, trabajadores y patrimonio, a favor de otro sujeto, el contratante.<\/p>\n<p><!-- AddThis Advanced Settings generic via filter on the_content --><!-- AddThis Share Buttons generic via filter on the_content --><\/p>\n","protected":false},"excerpt":{"rendered":"<p>El Consejo de Estado declar\u00f3 la nulidad de algunas normas contenidas en los Decretos 1072 de 2015 y 583 de 2016, los cuales reglamentaron el art\u00edculo 63 de la Ley 1429 de 2010, el cual hace referencia a la prohibici\u00f3n de contratar personal a trav\u00e9s de cooperativas de trabajo asociado, o bajo alguna otra forma de vinculaci\u00f3n de intermediaci\u00f3n laboral, para desarrollar actividades misionales permanentes en los sectores p\u00fablico y privado.<\/p>\n","protected":false},"featured_media":11194,"template":"","meta":{"_acf_changed":false,"footnotes":""},"blog-category":[],"class_list":["post-11193","blog","type-blog","status-publish","has-post-thumbnail","hentry"],"acf":[],"yoast_head":"<!-- This site is optimized with the Yoast SEO plugin v27.4 - https:\/\/yoast.com\/product\/yoast-seo-wordpress\/ -->\n<title>Consejo de Estado anul\u00f3 parcialmente normas sobre intermediaci\u00f3n laboral - Auren Colombia<\/title>\n<meta name=\"robots\" content=\"index, follow, max-snippet:-1, max-image-preview:large, max-video-preview:-1\" \/>\n<link rel=\"canonical\" href=\"https:\/\/auren.com\/co\/blog\/consejo-de-estado-anulo-parcialmente-normas-sobre-intermediacion-laboral\/\" \/>\n<meta property=\"og:locale\" content=\"es_ES\" \/>\n<meta property=\"og:type\" content=\"article\" \/>\n<meta property=\"og:title\" content=\"Consejo de Estado anul\u00f3 parcialmente normas sobre intermediaci\u00f3n laboral - Auren Colombia\" \/>\n<meta property=\"og:description\" content=\"El Consejo de Estado declar\u00f3 la nulidad de algunas normas contenidas en los Decretos 1072 de 2015 y 583 de 2016, los cuales reglamentaron el art\u00edculo 63 de la Ley 1429 de 2010, el cual hace referencia a la prohibici\u00f3n de contratar personal a trav\u00e9s de cooperativas de trabajo asociado, o bajo alguna otra forma de vinculaci\u00f3n de intermediaci\u00f3n laboral, para desarrollar actividades misionales permanentes en los sectores p\u00fablico y privado.\" \/>\n<meta property=\"og:url\" content=\"https:\/\/auren.com\/co\/blog\/consejo-de-estado-anulo-parcialmente-normas-sobre-intermediacion-laboral\/\" \/>\n<meta property=\"og:site_name\" content=\"Auren Colombia\" \/>\n<meta property=\"og:image\" content=\"https:\/\/auren.com\/co\/wp-content\/uploads\/2017\/08\/anulacion-normas-ambito-laboral-3.jpg\" \/>\n\t<meta property=\"og:image:width\" content=\"1000\" \/>\n\t<meta property=\"og:image:height\" content=\"502\" \/>\n\t<meta property=\"og:image:type\" content=\"image\/jpeg\" \/>\n<meta name=\"twitter:card\" content=\"summary_large_image\" \/>\n<meta name=\"twitter:site\" content=\"@AurenColombia\" \/>\n<meta name=\"twitter:label1\" content=\"Tiempo de lectura\" \/>\n\t<meta name=\"twitter:data1\" content=\"2 minutos\" \/>\n<script type=\"application\/ld+json\" class=\"yoast-schema-graph\">{\"@context\":\"https:\\\/\\\/schema.org\",\"@graph\":[{\"@type\":\"WebPage\",\"@id\":\"https:\\\/\\\/auren.com\\\/co\\\/blog\\\/consejo-de-estado-anulo-parcialmente-normas-sobre-intermediacion-laboral\\\/\",\"url\":\"https:\\\/\\\/auren.com\\\/co\\\/blog\\\/consejo-de-estado-anulo-parcialmente-normas-sobre-intermediacion-laboral\\\/\",\"name\":\"Consejo de Estado anul\u00f3 parcialmente normas sobre intermediaci\u00f3n laboral - Auren Colombia\",\"isPartOf\":{\"@id\":\"https:\\\/\\\/auren.com\\\/co\\\/#website\"},\"primaryImageOfPage\":{\"@id\":\"https:\\\/\\\/auren.com\\\/co\\\/blog\\\/consejo-de-estado-anulo-parcialmente-normas-sobre-intermediacion-laboral\\\/#primaryimage\"},\"image\":{\"@id\":\"https:\\\/\\\/auren.com\\\/co\\\/blog\\\/consejo-de-estado-anulo-parcialmente-normas-sobre-intermediacion-laboral\\\/#primaryimage\"},\"thumbnailUrl\":\"https:\\\/\\\/auren.com\\\/co\\\/wp-content\\\/uploads\\\/2017\\\/08\\\/anulacion-normas-ambito-laboral-3.jpg\",\"datePublished\":\"2017-08-16T18:53:10+00:00\",\"breadcrumb\":{\"@id\":\"https:\\\/\\\/auren.com\\\/co\\\/blog\\\/consejo-de-estado-anulo-parcialmente-normas-sobre-intermediacion-laboral\\\/#breadcrumb\"},\"inLanguage\":\"es\",\"potentialAction\":[{\"@type\":\"ReadAction\",\"target\":[\"https:\\\/\\\/auren.com\\\/co\\\/blog\\\/consejo-de-estado-anulo-parcialmente-normas-sobre-intermediacion-laboral\\\/\"]}]},{\"@type\":\"ImageObject\",\"inLanguage\":\"es\",\"@id\":\"https:\\\/\\\/auren.com\\\/co\\\/blog\\\/consejo-de-estado-anulo-parcialmente-normas-sobre-intermediacion-laboral\\\/#primaryimage\",\"url\":\"https:\\\/\\\/auren.com\\\/co\\\/wp-content\\\/uploads\\\/2017\\\/08\\\/anulacion-normas-ambito-laboral-3.jpg\",\"contentUrl\":\"https:\\\/\\\/auren.com\\\/co\\\/wp-content\\\/uploads\\\/2017\\\/08\\\/anulacion-normas-ambito-laboral-3.jpg\",\"width\":1000,\"height\":502},{\"@type\":\"BreadcrumbList\",\"@id\":\"https:\\\/\\\/auren.com\\\/co\\\/blog\\\/consejo-de-estado-anulo-parcialmente-normas-sobre-intermediacion-laboral\\\/#breadcrumb\",\"itemListElement\":[{\"@type\":\"ListItem\",\"position\":1,\"name\":\"Portada\",\"item\":\"https:\\\/\\\/auren.com\\\/co\\\/\"},{\"@type\":\"ListItem\",\"position\":2,\"name\":\"Consejo de Estado anul\u00f3 parcialmente normas sobre intermediaci\u00f3n laboral\"}]},{\"@type\":\"WebSite\",\"@id\":\"https:\\\/\\\/auren.com\\\/co\\\/#website\",\"url\":\"https:\\\/\\\/auren.com\\\/co\\\/\",\"name\":\"Auren Colombia\",\"description\":\"\",\"publisher\":{\"@id\":\"https:\\\/\\\/auren.com\\\/co\\\/#organization\"},\"potentialAction\":[{\"@type\":\"SearchAction\",\"target\":{\"@type\":\"EntryPoint\",\"urlTemplate\":\"https:\\\/\\\/auren.com\\\/co\\\/?s={search_term_string}\"},\"query-input\":{\"@type\":\"PropertyValueSpecification\",\"valueRequired\":true,\"valueName\":\"search_term_string\"}}],\"inLanguage\":\"es\"},{\"@type\":\"Organization\",\"@id\":\"https:\\\/\\\/auren.com\\\/co\\\/#organization\",\"name\":\"Auren Colombia\",\"url\":\"https:\\\/\\\/auren.com\\\/co\\\/\",\"logo\":{\"@type\":\"ImageObject\",\"inLanguage\":\"es\",\"@id\":\"https:\\\/\\\/auren.com\\\/co\\\/#\\\/schema\\\/logo\\\/image\\\/\",\"url\":\"https:\\\/\\\/auren.com\\\/co\\\/wp-content\\\/uploads\\\/2025\\\/01\\\/cropped-cropped-favicon-Auren.png\",\"contentUrl\":\"https:\\\/\\\/auren.com\\\/co\\\/wp-content\\\/uploads\\\/2025\\\/01\\\/cropped-cropped-favicon-Auren.png\",\"width\":512,\"height\":512,\"caption\":\"Auren Colombia\"},\"image\":{\"@id\":\"https:\\\/\\\/auren.com\\\/co\\\/#\\\/schema\\\/logo\\\/image\\\/\"},\"sameAs\":[\"https:\\\/\\\/x.com\\\/AurenColombia\",\"https:\\\/\\\/www.instagram.com\\\/aurencolombia\\\/\",\"https:\\\/\\\/www.youtube.com\\\/channel\\\/UCRYoGRMR_k4oVWesdErApmA\",\"https:\\\/\\\/www.linkedin.com\\\/company\\\/auren-colombia\"]}]}<\/script>\n<!-- \/ Yoast SEO plugin. -->","yoast_head_json":{"title":"Consejo de Estado anul\u00f3 parcialmente normas sobre intermediaci\u00f3n laboral - Auren Colombia","robots":{"index":"index","follow":"follow","max-snippet":"max-snippet:-1","max-image-preview":"max-image-preview:large","max-video-preview":"max-video-preview:-1"},"canonical":"https:\/\/auren.com\/co\/blog\/consejo-de-estado-anulo-parcialmente-normas-sobre-intermediacion-laboral\/","og_locale":"es_ES","og_type":"article","og_title":"Consejo de Estado anul\u00f3 parcialmente normas sobre intermediaci\u00f3n laboral - Auren Colombia","og_description":"El Consejo de Estado declar\u00f3 la nulidad de algunas normas contenidas en los Decretos 1072 de 2015 y 583 de 2016, los cuales reglamentaron el art\u00edculo 63 de la Ley 1429 de 2010, el cual hace referencia a la prohibici\u00f3n de contratar personal a trav\u00e9s de cooperativas de trabajo asociado, o bajo alguna otra forma de vinculaci\u00f3n de intermediaci\u00f3n laboral, para desarrollar actividades misionales permanentes en los sectores p\u00fablico y privado.","og_url":"https:\/\/auren.com\/co\/blog\/consejo-de-estado-anulo-parcialmente-normas-sobre-intermediacion-laboral\/","og_site_name":"Auren Colombia","og_image":[{"width":1000,"height":502,"url":"https:\/\/auren.com\/co\/wp-content\/uploads\/2017\/08\/anulacion-normas-ambito-laboral-3.jpg","type":"image\/jpeg"}],"twitter_card":"summary_large_image","twitter_site":"@AurenColombia","twitter_misc":{"Tiempo de lectura":"2 minutos"},"schema":{"@context":"https:\/\/schema.org","@graph":[{"@type":"WebPage","@id":"https:\/\/auren.com\/co\/blog\/consejo-de-estado-anulo-parcialmente-normas-sobre-intermediacion-laboral\/","url":"https:\/\/auren.com\/co\/blog\/consejo-de-estado-anulo-parcialmente-normas-sobre-intermediacion-laboral\/","name":"Consejo de Estado anul\u00f3 parcialmente normas sobre intermediaci\u00f3n laboral - Auren Colombia","isPartOf":{"@id":"https:\/\/auren.com\/co\/#website"},"primaryImageOfPage":{"@id":"https:\/\/auren.com\/co\/blog\/consejo-de-estado-anulo-parcialmente-normas-sobre-intermediacion-laboral\/#primaryimage"},"image":{"@id":"https:\/\/auren.com\/co\/blog\/consejo-de-estado-anulo-parcialmente-normas-sobre-intermediacion-laboral\/#primaryimage"},"thumbnailUrl":"https:\/\/auren.com\/co\/wp-content\/uploads\/2017\/08\/anulacion-normas-ambito-laboral-3.jpg","datePublished":"2017-08-16T18:53:10+00:00","breadcrumb":{"@id":"https:\/\/auren.com\/co\/blog\/consejo-de-estado-anulo-parcialmente-normas-sobre-intermediacion-laboral\/#breadcrumb"},"inLanguage":"es","potentialAction":[{"@type":"ReadAction","target":["https:\/\/auren.com\/co\/blog\/consejo-de-estado-anulo-parcialmente-normas-sobre-intermediacion-laboral\/"]}]},{"@type":"ImageObject","inLanguage":"es","@id":"https:\/\/auren.com\/co\/blog\/consejo-de-estado-anulo-parcialmente-normas-sobre-intermediacion-laboral\/#primaryimage","url":"https:\/\/auren.com\/co\/wp-content\/uploads\/2017\/08\/anulacion-normas-ambito-laboral-3.jpg","contentUrl":"https:\/\/auren.com\/co\/wp-content\/uploads\/2017\/08\/anulacion-normas-ambito-laboral-3.jpg","width":1000,"height":502},{"@type":"BreadcrumbList","@id":"https:\/\/auren.com\/co\/blog\/consejo-de-estado-anulo-parcialmente-normas-sobre-intermediacion-laboral\/#breadcrumb","itemListElement":[{"@type":"ListItem","position":1,"name":"Portada","item":"https:\/\/auren.com\/co\/"},{"@type":"ListItem","position":2,"name":"Consejo de Estado anul\u00f3 parcialmente normas sobre intermediaci\u00f3n laboral"}]},{"@type":"WebSite","@id":"https:\/\/auren.com\/co\/#website","url":"https:\/\/auren.com\/co\/","name":"Auren Colombia","description":"","publisher":{"@id":"https:\/\/auren.com\/co\/#organization"},"potentialAction":[{"@type":"SearchAction","target":{"@type":"EntryPoint","urlTemplate":"https:\/\/auren.com\/co\/?s={search_term_string}"},"query-input":{"@type":"PropertyValueSpecification","valueRequired":true,"valueName":"search_term_string"}}],"inLanguage":"es"},{"@type":"Organization","@id":"https:\/\/auren.com\/co\/#organization","name":"Auren Colombia","url":"https:\/\/auren.com\/co\/","logo":{"@type":"ImageObject","inLanguage":"es","@id":"https:\/\/auren.com\/co\/#\/schema\/logo\/image\/","url":"https:\/\/auren.com\/co\/wp-content\/uploads\/2025\/01\/cropped-cropped-favicon-Auren.png","contentUrl":"https:\/\/auren.com\/co\/wp-content\/uploads\/2025\/01\/cropped-cropped-favicon-Auren.png","width":512,"height":512,"caption":"Auren Colombia"},"image":{"@id":"https:\/\/auren.com\/co\/#\/schema\/logo\/image\/"},"sameAs":["https:\/\/x.com\/AurenColombia","https:\/\/www.instagram.com\/aurencolombia\/","https:\/\/www.youtube.com\/channel\/UCRYoGRMR_k4oVWesdErApmA","https:\/\/www.linkedin.com\/company\/auren-colombia"]}]}},"_links":{"self":[{"href":"https:\/\/auren.com\/co\/wp-json\/wp\/v2\/blog\/11193","targetHints":{"allow":["GET"]}}],"collection":[{"href":"https:\/\/auren.com\/co\/wp-json\/wp\/v2\/blog"}],"about":[{"href":"https:\/\/auren.com\/co\/wp-json\/wp\/v2\/types\/blog"}],"version-history":[{"count":0,"href":"https:\/\/auren.com\/co\/wp-json\/wp\/v2\/blog\/11193\/revisions"}],"wp:featuredmedia":[{"embeddable":true,"href":"https:\/\/auren.com\/co\/wp-json\/wp\/v2\/media\/11194"}],"wp:attachment":[{"href":"https:\/\/auren.com\/co\/wp-json\/wp\/v2\/media?parent=11193"}],"wp:term":[{"taxonomy":"blog-category","embeddable":true,"href":"https:\/\/auren.com\/co\/wp-json\/wp\/v2\/blog-category?post=11193"}],"curies":[{"name":"wp","href":"https:\/\/api.w.org\/{rel}","templated":true}]}}