{"id":11196,"date":"2017-08-16T19:11:59","date_gmt":"2017-08-16T17:11:59","guid":{"rendered":"https:\/\/auren.com\/co\/blog\/algunos-aspectos-a-tener-en-cuenta-en-la-reglamentacion-del-codigo-nacional-de-policia-y-convivencia-hecha-por-el-gobierno-nacional\/"},"modified":"2017-08-16T19:11:59","modified_gmt":"2017-08-16T17:11:59","slug":"algunos-aspectos-a-tener-en-cuenta-en-la-reglamentacion-del-codigo-nacional-de-policia-y-convivencia-hecha-por-el-gobierno-nacional","status":"publish","type":"blog","link":"https:\/\/auren.com\/co\/blog\/algunos-aspectos-a-tener-en-cuenta-en-la-reglamentacion-del-codigo-nacional-de-policia-y-convivencia-hecha-por-el-gobierno-nacional\/","title":{"rendered":"Algunos aspectos a tener en cuenta en la reglamentaci\u00f3n del C\u00f3digo Nacional de Polic\u00eda y Convivencia hecha por el Gobierno Nacional"},"content":{"rendered":"<p class=\"text-justify\">\n<p class=\"text-justify\">Por medio del Decreto 1284 del 31 de julio de 2017, el cual se adiciona al Decreto \u00danico Reglamentario del Sector Administrativo de Defensa, 1070 de 2015, el Gobierno Nacional reglament\u00f3 parcialmente el C\u00f3digo Nacional de Polic\u00eda y Convivencia. Dentro de los aspectos reglamentados, se encuentran:   <\/p>\n<p class=\"text-justify\">&nbsp;   <\/p>\n<ul class=\"text-justify\">\n<li class=\"text-justify\">Determina c\u00f3mo deben estar dise\u00f1ados y adecuados los espacios f\u00edsicos para la recepci\u00f3n, atenci\u00f3n y resoluci\u00f3n de quejas, peticiones y reclamos, que pueden ser oficinas o puntos de atenci\u00f3n al ciudadano. Puntualiza que las caracter\u00edsticas de estos espacios deben permitir un adecuado acceso a personas en condici\u00f3n de discapacidad.   <\/li>\n<li class=\"text-justify\">Precisa los objetivos, funciones y dem\u00e1s aspectos relacionados con el funcionamiento de los Consejos de Seguridad y Convivencia, los cuales son un cuerpo consultivo y de toma de decisiones en materia de prevenci\u00f3n y reacci\u00f3n ante los problemas relacionados con la seguridad y la convivencia ciudadana. Constituyen un espacio de coordinaci\u00f3n de autoridades pol\u00edticos administrativas, cuya finalidad es la planeaci\u00f3n, eficiencia, complementariedad y responsabilidad entre autoridades. El Decreto establece que habr\u00e1n Consejos a nivel nacional, regional, departamental, distrital, municipal y metropolitano; determina c\u00f3mo est\u00e1n integrados, los objetivos y funciones espec\u00edficas de estos Consejos, as\u00ed como aspectos procedimentales relacionados con la periodicidad de sus sesiones.   <\/li>\n<li class=\"text-justify\">Frente al Registro Nacional de Medidas Correctivas, el cual se encuentra a cargo de la Polic\u00eda Nacional y contiene datos concernientes a la identificaci\u00f3n de la persona infractora de un comportamiento contrario a la convivencia, el tipo de medida correctiva, el estado de pago de la multa o cumplimiento de la medida correctiva, establece el Decreto que corresponde a las autoridades departamentales, distritales y municipales inscribir en dicho registro las medidas correctivas aplicadas a infractores, dentro de las 24 horas siguientes a su imposici\u00f3n, as\u00ed como informar y actualizar los respectivos cumplimientos. La informaci\u00f3n del registro \u00fanicamente podr\u00e1 observarse por parte del interesado, reporte que permanecer\u00e1 para la consulta por parte de las autoridades de polic\u00eda y entidades del Estado, por un per\u00edodo de un a\u00f1o despu\u00e9s de su cumplimiento.<\/li>\n<li class=\"text-justify\">Los recursos provenientes de las multas del C\u00f3digo Nacional de Polic\u00eda y Convivencia ingresar\u00e1n al Fondo Territorial de Seguridad y Convivencia Ciudadana, en una cuenta independiente dispuesta por las administraciones distritales y municipales. El 60% de estos recursos se destinar\u00e1 a la cultura ciudadana, pedagog\u00eda y prevenci\u00f3n en materia de seguridad; el 40% restante se utilizar\u00e1 en la materializaci\u00f3n de las medidas correctivas impuestas por las autoridades de Polic\u00eda.<\/li>\n<\/ul>\n<p><!-- AddThis Advanced Settings generic via filter on the_content --><!-- AddThis Share Buttons generic via filter on the_content --><\/p>\n","protected":false},"excerpt":{"rendered":"<p>Por medio del Decreto 1284 del 31 de julio de 2017, el cual se adiciona al Decreto \u00danico Reglamentario del Sector Administrativo de Defensa, 1070 de 2015, el Gobierno Nacional reglament\u00f3 parcialmente el C\u00f3digo Nacional de Polic\u00eda y Convivencia.<\/p>\n","protected":false},"featured_media":11197,"template":"","meta":{"_acf_changed":false,"footnotes":""},"blog-category":[],"class_list":["post-11196","blog","type-blog","status-publish","has-post-thumbnail","hentry"],"acf":[],"yoast_head":"<!-- This site is optimized with the Yoast SEO plugin v27.4 - https:\/\/yoast.com\/product\/yoast-seo-wordpress\/ -->\n<title>Algunos aspectos a tener en cuenta en la reglamentaci\u00f3n del C\u00f3digo Nacional de Polic\u00eda y Convivencia hecha por el Gobierno Nacional - Auren Colombia<\/title>\n<meta name=\"robots\" content=\"index, follow, max-snippet:-1, max-image-preview:large, max-video-preview:-1\" \/>\n<link rel=\"canonical\" href=\"https:\/\/auren.com\/co\/blog\/algunos-aspectos-a-tener-en-cuenta-en-la-reglamentacion-del-codigo-nacional-de-policia-y-convivencia-hecha-por-el-gobierno-nacional\/\" \/>\n<meta property=\"og:locale\" content=\"es_ES\" \/>\n<meta property=\"og:type\" content=\"article\" \/>\n<meta property=\"og:title\" content=\"Algunos aspectos a tener en cuenta en la reglamentaci\u00f3n del C\u00f3digo Nacional de Polic\u00eda y Convivencia hecha por el Gobierno Nacional - Auren Colombia\" \/>\n<meta property=\"og:description\" content=\"Por medio del Decreto 1284 del 31 de julio de 2017, el cual se adiciona al Decreto \u00danico Reglamentario del Sector Administrativo de Defensa, 1070 de 2015, el Gobierno Nacional reglament\u00f3 parcialmente el C\u00f3digo Nacional de Polic\u00eda y Convivencia.\" \/>\n<meta property=\"og:url\" content=\"https:\/\/auren.com\/co\/blog\/algunos-aspectos-a-tener-en-cuenta-en-la-reglamentacion-del-codigo-nacional-de-policia-y-convivencia-hecha-por-el-gobierno-nacional\/\" \/>\n<meta property=\"og:site_name\" content=\"Auren Colombia\" \/>\n<meta property=\"og:image\" content=\"https:\/\/auren.com\/co\/wp-content\/uploads\/2017\/08\/base-imagenes-boletin-3.jpg\" \/>\n\t<meta property=\"og:image:width\" content=\"1000\" \/>\n\t<meta property=\"og:image:height\" content=\"502\" \/>\n\t<meta property=\"og:image:type\" content=\"image\/jpeg\" \/>\n<meta name=\"twitter:card\" content=\"summary_large_image\" \/>\n<meta name=\"twitter:site\" content=\"@AurenColombia\" \/>\n<meta name=\"twitter:label1\" content=\"Tiempo de lectura\" \/>\n\t<meta name=\"twitter:data1\" content=\"2 minutos\" \/>\n<script type=\"application\/ld+json\" class=\"yoast-schema-graph\">{\"@context\":\"https:\\\/\\\/schema.org\",\"@graph\":[{\"@type\":\"WebPage\",\"@id\":\"https:\\\/\\\/auren.com\\\/co\\\/blog\\\/algunos-aspectos-a-tener-en-cuenta-en-la-reglamentacion-del-codigo-nacional-de-policia-y-convivencia-hecha-por-el-gobierno-nacional\\\/\",\"url\":\"https:\\\/\\\/auren.com\\\/co\\\/blog\\\/algunos-aspectos-a-tener-en-cuenta-en-la-reglamentacion-del-codigo-nacional-de-policia-y-convivencia-hecha-por-el-gobierno-nacional\\\/\",\"name\":\"Algunos aspectos a tener en cuenta en la reglamentaci\u00f3n del C\u00f3digo Nacional de Polic\u00eda y Convivencia hecha por el Gobierno Nacional - Auren Colombia\",\"isPartOf\":{\"@id\":\"https:\\\/\\\/auren.com\\\/co\\\/#website\"},\"primaryImageOfPage\":{\"@id\":\"https:\\\/\\\/auren.com\\\/co\\\/blog\\\/algunos-aspectos-a-tener-en-cuenta-en-la-reglamentacion-del-codigo-nacional-de-policia-y-convivencia-hecha-por-el-gobierno-nacional\\\/#primaryimage\"},\"image\":{\"@id\":\"https:\\\/\\\/auren.com\\\/co\\\/blog\\\/algunos-aspectos-a-tener-en-cuenta-en-la-reglamentacion-del-codigo-nacional-de-policia-y-convivencia-hecha-por-el-gobierno-nacional\\\/#primaryimage\"},\"thumbnailUrl\":\"https:\\\/\\\/auren.com\\\/co\\\/wp-content\\\/uploads\\\/2017\\\/08\\\/base-imagenes-boletin-3.jpg\",\"datePublished\":\"2017-08-16T17:11:59+00:00\",\"breadcrumb\":{\"@id\":\"https:\\\/\\\/auren.com\\\/co\\\/blog\\\/algunos-aspectos-a-tener-en-cuenta-en-la-reglamentacion-del-codigo-nacional-de-policia-y-convivencia-hecha-por-el-gobierno-nacional\\\/#breadcrumb\"},\"inLanguage\":\"es\",\"potentialAction\":[{\"@type\":\"ReadAction\",\"target\":[\"https:\\\/\\\/auren.com\\\/co\\\/blog\\\/algunos-aspectos-a-tener-en-cuenta-en-la-reglamentacion-del-codigo-nacional-de-policia-y-convivencia-hecha-por-el-gobierno-nacional\\\/\"]}]},{\"@type\":\"ImageObject\",\"inLanguage\":\"es\",\"@id\":\"https:\\\/\\\/auren.com\\\/co\\\/blog\\\/algunos-aspectos-a-tener-en-cuenta-en-la-reglamentacion-del-codigo-nacional-de-policia-y-convivencia-hecha-por-el-gobierno-nacional\\\/#primaryimage\",\"url\":\"https:\\\/\\\/auren.com\\\/co\\\/wp-content\\\/uploads\\\/2017\\\/08\\\/base-imagenes-boletin-3.jpg\",\"contentUrl\":\"https:\\\/\\\/auren.com\\\/co\\\/wp-content\\\/uploads\\\/2017\\\/08\\\/base-imagenes-boletin-3.jpg\",\"width\":1000,\"height\":502},{\"@type\":\"BreadcrumbList\",\"@id\":\"https:\\\/\\\/auren.com\\\/co\\\/blog\\\/algunos-aspectos-a-tener-en-cuenta-en-la-reglamentacion-del-codigo-nacional-de-policia-y-convivencia-hecha-por-el-gobierno-nacional\\\/#breadcrumb\",\"itemListElement\":[{\"@type\":\"ListItem\",\"position\":1,\"name\":\"Portada\",\"item\":\"https:\\\/\\\/auren.com\\\/co\\\/\"},{\"@type\":\"ListItem\",\"position\":2,\"name\":\"Algunos aspectos a tener en cuenta en la reglamentaci\u00f3n del C\u00f3digo Nacional de Polic\u00eda y Convivencia hecha por el Gobierno Nacional\"}]},{\"@type\":\"WebSite\",\"@id\":\"https:\\\/\\\/auren.com\\\/co\\\/#website\",\"url\":\"https:\\\/\\\/auren.com\\\/co\\\/\",\"name\":\"Auren Colombia\",\"description\":\"\",\"publisher\":{\"@id\":\"https:\\\/\\\/auren.com\\\/co\\\/#organization\"},\"potentialAction\":[{\"@type\":\"SearchAction\",\"target\":{\"@type\":\"EntryPoint\",\"urlTemplate\":\"https:\\\/\\\/auren.com\\\/co\\\/?s={search_term_string}\"},\"query-input\":{\"@type\":\"PropertyValueSpecification\",\"valueRequired\":true,\"valueName\":\"search_term_string\"}}],\"inLanguage\":\"es\"},{\"@type\":\"Organization\",\"@id\":\"https:\\\/\\\/auren.com\\\/co\\\/#organization\",\"name\":\"Auren Colombia\",\"url\":\"https:\\\/\\\/auren.com\\\/co\\\/\",\"logo\":{\"@type\":\"ImageObject\",\"inLanguage\":\"es\",\"@id\":\"https:\\\/\\\/auren.com\\\/co\\\/#\\\/schema\\\/logo\\\/image\\\/\",\"url\":\"https:\\\/\\\/auren.com\\\/co\\\/wp-content\\\/uploads\\\/2025\\\/01\\\/cropped-cropped-favicon-Auren.png\",\"contentUrl\":\"https:\\\/\\\/auren.com\\\/co\\\/wp-content\\\/uploads\\\/2025\\\/01\\\/cropped-cropped-favicon-Auren.png\",\"width\":512,\"height\":512,\"caption\":\"Auren Colombia\"},\"image\":{\"@id\":\"https:\\\/\\\/auren.com\\\/co\\\/#\\\/schema\\\/logo\\\/image\\\/\"},\"sameAs\":[\"https:\\\/\\\/x.com\\\/AurenColombia\",\"https:\\\/\\\/www.instagram.com\\\/aurencolombia\\\/\",\"https:\\\/\\\/www.youtube.com\\\/channel\\\/UCRYoGRMR_k4oVWesdErApmA\",\"https:\\\/\\\/www.linkedin.com\\\/company\\\/auren-colombia\"]}]}<\/script>\n<!-- \/ Yoast SEO plugin. -->","yoast_head_json":{"title":"Algunos aspectos a tener en cuenta en la reglamentaci\u00f3n del C\u00f3digo Nacional de Polic\u00eda y Convivencia hecha por el Gobierno Nacional - Auren Colombia","robots":{"index":"index","follow":"follow","max-snippet":"max-snippet:-1","max-image-preview":"max-image-preview:large","max-video-preview":"max-video-preview:-1"},"canonical":"https:\/\/auren.com\/co\/blog\/algunos-aspectos-a-tener-en-cuenta-en-la-reglamentacion-del-codigo-nacional-de-policia-y-convivencia-hecha-por-el-gobierno-nacional\/","og_locale":"es_ES","og_type":"article","og_title":"Algunos aspectos a tener en cuenta en la reglamentaci\u00f3n del C\u00f3digo Nacional de Polic\u00eda y Convivencia hecha por el Gobierno Nacional - Auren Colombia","og_description":"Por medio del Decreto 1284 del 31 de julio de 2017, el cual se adiciona al Decreto \u00danico Reglamentario del Sector Administrativo de Defensa, 1070 de 2015, el Gobierno Nacional reglament\u00f3 parcialmente el C\u00f3digo Nacional de Polic\u00eda y Convivencia.","og_url":"https:\/\/auren.com\/co\/blog\/algunos-aspectos-a-tener-en-cuenta-en-la-reglamentacion-del-codigo-nacional-de-policia-y-convivencia-hecha-por-el-gobierno-nacional\/","og_site_name":"Auren Colombia","og_image":[{"width":1000,"height":502,"url":"https:\/\/auren.com\/co\/wp-content\/uploads\/2017\/08\/base-imagenes-boletin-3.jpg","type":"image\/jpeg"}],"twitter_card":"summary_large_image","twitter_site":"@AurenColombia","twitter_misc":{"Tiempo de lectura":"2 minutos"},"schema":{"@context":"https:\/\/schema.org","@graph":[{"@type":"WebPage","@id":"https:\/\/auren.com\/co\/blog\/algunos-aspectos-a-tener-en-cuenta-en-la-reglamentacion-del-codigo-nacional-de-policia-y-convivencia-hecha-por-el-gobierno-nacional\/","url":"https:\/\/auren.com\/co\/blog\/algunos-aspectos-a-tener-en-cuenta-en-la-reglamentacion-del-codigo-nacional-de-policia-y-convivencia-hecha-por-el-gobierno-nacional\/","name":"Algunos aspectos a tener en cuenta en la reglamentaci\u00f3n del C\u00f3digo Nacional de Polic\u00eda y Convivencia hecha por el Gobierno Nacional - Auren Colombia","isPartOf":{"@id":"https:\/\/auren.com\/co\/#website"},"primaryImageOfPage":{"@id":"https:\/\/auren.com\/co\/blog\/algunos-aspectos-a-tener-en-cuenta-en-la-reglamentacion-del-codigo-nacional-de-policia-y-convivencia-hecha-por-el-gobierno-nacional\/#primaryimage"},"image":{"@id":"https:\/\/auren.com\/co\/blog\/algunos-aspectos-a-tener-en-cuenta-en-la-reglamentacion-del-codigo-nacional-de-policia-y-convivencia-hecha-por-el-gobierno-nacional\/#primaryimage"},"thumbnailUrl":"https:\/\/auren.com\/co\/wp-content\/uploads\/2017\/08\/base-imagenes-boletin-3.jpg","datePublished":"2017-08-16T17:11:59+00:00","breadcrumb":{"@id":"https:\/\/auren.com\/co\/blog\/algunos-aspectos-a-tener-en-cuenta-en-la-reglamentacion-del-codigo-nacional-de-policia-y-convivencia-hecha-por-el-gobierno-nacional\/#breadcrumb"},"inLanguage":"es","potentialAction":[{"@type":"ReadAction","target":["https:\/\/auren.com\/co\/blog\/algunos-aspectos-a-tener-en-cuenta-en-la-reglamentacion-del-codigo-nacional-de-policia-y-convivencia-hecha-por-el-gobierno-nacional\/"]}]},{"@type":"ImageObject","inLanguage":"es","@id":"https:\/\/auren.com\/co\/blog\/algunos-aspectos-a-tener-en-cuenta-en-la-reglamentacion-del-codigo-nacional-de-policia-y-convivencia-hecha-por-el-gobierno-nacional\/#primaryimage","url":"https:\/\/auren.com\/co\/wp-content\/uploads\/2017\/08\/base-imagenes-boletin-3.jpg","contentUrl":"https:\/\/auren.com\/co\/wp-content\/uploads\/2017\/08\/base-imagenes-boletin-3.jpg","width":1000,"height":502},{"@type":"BreadcrumbList","@id":"https:\/\/auren.com\/co\/blog\/algunos-aspectos-a-tener-en-cuenta-en-la-reglamentacion-del-codigo-nacional-de-policia-y-convivencia-hecha-por-el-gobierno-nacional\/#breadcrumb","itemListElement":[{"@type":"ListItem","position":1,"name":"Portada","item":"https:\/\/auren.com\/co\/"},{"@type":"ListItem","position":2,"name":"Algunos aspectos a tener en cuenta en la reglamentaci\u00f3n del C\u00f3digo Nacional de Polic\u00eda y Convivencia hecha por el Gobierno Nacional"}]},{"@type":"WebSite","@id":"https:\/\/auren.com\/co\/#website","url":"https:\/\/auren.com\/co\/","name":"Auren Colombia","description":"","publisher":{"@id":"https:\/\/auren.com\/co\/#organization"},"potentialAction":[{"@type":"SearchAction","target":{"@type":"EntryPoint","urlTemplate":"https:\/\/auren.com\/co\/?s={search_term_string}"},"query-input":{"@type":"PropertyValueSpecification","valueRequired":true,"valueName":"search_term_string"}}],"inLanguage":"es"},{"@type":"Organization","@id":"https:\/\/auren.com\/co\/#organization","name":"Auren Colombia","url":"https:\/\/auren.com\/co\/","logo":{"@type":"ImageObject","inLanguage":"es","@id":"https:\/\/auren.com\/co\/#\/schema\/logo\/image\/","url":"https:\/\/auren.com\/co\/wp-content\/uploads\/2025\/01\/cropped-cropped-favicon-Auren.png","contentUrl":"https:\/\/auren.com\/co\/wp-content\/uploads\/2025\/01\/cropped-cropped-favicon-Auren.png","width":512,"height":512,"caption":"Auren Colombia"},"image":{"@id":"https:\/\/auren.com\/co\/#\/schema\/logo\/image\/"},"sameAs":["https:\/\/x.com\/AurenColombia","https:\/\/www.instagram.com\/aurencolombia\/","https:\/\/www.youtube.com\/channel\/UCRYoGRMR_k4oVWesdErApmA","https:\/\/www.linkedin.com\/company\/auren-colombia"]}]}},"_links":{"self":[{"href":"https:\/\/auren.com\/co\/wp-json\/wp\/v2\/blog\/11196","targetHints":{"allow":["GET"]}}],"collection":[{"href":"https:\/\/auren.com\/co\/wp-json\/wp\/v2\/blog"}],"about":[{"href":"https:\/\/auren.com\/co\/wp-json\/wp\/v2\/types\/blog"}],"version-history":[{"count":0,"href":"https:\/\/auren.com\/co\/wp-json\/wp\/v2\/blog\/11196\/revisions"}],"wp:featuredmedia":[{"embeddable":true,"href":"https:\/\/auren.com\/co\/wp-json\/wp\/v2\/media\/11197"}],"wp:attachment":[{"href":"https:\/\/auren.com\/co\/wp-json\/wp\/v2\/media?parent=11196"}],"wp:term":[{"taxonomy":"blog-category","embeddable":true,"href":"https:\/\/auren.com\/co\/wp-json\/wp\/v2\/blog-category?post=11196"}],"curies":[{"name":"wp","href":"https:\/\/api.w.org\/{rel}","templated":true}]}}