{"id":11199,"date":"2017-08-16T17:06:25","date_gmt":"2017-08-16T15:06:25","guid":{"rendered":"https:\/\/auren.com\/co\/blog\/personas-juridicas-originadas-en-la-constitucion-de-la-propiedad-horizontal-estan-obligadas-a-realizar-el-registro-nacional-de-bases-de-datos-personales\/"},"modified":"2017-08-16T17:06:25","modified_gmt":"2017-08-16T15:06:25","slug":"personas-juridicas-originadas-en-la-constitucion-de-la-propiedad-horizontal-estan-obligadas-a-realizar-el-registro-nacional-de-bases-de-datos-personales","status":"publish","type":"blog","link":"https:\/\/auren.com\/co\/blog\/personas-juridicas-originadas-en-la-constitucion-de-la-propiedad-horizontal-estan-obligadas-a-realizar-el-registro-nacional-de-bases-de-datos-personales\/","title":{"rendered":"Personas jur\u00eddicas originadas en la constituci\u00f3n de la propiedad horizontal est\u00e1n obligadas a realizar el Registro Nacional de Bases de Datos personales"},"content":{"rendered":"<\/p>\n<p>As\u00ed lo precis\u00f3 la Superintendencia de Industria y Comercio al advertir que todas las bases que sean reguladas por la Ley 1581 de 2012, deben ser inscritas en el Registro Nacional de Bases de Datos, sin importar si el responsable o encargado del tratamiento son entidades de naturaleza p\u00fablica o privada, personas naturales o jur\u00eddicas.   <\/p>\n<p>Se\u00f1al\u00f3 la entidad que la Ley 1581 de 2012, ley estatutaria sobre la protecci\u00f3n de datos personales, establece que su \u00e1mbito de aplicaci\u00f3n cobija los datos personales registrados en cualquier base de datos que los haga susceptibles de tratamiento por entidades de naturaleza p\u00fablica o privada, precisando la entidad que dicha ley aplica al tratamiento, esto es, a la recolecci\u00f3n, almacenamiento, uso, circulaci\u00f3n o supresi\u00f3n, de datos personales registrados en cualquier base de datos o archivos por parte de entidades p\u00fablicas o privadas.<\/p>\n<p>Aclar\u00f3 la Superintendencia que el responsable del tratamiento de los datos personales es la persona natural o jur\u00eddica que por s\u00ed misma o en asocio con otros, decide sobre las finalidades del tratamiento y los medios empleados para el efecto, citando como ejemplo, la puesta en circulaci\u00f3n o su uso o acceso de alguna manera; el encargado es la persona natural o jur\u00eddica que realiza el tratamiento de los datos personales por instrucci\u00f3n del responsable.<\/p>\n<p>Concluy\u00f3 la entidad que todas las personas naturales o jur\u00eddicas que tengan la calidad de responsables del tratamiento de datos personales, incluida la copropiedad representada por su administrador, deben registrar en el Registro Nacional de bases de Datos, las bases de datos que contengan datos sujetos a tratamiento, conforme al procedimiento se\u00f1alado por la Superintendencia en la Circular 001 del 8 de noviembre de 2016, incorporada a la Circular \u00danica de la misma entidad.<\/p>\n<p>Para tal efecto, las personas naturales, personas jur\u00eddicas de naturaleza privada que no est\u00e1n inscritas en las C\u00e1maras de Comercio y sociedades de econom\u00eda mixta, deben realizar la inscripci\u00f3n a m\u00e1s tardar el 31 de enero de 2019.<\/p>\n<p><!-- AddThis Advanced Settings generic via filter on the_content --><!-- AddThis Share Buttons generic via filter on the_content --><\/p>\n","protected":false},"excerpt":{"rendered":"<p>As\u00ed lo precis\u00f3 la Superintendencia de Industria y Comercio al advertir que todas las bases que sean reguladas por la Ley 1581 de 2012, deben ser inscritas en el Registro Nacional de Bases de Datos, sin importar si el responsable o encargado del tratamiento son entidades de naturaleza p\u00fablica o privada, personas naturales o jur\u00eddicas.<\/p>\n","protected":false},"featured_media":11200,"template":"","meta":{"_acf_changed":false,"footnotes":""},"blog-category":[],"class_list":["post-11199","blog","type-blog","status-publish","has-post-thumbnail","hentry"],"acf":[],"yoast_head":"<!-- This site is optimized with the Yoast SEO plugin v27.4 - https:\/\/yoast.com\/product\/yoast-seo-wordpress\/ -->\n<title>Personas jur\u00eddicas originadas en la constituci\u00f3n de la propiedad horizontal est\u00e1n obligadas a realizar el Registro Nacional de Bases de Datos personales - Auren Colombia<\/title>\n<meta name=\"robots\" content=\"index, follow, max-snippet:-1, max-image-preview:large, max-video-preview:-1\" \/>\n<link rel=\"canonical\" href=\"https:\/\/auren.com\/co\/blog\/personas-juridicas-originadas-en-la-constitucion-de-la-propiedad-horizontal-estan-obligadas-a-realizar-el-registro-nacional-de-bases-de-datos-personales\/\" \/>\n<meta property=\"og:locale\" content=\"es_ES\" \/>\n<meta property=\"og:type\" content=\"article\" \/>\n<meta property=\"og:title\" content=\"Personas jur\u00eddicas originadas en la constituci\u00f3n de la propiedad horizontal est\u00e1n obligadas a realizar el Registro Nacional de Bases de Datos personales - Auren Colombia\" \/>\n<meta property=\"og:description\" content=\"As\u00ed lo precis\u00f3 la Superintendencia de Industria y Comercio al advertir que todas las bases que sean reguladas por la Ley 1581 de 2012, deben ser inscritas en el Registro Nacional de Bases de Datos, sin importar si el responsable o encargado del tratamiento son entidades de naturaleza p\u00fablica o privada, personas naturales o jur\u00eddicas.\" \/>\n<meta property=\"og:url\" content=\"https:\/\/auren.com\/co\/blog\/personas-juridicas-originadas-en-la-constitucion-de-la-propiedad-horizontal-estan-obligadas-a-realizar-el-registro-nacional-de-bases-de-datos-personales\/\" \/>\n<meta property=\"og:site_name\" content=\"Auren Colombia\" \/>\n<meta property=\"og:image\" content=\"https:\/\/auren.com\/co\/wp-content\/uploads\/2017\/08\/registro-nacional-base-de-datos-3.jpg\" \/>\n\t<meta property=\"og:image:width\" content=\"1000\" \/>\n\t<meta property=\"og:image:height\" content=\"502\" \/>\n\t<meta property=\"og:image:type\" content=\"image\/jpeg\" \/>\n<meta name=\"twitter:card\" content=\"summary_large_image\" \/>\n<meta name=\"twitter:site\" content=\"@AurenColombia\" \/>\n<meta name=\"twitter:label1\" content=\"Tiempo de lectura\" \/>\n\t<meta name=\"twitter:data1\" content=\"2 minutos\" \/>\n<script type=\"application\/ld+json\" class=\"yoast-schema-graph\">{\"@context\":\"https:\\\/\\\/schema.org\",\"@graph\":[{\"@type\":\"WebPage\",\"@id\":\"https:\\\/\\\/auren.com\\\/co\\\/blog\\\/personas-juridicas-originadas-en-la-constitucion-de-la-propiedad-horizontal-estan-obligadas-a-realizar-el-registro-nacional-de-bases-de-datos-personales\\\/\",\"url\":\"https:\\\/\\\/auren.com\\\/co\\\/blog\\\/personas-juridicas-originadas-en-la-constitucion-de-la-propiedad-horizontal-estan-obligadas-a-realizar-el-registro-nacional-de-bases-de-datos-personales\\\/\",\"name\":\"Personas jur\u00eddicas originadas en la constituci\u00f3n de la propiedad horizontal est\u00e1n obligadas a realizar el Registro Nacional de Bases de Datos personales - Auren Colombia\",\"isPartOf\":{\"@id\":\"https:\\\/\\\/auren.com\\\/co\\\/#website\"},\"primaryImageOfPage\":{\"@id\":\"https:\\\/\\\/auren.com\\\/co\\\/blog\\\/personas-juridicas-originadas-en-la-constitucion-de-la-propiedad-horizontal-estan-obligadas-a-realizar-el-registro-nacional-de-bases-de-datos-personales\\\/#primaryimage\"},\"image\":{\"@id\":\"https:\\\/\\\/auren.com\\\/co\\\/blog\\\/personas-juridicas-originadas-en-la-constitucion-de-la-propiedad-horizontal-estan-obligadas-a-realizar-el-registro-nacional-de-bases-de-datos-personales\\\/#primaryimage\"},\"thumbnailUrl\":\"https:\\\/\\\/auren.com\\\/co\\\/wp-content\\\/uploads\\\/2017\\\/08\\\/registro-nacional-base-de-datos-3.jpg\",\"datePublished\":\"2017-08-16T15:06:25+00:00\",\"breadcrumb\":{\"@id\":\"https:\\\/\\\/auren.com\\\/co\\\/blog\\\/personas-juridicas-originadas-en-la-constitucion-de-la-propiedad-horizontal-estan-obligadas-a-realizar-el-registro-nacional-de-bases-de-datos-personales\\\/#breadcrumb\"},\"inLanguage\":\"es\",\"potentialAction\":[{\"@type\":\"ReadAction\",\"target\":[\"https:\\\/\\\/auren.com\\\/co\\\/blog\\\/personas-juridicas-originadas-en-la-constitucion-de-la-propiedad-horizontal-estan-obligadas-a-realizar-el-registro-nacional-de-bases-de-datos-personales\\\/\"]}]},{\"@type\":\"ImageObject\",\"inLanguage\":\"es\",\"@id\":\"https:\\\/\\\/auren.com\\\/co\\\/blog\\\/personas-juridicas-originadas-en-la-constitucion-de-la-propiedad-horizontal-estan-obligadas-a-realizar-el-registro-nacional-de-bases-de-datos-personales\\\/#primaryimage\",\"url\":\"https:\\\/\\\/auren.com\\\/co\\\/wp-content\\\/uploads\\\/2017\\\/08\\\/registro-nacional-base-de-datos-3.jpg\",\"contentUrl\":\"https:\\\/\\\/auren.com\\\/co\\\/wp-content\\\/uploads\\\/2017\\\/08\\\/registro-nacional-base-de-datos-3.jpg\",\"width\":1000,\"height\":502},{\"@type\":\"BreadcrumbList\",\"@id\":\"https:\\\/\\\/auren.com\\\/co\\\/blog\\\/personas-juridicas-originadas-en-la-constitucion-de-la-propiedad-horizontal-estan-obligadas-a-realizar-el-registro-nacional-de-bases-de-datos-personales\\\/#breadcrumb\",\"itemListElement\":[{\"@type\":\"ListItem\",\"position\":1,\"name\":\"Portada\",\"item\":\"https:\\\/\\\/auren.com\\\/co\\\/\"},{\"@type\":\"ListItem\",\"position\":2,\"name\":\"Personas jur\u00eddicas originadas en la constituci\u00f3n de la propiedad horizontal est\u00e1n obligadas a realizar el Registro Nacional de Bases de Datos personales\"}]},{\"@type\":\"WebSite\",\"@id\":\"https:\\\/\\\/auren.com\\\/co\\\/#website\",\"url\":\"https:\\\/\\\/auren.com\\\/co\\\/\",\"name\":\"Auren Colombia\",\"description\":\"\",\"publisher\":{\"@id\":\"https:\\\/\\\/auren.com\\\/co\\\/#organization\"},\"potentialAction\":[{\"@type\":\"SearchAction\",\"target\":{\"@type\":\"EntryPoint\",\"urlTemplate\":\"https:\\\/\\\/auren.com\\\/co\\\/?s={search_term_string}\"},\"query-input\":{\"@type\":\"PropertyValueSpecification\",\"valueRequired\":true,\"valueName\":\"search_term_string\"}}],\"inLanguage\":\"es\"},{\"@type\":\"Organization\",\"@id\":\"https:\\\/\\\/auren.com\\\/co\\\/#organization\",\"name\":\"Auren Colombia\",\"url\":\"https:\\\/\\\/auren.com\\\/co\\\/\",\"logo\":{\"@type\":\"ImageObject\",\"inLanguage\":\"es\",\"@id\":\"https:\\\/\\\/auren.com\\\/co\\\/#\\\/schema\\\/logo\\\/image\\\/\",\"url\":\"https:\\\/\\\/auren.com\\\/co\\\/wp-content\\\/uploads\\\/2025\\\/01\\\/cropped-cropped-favicon-Auren.png\",\"contentUrl\":\"https:\\\/\\\/auren.com\\\/co\\\/wp-content\\\/uploads\\\/2025\\\/01\\\/cropped-cropped-favicon-Auren.png\",\"width\":512,\"height\":512,\"caption\":\"Auren Colombia\"},\"image\":{\"@id\":\"https:\\\/\\\/auren.com\\\/co\\\/#\\\/schema\\\/logo\\\/image\\\/\"},\"sameAs\":[\"https:\\\/\\\/x.com\\\/AurenColombia\",\"https:\\\/\\\/www.instagram.com\\\/aurencolombia\\\/\",\"https:\\\/\\\/www.youtube.com\\\/channel\\\/UCRYoGRMR_k4oVWesdErApmA\",\"https:\\\/\\\/www.linkedin.com\\\/company\\\/auren-colombia\"]}]}<\/script>\n<!-- \/ Yoast SEO plugin. -->","yoast_head_json":{"title":"Personas jur\u00eddicas originadas en la constituci\u00f3n de la propiedad horizontal est\u00e1n obligadas a realizar el Registro Nacional de Bases de Datos personales - Auren Colombia","robots":{"index":"index","follow":"follow","max-snippet":"max-snippet:-1","max-image-preview":"max-image-preview:large","max-video-preview":"max-video-preview:-1"},"canonical":"https:\/\/auren.com\/co\/blog\/personas-juridicas-originadas-en-la-constitucion-de-la-propiedad-horizontal-estan-obligadas-a-realizar-el-registro-nacional-de-bases-de-datos-personales\/","og_locale":"es_ES","og_type":"article","og_title":"Personas jur\u00eddicas originadas en la constituci\u00f3n de la propiedad horizontal est\u00e1n obligadas a realizar el Registro Nacional de Bases de Datos personales - Auren Colombia","og_description":"As\u00ed lo precis\u00f3 la Superintendencia de Industria y Comercio al advertir que todas las bases que sean reguladas por la Ley 1581 de 2012, deben ser inscritas en el Registro Nacional de Bases de Datos, sin importar si el responsable o encargado del tratamiento son entidades de naturaleza p\u00fablica o privada, personas naturales o jur\u00eddicas.","og_url":"https:\/\/auren.com\/co\/blog\/personas-juridicas-originadas-en-la-constitucion-de-la-propiedad-horizontal-estan-obligadas-a-realizar-el-registro-nacional-de-bases-de-datos-personales\/","og_site_name":"Auren Colombia","og_image":[{"width":1000,"height":502,"url":"https:\/\/auren.com\/co\/wp-content\/uploads\/2017\/08\/registro-nacional-base-de-datos-3.jpg","type":"image\/jpeg"}],"twitter_card":"summary_large_image","twitter_site":"@AurenColombia","twitter_misc":{"Tiempo de lectura":"2 minutos"},"schema":{"@context":"https:\/\/schema.org","@graph":[{"@type":"WebPage","@id":"https:\/\/auren.com\/co\/blog\/personas-juridicas-originadas-en-la-constitucion-de-la-propiedad-horizontal-estan-obligadas-a-realizar-el-registro-nacional-de-bases-de-datos-personales\/","url":"https:\/\/auren.com\/co\/blog\/personas-juridicas-originadas-en-la-constitucion-de-la-propiedad-horizontal-estan-obligadas-a-realizar-el-registro-nacional-de-bases-de-datos-personales\/","name":"Personas jur\u00eddicas originadas en la constituci\u00f3n de la propiedad horizontal est\u00e1n obligadas a realizar el Registro Nacional de Bases de Datos personales - Auren Colombia","isPartOf":{"@id":"https:\/\/auren.com\/co\/#website"},"primaryImageOfPage":{"@id":"https:\/\/auren.com\/co\/blog\/personas-juridicas-originadas-en-la-constitucion-de-la-propiedad-horizontal-estan-obligadas-a-realizar-el-registro-nacional-de-bases-de-datos-personales\/#primaryimage"},"image":{"@id":"https:\/\/auren.com\/co\/blog\/personas-juridicas-originadas-en-la-constitucion-de-la-propiedad-horizontal-estan-obligadas-a-realizar-el-registro-nacional-de-bases-de-datos-personales\/#primaryimage"},"thumbnailUrl":"https:\/\/auren.com\/co\/wp-content\/uploads\/2017\/08\/registro-nacional-base-de-datos-3.jpg","datePublished":"2017-08-16T15:06:25+00:00","breadcrumb":{"@id":"https:\/\/auren.com\/co\/blog\/personas-juridicas-originadas-en-la-constitucion-de-la-propiedad-horizontal-estan-obligadas-a-realizar-el-registro-nacional-de-bases-de-datos-personales\/#breadcrumb"},"inLanguage":"es","potentialAction":[{"@type":"ReadAction","target":["https:\/\/auren.com\/co\/blog\/personas-juridicas-originadas-en-la-constitucion-de-la-propiedad-horizontal-estan-obligadas-a-realizar-el-registro-nacional-de-bases-de-datos-personales\/"]}]},{"@type":"ImageObject","inLanguage":"es","@id":"https:\/\/auren.com\/co\/blog\/personas-juridicas-originadas-en-la-constitucion-de-la-propiedad-horizontal-estan-obligadas-a-realizar-el-registro-nacional-de-bases-de-datos-personales\/#primaryimage","url":"https:\/\/auren.com\/co\/wp-content\/uploads\/2017\/08\/registro-nacional-base-de-datos-3.jpg","contentUrl":"https:\/\/auren.com\/co\/wp-content\/uploads\/2017\/08\/registro-nacional-base-de-datos-3.jpg","width":1000,"height":502},{"@type":"BreadcrumbList","@id":"https:\/\/auren.com\/co\/blog\/personas-juridicas-originadas-en-la-constitucion-de-la-propiedad-horizontal-estan-obligadas-a-realizar-el-registro-nacional-de-bases-de-datos-personales\/#breadcrumb","itemListElement":[{"@type":"ListItem","position":1,"name":"Portada","item":"https:\/\/auren.com\/co\/"},{"@type":"ListItem","position":2,"name":"Personas jur\u00eddicas originadas en la constituci\u00f3n de la propiedad horizontal est\u00e1n obligadas a realizar el Registro Nacional de Bases de Datos personales"}]},{"@type":"WebSite","@id":"https:\/\/auren.com\/co\/#website","url":"https:\/\/auren.com\/co\/","name":"Auren Colombia","description":"","publisher":{"@id":"https:\/\/auren.com\/co\/#organization"},"potentialAction":[{"@type":"SearchAction","target":{"@type":"EntryPoint","urlTemplate":"https:\/\/auren.com\/co\/?s={search_term_string}"},"query-input":{"@type":"PropertyValueSpecification","valueRequired":true,"valueName":"search_term_string"}}],"inLanguage":"es"},{"@type":"Organization","@id":"https:\/\/auren.com\/co\/#organization","name":"Auren Colombia","url":"https:\/\/auren.com\/co\/","logo":{"@type":"ImageObject","inLanguage":"es","@id":"https:\/\/auren.com\/co\/#\/schema\/logo\/image\/","url":"https:\/\/auren.com\/co\/wp-content\/uploads\/2025\/01\/cropped-cropped-favicon-Auren.png","contentUrl":"https:\/\/auren.com\/co\/wp-content\/uploads\/2025\/01\/cropped-cropped-favicon-Auren.png","width":512,"height":512,"caption":"Auren Colombia"},"image":{"@id":"https:\/\/auren.com\/co\/#\/schema\/logo\/image\/"},"sameAs":["https:\/\/x.com\/AurenColombia","https:\/\/www.instagram.com\/aurencolombia\/","https:\/\/www.youtube.com\/channel\/UCRYoGRMR_k4oVWesdErApmA","https:\/\/www.linkedin.com\/company\/auren-colombia"]}]}},"_links":{"self":[{"href":"https:\/\/auren.com\/co\/wp-json\/wp\/v2\/blog\/11199","targetHints":{"allow":["GET"]}}],"collection":[{"href":"https:\/\/auren.com\/co\/wp-json\/wp\/v2\/blog"}],"about":[{"href":"https:\/\/auren.com\/co\/wp-json\/wp\/v2\/types\/blog"}],"version-history":[{"count":0,"href":"https:\/\/auren.com\/co\/wp-json\/wp\/v2\/blog\/11199\/revisions"}],"wp:featuredmedia":[{"embeddable":true,"href":"https:\/\/auren.com\/co\/wp-json\/wp\/v2\/media\/11200"}],"wp:attachment":[{"href":"https:\/\/auren.com\/co\/wp-json\/wp\/v2\/media?parent=11199"}],"wp:term":[{"taxonomy":"blog-category","embeddable":true,"href":"https:\/\/auren.com\/co\/wp-json\/wp\/v2\/blog-category?post=11199"}],"curies":[{"name":"wp","href":"https:\/\/api.w.org\/{rel}","templated":true}]}}