{"id":11202,"date":"2017-08-08T22:40:17","date_gmt":"2017-08-08T20:40:17","guid":{"rendered":"https:\/\/auren.com\/co\/blog\/fusion-de-sociedades-matrices-en-el-exterior-hace-que-desaparezca-en-colombia-la-sucursal-de-la-sociedad-absorbida\/"},"modified":"2017-08-08T22:40:17","modified_gmt":"2017-08-08T20:40:17","slug":"fusion-de-sociedades-matrices-en-el-exterior-hace-que-desaparezca-en-colombia-la-sucursal-de-la-sociedad-absorbida","status":"publish","type":"blog","link":"https:\/\/auren.com\/co\/blog\/fusion-de-sociedades-matrices-en-el-exterior-hace-que-desaparezca-en-colombia-la-sucursal-de-la-sociedad-absorbida\/","title":{"rendered":"Fusi\u00f3n de sociedades matrices en el exterior hace que desaparezca en Colombia la sucursal de la sociedad absorbida"},"content":{"rendered":"<\/p>\n<p class=\"text-justify\">As\u00ed lo reiter\u00f3 la Superintendencia de Sociedades, al aducir que en el evento de presentarse una fusi\u00f3n entre dos sociedades del exterior, en la que cada sociedad cuente con una sucursal en Colombia, se requiere que la fusi\u00f3n proyectada se ajuste tanto a la legislaci\u00f3n del pa\u00eds en el que se celebre el negocio jur\u00eddico, como a la colombiana, pues en el pa\u00eds se extienden los efectos jur\u00eddicos y patrimoniales de este negocio.<\/p>\n<p class=\"text-justify\">En tal sentido, considerando que una sociedad del exterior no puede tener m\u00e1s de una sucursal en el pa\u00eds, luego de la fusi\u00f3n de las sociedades matrices en el exterior, la sociedad absorbente deber\u00e1 cancelar el registro de la inversi\u00f3n extranjera perteneciente a la sociedad absorbida a trav\u00e9s de la sucursal en Colombia.<\/p>\n<p class=\"text-justify\">Dentro del proceso de fusi\u00f3n, se\u00f1al\u00f3 la entidad, las sociedades matrices del exterior deber\u00e1n pronunciarse sobre los puntos comprendidos dentro del compromiso de fusi\u00f3n, previsto en el art\u00edculo 173 del C\u00f3digo de Comercio, el cual consagra las reglas a las que debe sujetarse la discriminaci\u00f3n de los activos y de los pasivos de la sociedad absorbida y absorbente, as\u00ed como los m\u00e9todos de evaluaci\u00f3n utilizados, compromiso que debe publicarse mediante aviso en peri\u00f3dico de amplia circulaci\u00f3n nacional. De igual forma, cada sociedad participante deber\u00e1 comunicar el acuerdo de fusi\u00f3n a los acreedores sociales.<\/p>\n<p class=\"text-justify\">Frente a las sucursales, se\u00f1al\u00f3 la entidad que bastar\u00eda insertar en la escritura, las copias de las actas en las que conste la aprobaci\u00f3n del acuerdo de fusi\u00f3n y el balance consolidado de la sucursal de la sociedad absorbente; el apoderado general en el pa\u00eds de esta sociedad, asumir\u00e1 la representaci\u00f3n de la sociedad absorbida con las responsabilidades propias de un liquidador por el pago de las obligaciones que a trav\u00e9s de la sucursal asumi\u00f3 en Colombia, encarg\u00e1ndose de pagar el pasivo interno y externo de la sociedad absorbida titular de la sucursal en Colombia que desaparece.<\/p>\n<p class=\"text-justify\">Finalmente, manifest\u00f3 la Superintendencia que dentro de este proceso no se exige que los estados financieros de las sociedades fusionadas deban ser dictaminados.<\/p>\n<p><!-- AddThis Advanced Settings generic via filter on the_content --><!-- AddThis Share Buttons generic via filter on the_content --><\/p>\n","protected":false},"excerpt":{"rendered":"<p>As\u00ed lo reiter\u00f3 la Superintendencia de Sociedades, al aducir que en el evento de presentarse una fusi\u00f3n entre dos sociedades del exterior, en la que cada sociedad cuente con una sucursal en Colombia, se requiere que la fusi\u00f3n proyectada se ajuste tanto a &#8230;<\/p>\n","protected":false},"featured_media":11203,"template":"","meta":{"_acf_changed":false,"footnotes":""},"blog-category":[],"class_list":["post-11202","blog","type-blog","status-publish","has-post-thumbnail","hentry"],"acf":[],"yoast_head":"<!-- This site is optimized with the Yoast SEO plugin v27.4 - https:\/\/yoast.com\/product\/yoast-seo-wordpress\/ -->\n<title>Fusi\u00f3n de sociedades matrices en el exterior hace que desaparezca en Colombia la sucursal de la sociedad absorbida - Auren Colombia<\/title>\n<meta name=\"robots\" content=\"index, follow, max-snippet:-1, max-image-preview:large, max-video-preview:-1\" \/>\n<link rel=\"canonical\" href=\"https:\/\/auren.com\/co\/blog\/fusion-de-sociedades-matrices-en-el-exterior-hace-que-desaparezca-en-colombia-la-sucursal-de-la-sociedad-absorbida\/\" \/>\n<meta property=\"og:locale\" content=\"es_ES\" \/>\n<meta property=\"og:type\" content=\"article\" \/>\n<meta property=\"og:title\" content=\"Fusi\u00f3n de sociedades matrices en el exterior hace que desaparezca en Colombia la sucursal de la sociedad absorbida - Auren Colombia\" \/>\n<meta property=\"og:description\" content=\"As\u00ed lo reiter\u00f3 la Superintendencia de Sociedades, al aducir que en el evento de presentarse una fusi\u00f3n entre dos sociedades del exterior, en la que cada sociedad cuente con una sucursal en Colombia, se requiere que la fusi\u00f3n proyectada se ajuste tanto a &#8230;\" \/>\n<meta property=\"og:url\" content=\"https:\/\/auren.com\/co\/blog\/fusion-de-sociedades-matrices-en-el-exterior-hace-que-desaparezca-en-colombia-la-sucursal-de-la-sociedad-absorbida\/\" \/>\n<meta property=\"og:site_name\" content=\"Auren Colombia\" \/>\n<meta property=\"og:image\" content=\"https:\/\/auren.com\/co\/wp-content\/uploads\/2017\/08\/166-6-3.jpg\" \/>\n\t<meta property=\"og:image:width\" content=\"1000\" \/>\n\t<meta property=\"og:image:height\" content=\"750\" \/>\n\t<meta property=\"og:image:type\" content=\"image\/jpeg\" \/>\n<meta name=\"twitter:card\" content=\"summary_large_image\" \/>\n<meta name=\"twitter:site\" content=\"@AurenColombia\" \/>\n<meta name=\"twitter:label1\" content=\"Tiempo de lectura\" \/>\n\t<meta name=\"twitter:data1\" content=\"2 minutos\" \/>\n<script type=\"application\/ld+json\" class=\"yoast-schema-graph\">{\"@context\":\"https:\\\/\\\/schema.org\",\"@graph\":[{\"@type\":\"WebPage\",\"@id\":\"https:\\\/\\\/auren.com\\\/co\\\/blog\\\/fusion-de-sociedades-matrices-en-el-exterior-hace-que-desaparezca-en-colombia-la-sucursal-de-la-sociedad-absorbida\\\/\",\"url\":\"https:\\\/\\\/auren.com\\\/co\\\/blog\\\/fusion-de-sociedades-matrices-en-el-exterior-hace-que-desaparezca-en-colombia-la-sucursal-de-la-sociedad-absorbida\\\/\",\"name\":\"Fusi\u00f3n de sociedades matrices en el exterior hace que desaparezca en Colombia la sucursal de la sociedad absorbida - Auren Colombia\",\"isPartOf\":{\"@id\":\"https:\\\/\\\/auren.com\\\/co\\\/#website\"},\"primaryImageOfPage\":{\"@id\":\"https:\\\/\\\/auren.com\\\/co\\\/blog\\\/fusion-de-sociedades-matrices-en-el-exterior-hace-que-desaparezca-en-colombia-la-sucursal-de-la-sociedad-absorbida\\\/#primaryimage\"},\"image\":{\"@id\":\"https:\\\/\\\/auren.com\\\/co\\\/blog\\\/fusion-de-sociedades-matrices-en-el-exterior-hace-que-desaparezca-en-colombia-la-sucursal-de-la-sociedad-absorbida\\\/#primaryimage\"},\"thumbnailUrl\":\"https:\\\/\\\/auren.com\\\/co\\\/wp-content\\\/uploads\\\/2017\\\/08\\\/166-6-3.jpg\",\"datePublished\":\"2017-08-08T20:40:17+00:00\",\"breadcrumb\":{\"@id\":\"https:\\\/\\\/auren.com\\\/co\\\/blog\\\/fusion-de-sociedades-matrices-en-el-exterior-hace-que-desaparezca-en-colombia-la-sucursal-de-la-sociedad-absorbida\\\/#breadcrumb\"},\"inLanguage\":\"es\",\"potentialAction\":[{\"@type\":\"ReadAction\",\"target\":[\"https:\\\/\\\/auren.com\\\/co\\\/blog\\\/fusion-de-sociedades-matrices-en-el-exterior-hace-que-desaparezca-en-colombia-la-sucursal-de-la-sociedad-absorbida\\\/\"]}]},{\"@type\":\"ImageObject\",\"inLanguage\":\"es\",\"@id\":\"https:\\\/\\\/auren.com\\\/co\\\/blog\\\/fusion-de-sociedades-matrices-en-el-exterior-hace-que-desaparezca-en-colombia-la-sucursal-de-la-sociedad-absorbida\\\/#primaryimage\",\"url\":\"https:\\\/\\\/auren.com\\\/co\\\/wp-content\\\/uploads\\\/2017\\\/08\\\/166-6-3.jpg\",\"contentUrl\":\"https:\\\/\\\/auren.com\\\/co\\\/wp-content\\\/uploads\\\/2017\\\/08\\\/166-6-3.jpg\",\"width\":1000,\"height\":750},{\"@type\":\"BreadcrumbList\",\"@id\":\"https:\\\/\\\/auren.com\\\/co\\\/blog\\\/fusion-de-sociedades-matrices-en-el-exterior-hace-que-desaparezca-en-colombia-la-sucursal-de-la-sociedad-absorbida\\\/#breadcrumb\",\"itemListElement\":[{\"@type\":\"ListItem\",\"position\":1,\"name\":\"Portada\",\"item\":\"https:\\\/\\\/auren.com\\\/co\\\/\"},{\"@type\":\"ListItem\",\"position\":2,\"name\":\"Fusi\u00f3n de sociedades matrices en el exterior hace que desaparezca en Colombia la sucursal de la sociedad absorbida\"}]},{\"@type\":\"WebSite\",\"@id\":\"https:\\\/\\\/auren.com\\\/co\\\/#website\",\"url\":\"https:\\\/\\\/auren.com\\\/co\\\/\",\"name\":\"Auren Colombia\",\"description\":\"\",\"publisher\":{\"@id\":\"https:\\\/\\\/auren.com\\\/co\\\/#organization\"},\"potentialAction\":[{\"@type\":\"SearchAction\",\"target\":{\"@type\":\"EntryPoint\",\"urlTemplate\":\"https:\\\/\\\/auren.com\\\/co\\\/?s={search_term_string}\"},\"query-input\":{\"@type\":\"PropertyValueSpecification\",\"valueRequired\":true,\"valueName\":\"search_term_string\"}}],\"inLanguage\":\"es\"},{\"@type\":\"Organization\",\"@id\":\"https:\\\/\\\/auren.com\\\/co\\\/#organization\",\"name\":\"Auren Colombia\",\"url\":\"https:\\\/\\\/auren.com\\\/co\\\/\",\"logo\":{\"@type\":\"ImageObject\",\"inLanguage\":\"es\",\"@id\":\"https:\\\/\\\/auren.com\\\/co\\\/#\\\/schema\\\/logo\\\/image\\\/\",\"url\":\"https:\\\/\\\/auren.com\\\/co\\\/wp-content\\\/uploads\\\/2025\\\/01\\\/cropped-cropped-favicon-Auren.png\",\"contentUrl\":\"https:\\\/\\\/auren.com\\\/co\\\/wp-content\\\/uploads\\\/2025\\\/01\\\/cropped-cropped-favicon-Auren.png\",\"width\":512,\"height\":512,\"caption\":\"Auren Colombia\"},\"image\":{\"@id\":\"https:\\\/\\\/auren.com\\\/co\\\/#\\\/schema\\\/logo\\\/image\\\/\"},\"sameAs\":[\"https:\\\/\\\/x.com\\\/AurenColombia\",\"https:\\\/\\\/www.instagram.com\\\/aurencolombia\\\/\",\"https:\\\/\\\/www.youtube.com\\\/channel\\\/UCRYoGRMR_k4oVWesdErApmA\",\"https:\\\/\\\/www.linkedin.com\\\/company\\\/auren-colombia\"]}]}<\/script>\n<!-- \/ Yoast SEO plugin. -->","yoast_head_json":{"title":"Fusi\u00f3n de sociedades matrices en el exterior hace que desaparezca en Colombia la sucursal de la sociedad absorbida - Auren Colombia","robots":{"index":"index","follow":"follow","max-snippet":"max-snippet:-1","max-image-preview":"max-image-preview:large","max-video-preview":"max-video-preview:-1"},"canonical":"https:\/\/auren.com\/co\/blog\/fusion-de-sociedades-matrices-en-el-exterior-hace-que-desaparezca-en-colombia-la-sucursal-de-la-sociedad-absorbida\/","og_locale":"es_ES","og_type":"article","og_title":"Fusi\u00f3n de sociedades matrices en el exterior hace que desaparezca en Colombia la sucursal de la sociedad absorbida - Auren Colombia","og_description":"As\u00ed lo reiter\u00f3 la Superintendencia de Sociedades, al aducir que en el evento de presentarse una fusi\u00f3n entre dos sociedades del exterior, en la que cada sociedad cuente con una sucursal en Colombia, se requiere que la fusi\u00f3n proyectada se ajuste tanto a &#8230;","og_url":"https:\/\/auren.com\/co\/blog\/fusion-de-sociedades-matrices-en-el-exterior-hace-que-desaparezca-en-colombia-la-sucursal-de-la-sociedad-absorbida\/","og_site_name":"Auren Colombia","og_image":[{"width":1000,"height":750,"url":"https:\/\/auren.com\/co\/wp-content\/uploads\/2017\/08\/166-6-3.jpg","type":"image\/jpeg"}],"twitter_card":"summary_large_image","twitter_site":"@AurenColombia","twitter_misc":{"Tiempo de lectura":"2 minutos"},"schema":{"@context":"https:\/\/schema.org","@graph":[{"@type":"WebPage","@id":"https:\/\/auren.com\/co\/blog\/fusion-de-sociedades-matrices-en-el-exterior-hace-que-desaparezca-en-colombia-la-sucursal-de-la-sociedad-absorbida\/","url":"https:\/\/auren.com\/co\/blog\/fusion-de-sociedades-matrices-en-el-exterior-hace-que-desaparezca-en-colombia-la-sucursal-de-la-sociedad-absorbida\/","name":"Fusi\u00f3n de sociedades matrices en el exterior hace que desaparezca en Colombia la sucursal de la sociedad absorbida - Auren Colombia","isPartOf":{"@id":"https:\/\/auren.com\/co\/#website"},"primaryImageOfPage":{"@id":"https:\/\/auren.com\/co\/blog\/fusion-de-sociedades-matrices-en-el-exterior-hace-que-desaparezca-en-colombia-la-sucursal-de-la-sociedad-absorbida\/#primaryimage"},"image":{"@id":"https:\/\/auren.com\/co\/blog\/fusion-de-sociedades-matrices-en-el-exterior-hace-que-desaparezca-en-colombia-la-sucursal-de-la-sociedad-absorbida\/#primaryimage"},"thumbnailUrl":"https:\/\/auren.com\/co\/wp-content\/uploads\/2017\/08\/166-6-3.jpg","datePublished":"2017-08-08T20:40:17+00:00","breadcrumb":{"@id":"https:\/\/auren.com\/co\/blog\/fusion-de-sociedades-matrices-en-el-exterior-hace-que-desaparezca-en-colombia-la-sucursal-de-la-sociedad-absorbida\/#breadcrumb"},"inLanguage":"es","potentialAction":[{"@type":"ReadAction","target":["https:\/\/auren.com\/co\/blog\/fusion-de-sociedades-matrices-en-el-exterior-hace-que-desaparezca-en-colombia-la-sucursal-de-la-sociedad-absorbida\/"]}]},{"@type":"ImageObject","inLanguage":"es","@id":"https:\/\/auren.com\/co\/blog\/fusion-de-sociedades-matrices-en-el-exterior-hace-que-desaparezca-en-colombia-la-sucursal-de-la-sociedad-absorbida\/#primaryimage","url":"https:\/\/auren.com\/co\/wp-content\/uploads\/2017\/08\/166-6-3.jpg","contentUrl":"https:\/\/auren.com\/co\/wp-content\/uploads\/2017\/08\/166-6-3.jpg","width":1000,"height":750},{"@type":"BreadcrumbList","@id":"https:\/\/auren.com\/co\/blog\/fusion-de-sociedades-matrices-en-el-exterior-hace-que-desaparezca-en-colombia-la-sucursal-de-la-sociedad-absorbida\/#breadcrumb","itemListElement":[{"@type":"ListItem","position":1,"name":"Portada","item":"https:\/\/auren.com\/co\/"},{"@type":"ListItem","position":2,"name":"Fusi\u00f3n de sociedades matrices en el exterior hace que desaparezca en Colombia la sucursal de la sociedad absorbida"}]},{"@type":"WebSite","@id":"https:\/\/auren.com\/co\/#website","url":"https:\/\/auren.com\/co\/","name":"Auren Colombia","description":"","publisher":{"@id":"https:\/\/auren.com\/co\/#organization"},"potentialAction":[{"@type":"SearchAction","target":{"@type":"EntryPoint","urlTemplate":"https:\/\/auren.com\/co\/?s={search_term_string}"},"query-input":{"@type":"PropertyValueSpecification","valueRequired":true,"valueName":"search_term_string"}}],"inLanguage":"es"},{"@type":"Organization","@id":"https:\/\/auren.com\/co\/#organization","name":"Auren Colombia","url":"https:\/\/auren.com\/co\/","logo":{"@type":"ImageObject","inLanguage":"es","@id":"https:\/\/auren.com\/co\/#\/schema\/logo\/image\/","url":"https:\/\/auren.com\/co\/wp-content\/uploads\/2025\/01\/cropped-cropped-favicon-Auren.png","contentUrl":"https:\/\/auren.com\/co\/wp-content\/uploads\/2025\/01\/cropped-cropped-favicon-Auren.png","width":512,"height":512,"caption":"Auren Colombia"},"image":{"@id":"https:\/\/auren.com\/co\/#\/schema\/logo\/image\/"},"sameAs":["https:\/\/x.com\/AurenColombia","https:\/\/www.instagram.com\/aurencolombia\/","https:\/\/www.youtube.com\/channel\/UCRYoGRMR_k4oVWesdErApmA","https:\/\/www.linkedin.com\/company\/auren-colombia"]}]}},"_links":{"self":[{"href":"https:\/\/auren.com\/co\/wp-json\/wp\/v2\/blog\/11202","targetHints":{"allow":["GET"]}}],"collection":[{"href":"https:\/\/auren.com\/co\/wp-json\/wp\/v2\/blog"}],"about":[{"href":"https:\/\/auren.com\/co\/wp-json\/wp\/v2\/types\/blog"}],"version-history":[{"count":0,"href":"https:\/\/auren.com\/co\/wp-json\/wp\/v2\/blog\/11202\/revisions"}],"wp:featuredmedia":[{"embeddable":true,"href":"https:\/\/auren.com\/co\/wp-json\/wp\/v2\/media\/11203"}],"wp:attachment":[{"href":"https:\/\/auren.com\/co\/wp-json\/wp\/v2\/media?parent=11202"}],"wp:term":[{"taxonomy":"blog-category","embeddable":true,"href":"https:\/\/auren.com\/co\/wp-json\/wp\/v2\/blog-category?post=11202"}],"curies":[{"name":"wp","href":"https:\/\/api.w.org\/{rel}","templated":true}]}}